{"id":4149,"date":"2022-03-09T09:38:15","date_gmt":"2022-03-09T13:38:15","guid":{"rendered":"https:\/\/conexion23.com\/?p=4149"},"modified":"2022-03-09T09:38:21","modified_gmt":"2022-03-09T13:38:21","slug":"gobernadora-se-opone-a-nombramiento-de-joven-en-hospital-el-seibo-alega-debe-ser-del-prm","status":"publish","type":"post","link":"https:\/\/conexion23.com\/?p=4149","title":{"rendered":"Gobernadora se opone a nombramiento de joven en hospital El Seibo; alega debe ser del PRM"},"content":{"rendered":"\n<p class=\"wp-block-paragraph\"><strong>El Seibo.-<\/strong>&nbsp;La<a href=\"https:\/\/www.elcaribe.com.do\/panorama\/policia-apresa-profesor-en-protesta-por-arreglo-de-escuela-en-el-seibo\/\"><strong>&nbsp;gobernadora de El Seibo<\/strong><\/a>, Irene Mart\u00ednez<a href=\"https:\/\/www.elcaribe.com.do\/destacado\/enfermeras-reclaman-sus-nombramientos\/\"><strong>&nbsp;se opone al nombramiento<\/strong><\/a>&nbsp;de&nbsp;<a href=\"https:\/\/www.elcaribe.com.do\/panorama\/pais\/mujer-se-encadena-frente-al-palacio-nacional-para-exigir-nombramiento-a-luis-abinader\/\"><strong>la joven Bethania Leonardo<\/strong><\/a>&nbsp;Febles, quien fue designada por el departamento de Recursos Humanos del hospital Te\u00f3filo Hern\u00e1ndez, porque alegadamente no es miembro del Partido Revolucionario Moderno (PRM).<\/p>\n\n\n\n<p class=\"wp-block-paragraph\">La funcionaria advierte que el video lo pueden propagar, \u00abpueden hacer lo que quieren, porque esto lo hago con responsabilidad\u00bb, explic\u00f3.<\/p>\n\n\n\n<p class=\"wp-block-paragraph\">En un v\u00eddeo que puso a rodar en redes sociales, la representante del Poder Ejecutivo en El Seibo, asegur\u00f3 que \u00abel nombramiento de Recursos Humanos debe ser para una persona, que saliera a mojarse en caravanas, a inscribir gente en el partido, hacer proselitismo, y a tragar polvo, como nosotros lo hicimos\u00bb, sostuvo.<\/p>\n\n\n\n<p class=\"wp-block-paragraph\">\u00abFui habl\u00e9 con ella y le dije que su posici\u00f3n de era ser para un perremeista que se haya sacrificado, porque est\u00e1 gobernaci\u00f3n me ha sabido a muchos sabores, porque los nombramientos no han llegado a los perremeistas\u00bb.<\/p>\n\n\n\n<p class=\"wp-block-paragraph\">La joven a la que la gobernadora civil muestra oposici\u00f3n es muy preparada y se desempe\u00f1\u00f3 como analista de Recursos Humanos en la Suprema Corte de Justicia.<br>Es miembro de una respetable familia de profesionales y es hermana del periodista Cesar\u00edn Leonardo Febles de El Seibo.<\/p>\n\n\n\n<p class=\"wp-block-paragraph\">Ella es nativa de El Seibo, pero la gobernadora y otros del miembros y dirigentes PRM quieren quitar a todo el que le llega un nombramiento que no fuera gestionado por ello.<br>El nombramiento.<\/p>\n\n\n\n<p class=\"wp-block-paragraph\">\u00abEl d\u00eda 1 del presente mes llega mi nombramiento en el hospital Te\u00f3filo Hern\u00e1ndez, del cual no me llamaron para informarme, pero por otra v\u00eda me di cuenta y recib\u00ed la informaci\u00f3n y la copia del mismo el cual me lo entregaron el mi\u00e9rcoles en la noche\u00bb, y ya anda la se\u00f1ora por cancelarme.<\/p>\n\n\n\n<p class=\"wp-block-paragraph\">Betania explica que el jueves se present\u00f3 a la direcci\u00f3n del centro hospitalario con el nombramiento, que al verlo se sorprendi\u00f3, porque supuestamente esperaban fuera otra persona.<\/p>\n\n\n\n<p class=\"wp-block-paragraph\">El Caribe, supo de entero cr\u00e9dito, que la gobernadora hab\u00eda mandado otra persona recomendada, pero que al enterarse que fue otra la persona designada y no la que ella sugiri\u00f3, se alz\u00f3 en protesta.<\/p>\n\n\n\n<p class=\"wp-block-paragraph\">Se supo adem\u00e1s que al ver el nombramiento, la directora del hospital comunic\u00f3 el lo sucedido a la gobernadora Irene Mart\u00ednez, que se ha alzado en oposici\u00f3n, alegando que debe ser de un perremeistas que se haya mojado y tragado polvo en la campa\u00f1a o elecciones pasadas.<\/p>\n\n\n\n<h5 class=\"wp-block-heading\"><strong>Reacciones<\/strong><\/h5>\n\n\n\n<p class=\"wp-block-paragraph\">El nombramiento ha generado diversas reacciones en la ciudad de El Seibo, unas a favor de la joven y otro d\u00e1ndole la raz\u00f3n a la gobernadora.<\/p>\n\n\n\n<p class=\"wp-block-paragraph\">La mayor\u00eda de las opiniones en las redes favorecen el nombramiento de Betania Leonardo Febles, por entender que re\u00fane el perfil profesional para ocupar la vacante.<\/p>\n\n\n\n<p class=\"wp-block-paragraph\">Critican a la gobernadora Irene Mart\u00ednez, a quien la ven con petulancia y arrogante al momento de exponer sus criterios y oposici\u00f3n al nombramiento de Betania.<\/p>\n\n\n\n<p class=\"wp-block-paragraph\">La posici\u00f3n llevaba seis meses vacante, tras ser desvinculada del puesto la encargada, por lo que la Direcci\u00f3n del centro se vio en la obligaci\u00f3n de poner a una persona por n\u00f3mina interna hasta tanto nombraran a la persona que tuviera la capacidad y el perfil y profesionalidad. Es psic\u00f3loga Industrial y experiencia en Recursos Humanos.<\/p>\n","protected":false},"excerpt":{"rendered":"<p>El Seibo.-&nbsp;La&nbsp;gobernadora de El Seibo, Irene Mart\u00ednez&nbsp;se opone al nombramiento&nbsp;de&nbsp;la joven Bethania Leonardo&nbsp;Febles, quien fue designada por el departamento de Recursos Humanos del hospital Te\u00f3filo Hern\u00e1ndez, porque alegadamente no es miembro del Partido Revolucionario Moderno (PRM). La funcionaria advierte que el video lo pueden propagar, \u00abpueden hacer lo que quieren, porque esto lo hago con [&hellip;]<\/p>\n","protected":false},"author":7,"featured_media":0,"comment_status":"open","ping_status":"open","sticky":false,"template":"","format":"standard","meta":{"footnotes":""},"categories":[1],"tags":[],"class_list":["post-4149","post","type-post","status-publish","format-standard","category-uncategorized"],"yoast_head":"<!-- This site is optimized with the Yoast SEO plugin v27.6 - https:\/\/yoast.com\/product\/yoast-seo-wordpress\/ -->\n<title>Gobernadora se opone a nombramiento de joven en hospital El Seibo; alega debe ser del PRM - Conexi\u00f3n 23<\/title>\n<meta name=\"description\" content=\"La funcionaria advierte que el video lo pueden propagar, &quot;pueden hacer lo que quieren, porque esto lo hago con responsabilidad&quot;, explic\u00f3.\" \/>\n<meta name=\"robots\" content=\"index, follow, max-snippet:-1, max-image-preview:large, max-video-preview:-1\" \/>\n<link rel=\"canonical\" href=\"https:\/\/conexion23.com\/?p=4149\" \/>\n<meta property=\"og:locale\" content=\"es_ES\" \/>\n<meta property=\"og:type\" content=\"article\" \/>\n<meta property=\"og:title\" content=\"Gobernadora se opone a nombramiento de joven en hospital El Seibo; alega debe ser del PRM - Conexi\u00f3n 23\" \/>\n<meta property=\"og:description\" content=\"La funcionaria advierte que el video lo pueden propagar, &quot;pueden hacer lo que quieren, porque esto lo hago con responsabilidad&quot;, explic\u00f3.\" \/>\n<meta property=\"og:url\" content=\"https:\/\/conexion23.com\/?p=4149\" \/>\n<meta property=\"og:site_name\" content=\"Conexi\u00f3n 23\" \/>\n<meta property=\"article:publisher\" content=\"https:\/\/www.facebook.com\/conexion23com\" \/>\n<meta property=\"article:published_time\" content=\"2022-03-09T13:38:15+00:00\" \/>\n<meta property=\"article:modified_time\" content=\"2022-03-09T13:38:21+00:00\" \/>\n<meta name=\"author\" content=\"Benjam\u00edn Rosario\" \/>\n<meta name=\"twitter:card\" content=\"summary_large_image\" \/>\n<meta name=\"twitter:label1\" content=\"Escrito por\" \/>\n\t<meta name=\"twitter:data1\" content=\"Benjam\u00edn Rosario\" \/>\n\t<meta name=\"twitter:label2\" content=\"Tiempo de lectura\" \/>\n\t<meta name=\"twitter:data2\" content=\"3 minutos\" \/>\n<script type=\"application\/ld+json\" class=\"yoast-schema-graph\">{\"@context\":\"https:\\\/\\\/schema.org\",\"@graph\":[{\"@type\":\"Article\",\"@id\":\"https:\\\/\\\/conexion23.com\\\/?p=4149#article\",\"isPartOf\":{\"@id\":\"https:\\\/\\\/conexion23.com\\\/?p=4149\"},\"author\":{\"name\":\"Benjam\u00edn Rosario\",\"@id\":\"https:\\\/\\\/conexion23.com\\\/#\\\/schema\\\/person\\\/c0b7ce1f0e7a915d08fa289072b8353a\"},\"headline\":\"Gobernadora se opone a nombramiento de joven en hospital El Seibo; alega debe ser del PRM\",\"datePublished\":\"2022-03-09T13:38:15+00:00\",\"dateModified\":\"2022-03-09T13:38:21+00:00\",\"mainEntityOfPage\":{\"@id\":\"https:\\\/\\\/conexion23.com\\\/?p=4149\"},\"wordCount\":586,\"commentCount\":0,\"publisher\":{\"@id\":\"https:\\\/\\\/conexion23.com\\\/#organization\"},\"articleSection\":[\"Uncategorized\"],\"inLanguage\":\"es\",\"potentialAction\":[{\"@type\":\"CommentAction\",\"name\":\"Comment\",\"target\":[\"https:\\\/\\\/conexion23.com\\\/?p=4149#respond\"]}]},{\"@type\":\"WebPage\",\"@id\":\"https:\\\/\\\/conexion23.com\\\/?p=4149\",\"url\":\"https:\\\/\\\/conexion23.com\\\/?p=4149\",\"name\":\"Gobernadora se opone a nombramiento de joven en hospital El Seibo; alega debe ser del PRM - Conexi\u00f3n 23\",\"isPartOf\":{\"@id\":\"https:\\\/\\\/conexion23.com\\\/#website\"},\"datePublished\":\"2022-03-09T13:38:15+00:00\",\"dateModified\":\"2022-03-09T13:38:21+00:00\",\"description\":\"La funcionaria advierte que el video lo pueden propagar, \\\"pueden hacer lo que quieren, porque esto lo hago con responsabilidad\\\", explic\u00f3.\",\"breadcrumb\":{\"@id\":\"https:\\\/\\\/conexion23.com\\\/?p=4149#breadcrumb\"},\"inLanguage\":\"es\",\"potentialAction\":[{\"@type\":\"ReadAction\",\"target\":[\"https:\\\/\\\/conexion23.com\\\/?p=4149\"]}]},{\"@type\":\"BreadcrumbList\",\"@id\":\"https:\\\/\\\/conexion23.com\\\/?p=4149#breadcrumb\",\"itemListElement\":[{\"@type\":\"ListItem\",\"position\":1,\"name\":\"Portada\",\"item\":\"https:\\\/\\\/conexion23.com\\\/\"},{\"@type\":\"ListItem\",\"position\":2,\"name\":\"Gobernadora se opone a nombramiento de joven en hospital El Seibo; alega debe ser del PRM\"}]},{\"@type\":\"WebSite\",\"@id\":\"https:\\\/\\\/conexion23.com\\\/#website\",\"url\":\"https:\\\/\\\/conexion23.com\\\/\",\"name\":\"Conexi\u00f3n 23\",\"description\":\"Peri\u00f3dico 100% Petromacorisano\",\"publisher\":{\"@id\":\"https:\\\/\\\/conexion23.com\\\/#organization\"},\"potentialAction\":[{\"@type\":\"SearchAction\",\"target\":{\"@type\":\"EntryPoint\",\"urlTemplate\":\"https:\\\/\\\/conexion23.com\\\/?s={search_term_string}\"},\"query-input\":{\"@type\":\"PropertyValueSpecification\",\"valueRequired\":true,\"valueName\":\"search_term_string\"}}],\"inLanguage\":\"es\"},{\"@type\":\"Organization\",\"@id\":\"https:\\\/\\\/conexion23.com\\\/#organization\",\"name\":\"Conexion 23\",\"url\":\"https:\\\/\\\/conexion23.com\\\/\",\"logo\":{\"@type\":\"ImageObject\",\"inLanguage\":\"es\",\"@id\":\"https:\\\/\\\/conexion23.com\\\/#\\\/schema\\\/logo\\\/image\\\/\",\"url\":\"https:\\\/\\\/conexion23.com\\\/wp-content\\\/uploads\\\/2021\\\/11\\\/Diseno-sin-titulo-2.png\",\"contentUrl\":\"https:\\\/\\\/conexion23.com\\\/wp-content\\\/uploads\\\/2021\\\/11\\\/Diseno-sin-titulo-2.png\",\"width\":541,\"height\":90,\"caption\":\"Conexion 23\"},\"image\":{\"@id\":\"https:\\\/\\\/conexion23.com\\\/#\\\/schema\\\/logo\\\/image\\\/\"},\"sameAs\":[\"https:\\\/\\\/www.facebook.com\\\/conexion23com\",\"https:\\\/\\\/www.instagram.com\\\/conexion23com\\\/\",\"https:\\\/\\\/www.youtube.com\\\/channel\\\/UCYc7vxxFZMYLIHNsHHxPZ3Q\"]},{\"@type\":\"Person\",\"@id\":\"https:\\\/\\\/conexion23.com\\\/#\\\/schema\\\/person\\\/c0b7ce1f0e7a915d08fa289072b8353a\",\"name\":\"Benjam\u00edn Rosario\",\"image\":{\"@type\":\"ImageObject\",\"inLanguage\":\"es\",\"@id\":\"https:\\\/\\\/secure.gravatar.com\\\/avatar\\\/62e1b2539b49cdeb50ee302e2a5f2bd31dc7fdba412bbac67e2a2a6e0c89bb2a?s=96&d=mm&r=g\",\"url\":\"https:\\\/\\\/secure.gravatar.com\\\/avatar\\\/62e1b2539b49cdeb50ee302e2a5f2bd31dc7fdba412bbac67e2a2a6e0c89bb2a?s=96&d=mm&r=g\",\"contentUrl\":\"https:\\\/\\\/secure.gravatar.com\\\/avatar\\\/62e1b2539b49cdeb50ee302e2a5f2bd31dc7fdba412bbac67e2a2a6e0c89bb2a?s=96&d=mm&r=g\",\"caption\":\"Benjam\u00edn Rosario\"},\"url\":\"https:\\\/\\\/conexion23.com\\\/?author=7\"}]}<\/script>\n<!-- \/ Yoast SEO plugin. -->","yoast_head_json":{"title":"Gobernadora se opone a nombramiento de joven en hospital El Seibo; alega debe ser del PRM - Conexi\u00f3n 23","description":"La funcionaria advierte que el video lo pueden propagar, \"pueden hacer lo que quieren, porque esto lo hago con responsabilidad\", explic\u00f3.","robots":{"index":"index","follow":"follow","max-snippet":"max-snippet:-1","max-image-preview":"max-image-preview:large","max-video-preview":"max-video-preview:-1"},"canonical":"https:\/\/conexion23.com\/?p=4149","og_locale":"es_ES","og_type":"article","og_title":"Gobernadora se opone a nombramiento de joven en hospital El Seibo; alega debe ser del PRM - Conexi\u00f3n 23","og_description":"La funcionaria advierte que el video lo pueden propagar, \"pueden hacer lo que quieren, porque esto lo hago con responsabilidad\", explic\u00f3.","og_url":"https:\/\/conexion23.com\/?p=4149","og_site_name":"Conexi\u00f3n 23","article_publisher":"https:\/\/www.facebook.com\/conexion23com","article_published_time":"2022-03-09T13:38:15+00:00","article_modified_time":"2022-03-09T13:38:21+00:00","author":"Benjam\u00edn Rosario","twitter_card":"summary_large_image","twitter_misc":{"Escrito por":"Benjam\u00edn Rosario","Tiempo de lectura":"3 minutos"},"schema":{"@context":"https:\/\/schema.org","@graph":[{"@type":"Article","@id":"https:\/\/conexion23.com\/?p=4149#article","isPartOf":{"@id":"https:\/\/conexion23.com\/?p=4149"},"author":{"name":"Benjam\u00edn Rosario","@id":"https:\/\/conexion23.com\/#\/schema\/person\/c0b7ce1f0e7a915d08fa289072b8353a"},"headline":"Gobernadora se opone a nombramiento de joven en hospital El Seibo; alega debe ser del PRM","datePublished":"2022-03-09T13:38:15+00:00","dateModified":"2022-03-09T13:38:21+00:00","mainEntityOfPage":{"@id":"https:\/\/conexion23.com\/?p=4149"},"wordCount":586,"commentCount":0,"publisher":{"@id":"https:\/\/conexion23.com\/#organization"},"articleSection":["Uncategorized"],"inLanguage":"es","potentialAction":[{"@type":"CommentAction","name":"Comment","target":["https:\/\/conexion23.com\/?p=4149#respond"]}]},{"@type":"WebPage","@id":"https:\/\/conexion23.com\/?p=4149","url":"https:\/\/conexion23.com\/?p=4149","name":"Gobernadora se opone a nombramiento de joven en hospital El Seibo; alega debe ser del PRM - Conexi\u00f3n 23","isPartOf":{"@id":"https:\/\/conexion23.com\/#website"},"datePublished":"2022-03-09T13:38:15+00:00","dateModified":"2022-03-09T13:38:21+00:00","description":"La funcionaria advierte que el video lo pueden propagar, \"pueden hacer lo que quieren, porque esto lo hago con responsabilidad\", explic\u00f3.","breadcrumb":{"@id":"https:\/\/conexion23.com\/?p=4149#breadcrumb"},"inLanguage":"es","potentialAction":[{"@type":"ReadAction","target":["https:\/\/conexion23.com\/?p=4149"]}]},{"@type":"BreadcrumbList","@id":"https:\/\/conexion23.com\/?p=4149#breadcrumb","itemListElement":[{"@type":"ListItem","position":1,"name":"Portada","item":"https:\/\/conexion23.com\/"},{"@type":"ListItem","position":2,"name":"Gobernadora se opone a nombramiento de joven en hospital El Seibo; alega debe ser del PRM"}]},{"@type":"WebSite","@id":"https:\/\/conexion23.com\/#website","url":"https:\/\/conexion23.com\/","name":"Conexi\u00f3n 23","description":"Peri\u00f3dico 100% Petromacorisano","publisher":{"@id":"https:\/\/conexion23.com\/#organization"},"potentialAction":[{"@type":"SearchAction","target":{"@type":"EntryPoint","urlTemplate":"https:\/\/conexion23.com\/?s={search_term_string}"},"query-input":{"@type":"PropertyValueSpecification","valueRequired":true,"valueName":"search_term_string"}}],"inLanguage":"es"},{"@type":"Organization","@id":"https:\/\/conexion23.com\/#organization","name":"Conexion 23","url":"https:\/\/conexion23.com\/","logo":{"@type":"ImageObject","inLanguage":"es","@id":"https:\/\/conexion23.com\/#\/schema\/logo\/image\/","url":"https:\/\/conexion23.com\/wp-content\/uploads\/2021\/11\/Diseno-sin-titulo-2.png","contentUrl":"https:\/\/conexion23.com\/wp-content\/uploads\/2021\/11\/Diseno-sin-titulo-2.png","width":541,"height":90,"caption":"Conexion 23"},"image":{"@id":"https:\/\/conexion23.com\/#\/schema\/logo\/image\/"},"sameAs":["https:\/\/www.facebook.com\/conexion23com","https:\/\/www.instagram.com\/conexion23com\/","https:\/\/www.youtube.com\/channel\/UCYc7vxxFZMYLIHNsHHxPZ3Q"]},{"@type":"Person","@id":"https:\/\/conexion23.com\/#\/schema\/person\/c0b7ce1f0e7a915d08fa289072b8353a","name":"Benjam\u00edn Rosario","image":{"@type":"ImageObject","inLanguage":"es","@id":"https:\/\/secure.gravatar.com\/avatar\/62e1b2539b49cdeb50ee302e2a5f2bd31dc7fdba412bbac67e2a2a6e0c89bb2a?s=96&d=mm&r=g","url":"https:\/\/secure.gravatar.com\/avatar\/62e1b2539b49cdeb50ee302e2a5f2bd31dc7fdba412bbac67e2a2a6e0c89bb2a?s=96&d=mm&r=g","contentUrl":"https:\/\/secure.gravatar.com\/avatar\/62e1b2539b49cdeb50ee302e2a5f2bd31dc7fdba412bbac67e2a2a6e0c89bb2a?s=96&d=mm&r=g","caption":"Benjam\u00edn Rosario"},"url":"https:\/\/conexion23.com\/?author=7"}]}},"_links":{"self":[{"href":"https:\/\/conexion23.com\/index.php?rest_route=\/wp\/v2\/posts\/4149","targetHints":{"allow":["GET"]}}],"collection":[{"href":"https:\/\/conexion23.com\/index.php?rest_route=\/wp\/v2\/posts"}],"about":[{"href":"https:\/\/conexion23.com\/index.php?rest_route=\/wp\/v2\/types\/post"}],"author":[{"embeddable":true,"href":"https:\/\/conexion23.com\/index.php?rest_route=\/wp\/v2\/users\/7"}],"replies":[{"embeddable":true,"href":"https:\/\/conexion23.com\/index.php?rest_route=%2Fwp%2Fv2%2Fcomments&post=4149"}],"version-history":[{"count":1,"href":"https:\/\/conexion23.com\/index.php?rest_route=\/wp\/v2\/posts\/4149\/revisions"}],"predecessor-version":[{"id":4151,"href":"https:\/\/conexion23.com\/index.php?rest_route=\/wp\/v2\/posts\/4149\/revisions\/4151"}],"wp:attachment":[{"href":"https:\/\/conexion23.com\/index.php?rest_route=%2Fwp%2Fv2%2Fmedia&parent=4149"}],"wp:term":[{"taxonomy":"category","embeddable":true,"href":"https:\/\/conexion23.com\/index.php?rest_route=%2Fwp%2Fv2%2Fcategories&post=4149"},{"taxonomy":"post_tag","embeddable":true,"href":"https:\/\/conexion23.com\/index.php?rest_route=%2Fwp%2Fv2%2Ftags&post=4149"}],"curies":[{"name":"wp","href":"https:\/\/api.w.org\/{rel}","templated":true}]}}