{"id":41616,"date":"2025-07-18T07:27:17","date_gmt":"2025-07-18T11:27:17","guid":{"rendered":"https:\/\/conexion23.com\/?p=41478"},"modified":"2025-07-24T21:42:31","modified_gmt":"2025-07-25T01:42:31","slug":"senado-da-luz-verde-inicial-a-propuesta-para-modificar-la-ley-1-24-del-dni","status":"publish","type":"post","link":"https:\/\/conexion23.com\/?p=41616","title":{"rendered":"Senado da luz verde inicial a propuesta para modificar la Ley 1-24 del DNI"},"content":{"rendered":"\n<p class=\"wp-block-paragraph\">El Senado de la Rep\u00fablica Dominicana aprob\u00f3 este martes, en primera lectura, un proyecto de ley que busca modificar la\u00a0<strong>Ley 1-24<\/strong>, la cual establece la creaci\u00f3n de la\u00a0<strong>Direcci\u00f3n Nacional de Inteligencia (DNI)<\/strong>. Esta iniciativa legislativa fue presentada por el senador y presidente del Senado,\u00a0<strong>Ricardo de los Santos<\/strong>.<\/p>\n\n\n\n<p class=\"wp-block-paragraph\">El proyecto recibi\u00f3 el respaldo de&nbsp;<strong>25 senadores<\/strong>&nbsp;durante la sesi\u00f3n ordinaria, con el objetivo de regular el Sistema Nacional de Inteligencia del pa\u00eds. La propuesta pretende dotar al Estado dominicano de herramientas efectivas para enfrentar serias amenazas a la seguridad nacional, tales como el terrorismo, el narcotr\u00e1fico, el lavado de activos, los ataques cibern\u00e9ticos, la corrupci\u00f3n, el tr\u00e1fico de armas y los flujos migratorios irregulares, con especial atenci\u00f3n en las zonas fronterizas.<\/p>\n\n\n\n<p class=\"wp-block-paragraph\">La nueva normativa pone \u00e9nfasis en la necesidad de contar con servicios de inteligencia modernos, eficaces y especializados, al tiempo que redefine los objetivos y funciones del&nbsp;<strong>Departamento Nacional de Investigaciones<\/strong>.<\/p>\n\n\n\n<p class=\"wp-block-paragraph\">Cabe recordar que la Ley del DNI, promulgada a principios de&nbsp;<strong>2024<\/strong>, fue anulada por el&nbsp;<strong>Tribunal Constitucional (TC)<\/strong>, que determin\u00f3 que ciertos aspectos de la misma vulneraban la libertad de prensa. Las objeciones del TC se centraron en los art\u00edculos&nbsp;<strong>01, 02, 09, 11<\/strong>&nbsp;y&nbsp;<strong>26<\/strong>&nbsp;de la normativa original.<\/p>\n","protected":false},"excerpt":{"rendered":"<p>El Senado de la Rep\u00fablica Dominicana aprob\u00f3 este martes, en primera lectura, un proyecto de ley que busca modificar la\u00a0Ley 1-24, la cual establece la creaci\u00f3n de la\u00a0Direcci\u00f3n Nacional de Inteligencia (DNI). Esta iniciativa legislativa fue presentada por el senador y presidente del Senado,\u00a0Ricardo de los Santos. El proyecto recibi\u00f3 el respaldo de&nbsp;25 senadores&nbsp;durante la [&hellip;]<\/p>\n","protected":false},"author":15,"featured_media":41617,"comment_status":"open","ping_status":"open","sticky":false,"template":"","format":"standard","meta":{"footnotes":""},"categories":[1],"tags":[],"class_list":["post-41616","post","type-post","status-publish","format-standard","has-post-thumbnail","category-uncategorized"],"yoast_head":"<!-- This site is optimized with the Yoast SEO plugin v27.6 - https:\/\/yoast.com\/product\/yoast-seo-wordpress\/ -->\n<title>Senado da luz verde inicial a propuesta para modificar la Ley 1-24 del DNI - Conexi\u00f3n 23<\/title>\n<meta name=\"robots\" content=\"index, follow, max-snippet:-1, max-image-preview:large, max-video-preview:-1\" \/>\n<link rel=\"canonical\" href=\"https:\/\/conexion23.com\/?p=41616\" \/>\n<meta property=\"og:locale\" content=\"es_ES\" \/>\n<meta property=\"og:type\" content=\"article\" \/>\n<meta property=\"og:title\" content=\"Senado da luz verde inicial a propuesta para modificar la Ley 1-24 del DNI - Conexi\u00f3n 23\" \/>\n<meta property=\"og:description\" content=\"El Senado de la Rep\u00fablica Dominicana aprob\u00f3 este martes, en primera lectura, un proyecto de ley que busca modificar la\u00a0Ley 1-24, la cual establece la creaci\u00f3n de la\u00a0Direcci\u00f3n Nacional de Inteligencia (DNI). Esta iniciativa legislativa fue presentada por el senador y presidente del Senado,\u00a0Ricardo de los Santos. El proyecto recibi\u00f3 el respaldo de&nbsp;25 senadores&nbsp;durante la [&hellip;]\" \/>\n<meta property=\"og:url\" content=\"https:\/\/conexion23.com\/?p=41616\" \/>\n<meta property=\"og:site_name\" content=\"Conexi\u00f3n 23\" \/>\n<meta property=\"article:publisher\" content=\"https:\/\/www.facebook.com\/conexion23com\" \/>\n<meta property=\"article:published_time\" content=\"2025-07-18T11:27:17+00:00\" \/>\n<meta property=\"article:modified_time\" content=\"2025-07-25T01:42:31+00:00\" \/>\n<meta property=\"og:image\" content=\"https:\/\/conexion23.com\/wp-content\/uploads\/2025\/07\/66349464567456506895674678-1024x576-1.webp\" \/>\n\t<meta property=\"og:image:width\" content=\"1024\" \/>\n\t<meta property=\"og:image:height\" content=\"576\" \/>\n\t<meta property=\"og:image:type\" content=\"image\/webp\" \/>\n<meta name=\"author\" content=\"Raffy Ben\u00edtez\" \/>\n<meta name=\"twitter:card\" content=\"summary_large_image\" \/>\n<meta name=\"twitter:label1\" content=\"Escrito por\" \/>\n\t<meta name=\"twitter:data1\" content=\"Raffy Ben\u00edtez\" \/>\n\t<meta name=\"twitter:label2\" content=\"Tiempo de lectura\" \/>\n\t<meta name=\"twitter:data2\" content=\"2 minutos\" \/>\n<script type=\"application\/ld+json\" class=\"yoast-schema-graph\">{\"@context\":\"https:\\\/\\\/schema.org\",\"@graph\":[{\"@type\":\"Article\",\"@id\":\"https:\\\/\\\/conexion23.com\\\/?p=41616#article\",\"isPartOf\":{\"@id\":\"https:\\\/\\\/conexion23.com\\\/?p=41616\"},\"author\":{\"name\":\"Raffy Ben\u00edtez\",\"@id\":\"https:\\\/\\\/conexion23.com\\\/#\\\/schema\\\/person\\\/03e36043331117e97a373299bbcd30a6\"},\"headline\":\"Senado da luz verde inicial a propuesta para modificar la Ley 1-24 del DNI\",\"datePublished\":\"2025-07-18T11:27:17+00:00\",\"dateModified\":\"2025-07-25T01:42:31+00:00\",\"mainEntityOfPage\":{\"@id\":\"https:\\\/\\\/conexion23.com\\\/?p=41616\"},\"wordCount\":232,\"commentCount\":0,\"publisher\":{\"@id\":\"https:\\\/\\\/conexion23.com\\\/#organization\"},\"image\":{\"@id\":\"https:\\\/\\\/conexion23.com\\\/?p=41616#primaryimage\"},\"thumbnailUrl\":\"https:\\\/\\\/conexion23.com\\\/wp-content\\\/uploads\\\/2025\\\/07\\\/66349464567456506895674678-1024x576-1.webp\",\"articleSection\":[\"Uncategorized\"],\"inLanguage\":\"es\",\"potentialAction\":[{\"@type\":\"CommentAction\",\"name\":\"Comment\",\"target\":[\"https:\\\/\\\/conexion23.com\\\/?p=41616#respond\"]}]},{\"@type\":\"WebPage\",\"@id\":\"https:\\\/\\\/conexion23.com\\\/?p=41616\",\"url\":\"https:\\\/\\\/conexion23.com\\\/?p=41616\",\"name\":\"Senado da luz verde inicial a propuesta para modificar la Ley 1-24 del DNI - Conexi\u00f3n 23\",\"isPartOf\":{\"@id\":\"https:\\\/\\\/conexion23.com\\\/#website\"},\"primaryImageOfPage\":{\"@id\":\"https:\\\/\\\/conexion23.com\\\/?p=41616#primaryimage\"},\"image\":{\"@id\":\"https:\\\/\\\/conexion23.com\\\/?p=41616#primaryimage\"},\"thumbnailUrl\":\"https:\\\/\\\/conexion23.com\\\/wp-content\\\/uploads\\\/2025\\\/07\\\/66349464567456506895674678-1024x576-1.webp\",\"datePublished\":\"2025-07-18T11:27:17+00:00\",\"dateModified\":\"2025-07-25T01:42:31+00:00\",\"breadcrumb\":{\"@id\":\"https:\\\/\\\/conexion23.com\\\/?p=41616#breadcrumb\"},\"inLanguage\":\"es\",\"potentialAction\":[{\"@type\":\"ReadAction\",\"target\":[\"https:\\\/\\\/conexion23.com\\\/?p=41616\"]}]},{\"@type\":\"ImageObject\",\"inLanguage\":\"es\",\"@id\":\"https:\\\/\\\/conexion23.com\\\/?p=41616#primaryimage\",\"url\":\"https:\\\/\\\/conexion23.com\\\/wp-content\\\/uploads\\\/2025\\\/07\\\/66349464567456506895674678-1024x576-1.webp\",\"contentUrl\":\"https:\\\/\\\/conexion23.com\\\/wp-content\\\/uploads\\\/2025\\\/07\\\/66349464567456506895674678-1024x576-1.webp\",\"width\":1024,\"height\":576},{\"@type\":\"BreadcrumbList\",\"@id\":\"https:\\\/\\\/conexion23.com\\\/?p=41616#breadcrumb\",\"itemListElement\":[{\"@type\":\"ListItem\",\"position\":1,\"name\":\"Portada\",\"item\":\"https:\\\/\\\/conexion23.com\\\/\"},{\"@type\":\"ListItem\",\"position\":2,\"name\":\"Senado da luz verde inicial a propuesta para modificar la Ley 1-24 del DNI\"}]},{\"@type\":\"WebSite\",\"@id\":\"https:\\\/\\\/conexion23.com\\\/#website\",\"url\":\"https:\\\/\\\/conexion23.com\\\/\",\"name\":\"Conexi\u00f3n 23\",\"description\":\"Peri\u00f3dico 100% Petromacorisano\",\"publisher\":{\"@id\":\"https:\\\/\\\/conexion23.com\\\/#organization\"},\"potentialAction\":[{\"@type\":\"SearchAction\",\"target\":{\"@type\":\"EntryPoint\",\"urlTemplate\":\"https:\\\/\\\/conexion23.com\\\/?s={search_term_string}\"},\"query-input\":{\"@type\":\"PropertyValueSpecification\",\"valueRequired\":true,\"valueName\":\"search_term_string\"}}],\"inLanguage\":\"es\"},{\"@type\":\"Organization\",\"@id\":\"https:\\\/\\\/conexion23.com\\\/#organization\",\"name\":\"Conexion 23\",\"url\":\"https:\\\/\\\/conexion23.com\\\/\",\"logo\":{\"@type\":\"ImageObject\",\"inLanguage\":\"es\",\"@id\":\"https:\\\/\\\/conexion23.com\\\/#\\\/schema\\\/logo\\\/image\\\/\",\"url\":\"https:\\\/\\\/conexion23.com\\\/wp-content\\\/uploads\\\/2021\\\/11\\\/Diseno-sin-titulo-2.png\",\"contentUrl\":\"https:\\\/\\\/conexion23.com\\\/wp-content\\\/uploads\\\/2021\\\/11\\\/Diseno-sin-titulo-2.png\",\"width\":541,\"height\":90,\"caption\":\"Conexion 23\"},\"image\":{\"@id\":\"https:\\\/\\\/conexion23.com\\\/#\\\/schema\\\/logo\\\/image\\\/\"},\"sameAs\":[\"https:\\\/\\\/www.facebook.com\\\/conexion23com\",\"https:\\\/\\\/www.instagram.com\\\/conexion23com\\\/\",\"https:\\\/\\\/www.youtube.com\\\/channel\\\/UCYc7vxxFZMYLIHNsHHxPZ3Q\"]},{\"@type\":\"Person\",\"@id\":\"https:\\\/\\\/conexion23.com\\\/#\\\/schema\\\/person\\\/03e36043331117e97a373299bbcd30a6\",\"name\":\"Raffy Ben\u00edtez\",\"image\":{\"@type\":\"ImageObject\",\"inLanguage\":\"es\",\"@id\":\"https:\\\/\\\/secure.gravatar.com\\\/avatar\\\/3190a6a6c5e1b0327500f7d6c56b6242472ee6cb974cf09b401ee6b3b0798f23?s=96&d=mm&r=g\",\"url\":\"https:\\\/\\\/secure.gravatar.com\\\/avatar\\\/3190a6a6c5e1b0327500f7d6c56b6242472ee6cb974cf09b401ee6b3b0798f23?s=96&d=mm&r=g\",\"contentUrl\":\"https:\\\/\\\/secure.gravatar.com\\\/avatar\\\/3190a6a6c5e1b0327500f7d6c56b6242472ee6cb974cf09b401ee6b3b0798f23?s=96&d=mm&r=g\",\"caption\":\"Raffy Ben\u00edtez\"},\"url\":\"https:\\\/\\\/conexion23.com\\\/?author=15\"}]}<\/script>\n<!-- \/ Yoast SEO plugin. -->","yoast_head_json":{"title":"Senado da luz verde inicial a propuesta para modificar la Ley 1-24 del DNI - Conexi\u00f3n 23","robots":{"index":"index","follow":"follow","max-snippet":"max-snippet:-1","max-image-preview":"max-image-preview:large","max-video-preview":"max-video-preview:-1"},"canonical":"https:\/\/conexion23.com\/?p=41616","og_locale":"es_ES","og_type":"article","og_title":"Senado da luz verde inicial a propuesta para modificar la Ley 1-24 del DNI - Conexi\u00f3n 23","og_description":"El Senado de la Rep\u00fablica Dominicana aprob\u00f3 este martes, en primera lectura, un proyecto de ley que busca modificar la\u00a0Ley 1-24, la cual establece la creaci\u00f3n de la\u00a0Direcci\u00f3n Nacional de Inteligencia (DNI). Esta iniciativa legislativa fue presentada por el senador y presidente del Senado,\u00a0Ricardo de los Santos. El proyecto recibi\u00f3 el respaldo de&nbsp;25 senadores&nbsp;durante la [&hellip;]","og_url":"https:\/\/conexion23.com\/?p=41616","og_site_name":"Conexi\u00f3n 23","article_publisher":"https:\/\/www.facebook.com\/conexion23com","article_published_time":"2025-07-18T11:27:17+00:00","article_modified_time":"2025-07-25T01:42:31+00:00","og_image":[{"width":1024,"height":576,"url":"https:\/\/conexion23.com\/wp-content\/uploads\/2025\/07\/66349464567456506895674678-1024x576-1.webp","type":"image\/webp"}],"author":"Raffy Ben\u00edtez","twitter_card":"summary_large_image","twitter_misc":{"Escrito por":"Raffy Ben\u00edtez","Tiempo de lectura":"2 minutos"},"schema":{"@context":"https:\/\/schema.org","@graph":[{"@type":"Article","@id":"https:\/\/conexion23.com\/?p=41616#article","isPartOf":{"@id":"https:\/\/conexion23.com\/?p=41616"},"author":{"name":"Raffy Ben\u00edtez","@id":"https:\/\/conexion23.com\/#\/schema\/person\/03e36043331117e97a373299bbcd30a6"},"headline":"Senado da luz verde inicial a propuesta para modificar la Ley 1-24 del DNI","datePublished":"2025-07-18T11:27:17+00:00","dateModified":"2025-07-25T01:42:31+00:00","mainEntityOfPage":{"@id":"https:\/\/conexion23.com\/?p=41616"},"wordCount":232,"commentCount":0,"publisher":{"@id":"https:\/\/conexion23.com\/#organization"},"image":{"@id":"https:\/\/conexion23.com\/?p=41616#primaryimage"},"thumbnailUrl":"https:\/\/conexion23.com\/wp-content\/uploads\/2025\/07\/66349464567456506895674678-1024x576-1.webp","articleSection":["Uncategorized"],"inLanguage":"es","potentialAction":[{"@type":"CommentAction","name":"Comment","target":["https:\/\/conexion23.com\/?p=41616#respond"]}]},{"@type":"WebPage","@id":"https:\/\/conexion23.com\/?p=41616","url":"https:\/\/conexion23.com\/?p=41616","name":"Senado da luz verde inicial a propuesta para modificar la Ley 1-24 del DNI - Conexi\u00f3n 23","isPartOf":{"@id":"https:\/\/conexion23.com\/#website"},"primaryImageOfPage":{"@id":"https:\/\/conexion23.com\/?p=41616#primaryimage"},"image":{"@id":"https:\/\/conexion23.com\/?p=41616#primaryimage"},"thumbnailUrl":"https:\/\/conexion23.com\/wp-content\/uploads\/2025\/07\/66349464567456506895674678-1024x576-1.webp","datePublished":"2025-07-18T11:27:17+00:00","dateModified":"2025-07-25T01:42:31+00:00","breadcrumb":{"@id":"https:\/\/conexion23.com\/?p=41616#breadcrumb"},"inLanguage":"es","potentialAction":[{"@type":"ReadAction","target":["https:\/\/conexion23.com\/?p=41616"]}]},{"@type":"ImageObject","inLanguage":"es","@id":"https:\/\/conexion23.com\/?p=41616#primaryimage","url":"https:\/\/conexion23.com\/wp-content\/uploads\/2025\/07\/66349464567456506895674678-1024x576-1.webp","contentUrl":"https:\/\/conexion23.com\/wp-content\/uploads\/2025\/07\/66349464567456506895674678-1024x576-1.webp","width":1024,"height":576},{"@type":"BreadcrumbList","@id":"https:\/\/conexion23.com\/?p=41616#breadcrumb","itemListElement":[{"@type":"ListItem","position":1,"name":"Portada","item":"https:\/\/conexion23.com\/"},{"@type":"ListItem","position":2,"name":"Senado da luz verde inicial a propuesta para modificar la Ley 1-24 del DNI"}]},{"@type":"WebSite","@id":"https:\/\/conexion23.com\/#website","url":"https:\/\/conexion23.com\/","name":"Conexi\u00f3n 23","description":"Peri\u00f3dico 100% Petromacorisano","publisher":{"@id":"https:\/\/conexion23.com\/#organization"},"potentialAction":[{"@type":"SearchAction","target":{"@type":"EntryPoint","urlTemplate":"https:\/\/conexion23.com\/?s={search_term_string}"},"query-input":{"@type":"PropertyValueSpecification","valueRequired":true,"valueName":"search_term_string"}}],"inLanguage":"es"},{"@type":"Organization","@id":"https:\/\/conexion23.com\/#organization","name":"Conexion 23","url":"https:\/\/conexion23.com\/","logo":{"@type":"ImageObject","inLanguage":"es","@id":"https:\/\/conexion23.com\/#\/schema\/logo\/image\/","url":"https:\/\/conexion23.com\/wp-content\/uploads\/2021\/11\/Diseno-sin-titulo-2.png","contentUrl":"https:\/\/conexion23.com\/wp-content\/uploads\/2021\/11\/Diseno-sin-titulo-2.png","width":541,"height":90,"caption":"Conexion 23"},"image":{"@id":"https:\/\/conexion23.com\/#\/schema\/logo\/image\/"},"sameAs":["https:\/\/www.facebook.com\/conexion23com","https:\/\/www.instagram.com\/conexion23com\/","https:\/\/www.youtube.com\/channel\/UCYc7vxxFZMYLIHNsHHxPZ3Q"]},{"@type":"Person","@id":"https:\/\/conexion23.com\/#\/schema\/person\/03e36043331117e97a373299bbcd30a6","name":"Raffy Ben\u00edtez","image":{"@type":"ImageObject","inLanguage":"es","@id":"https:\/\/secure.gravatar.com\/avatar\/3190a6a6c5e1b0327500f7d6c56b6242472ee6cb974cf09b401ee6b3b0798f23?s=96&d=mm&r=g","url":"https:\/\/secure.gravatar.com\/avatar\/3190a6a6c5e1b0327500f7d6c56b6242472ee6cb974cf09b401ee6b3b0798f23?s=96&d=mm&r=g","contentUrl":"https:\/\/secure.gravatar.com\/avatar\/3190a6a6c5e1b0327500f7d6c56b6242472ee6cb974cf09b401ee6b3b0798f23?s=96&d=mm&r=g","caption":"Raffy Ben\u00edtez"},"url":"https:\/\/conexion23.com\/?author=15"}]}},"_links":{"self":[{"href":"https:\/\/conexion23.com\/index.php?rest_route=\/wp\/v2\/posts\/41616","targetHints":{"allow":["GET"]}}],"collection":[{"href":"https:\/\/conexion23.com\/index.php?rest_route=\/wp\/v2\/posts"}],"about":[{"href":"https:\/\/conexion23.com\/index.php?rest_route=\/wp\/v2\/types\/post"}],"author":[{"embeddable":true,"href":"https:\/\/conexion23.com\/index.php?rest_route=\/wp\/v2\/users\/15"}],"replies":[{"embeddable":true,"href":"https:\/\/conexion23.com\/index.php?rest_route=%2Fwp%2Fv2%2Fcomments&post=41616"}],"version-history":[{"count":1,"href":"https:\/\/conexion23.com\/index.php?rest_route=\/wp\/v2\/posts\/41616\/revisions"}],"predecessor-version":[{"id":41698,"href":"https:\/\/conexion23.com\/index.php?rest_route=\/wp\/v2\/posts\/41616\/revisions\/41698"}],"wp:featuredmedia":[{"embeddable":true,"href":"https:\/\/conexion23.com\/index.php?rest_route=\/wp\/v2\/media\/41617"}],"wp:attachment":[{"href":"https:\/\/conexion23.com\/index.php?rest_route=%2Fwp%2Fv2%2Fmedia&parent=41616"}],"wp:term":[{"taxonomy":"category","embeddable":true,"href":"https:\/\/conexion23.com\/index.php?rest_route=%2Fwp%2Fv2%2Fcategories&post=41616"},{"taxonomy":"post_tag","embeddable":true,"href":"https:\/\/conexion23.com\/index.php?rest_route=%2Fwp%2Fv2%2Ftags&post=41616"}],"curies":[{"name":"wp","href":"https:\/\/api.w.org\/{rel}","templated":true}]}}