{"id":41622,"date":"2025-07-18T07:15:32","date_gmt":"2025-07-18T11:15:32","guid":{"rendered":"https:\/\/conexion23.com\/?p=41469"},"modified":"2025-07-24T21:42:34","modified_gmt":"2025-07-25T01:42:34","slug":"desde-los-12-anos-menores-podran-obtener-su-cedula-en-republica-dominicana","status":"publish","type":"post","link":"https:\/\/conexion23.com\/?p=41622","title":{"rendered":"Desde los 12 a\u00f1os menores podr\u00e1n obtener su c\u00e9dula en Rep\u00fablica Dominicana."},"content":{"rendered":"\n<p class=\"wp-block-paragraph\">La Junta Central Electoral (JCE) anunci\u00f3 este jueves que a partir del \u00faltimo trimestre de 2025, los menores desde los 12 a\u00f1os podr\u00e1n obtener su c\u00e9dula de identidad, en cumplimiento de los cambios introducidos por la nueva Ley del Registro Civil.<\/p>\n\n\n\n<p class=\"wp-block-paragraph\">Este cambio, contemplado en la nueva Ley del Registro Civil, forma parte del proyecto de emisi\u00f3n de una nueva c\u00e9dula con tecnolog\u00eda avanzada que se comenzar\u00e1 a entregar a partir del \u00faltimo trimestre de 2025.<\/p>\n\n\n\n<p class=\"wp-block-paragraph\">Aunque esta versi\u00f3n no habilita para votar, s\u00ed funcionar\u00e1 como documento oficial de identificaci\u00f3n, incorporando a m\u00e1s de un mill\u00f3n de adolescentes al sistema nacional de identidad.<\/p>\n","protected":false},"excerpt":{"rendered":"<p>La Junta Central Electoral (JCE) anunci\u00f3 este jueves que a partir del \u00faltimo trimestre de 2025, los menores desde los 12 a\u00f1os podr\u00e1n obtener su c\u00e9dula de identidad, en cumplimiento de los cambios introducidos por la nueva Ley del Registro Civil. Este cambio, contemplado en la nueva Ley del Registro Civil, forma parte del proyecto [&hellip;]<\/p>\n","protected":false},"author":15,"featured_media":41623,"comment_status":"open","ping_status":"open","sticky":false,"template":"","format":"standard","meta":{"footnotes":""},"categories":[1],"tags":[],"class_list":["post-41622","post","type-post","status-publish","format-standard","has-post-thumbnail","category-uncategorized"],"yoast_head":"<!-- This site is optimized with the Yoast SEO plugin v27.6 - https:\/\/yoast.com\/product\/yoast-seo-wordpress\/ -->\n<title>Desde los 12 a\u00f1os menores podr\u00e1n obtener su c\u00e9dula en Rep\u00fablica Dominicana. - Conexi\u00f3n 23<\/title>\n<meta name=\"robots\" content=\"index, follow, max-snippet:-1, max-image-preview:large, max-video-preview:-1\" \/>\n<link rel=\"canonical\" href=\"https:\/\/conexion23.com\/?p=41622\" \/>\n<meta property=\"og:locale\" content=\"es_ES\" \/>\n<meta property=\"og:type\" content=\"article\" \/>\n<meta property=\"og:title\" content=\"Desde los 12 a\u00f1os menores podr\u00e1n obtener su c\u00e9dula en Rep\u00fablica Dominicana. - Conexi\u00f3n 23\" \/>\n<meta property=\"og:description\" content=\"La Junta Central Electoral (JCE) anunci\u00f3 este jueves que a partir del \u00faltimo trimestre de 2025, los menores desde los 12 a\u00f1os podr\u00e1n obtener su c\u00e9dula de identidad, en cumplimiento de los cambios introducidos por la nueva Ley del Registro Civil. Este cambio, contemplado en la nueva Ley del Registro Civil, forma parte del proyecto [&hellip;]\" \/>\n<meta property=\"og:url\" content=\"https:\/\/conexion23.com\/?p=41622\" \/>\n<meta property=\"og:site_name\" content=\"Conexi\u00f3n 23\" \/>\n<meta property=\"article:publisher\" content=\"https:\/\/www.facebook.com\/conexion23com\" \/>\n<meta property=\"article:published_time\" content=\"2025-07-18T11:15:32+00:00\" \/>\n<meta property=\"article:modified_time\" content=\"2025-07-25T01:42:34+00:00\" \/>\n<meta property=\"og:image\" content=\"https:\/\/conexion23.com\/wp-content\/uploads\/2025\/07\/descarga-48.jpg\" \/>\n\t<meta property=\"og:image:width\" content=\"266\" \/>\n\t<meta property=\"og:image:height\" content=\"190\" \/>\n\t<meta property=\"og:image:type\" content=\"image\/jpeg\" \/>\n<meta name=\"author\" content=\"Raffy Ben\u00edtez\" \/>\n<meta name=\"twitter:card\" content=\"summary_large_image\" \/>\n<meta name=\"twitter:label1\" content=\"Escrito por\" \/>\n\t<meta name=\"twitter:data1\" content=\"Raffy Ben\u00edtez\" \/>\n\t<meta name=\"twitter:label2\" content=\"Tiempo de lectura\" \/>\n\t<meta name=\"twitter:data2\" content=\"1 minuto\" \/>\n<script type=\"application\/ld+json\" class=\"yoast-schema-graph\">{\"@context\":\"https:\\\/\\\/schema.org\",\"@graph\":[{\"@type\":\"Article\",\"@id\":\"https:\\\/\\\/conexion23.com\\\/?p=41622#article\",\"isPartOf\":{\"@id\":\"https:\\\/\\\/conexion23.com\\\/?p=41622\"},\"author\":{\"name\":\"Raffy Ben\u00edtez\",\"@id\":\"https:\\\/\\\/conexion23.com\\\/#\\\/schema\\\/person\\\/03e36043331117e97a373299bbcd30a6\"},\"headline\":\"Desde los 12 a\u00f1os menores podr\u00e1n obtener su c\u00e9dula en Rep\u00fablica Dominicana.\",\"datePublished\":\"2025-07-18T11:15:32+00:00\",\"dateModified\":\"2025-07-25T01:42:34+00:00\",\"mainEntityOfPage\":{\"@id\":\"https:\\\/\\\/conexion23.com\\\/?p=41622\"},\"wordCount\":125,\"commentCount\":0,\"publisher\":{\"@id\":\"https:\\\/\\\/conexion23.com\\\/#organization\"},\"image\":{\"@id\":\"https:\\\/\\\/conexion23.com\\\/?p=41622#primaryimage\"},\"thumbnailUrl\":\"https:\\\/\\\/conexion23.com\\\/wp-content\\\/uploads\\\/2025\\\/07\\\/descarga-48.jpg\",\"articleSection\":[\"Uncategorized\"],\"inLanguage\":\"es\",\"potentialAction\":[{\"@type\":\"CommentAction\",\"name\":\"Comment\",\"target\":[\"https:\\\/\\\/conexion23.com\\\/?p=41622#respond\"]}]},{\"@type\":\"WebPage\",\"@id\":\"https:\\\/\\\/conexion23.com\\\/?p=41622\",\"url\":\"https:\\\/\\\/conexion23.com\\\/?p=41622\",\"name\":\"Desde los 12 a\u00f1os menores podr\u00e1n obtener su c\u00e9dula en Rep\u00fablica Dominicana. - Conexi\u00f3n 23\",\"isPartOf\":{\"@id\":\"https:\\\/\\\/conexion23.com\\\/#website\"},\"primaryImageOfPage\":{\"@id\":\"https:\\\/\\\/conexion23.com\\\/?p=41622#primaryimage\"},\"image\":{\"@id\":\"https:\\\/\\\/conexion23.com\\\/?p=41622#primaryimage\"},\"thumbnailUrl\":\"https:\\\/\\\/conexion23.com\\\/wp-content\\\/uploads\\\/2025\\\/07\\\/descarga-48.jpg\",\"datePublished\":\"2025-07-18T11:15:32+00:00\",\"dateModified\":\"2025-07-25T01:42:34+00:00\",\"breadcrumb\":{\"@id\":\"https:\\\/\\\/conexion23.com\\\/?p=41622#breadcrumb\"},\"inLanguage\":\"es\",\"potentialAction\":[{\"@type\":\"ReadAction\",\"target\":[\"https:\\\/\\\/conexion23.com\\\/?p=41622\"]}]},{\"@type\":\"ImageObject\",\"inLanguage\":\"es\",\"@id\":\"https:\\\/\\\/conexion23.com\\\/?p=41622#primaryimage\",\"url\":\"https:\\\/\\\/conexion23.com\\\/wp-content\\\/uploads\\\/2025\\\/07\\\/descarga-48.jpg\",\"contentUrl\":\"https:\\\/\\\/conexion23.com\\\/wp-content\\\/uploads\\\/2025\\\/07\\\/descarga-48.jpg\",\"width\":266,\"height\":190},{\"@type\":\"BreadcrumbList\",\"@id\":\"https:\\\/\\\/conexion23.com\\\/?p=41622#breadcrumb\",\"itemListElement\":[{\"@type\":\"ListItem\",\"position\":1,\"name\":\"Portada\",\"item\":\"https:\\\/\\\/conexion23.com\\\/\"},{\"@type\":\"ListItem\",\"position\":2,\"name\":\"Desde los 12 a\u00f1os menores podr\u00e1n obtener su c\u00e9dula en Rep\u00fablica Dominicana.\"}]},{\"@type\":\"WebSite\",\"@id\":\"https:\\\/\\\/conexion23.com\\\/#website\",\"url\":\"https:\\\/\\\/conexion23.com\\\/\",\"name\":\"Conexi\u00f3n 23\",\"description\":\"Peri\u00f3dico 100% Petromacorisano\",\"publisher\":{\"@id\":\"https:\\\/\\\/conexion23.com\\\/#organization\"},\"potentialAction\":[{\"@type\":\"SearchAction\",\"target\":{\"@type\":\"EntryPoint\",\"urlTemplate\":\"https:\\\/\\\/conexion23.com\\\/?s={search_term_string}\"},\"query-input\":{\"@type\":\"PropertyValueSpecification\",\"valueRequired\":true,\"valueName\":\"search_term_string\"}}],\"inLanguage\":\"es\"},{\"@type\":\"Organization\",\"@id\":\"https:\\\/\\\/conexion23.com\\\/#organization\",\"name\":\"Conexion 23\",\"url\":\"https:\\\/\\\/conexion23.com\\\/\",\"logo\":{\"@type\":\"ImageObject\",\"inLanguage\":\"es\",\"@id\":\"https:\\\/\\\/conexion23.com\\\/#\\\/schema\\\/logo\\\/image\\\/\",\"url\":\"https:\\\/\\\/conexion23.com\\\/wp-content\\\/uploads\\\/2021\\\/11\\\/Diseno-sin-titulo-2.png\",\"contentUrl\":\"https:\\\/\\\/conexion23.com\\\/wp-content\\\/uploads\\\/2021\\\/11\\\/Diseno-sin-titulo-2.png\",\"width\":541,\"height\":90,\"caption\":\"Conexion 23\"},\"image\":{\"@id\":\"https:\\\/\\\/conexion23.com\\\/#\\\/schema\\\/logo\\\/image\\\/\"},\"sameAs\":[\"https:\\\/\\\/www.facebook.com\\\/conexion23com\",\"https:\\\/\\\/www.instagram.com\\\/conexion23com\\\/\",\"https:\\\/\\\/www.youtube.com\\\/channel\\\/UCYc7vxxFZMYLIHNsHHxPZ3Q\"]},{\"@type\":\"Person\",\"@id\":\"https:\\\/\\\/conexion23.com\\\/#\\\/schema\\\/person\\\/03e36043331117e97a373299bbcd30a6\",\"name\":\"Raffy Ben\u00edtez\",\"image\":{\"@type\":\"ImageObject\",\"inLanguage\":\"es\",\"@id\":\"https:\\\/\\\/secure.gravatar.com\\\/avatar\\\/3190a6a6c5e1b0327500f7d6c56b6242472ee6cb974cf09b401ee6b3b0798f23?s=96&d=mm&r=g\",\"url\":\"https:\\\/\\\/secure.gravatar.com\\\/avatar\\\/3190a6a6c5e1b0327500f7d6c56b6242472ee6cb974cf09b401ee6b3b0798f23?s=96&d=mm&r=g\",\"contentUrl\":\"https:\\\/\\\/secure.gravatar.com\\\/avatar\\\/3190a6a6c5e1b0327500f7d6c56b6242472ee6cb974cf09b401ee6b3b0798f23?s=96&d=mm&r=g\",\"caption\":\"Raffy Ben\u00edtez\"},\"url\":\"https:\\\/\\\/conexion23.com\\\/?author=15\"}]}<\/script>\n<!-- \/ Yoast SEO plugin. -->","yoast_head_json":{"title":"Desde los 12 a\u00f1os menores podr\u00e1n obtener su c\u00e9dula en Rep\u00fablica Dominicana. - Conexi\u00f3n 23","robots":{"index":"index","follow":"follow","max-snippet":"max-snippet:-1","max-image-preview":"max-image-preview:large","max-video-preview":"max-video-preview:-1"},"canonical":"https:\/\/conexion23.com\/?p=41622","og_locale":"es_ES","og_type":"article","og_title":"Desde los 12 a\u00f1os menores podr\u00e1n obtener su c\u00e9dula en Rep\u00fablica Dominicana. - Conexi\u00f3n 23","og_description":"La Junta Central Electoral (JCE) anunci\u00f3 este jueves que a partir del \u00faltimo trimestre de 2025, los menores desde los 12 a\u00f1os podr\u00e1n obtener su c\u00e9dula de identidad, en cumplimiento de los cambios introducidos por la nueva Ley del Registro Civil. Este cambio, contemplado en la nueva Ley del Registro Civil, forma parte del proyecto [&hellip;]","og_url":"https:\/\/conexion23.com\/?p=41622","og_site_name":"Conexi\u00f3n 23","article_publisher":"https:\/\/www.facebook.com\/conexion23com","article_published_time":"2025-07-18T11:15:32+00:00","article_modified_time":"2025-07-25T01:42:34+00:00","og_image":[{"width":266,"height":190,"url":"https:\/\/conexion23.com\/wp-content\/uploads\/2025\/07\/descarga-48.jpg","type":"image\/jpeg"}],"author":"Raffy Ben\u00edtez","twitter_card":"summary_large_image","twitter_misc":{"Escrito por":"Raffy Ben\u00edtez","Tiempo de lectura":"1 minuto"},"schema":{"@context":"https:\/\/schema.org","@graph":[{"@type":"Article","@id":"https:\/\/conexion23.com\/?p=41622#article","isPartOf":{"@id":"https:\/\/conexion23.com\/?p=41622"},"author":{"name":"Raffy Ben\u00edtez","@id":"https:\/\/conexion23.com\/#\/schema\/person\/03e36043331117e97a373299bbcd30a6"},"headline":"Desde los 12 a\u00f1os menores podr\u00e1n obtener su c\u00e9dula en Rep\u00fablica Dominicana.","datePublished":"2025-07-18T11:15:32+00:00","dateModified":"2025-07-25T01:42:34+00:00","mainEntityOfPage":{"@id":"https:\/\/conexion23.com\/?p=41622"},"wordCount":125,"commentCount":0,"publisher":{"@id":"https:\/\/conexion23.com\/#organization"},"image":{"@id":"https:\/\/conexion23.com\/?p=41622#primaryimage"},"thumbnailUrl":"https:\/\/conexion23.com\/wp-content\/uploads\/2025\/07\/descarga-48.jpg","articleSection":["Uncategorized"],"inLanguage":"es","potentialAction":[{"@type":"CommentAction","name":"Comment","target":["https:\/\/conexion23.com\/?p=41622#respond"]}]},{"@type":"WebPage","@id":"https:\/\/conexion23.com\/?p=41622","url":"https:\/\/conexion23.com\/?p=41622","name":"Desde los 12 a\u00f1os menores podr\u00e1n obtener su c\u00e9dula en Rep\u00fablica Dominicana. - Conexi\u00f3n 23","isPartOf":{"@id":"https:\/\/conexion23.com\/#website"},"primaryImageOfPage":{"@id":"https:\/\/conexion23.com\/?p=41622#primaryimage"},"image":{"@id":"https:\/\/conexion23.com\/?p=41622#primaryimage"},"thumbnailUrl":"https:\/\/conexion23.com\/wp-content\/uploads\/2025\/07\/descarga-48.jpg","datePublished":"2025-07-18T11:15:32+00:00","dateModified":"2025-07-25T01:42:34+00:00","breadcrumb":{"@id":"https:\/\/conexion23.com\/?p=41622#breadcrumb"},"inLanguage":"es","potentialAction":[{"@type":"ReadAction","target":["https:\/\/conexion23.com\/?p=41622"]}]},{"@type":"ImageObject","inLanguage":"es","@id":"https:\/\/conexion23.com\/?p=41622#primaryimage","url":"https:\/\/conexion23.com\/wp-content\/uploads\/2025\/07\/descarga-48.jpg","contentUrl":"https:\/\/conexion23.com\/wp-content\/uploads\/2025\/07\/descarga-48.jpg","width":266,"height":190},{"@type":"BreadcrumbList","@id":"https:\/\/conexion23.com\/?p=41622#breadcrumb","itemListElement":[{"@type":"ListItem","position":1,"name":"Portada","item":"https:\/\/conexion23.com\/"},{"@type":"ListItem","position":2,"name":"Desde los 12 a\u00f1os menores podr\u00e1n obtener su c\u00e9dula en Rep\u00fablica Dominicana."}]},{"@type":"WebSite","@id":"https:\/\/conexion23.com\/#website","url":"https:\/\/conexion23.com\/","name":"Conexi\u00f3n 23","description":"Peri\u00f3dico 100% Petromacorisano","publisher":{"@id":"https:\/\/conexion23.com\/#organization"},"potentialAction":[{"@type":"SearchAction","target":{"@type":"EntryPoint","urlTemplate":"https:\/\/conexion23.com\/?s={search_term_string}"},"query-input":{"@type":"PropertyValueSpecification","valueRequired":true,"valueName":"search_term_string"}}],"inLanguage":"es"},{"@type":"Organization","@id":"https:\/\/conexion23.com\/#organization","name":"Conexion 23","url":"https:\/\/conexion23.com\/","logo":{"@type":"ImageObject","inLanguage":"es","@id":"https:\/\/conexion23.com\/#\/schema\/logo\/image\/","url":"https:\/\/conexion23.com\/wp-content\/uploads\/2021\/11\/Diseno-sin-titulo-2.png","contentUrl":"https:\/\/conexion23.com\/wp-content\/uploads\/2021\/11\/Diseno-sin-titulo-2.png","width":541,"height":90,"caption":"Conexion 23"},"image":{"@id":"https:\/\/conexion23.com\/#\/schema\/logo\/image\/"},"sameAs":["https:\/\/www.facebook.com\/conexion23com","https:\/\/www.instagram.com\/conexion23com\/","https:\/\/www.youtube.com\/channel\/UCYc7vxxFZMYLIHNsHHxPZ3Q"]},{"@type":"Person","@id":"https:\/\/conexion23.com\/#\/schema\/person\/03e36043331117e97a373299bbcd30a6","name":"Raffy Ben\u00edtez","image":{"@type":"ImageObject","inLanguage":"es","@id":"https:\/\/secure.gravatar.com\/avatar\/3190a6a6c5e1b0327500f7d6c56b6242472ee6cb974cf09b401ee6b3b0798f23?s=96&d=mm&r=g","url":"https:\/\/secure.gravatar.com\/avatar\/3190a6a6c5e1b0327500f7d6c56b6242472ee6cb974cf09b401ee6b3b0798f23?s=96&d=mm&r=g","contentUrl":"https:\/\/secure.gravatar.com\/avatar\/3190a6a6c5e1b0327500f7d6c56b6242472ee6cb974cf09b401ee6b3b0798f23?s=96&d=mm&r=g","caption":"Raffy Ben\u00edtez"},"url":"https:\/\/conexion23.com\/?author=15"}]}},"_links":{"self":[{"href":"https:\/\/conexion23.com\/index.php?rest_route=\/wp\/v2\/posts\/41622","targetHints":{"allow":["GET"]}}],"collection":[{"href":"https:\/\/conexion23.com\/index.php?rest_route=\/wp\/v2\/posts"}],"about":[{"href":"https:\/\/conexion23.com\/index.php?rest_route=\/wp\/v2\/types\/post"}],"author":[{"embeddable":true,"href":"https:\/\/conexion23.com\/index.php?rest_route=\/wp\/v2\/users\/15"}],"replies":[{"embeddable":true,"href":"https:\/\/conexion23.com\/index.php?rest_route=%2Fwp%2Fv2%2Fcomments&post=41622"}],"version-history":[{"count":1,"href":"https:\/\/conexion23.com\/index.php?rest_route=\/wp\/v2\/posts\/41622\/revisions"}],"predecessor-version":[{"id":41701,"href":"https:\/\/conexion23.com\/index.php?rest_route=\/wp\/v2\/posts\/41622\/revisions\/41701"}],"wp:featuredmedia":[{"embeddable":true,"href":"https:\/\/conexion23.com\/index.php?rest_route=\/wp\/v2\/media\/41623"}],"wp:attachment":[{"href":"https:\/\/conexion23.com\/index.php?rest_route=%2Fwp%2Fv2%2Fmedia&parent=41622"}],"wp:term":[{"taxonomy":"category","embeddable":true,"href":"https:\/\/conexion23.com\/index.php?rest_route=%2Fwp%2Fv2%2Fcategories&post=41622"},{"taxonomy":"post_tag","embeddable":true,"href":"https:\/\/conexion23.com\/index.php?rest_route=%2Fwp%2Fv2%2Ftags&post=41622"}],"curies":[{"name":"wp","href":"https:\/\/api.w.org\/{rel}","templated":true}]}}