{"id":4164,"date":"2022-03-09T11:27:54","date_gmt":"2022-03-09T15:27:54","guid":{"rendered":"https:\/\/conexion23.com\/?p=4164"},"modified":"2022-03-09T11:28:02","modified_gmt":"2022-03-09T15:28:02","slug":"abinader-sostendra-reuniones-de-negocio-con-empresarios-y-firmara-acuerdos-en-argentina","status":"publish","type":"post","link":"https:\/\/conexion23.com\/?p=4164","title":{"rendered":"Abinader sostendr\u00e1 reuniones de negocio con empresarios y firmar\u00e1 acuerdos en Argentina"},"content":{"rendered":"\n<p class=\"wp-block-paragraph\">El presidente Luis Abinader desarrollar\u00e1 este mi\u00e9rcoles una amplia agenda de trabajo en Buenos Aires, Argentina, que incluyen&nbsp;ronda de negocios con empresarios, almuerzo, firmas de acuerdos y reuniones de trabajo.<\/p>\n\n\n\n<p class=\"wp-block-paragraph\">La agenda fue programada para iniciar a las 10:00 de la ma\u00f1ana con el recibimiento del mandatario y la delegaci\u00f3n que le acompa\u00f1a, a cargo del ministro de Relaciones Exteriores de la Rep\u00fablica Argentina, Santiago Cafiero, en el Palacio San Mart\u00edn.<\/p>\n\n\n\n<p class=\"wp-block-paragraph\">A las 10:10 de la ma\u00f1ana, Abinader iniciar\u00e1 una reuni\u00f3n de negocios con empresarios para la promoci\u00f3n de comercio e inversiones, coordinada por el ministro de Relaciones Exteriores de&nbsp;Argentina,&nbsp;en el Palacio San Mart\u00edn.<\/p>\n\n\n\n<p class=\"wp-block-paragraph\">A la 1:00 de la tarde, el presidente Abinader participar\u00e1 en un almuerzo ofrecido por su hom\u00f3logo argentino, Alberto Fern\u00e1ndez, en la Casa Rosada.<\/p>\n\n\n\n<p class=\"wp-block-paragraph\">El programa de actividades del gobernante dominicano incluye, adem\u00e1s, un acto de firma de acuerdos con el presidente de Argentina, Alberto Fern\u00e1ndez, a las 2:30 de la tarde, en la Casa Rosada.<\/p>\n\n\n\n<p class=\"wp-block-paragraph\">A las 3:00 de la tarde, est\u00e1 prevista una declaraci\u00f3n de prensa para comunicar los resultados de la visita, en la Casa Rosada.<\/p>\n\n\n\n<p class=\"wp-block-paragraph\">Continuando con las actividades en la naci\u00f3n suramericana, Abinader tiene previsto un encuentro con el presidente de la C\u00e1mara de Diputados de la Rep\u00fablica Argentina, Sergio Massa, a las 4: 00 de la tarde en la sede del Congreso Nacional.<\/p>\n\n\n\n<p class=\"wp-block-paragraph\">Concluido este encuentro se producir\u00e1 la salida del presidente Abinader y la delegaci\u00f3n que le acompa\u00f1a hacia la Rep\u00fablica de Chile, en vuelo privado, desde el Aeropuerto ministro Pistarini, de Argentina, al Arturo Merino Ben\u00edtez de Santiago de Chile.<\/p>\n\n\n\n<p class=\"wp-block-paragraph\">En este viaje, el presidente Abinader est\u00e1 acompa\u00f1ado por su esposa, la primera dama, Raquel Arbaje; los ministros, de Relaciones Exteriores, Roberto \u00c1lvarez; Industria y Comercio, Ito Bison\u00f3 y el presidente de la Refiner\u00eda Dominicana de Petr\u00f3leo, Leonardo Aguilera.<\/p>\n\n\n\n<p class=\"wp-block-paragraph\">Tambi\u00e9n, su asistente especial y secretario del Gabinete, Eilyn Beltr\u00e1n, as\u00ed como la directora del despacho presidencial, Lourdes Herrera, los embajadores acreditados en Argentina, Gustavo Hernando Castillo y en Chile, Fausto Liz, adem\u00e1s del director de Prensa del Presidente Daniel Garc\u00eda Archibald.<\/p>\n","protected":false},"excerpt":{"rendered":"<p>El presidente Luis Abinader desarrollar\u00e1 este mi\u00e9rcoles una amplia agenda de trabajo en Buenos Aires, Argentina, que incluyen&nbsp;ronda de negocios con empresarios, almuerzo, firmas de acuerdos y reuniones de trabajo. La agenda fue programada para iniciar a las 10:00 de la ma\u00f1ana con el recibimiento del mandatario y la delegaci\u00f3n que le acompa\u00f1a, a cargo [&hellip;]<\/p>\n","protected":false},"author":7,"featured_media":0,"comment_status":"open","ping_status":"open","sticky":false,"template":"","format":"standard","meta":{"footnotes":""},"categories":[1],"tags":[],"class_list":["post-4164","post","type-post","status-publish","format-standard","category-uncategorized"],"yoast_head":"<!-- This site is optimized with the Yoast SEO plugin v27.6 - https:\/\/yoast.com\/product\/yoast-seo-wordpress\/ -->\n<title>Abinader sostendr\u00e1 reuniones de negocio con empresarios y firmar\u00e1 acuerdos en Argentina - Conexi\u00f3n 23<\/title>\n<meta name=\"description\" content=\"La agenda fue programada para iniciar a las 10:00 de la ma\u00f1ana con el recibimiento del mandatario y la delegaci\u00f3n que le acompa\u00f1a, a cargo del ministro de Relaciones Exteriores de la Rep\u00fablica Argentina, Santiago Cafiero, en el Palacio San Mart\u00edn.\" \/>\n<meta name=\"robots\" content=\"index, follow, max-snippet:-1, max-image-preview:large, max-video-preview:-1\" \/>\n<link rel=\"canonical\" href=\"http:\/\/conexion23.com\/?p=4164\" \/>\n<meta property=\"og:locale\" content=\"es_ES\" \/>\n<meta property=\"og:type\" content=\"article\" \/>\n<meta property=\"og:title\" content=\"Abinader sostendr\u00e1 reuniones de negocio con empresarios y firmar\u00e1 acuerdos en Argentina - Conexi\u00f3n 23\" \/>\n<meta property=\"og:description\" content=\"La agenda fue programada para iniciar a las 10:00 de la ma\u00f1ana con el recibimiento del mandatario y la delegaci\u00f3n que le acompa\u00f1a, a cargo del ministro de Relaciones Exteriores de la Rep\u00fablica Argentina, Santiago Cafiero, en el Palacio San Mart\u00edn.\" \/>\n<meta property=\"og:url\" content=\"http:\/\/conexion23.com\/?p=4164\" \/>\n<meta property=\"og:site_name\" content=\"Conexi\u00f3n 23\" \/>\n<meta property=\"article:publisher\" content=\"https:\/\/www.facebook.com\/conexion23com\" \/>\n<meta property=\"article:published_time\" content=\"2022-03-09T15:27:54+00:00\" \/>\n<meta property=\"article:modified_time\" content=\"2022-03-09T15:28:02+00:00\" \/>\n<meta name=\"author\" content=\"Benjam\u00edn Rosario\" \/>\n<meta name=\"twitter:card\" content=\"summary_large_image\" \/>\n<meta name=\"twitter:label1\" content=\"Escrito por\" \/>\n\t<meta name=\"twitter:data1\" content=\"Benjam\u00edn Rosario\" \/>\n\t<meta name=\"twitter:label2\" content=\"Tiempo de lectura\" \/>\n\t<meta name=\"twitter:data2\" content=\"2 minutos\" \/>\n<script type=\"application\/ld+json\" class=\"yoast-schema-graph\">{\"@context\":\"https:\\\/\\\/schema.org\",\"@graph\":[{\"@type\":\"Article\",\"@id\":\"http:\\\/\\\/conexion23.com\\\/?p=4164#article\",\"isPartOf\":{\"@id\":\"http:\\\/\\\/conexion23.com\\\/?p=4164\"},\"author\":{\"name\":\"Benjam\u00edn Rosario\",\"@id\":\"https:\\\/\\\/conexion23.com\\\/#\\\/schema\\\/person\\\/c0b7ce1f0e7a915d08fa289072b8353a\"},\"headline\":\"Abinader sostendr\u00e1 reuniones de negocio con empresarios y firmar\u00e1 acuerdos en Argentina\",\"datePublished\":\"2022-03-09T15:27:54+00:00\",\"dateModified\":\"2022-03-09T15:28:02+00:00\",\"mainEntityOfPage\":{\"@id\":\"http:\\\/\\\/conexion23.com\\\/?p=4164\"},\"wordCount\":383,\"commentCount\":0,\"publisher\":{\"@id\":\"https:\\\/\\\/conexion23.com\\\/#organization\"},\"articleSection\":[\"Uncategorized\"],\"inLanguage\":\"es\",\"potentialAction\":[{\"@type\":\"CommentAction\",\"name\":\"Comment\",\"target\":[\"http:\\\/\\\/conexion23.com\\\/?p=4164#respond\"]}]},{\"@type\":\"WebPage\",\"@id\":\"http:\\\/\\\/conexion23.com\\\/?p=4164\",\"url\":\"http:\\\/\\\/conexion23.com\\\/?p=4164\",\"name\":\"Abinader sostendr\u00e1 reuniones de negocio con empresarios y firmar\u00e1 acuerdos en Argentina - Conexi\u00f3n 23\",\"isPartOf\":{\"@id\":\"https:\\\/\\\/conexion23.com\\\/#website\"},\"datePublished\":\"2022-03-09T15:27:54+00:00\",\"dateModified\":\"2022-03-09T15:28:02+00:00\",\"description\":\"La agenda fue programada para iniciar a las 10:00 de la ma\u00f1ana con el recibimiento del mandatario y la delegaci\u00f3n que le acompa\u00f1a, a cargo del ministro de Relaciones Exteriores de la Rep\u00fablica Argentina, Santiago Cafiero, en el Palacio San Mart\u00edn.\",\"breadcrumb\":{\"@id\":\"http:\\\/\\\/conexion23.com\\\/?p=4164#breadcrumb\"},\"inLanguage\":\"es\",\"potentialAction\":[{\"@type\":\"ReadAction\",\"target\":[\"http:\\\/\\\/conexion23.com\\\/?p=4164\"]}]},{\"@type\":\"BreadcrumbList\",\"@id\":\"http:\\\/\\\/conexion23.com\\\/?p=4164#breadcrumb\",\"itemListElement\":[{\"@type\":\"ListItem\",\"position\":1,\"name\":\"Portada\",\"item\":\"https:\\\/\\\/conexion23.com\\\/\"},{\"@type\":\"ListItem\",\"position\":2,\"name\":\"Abinader sostendr\u00e1 reuniones de negocio con empresarios y firmar\u00e1 acuerdos en Argentina\"}]},{\"@type\":\"WebSite\",\"@id\":\"https:\\\/\\\/conexion23.com\\\/#website\",\"url\":\"https:\\\/\\\/conexion23.com\\\/\",\"name\":\"Conexi\u00f3n 23\",\"description\":\"Peri\u00f3dico 100% Petromacorisano\",\"publisher\":{\"@id\":\"https:\\\/\\\/conexion23.com\\\/#organization\"},\"potentialAction\":[{\"@type\":\"SearchAction\",\"target\":{\"@type\":\"EntryPoint\",\"urlTemplate\":\"https:\\\/\\\/conexion23.com\\\/?s={search_term_string}\"},\"query-input\":{\"@type\":\"PropertyValueSpecification\",\"valueRequired\":true,\"valueName\":\"search_term_string\"}}],\"inLanguage\":\"es\"},{\"@type\":\"Organization\",\"@id\":\"https:\\\/\\\/conexion23.com\\\/#organization\",\"name\":\"Conexion 23\",\"url\":\"https:\\\/\\\/conexion23.com\\\/\",\"logo\":{\"@type\":\"ImageObject\",\"inLanguage\":\"es\",\"@id\":\"https:\\\/\\\/conexion23.com\\\/#\\\/schema\\\/logo\\\/image\\\/\",\"url\":\"https:\\\/\\\/conexion23.com\\\/wp-content\\\/uploads\\\/2021\\\/11\\\/Diseno-sin-titulo-2.png\",\"contentUrl\":\"https:\\\/\\\/conexion23.com\\\/wp-content\\\/uploads\\\/2021\\\/11\\\/Diseno-sin-titulo-2.png\",\"width\":541,\"height\":90,\"caption\":\"Conexion 23\"},\"image\":{\"@id\":\"https:\\\/\\\/conexion23.com\\\/#\\\/schema\\\/logo\\\/image\\\/\"},\"sameAs\":[\"https:\\\/\\\/www.facebook.com\\\/conexion23com\",\"https:\\\/\\\/www.instagram.com\\\/conexion23com\\\/\",\"https:\\\/\\\/www.youtube.com\\\/channel\\\/UCYc7vxxFZMYLIHNsHHxPZ3Q\"]},{\"@type\":\"Person\",\"@id\":\"https:\\\/\\\/conexion23.com\\\/#\\\/schema\\\/person\\\/c0b7ce1f0e7a915d08fa289072b8353a\",\"name\":\"Benjam\u00edn Rosario\",\"image\":{\"@type\":\"ImageObject\",\"inLanguage\":\"es\",\"@id\":\"https:\\\/\\\/secure.gravatar.com\\\/avatar\\\/62e1b2539b49cdeb50ee302e2a5f2bd31dc7fdba412bbac67e2a2a6e0c89bb2a?s=96&d=mm&r=g\",\"url\":\"https:\\\/\\\/secure.gravatar.com\\\/avatar\\\/62e1b2539b49cdeb50ee302e2a5f2bd31dc7fdba412bbac67e2a2a6e0c89bb2a?s=96&d=mm&r=g\",\"contentUrl\":\"https:\\\/\\\/secure.gravatar.com\\\/avatar\\\/62e1b2539b49cdeb50ee302e2a5f2bd31dc7fdba412bbac67e2a2a6e0c89bb2a?s=96&d=mm&r=g\",\"caption\":\"Benjam\u00edn Rosario\"},\"url\":\"https:\\\/\\\/conexion23.com\\\/?author=7\"}]}<\/script>\n<!-- \/ Yoast SEO plugin. -->","yoast_head_json":{"title":"Abinader sostendr\u00e1 reuniones de negocio con empresarios y firmar\u00e1 acuerdos en Argentina - Conexi\u00f3n 23","description":"La agenda fue programada para iniciar a las 10:00 de la ma\u00f1ana con el recibimiento del mandatario y la delegaci\u00f3n que le acompa\u00f1a, a cargo del ministro de Relaciones Exteriores de la Rep\u00fablica Argentina, Santiago Cafiero, en el Palacio San Mart\u00edn.","robots":{"index":"index","follow":"follow","max-snippet":"max-snippet:-1","max-image-preview":"max-image-preview:large","max-video-preview":"max-video-preview:-1"},"canonical":"http:\/\/conexion23.com\/?p=4164","og_locale":"es_ES","og_type":"article","og_title":"Abinader sostendr\u00e1 reuniones de negocio con empresarios y firmar\u00e1 acuerdos en Argentina - Conexi\u00f3n 23","og_description":"La agenda fue programada para iniciar a las 10:00 de la ma\u00f1ana con el recibimiento del mandatario y la delegaci\u00f3n que le acompa\u00f1a, a cargo del ministro de Relaciones Exteriores de la Rep\u00fablica Argentina, Santiago Cafiero, en el Palacio San Mart\u00edn.","og_url":"http:\/\/conexion23.com\/?p=4164","og_site_name":"Conexi\u00f3n 23","article_publisher":"https:\/\/www.facebook.com\/conexion23com","article_published_time":"2022-03-09T15:27:54+00:00","article_modified_time":"2022-03-09T15:28:02+00:00","author":"Benjam\u00edn Rosario","twitter_card":"summary_large_image","twitter_misc":{"Escrito por":"Benjam\u00edn Rosario","Tiempo de lectura":"2 minutos"},"schema":{"@context":"https:\/\/schema.org","@graph":[{"@type":"Article","@id":"http:\/\/conexion23.com\/?p=4164#article","isPartOf":{"@id":"http:\/\/conexion23.com\/?p=4164"},"author":{"name":"Benjam\u00edn Rosario","@id":"https:\/\/conexion23.com\/#\/schema\/person\/c0b7ce1f0e7a915d08fa289072b8353a"},"headline":"Abinader sostendr\u00e1 reuniones de negocio con empresarios y firmar\u00e1 acuerdos en Argentina","datePublished":"2022-03-09T15:27:54+00:00","dateModified":"2022-03-09T15:28:02+00:00","mainEntityOfPage":{"@id":"http:\/\/conexion23.com\/?p=4164"},"wordCount":383,"commentCount":0,"publisher":{"@id":"https:\/\/conexion23.com\/#organization"},"articleSection":["Uncategorized"],"inLanguage":"es","potentialAction":[{"@type":"CommentAction","name":"Comment","target":["http:\/\/conexion23.com\/?p=4164#respond"]}]},{"@type":"WebPage","@id":"http:\/\/conexion23.com\/?p=4164","url":"http:\/\/conexion23.com\/?p=4164","name":"Abinader sostendr\u00e1 reuniones de negocio con empresarios y firmar\u00e1 acuerdos en Argentina - Conexi\u00f3n 23","isPartOf":{"@id":"https:\/\/conexion23.com\/#website"},"datePublished":"2022-03-09T15:27:54+00:00","dateModified":"2022-03-09T15:28:02+00:00","description":"La agenda fue programada para iniciar a las 10:00 de la ma\u00f1ana con el recibimiento del mandatario y la delegaci\u00f3n que le acompa\u00f1a, a cargo del ministro de Relaciones Exteriores de la Rep\u00fablica Argentina, Santiago Cafiero, en el Palacio San Mart\u00edn.","breadcrumb":{"@id":"http:\/\/conexion23.com\/?p=4164#breadcrumb"},"inLanguage":"es","potentialAction":[{"@type":"ReadAction","target":["http:\/\/conexion23.com\/?p=4164"]}]},{"@type":"BreadcrumbList","@id":"http:\/\/conexion23.com\/?p=4164#breadcrumb","itemListElement":[{"@type":"ListItem","position":1,"name":"Portada","item":"https:\/\/conexion23.com\/"},{"@type":"ListItem","position":2,"name":"Abinader sostendr\u00e1 reuniones de negocio con empresarios y firmar\u00e1 acuerdos en Argentina"}]},{"@type":"WebSite","@id":"https:\/\/conexion23.com\/#website","url":"https:\/\/conexion23.com\/","name":"Conexi\u00f3n 23","description":"Peri\u00f3dico 100% Petromacorisano","publisher":{"@id":"https:\/\/conexion23.com\/#organization"},"potentialAction":[{"@type":"SearchAction","target":{"@type":"EntryPoint","urlTemplate":"https:\/\/conexion23.com\/?s={search_term_string}"},"query-input":{"@type":"PropertyValueSpecification","valueRequired":true,"valueName":"search_term_string"}}],"inLanguage":"es"},{"@type":"Organization","@id":"https:\/\/conexion23.com\/#organization","name":"Conexion 23","url":"https:\/\/conexion23.com\/","logo":{"@type":"ImageObject","inLanguage":"es","@id":"https:\/\/conexion23.com\/#\/schema\/logo\/image\/","url":"https:\/\/conexion23.com\/wp-content\/uploads\/2021\/11\/Diseno-sin-titulo-2.png","contentUrl":"https:\/\/conexion23.com\/wp-content\/uploads\/2021\/11\/Diseno-sin-titulo-2.png","width":541,"height":90,"caption":"Conexion 23"},"image":{"@id":"https:\/\/conexion23.com\/#\/schema\/logo\/image\/"},"sameAs":["https:\/\/www.facebook.com\/conexion23com","https:\/\/www.instagram.com\/conexion23com\/","https:\/\/www.youtube.com\/channel\/UCYc7vxxFZMYLIHNsHHxPZ3Q"]},{"@type":"Person","@id":"https:\/\/conexion23.com\/#\/schema\/person\/c0b7ce1f0e7a915d08fa289072b8353a","name":"Benjam\u00edn Rosario","image":{"@type":"ImageObject","inLanguage":"es","@id":"https:\/\/secure.gravatar.com\/avatar\/62e1b2539b49cdeb50ee302e2a5f2bd31dc7fdba412bbac67e2a2a6e0c89bb2a?s=96&d=mm&r=g","url":"https:\/\/secure.gravatar.com\/avatar\/62e1b2539b49cdeb50ee302e2a5f2bd31dc7fdba412bbac67e2a2a6e0c89bb2a?s=96&d=mm&r=g","contentUrl":"https:\/\/secure.gravatar.com\/avatar\/62e1b2539b49cdeb50ee302e2a5f2bd31dc7fdba412bbac67e2a2a6e0c89bb2a?s=96&d=mm&r=g","caption":"Benjam\u00edn Rosario"},"url":"https:\/\/conexion23.com\/?author=7"}]}},"_links":{"self":[{"href":"https:\/\/conexion23.com\/index.php?rest_route=\/wp\/v2\/posts\/4164","targetHints":{"allow":["GET"]}}],"collection":[{"href":"https:\/\/conexion23.com\/index.php?rest_route=\/wp\/v2\/posts"}],"about":[{"href":"https:\/\/conexion23.com\/index.php?rest_route=\/wp\/v2\/types\/post"}],"author":[{"embeddable":true,"href":"https:\/\/conexion23.com\/index.php?rest_route=\/wp\/v2\/users\/7"}],"replies":[{"embeddable":true,"href":"https:\/\/conexion23.com\/index.php?rest_route=%2Fwp%2Fv2%2Fcomments&post=4164"}],"version-history":[{"count":1,"href":"https:\/\/conexion23.com\/index.php?rest_route=\/wp\/v2\/posts\/4164\/revisions"}],"predecessor-version":[{"id":4166,"href":"https:\/\/conexion23.com\/index.php?rest_route=\/wp\/v2\/posts\/4164\/revisions\/4166"}],"wp:attachment":[{"href":"https:\/\/conexion23.com\/index.php?rest_route=%2Fwp%2Fv2%2Fmedia&parent=4164"}],"wp:term":[{"taxonomy":"category","embeddable":true,"href":"https:\/\/conexion23.com\/index.php?rest_route=%2Fwp%2Fv2%2Fcategories&post=4164"},{"taxonomy":"post_tag","embeddable":true,"href":"https:\/\/conexion23.com\/index.php?rest_route=%2Fwp%2Fv2%2Ftags&post=4164"}],"curies":[{"name":"wp","href":"https:\/\/api.w.org\/{rel}","templated":true}]}}