{"id":42054,"date":"2025-08-02T07:36:53","date_gmt":"2025-08-02T11:36:53","guid":{"rendered":"https:\/\/conexion23.com\/?p=42054"},"modified":"2025-08-02T07:37:25","modified_gmt":"2025-08-02T11:37:25","slug":"capturan-en-spm-delincuente-distribuidor-de-drogas-conocido-como-el-calvo-o-barrabas","status":"publish","type":"post","link":"https:\/\/conexion23.com\/?p=42054","title":{"rendered":"Capturan en SPM, delincuente distribuidor de drogas conocido como \u201cEl Calvo\u201d o \u201cBarrab\u00e1s\u201d."},"content":{"rendered":"\n<p class=\"wp-block-paragraph\">Agentes de la Polic\u00eda Nacional, adscritos a la Direcci\u00f3n Regional Sureste, en San Pedro de Macor\u00eds, en coordinaci\u00f3n con miembros de la Direcci\u00f3n Nacional de Control de Drogas (DNCD), capturaron en flagrante delito al reconocido antisocial Luis Alberto Rivera Quezada, alias \u201cEl Calvo\u201d, \u201cBarba\u201d y\/o \u201cBarrab\u00e1s\u201d, de 38 a\u00f1os, se\u00f1alado como presunto cabecilla de un punto de venta y distribuci\u00f3n de sustancias controladas, el cual fue desmantelado por completo en el sector Villa Progreso 2, de esta ciudad.<\/p>\n\n\n\n<p class=\"wp-block-paragraph\">La detenci\u00f3n fue posible gracias a labores de inteligencia y vigilancia desarrolladas por los organismos actuantes, quienes lograron ubicar al sospechoso en la calle principal del referido sector, pr\u00f3ximo a un solar bald\u00edo. Al percatarse de la presencia policial, el individuo intent\u00f3 huir y se resisti\u00f3 al arresto, lo que dio lugar a una persecuci\u00f3n que culmin\u00f3 con su captura.<\/p>\n\n\n\n<p class=\"wp-block-paragraph\">Al momento de su detenci\u00f3n, le fueron ocupadas una porci\u00f3n de un polvo blanco presumiblemente coca\u00edna (310 gramos), una porci\u00f3n de un vegetal verde presumiblemente marihuana (235 gramos), dos porciones de un material rocoso presumiblemente crack (230 gramos), una balanza, un bolso y la suma de RD$10,700.00 en efectivo, en diferentes denominaciones.<\/p>\n\n\n\n<p class=\"wp-block-paragraph\">Tras ser depurado en el sistema, Rivera Quezada figura con varios registros por la comisi\u00f3n de distintos hechos delictivos, por lo que ser\u00e1 puesto a disposici\u00f3n del Ministerio P\u00fablico, junto a las evidencias ocupadas, para los fines legales correspondientes.<\/p>\n","protected":false},"excerpt":{"rendered":"<p>Agentes de la Polic\u00eda Nacional, adscritos a la Direcci\u00f3n Regional Sureste, en San Pedro de Macor\u00eds, en coordinaci\u00f3n con miembros de la Direcci\u00f3n Nacional de Control de Drogas (DNCD), capturaron en flagrante delito al reconocido antisocial Luis Alberto Rivera Quezada, alias \u201cEl Calvo\u201d, \u201cBarba\u201d y\/o \u201cBarrab\u00e1s\u201d, de 38 a\u00f1os, se\u00f1alado como presunto cabecilla de un [&hellip;]<\/p>\n","protected":false},"author":15,"featured_media":42055,"comment_status":"open","ping_status":"open","sticky":false,"template":"","format":"standard","meta":{"footnotes":""},"categories":[35],"tags":[],"class_list":["post-42054","post","type-post","status-publish","format-standard","has-post-thumbnail","category-spm"],"yoast_head":"<!-- This site is optimized with the Yoast SEO plugin v27.6 - https:\/\/yoast.com\/product\/yoast-seo-wordpress\/ -->\n<title>Capturan en SPM, delincuente distribuidor de drogas conocido como \u201cEl Calvo\u201d o \u201cBarrab\u00e1s\u201d. - Conexi\u00f3n 23<\/title>\n<meta name=\"robots\" content=\"index, follow, max-snippet:-1, max-image-preview:large, max-video-preview:-1\" \/>\n<link rel=\"canonical\" href=\"https:\/\/conexion23.com\/?p=42054\" \/>\n<meta property=\"og:locale\" content=\"es_ES\" \/>\n<meta property=\"og:type\" content=\"article\" \/>\n<meta property=\"og:title\" content=\"Capturan en SPM, delincuente distribuidor de drogas conocido como \u201cEl Calvo\u201d o \u201cBarrab\u00e1s\u201d. - Conexi\u00f3n 23\" \/>\n<meta property=\"og:description\" content=\"Agentes de la Polic\u00eda Nacional, adscritos a la Direcci\u00f3n Regional Sureste, en San Pedro de Macor\u00eds, en coordinaci\u00f3n con miembros de la Direcci\u00f3n Nacional de Control de Drogas (DNCD), capturaron en flagrante delito al reconocido antisocial Luis Alberto Rivera Quezada, alias \u201cEl Calvo\u201d, \u201cBarba\u201d y\/o \u201cBarrab\u00e1s\u201d, de 38 a\u00f1os, se\u00f1alado como presunto cabecilla de un [&hellip;]\" \/>\n<meta property=\"og:url\" content=\"https:\/\/conexion23.com\/?p=42054\" \/>\n<meta property=\"og:site_name\" content=\"Conexi\u00f3n 23\" \/>\n<meta property=\"article:publisher\" content=\"https:\/\/www.facebook.com\/conexion23com\" \/>\n<meta property=\"article:published_time\" content=\"2025-08-02T11:36:53+00:00\" \/>\n<meta property=\"article:modified_time\" content=\"2025-08-02T11:37:25+00:00\" \/>\n<meta property=\"og:image\" content=\"https:\/\/conexion23.com\/wp-content\/uploads\/2025\/08\/d84f192a-907c-409c-9a98-2d0c17688f48.jpg\" \/>\n\t<meta property=\"og:image:width\" content=\"719\" \/>\n\t<meta property=\"og:image:height\" content=\"795\" \/>\n\t<meta property=\"og:image:type\" content=\"image\/jpeg\" \/>\n<meta name=\"author\" content=\"Raffy Ben\u00edtez\" \/>\n<meta name=\"twitter:card\" content=\"summary_large_image\" \/>\n<meta name=\"twitter:label1\" content=\"Escrito por\" \/>\n\t<meta name=\"twitter:data1\" content=\"Raffy Ben\u00edtez\" \/>\n\t<meta name=\"twitter:label2\" content=\"Tiempo de lectura\" \/>\n\t<meta name=\"twitter:data2\" content=\"2 minutos\" \/>\n<script type=\"application\/ld+json\" class=\"yoast-schema-graph\">{\"@context\":\"https:\\\/\\\/schema.org\",\"@graph\":[{\"@type\":\"Article\",\"@id\":\"https:\\\/\\\/conexion23.com\\\/?p=42054#article\",\"isPartOf\":{\"@id\":\"https:\\\/\\\/conexion23.com\\\/?p=42054\"},\"author\":{\"name\":\"Raffy Ben\u00edtez\",\"@id\":\"http:\\\/\\\/conexion23.com\\\/#\\\/schema\\\/person\\\/03e36043331117e97a373299bbcd30a6\"},\"headline\":\"Capturan en SPM, delincuente distribuidor de drogas conocido como \u201cEl Calvo\u201d o \u201cBarrab\u00e1s\u201d.\",\"datePublished\":\"2025-08-02T11:36:53+00:00\",\"dateModified\":\"2025-08-02T11:37:25+00:00\",\"mainEntityOfPage\":{\"@id\":\"https:\\\/\\\/conexion23.com\\\/?p=42054\"},\"wordCount\":259,\"commentCount\":0,\"publisher\":{\"@id\":\"http:\\\/\\\/conexion23.com\\\/#organization\"},\"image\":{\"@id\":\"https:\\\/\\\/conexion23.com\\\/?p=42054#primaryimage\"},\"thumbnailUrl\":\"https:\\\/\\\/conexion23.com\\\/wp-content\\\/uploads\\\/2025\\\/08\\\/d84f192a-907c-409c-9a98-2d0c17688f48.jpg\",\"articleSection\":[\"SPM\"],\"inLanguage\":\"es\",\"potentialAction\":[{\"@type\":\"CommentAction\",\"name\":\"Comment\",\"target\":[\"https:\\\/\\\/conexion23.com\\\/?p=42054#respond\"]}]},{\"@type\":\"WebPage\",\"@id\":\"https:\\\/\\\/conexion23.com\\\/?p=42054\",\"url\":\"https:\\\/\\\/conexion23.com\\\/?p=42054\",\"name\":\"Capturan en SPM, delincuente distribuidor de drogas conocido como \u201cEl Calvo\u201d o \u201cBarrab\u00e1s\u201d. - Conexi\u00f3n 23\",\"isPartOf\":{\"@id\":\"http:\\\/\\\/conexion23.com\\\/#website\"},\"primaryImageOfPage\":{\"@id\":\"https:\\\/\\\/conexion23.com\\\/?p=42054#primaryimage\"},\"image\":{\"@id\":\"https:\\\/\\\/conexion23.com\\\/?p=42054#primaryimage\"},\"thumbnailUrl\":\"https:\\\/\\\/conexion23.com\\\/wp-content\\\/uploads\\\/2025\\\/08\\\/d84f192a-907c-409c-9a98-2d0c17688f48.jpg\",\"datePublished\":\"2025-08-02T11:36:53+00:00\",\"dateModified\":\"2025-08-02T11:37:25+00:00\",\"breadcrumb\":{\"@id\":\"https:\\\/\\\/conexion23.com\\\/?p=42054#breadcrumb\"},\"inLanguage\":\"es\",\"potentialAction\":[{\"@type\":\"ReadAction\",\"target\":[\"https:\\\/\\\/conexion23.com\\\/?p=42054\"]}]},{\"@type\":\"ImageObject\",\"inLanguage\":\"es\",\"@id\":\"https:\\\/\\\/conexion23.com\\\/?p=42054#primaryimage\",\"url\":\"https:\\\/\\\/conexion23.com\\\/wp-content\\\/uploads\\\/2025\\\/08\\\/d84f192a-907c-409c-9a98-2d0c17688f48.jpg\",\"contentUrl\":\"https:\\\/\\\/conexion23.com\\\/wp-content\\\/uploads\\\/2025\\\/08\\\/d84f192a-907c-409c-9a98-2d0c17688f48.jpg\",\"width\":719,\"height\":795},{\"@type\":\"BreadcrumbList\",\"@id\":\"https:\\\/\\\/conexion23.com\\\/?p=42054#breadcrumb\",\"itemListElement\":[{\"@type\":\"ListItem\",\"position\":1,\"name\":\"Portada\",\"item\":\"http:\\\/\\\/conexion23.com\\\/\"},{\"@type\":\"ListItem\",\"position\":2,\"name\":\"Capturan en SPM, delincuente distribuidor de drogas conocido como \u201cEl Calvo\u201d o \u201cBarrab\u00e1s\u201d.\"}]},{\"@type\":\"WebSite\",\"@id\":\"http:\\\/\\\/conexion23.com\\\/#website\",\"url\":\"http:\\\/\\\/conexion23.com\\\/\",\"name\":\"Conexi\u00f3n 23\",\"description\":\"Peri\u00f3dico 100% Petromacorisano\",\"publisher\":{\"@id\":\"http:\\\/\\\/conexion23.com\\\/#organization\"},\"potentialAction\":[{\"@type\":\"SearchAction\",\"target\":{\"@type\":\"EntryPoint\",\"urlTemplate\":\"http:\\\/\\\/conexion23.com\\\/?s={search_term_string}\"},\"query-input\":{\"@type\":\"PropertyValueSpecification\",\"valueRequired\":true,\"valueName\":\"search_term_string\"}}],\"inLanguage\":\"es\"},{\"@type\":\"Organization\",\"@id\":\"http:\\\/\\\/conexion23.com\\\/#organization\",\"name\":\"Conexion 23\",\"url\":\"http:\\\/\\\/conexion23.com\\\/\",\"logo\":{\"@type\":\"ImageObject\",\"inLanguage\":\"es\",\"@id\":\"http:\\\/\\\/conexion23.com\\\/#\\\/schema\\\/logo\\\/image\\\/\",\"url\":\"https:\\\/\\\/conexion23.com\\\/wp-content\\\/uploads\\\/2021\\\/11\\\/Diseno-sin-titulo-2.png\",\"contentUrl\":\"https:\\\/\\\/conexion23.com\\\/wp-content\\\/uploads\\\/2021\\\/11\\\/Diseno-sin-titulo-2.png\",\"width\":541,\"height\":90,\"caption\":\"Conexion 23\"},\"image\":{\"@id\":\"http:\\\/\\\/conexion23.com\\\/#\\\/schema\\\/logo\\\/image\\\/\"},\"sameAs\":[\"https:\\\/\\\/www.facebook.com\\\/conexion23com\",\"https:\\\/\\\/www.instagram.com\\\/conexion23com\\\/\",\"https:\\\/\\\/www.youtube.com\\\/channel\\\/UCYc7vxxFZMYLIHNsHHxPZ3Q\"]},{\"@type\":\"Person\",\"@id\":\"http:\\\/\\\/conexion23.com\\\/#\\\/schema\\\/person\\\/03e36043331117e97a373299bbcd30a6\",\"name\":\"Raffy Ben\u00edtez\",\"image\":{\"@type\":\"ImageObject\",\"inLanguage\":\"es\",\"@id\":\"https:\\\/\\\/secure.gravatar.com\\\/avatar\\\/3190a6a6c5e1b0327500f7d6c56b6242472ee6cb974cf09b401ee6b3b0798f23?s=96&d=mm&r=g\",\"url\":\"https:\\\/\\\/secure.gravatar.com\\\/avatar\\\/3190a6a6c5e1b0327500f7d6c56b6242472ee6cb974cf09b401ee6b3b0798f23?s=96&d=mm&r=g\",\"contentUrl\":\"https:\\\/\\\/secure.gravatar.com\\\/avatar\\\/3190a6a6c5e1b0327500f7d6c56b6242472ee6cb974cf09b401ee6b3b0798f23?s=96&d=mm&r=g\",\"caption\":\"Raffy Ben\u00edtez\"},\"url\":\"https:\\\/\\\/conexion23.com\\\/?author=15\"}]}<\/script>\n<!-- \/ Yoast SEO plugin. -->","yoast_head_json":{"title":"Capturan en SPM, delincuente distribuidor de drogas conocido como \u201cEl Calvo\u201d o \u201cBarrab\u00e1s\u201d. - Conexi\u00f3n 23","robots":{"index":"index","follow":"follow","max-snippet":"max-snippet:-1","max-image-preview":"max-image-preview:large","max-video-preview":"max-video-preview:-1"},"canonical":"https:\/\/conexion23.com\/?p=42054","og_locale":"es_ES","og_type":"article","og_title":"Capturan en SPM, delincuente distribuidor de drogas conocido como \u201cEl Calvo\u201d o \u201cBarrab\u00e1s\u201d. - Conexi\u00f3n 23","og_description":"Agentes de la Polic\u00eda Nacional, adscritos a la Direcci\u00f3n Regional Sureste, en San Pedro de Macor\u00eds, en coordinaci\u00f3n con miembros de la Direcci\u00f3n Nacional de Control de Drogas (DNCD), capturaron en flagrante delito al reconocido antisocial Luis Alberto Rivera Quezada, alias \u201cEl Calvo\u201d, \u201cBarba\u201d y\/o \u201cBarrab\u00e1s\u201d, de 38 a\u00f1os, se\u00f1alado como presunto cabecilla de un [&hellip;]","og_url":"https:\/\/conexion23.com\/?p=42054","og_site_name":"Conexi\u00f3n 23","article_publisher":"https:\/\/www.facebook.com\/conexion23com","article_published_time":"2025-08-02T11:36:53+00:00","article_modified_time":"2025-08-02T11:37:25+00:00","og_image":[{"width":719,"height":795,"url":"https:\/\/conexion23.com\/wp-content\/uploads\/2025\/08\/d84f192a-907c-409c-9a98-2d0c17688f48.jpg","type":"image\/jpeg"}],"author":"Raffy Ben\u00edtez","twitter_card":"summary_large_image","twitter_misc":{"Escrito por":"Raffy Ben\u00edtez","Tiempo de lectura":"2 minutos"},"schema":{"@context":"https:\/\/schema.org","@graph":[{"@type":"Article","@id":"https:\/\/conexion23.com\/?p=42054#article","isPartOf":{"@id":"https:\/\/conexion23.com\/?p=42054"},"author":{"name":"Raffy Ben\u00edtez","@id":"http:\/\/conexion23.com\/#\/schema\/person\/03e36043331117e97a373299bbcd30a6"},"headline":"Capturan en SPM, delincuente distribuidor de drogas conocido como \u201cEl Calvo\u201d o \u201cBarrab\u00e1s\u201d.","datePublished":"2025-08-02T11:36:53+00:00","dateModified":"2025-08-02T11:37:25+00:00","mainEntityOfPage":{"@id":"https:\/\/conexion23.com\/?p=42054"},"wordCount":259,"commentCount":0,"publisher":{"@id":"http:\/\/conexion23.com\/#organization"},"image":{"@id":"https:\/\/conexion23.com\/?p=42054#primaryimage"},"thumbnailUrl":"https:\/\/conexion23.com\/wp-content\/uploads\/2025\/08\/d84f192a-907c-409c-9a98-2d0c17688f48.jpg","articleSection":["SPM"],"inLanguage":"es","potentialAction":[{"@type":"CommentAction","name":"Comment","target":["https:\/\/conexion23.com\/?p=42054#respond"]}]},{"@type":"WebPage","@id":"https:\/\/conexion23.com\/?p=42054","url":"https:\/\/conexion23.com\/?p=42054","name":"Capturan en SPM, delincuente distribuidor de drogas conocido como \u201cEl Calvo\u201d o \u201cBarrab\u00e1s\u201d. - Conexi\u00f3n 23","isPartOf":{"@id":"http:\/\/conexion23.com\/#website"},"primaryImageOfPage":{"@id":"https:\/\/conexion23.com\/?p=42054#primaryimage"},"image":{"@id":"https:\/\/conexion23.com\/?p=42054#primaryimage"},"thumbnailUrl":"https:\/\/conexion23.com\/wp-content\/uploads\/2025\/08\/d84f192a-907c-409c-9a98-2d0c17688f48.jpg","datePublished":"2025-08-02T11:36:53+00:00","dateModified":"2025-08-02T11:37:25+00:00","breadcrumb":{"@id":"https:\/\/conexion23.com\/?p=42054#breadcrumb"},"inLanguage":"es","potentialAction":[{"@type":"ReadAction","target":["https:\/\/conexion23.com\/?p=42054"]}]},{"@type":"ImageObject","inLanguage":"es","@id":"https:\/\/conexion23.com\/?p=42054#primaryimage","url":"https:\/\/conexion23.com\/wp-content\/uploads\/2025\/08\/d84f192a-907c-409c-9a98-2d0c17688f48.jpg","contentUrl":"https:\/\/conexion23.com\/wp-content\/uploads\/2025\/08\/d84f192a-907c-409c-9a98-2d0c17688f48.jpg","width":719,"height":795},{"@type":"BreadcrumbList","@id":"https:\/\/conexion23.com\/?p=42054#breadcrumb","itemListElement":[{"@type":"ListItem","position":1,"name":"Portada","item":"http:\/\/conexion23.com\/"},{"@type":"ListItem","position":2,"name":"Capturan en SPM, delincuente distribuidor de drogas conocido como \u201cEl Calvo\u201d o \u201cBarrab\u00e1s\u201d."}]},{"@type":"WebSite","@id":"http:\/\/conexion23.com\/#website","url":"http:\/\/conexion23.com\/","name":"Conexi\u00f3n 23","description":"Peri\u00f3dico 100% Petromacorisano","publisher":{"@id":"http:\/\/conexion23.com\/#organization"},"potentialAction":[{"@type":"SearchAction","target":{"@type":"EntryPoint","urlTemplate":"http:\/\/conexion23.com\/?s={search_term_string}"},"query-input":{"@type":"PropertyValueSpecification","valueRequired":true,"valueName":"search_term_string"}}],"inLanguage":"es"},{"@type":"Organization","@id":"http:\/\/conexion23.com\/#organization","name":"Conexion 23","url":"http:\/\/conexion23.com\/","logo":{"@type":"ImageObject","inLanguage":"es","@id":"http:\/\/conexion23.com\/#\/schema\/logo\/image\/","url":"https:\/\/conexion23.com\/wp-content\/uploads\/2021\/11\/Diseno-sin-titulo-2.png","contentUrl":"https:\/\/conexion23.com\/wp-content\/uploads\/2021\/11\/Diseno-sin-titulo-2.png","width":541,"height":90,"caption":"Conexion 23"},"image":{"@id":"http:\/\/conexion23.com\/#\/schema\/logo\/image\/"},"sameAs":["https:\/\/www.facebook.com\/conexion23com","https:\/\/www.instagram.com\/conexion23com\/","https:\/\/www.youtube.com\/channel\/UCYc7vxxFZMYLIHNsHHxPZ3Q"]},{"@type":"Person","@id":"http:\/\/conexion23.com\/#\/schema\/person\/03e36043331117e97a373299bbcd30a6","name":"Raffy Ben\u00edtez","image":{"@type":"ImageObject","inLanguage":"es","@id":"https:\/\/secure.gravatar.com\/avatar\/3190a6a6c5e1b0327500f7d6c56b6242472ee6cb974cf09b401ee6b3b0798f23?s=96&d=mm&r=g","url":"https:\/\/secure.gravatar.com\/avatar\/3190a6a6c5e1b0327500f7d6c56b6242472ee6cb974cf09b401ee6b3b0798f23?s=96&d=mm&r=g","contentUrl":"https:\/\/secure.gravatar.com\/avatar\/3190a6a6c5e1b0327500f7d6c56b6242472ee6cb974cf09b401ee6b3b0798f23?s=96&d=mm&r=g","caption":"Raffy Ben\u00edtez"},"url":"https:\/\/conexion23.com\/?author=15"}]}},"_links":{"self":[{"href":"https:\/\/conexion23.com\/index.php?rest_route=\/wp\/v2\/posts\/42054","targetHints":{"allow":["GET"]}}],"collection":[{"href":"https:\/\/conexion23.com\/index.php?rest_route=\/wp\/v2\/posts"}],"about":[{"href":"https:\/\/conexion23.com\/index.php?rest_route=\/wp\/v2\/types\/post"}],"author":[{"embeddable":true,"href":"https:\/\/conexion23.com\/index.php?rest_route=\/wp\/v2\/users\/15"}],"replies":[{"embeddable":true,"href":"https:\/\/conexion23.com\/index.php?rest_route=%2Fwp%2Fv2%2Fcomments&post=42054"}],"version-history":[{"count":1,"href":"https:\/\/conexion23.com\/index.php?rest_route=\/wp\/v2\/posts\/42054\/revisions"}],"predecessor-version":[{"id":42056,"href":"https:\/\/conexion23.com\/index.php?rest_route=\/wp\/v2\/posts\/42054\/revisions\/42056"}],"wp:featuredmedia":[{"embeddable":true,"href":"https:\/\/conexion23.com\/index.php?rest_route=\/wp\/v2\/media\/42055"}],"wp:attachment":[{"href":"https:\/\/conexion23.com\/index.php?rest_route=%2Fwp%2Fv2%2Fmedia&parent=42054"}],"wp:term":[{"taxonomy":"category","embeddable":true,"href":"https:\/\/conexion23.com\/index.php?rest_route=%2Fwp%2Fv2%2Fcategories&post=42054"},{"taxonomy":"post_tag","embeddable":true,"href":"https:\/\/conexion23.com\/index.php?rest_route=%2Fwp%2Fv2%2Ftags&post=42054"}],"curies":[{"name":"wp","href":"https:\/\/api.w.org\/{rel}","templated":true}]}}