{"id":4212,"date":"2022-03-10T11:44:37","date_gmt":"2022-03-10T15:44:37","guid":{"rendered":"https:\/\/conexion23.com\/?p=4212"},"modified":"2022-03-10T11:44:42","modified_gmt":"2022-03-10T15:44:42","slug":"presidente-abinader-trata-con-boric-sobre-el-fortalecimiento-de-las-relaciones-y-la-cooperacion-entre-la-republica-dominicana-y-chile","status":"publish","type":"post","link":"https:\/\/conexion23.com\/?p=4212","title":{"rendered":"Presidente Abinader \u00a0trata con \u00a0Boric sobre el fortalecimiento de las relaciones y la cooperaci\u00f3n entre la Rep\u00fablica Dominicana y Chile"},"content":{"rendered":"\n<p class=\"wp-block-paragraph\">El presidente Luis Abinader se reuni\u00f3 en la ma\u00f1ana de este jueves con el presidente electo de Chile, Gabriel Boric Font, con quien trat\u00f3 sobre la importancia del fortalecimiento de las relaciones entre ambas naciones.<\/p>\n\n\n\n<p class=\"wp-block-paragraph\">El mandatario dominicano expres\u00f3 a Boric Font los mejores deseos en la gesti\u00f3n que encabezar\u00e1, as\u00ed como la disposici\u00f3n &nbsp;de impulsar de manera conjunta el bienestar de los dos pa\u00edses, fortalecer las relaciones y la cooperaci\u00f3n.<\/p>\n\n\n\n<p class=\"wp-block-paragraph\">Durante el encuentro, de unos 25 minutos, en el Palacio Consistorial de Santiago de Chile, el \u00a0jefe de Estado dominicano invit\u00f3 a su par a visitar a la Rep\u00fablica Dominicana. Boric ya ha estado en Punta Cana de vacaciones con la familia.<\/p>\n\n\n\n<p class=\"wp-block-paragraph\">Acompa\u00f1aron al presidente Abinader&nbsp; el ministro de Relaciones Exteriores, Roberto \u00c1lvarez y&nbsp; el embajador de Rep\u00fablica Dominicana en Chile, Fausto Liz.<\/p>\n\n\n\n<p class=\"wp-block-paragraph\">Luego del encuentro con Boric, Abinader se reuni\u00f3 con empresarios chilenos interesados en invertir en la Rep\u00fablica Dominicana.<\/p>\n\n\n\n<p class=\"wp-block-paragraph\">Igualmente, sostuvo un encuentro con la direcci\u00f3n del Partido Revolucionario Moderno (PRM) en Chile.<\/p>\n\n\n\n<p class=\"wp-block-paragraph\">Toma de posesi\u00f3n<\/p>\n\n\n\n<p class=\"wp-block-paragraph\">El mandatario dominicano estar\u00e1 presente en el acto de toma de posesi\u00f3n de Boric en la sede del Congreso Nacional de Chile, en Valpara\u00edso, programado para iniciar a las 12 del mediod\u00eda, hora de Chile.<\/p>\n\n\n\n<p class=\"wp-block-paragraph\">Visita &nbsp;Pi\u00f1era<\/p>\n\n\n\n<p class=\"wp-block-paragraph\">El presidente Abinader realizar\u00e1 una visita protocolar a su hom\u00f3logo de Chile, Sebasti\u00e1n Pi\u00f1era Echenique en el Palacio de la Moneda.<\/p>\n\n\n\n<p class=\"wp-block-paragraph\">Luego del acto protocolar, tendr\u00e1 una cena con el presidente Pi\u00f1era Echenique y la primera dama Cecilia Morel en honor a los jefes de Estados, donde Abinader estar\u00e1 acompa\u00f1ado de su esposa, la primera dama Raquel Arbaje.<\/p>\n","protected":false},"excerpt":{"rendered":"<p>El presidente Luis Abinader se reuni\u00f3 en la ma\u00f1ana de este jueves con el presidente electo de Chile, Gabriel Boric Font, con quien trat\u00f3 sobre la importancia del fortalecimiento de las relaciones entre ambas naciones. El mandatario dominicano expres\u00f3 a Boric Font los mejores deseos en la gesti\u00f3n que encabezar\u00e1, as\u00ed como la disposici\u00f3n &nbsp;de [&hellip;]<\/p>\n","protected":false},"author":7,"featured_media":0,"comment_status":"open","ping_status":"open","sticky":false,"template":"","format":"standard","meta":{"footnotes":""},"categories":[1],"tags":[],"class_list":["post-4212","post","type-post","status-publish","format-standard","category-uncategorized"],"yoast_head":"<!-- This site is optimized with the Yoast SEO plugin v27.6 - https:\/\/yoast.com\/product\/yoast-seo-wordpress\/ -->\n<title>Presidente Abinader \u00a0trata con \u00a0Boric sobre el fortalecimiento de las relaciones y la cooperaci\u00f3n entre la Rep\u00fablica Dominicana y Chile - Conexi\u00f3n 23<\/title>\n<meta name=\"description\" content=\"Abinader trata con Boric sobre el fortalecimiento de las relaciones y la cooperaci\u00f3n entre la Rep\u00fablica Dominicana y Chile\" \/>\n<meta name=\"robots\" content=\"index, follow, max-snippet:-1, max-image-preview:large, max-video-preview:-1\" \/>\n<link rel=\"canonical\" href=\"https:\/\/conexion23.com\/?p=4212\" \/>\n<meta property=\"og:locale\" content=\"es_ES\" \/>\n<meta property=\"og:type\" content=\"article\" \/>\n<meta property=\"og:title\" content=\"Presidente Abinader \u00a0trata con \u00a0Boric sobre el fortalecimiento de las relaciones y la cooperaci\u00f3n entre la Rep\u00fablica Dominicana y Chile - Conexi\u00f3n 23\" \/>\n<meta property=\"og:description\" content=\"Abinader trata con Boric sobre el fortalecimiento de las relaciones y la cooperaci\u00f3n entre la Rep\u00fablica Dominicana y Chile\" \/>\n<meta property=\"og:url\" content=\"https:\/\/conexion23.com\/?p=4212\" \/>\n<meta property=\"og:site_name\" content=\"Conexi\u00f3n 23\" \/>\n<meta property=\"article:publisher\" content=\"https:\/\/www.facebook.com\/conexion23com\" \/>\n<meta property=\"article:published_time\" content=\"2022-03-10T15:44:37+00:00\" \/>\n<meta property=\"article:modified_time\" content=\"2022-03-10T15:44:42+00:00\" \/>\n<meta name=\"author\" content=\"Benjam\u00edn Rosario\" \/>\n<meta name=\"twitter:card\" content=\"summary_large_image\" \/>\n<meta name=\"twitter:label1\" content=\"Escrito por\" \/>\n\t<meta name=\"twitter:data1\" content=\"Benjam\u00edn Rosario\" \/>\n\t<meta name=\"twitter:label2\" content=\"Tiempo de lectura\" \/>\n\t<meta name=\"twitter:data2\" content=\"2 minutos\" \/>\n<script type=\"application\/ld+json\" class=\"yoast-schema-graph\">{\"@context\":\"https:\\\/\\\/schema.org\",\"@graph\":[{\"@type\":\"Article\",\"@id\":\"https:\\\/\\\/conexion23.com\\\/?p=4212#article\",\"isPartOf\":{\"@id\":\"https:\\\/\\\/conexion23.com\\\/?p=4212\"},\"author\":{\"name\":\"Benjam\u00edn Rosario\",\"@id\":\"https:\\\/\\\/conexion23.com\\\/#\\\/schema\\\/person\\\/c0b7ce1f0e7a915d08fa289072b8353a\"},\"headline\":\"Presidente Abinader \u00a0trata con \u00a0Boric sobre el fortalecimiento de las relaciones y la cooperaci\u00f3n entre la Rep\u00fablica Dominicana y Chile\",\"datePublished\":\"2022-03-10T15:44:37+00:00\",\"dateModified\":\"2022-03-10T15:44:42+00:00\",\"mainEntityOfPage\":{\"@id\":\"https:\\\/\\\/conexion23.com\\\/?p=4212\"},\"wordCount\":308,\"commentCount\":0,\"publisher\":{\"@id\":\"https:\\\/\\\/conexion23.com\\\/#organization\"},\"articleSection\":[\"Uncategorized\"],\"inLanguage\":\"es\",\"potentialAction\":[{\"@type\":\"CommentAction\",\"name\":\"Comment\",\"target\":[\"https:\\\/\\\/conexion23.com\\\/?p=4212#respond\"]}]},{\"@type\":\"WebPage\",\"@id\":\"https:\\\/\\\/conexion23.com\\\/?p=4212\",\"url\":\"https:\\\/\\\/conexion23.com\\\/?p=4212\",\"name\":\"Presidente Abinader \u00a0trata con \u00a0Boric sobre el fortalecimiento de las relaciones y la cooperaci\u00f3n entre la Rep\u00fablica Dominicana y Chile - Conexi\u00f3n 23\",\"isPartOf\":{\"@id\":\"https:\\\/\\\/conexion23.com\\\/#website\"},\"datePublished\":\"2022-03-10T15:44:37+00:00\",\"dateModified\":\"2022-03-10T15:44:42+00:00\",\"description\":\"Abinader trata con Boric sobre el fortalecimiento de las relaciones y la cooperaci\u00f3n entre la Rep\u00fablica Dominicana y Chile\",\"breadcrumb\":{\"@id\":\"https:\\\/\\\/conexion23.com\\\/?p=4212#breadcrumb\"},\"inLanguage\":\"es\",\"potentialAction\":[{\"@type\":\"ReadAction\",\"target\":[\"https:\\\/\\\/conexion23.com\\\/?p=4212\"]}]},{\"@type\":\"BreadcrumbList\",\"@id\":\"https:\\\/\\\/conexion23.com\\\/?p=4212#breadcrumb\",\"itemListElement\":[{\"@type\":\"ListItem\",\"position\":1,\"name\":\"Portada\",\"item\":\"https:\\\/\\\/conexion23.com\\\/\"},{\"@type\":\"ListItem\",\"position\":2,\"name\":\"Presidente Abinader \u00a0trata con \u00a0Boric sobre el fortalecimiento de las relaciones y la cooperaci\u00f3n entre la Rep\u00fablica Dominicana y Chile\"}]},{\"@type\":\"WebSite\",\"@id\":\"https:\\\/\\\/conexion23.com\\\/#website\",\"url\":\"https:\\\/\\\/conexion23.com\\\/\",\"name\":\"Conexi\u00f3n 23\",\"description\":\"Peri\u00f3dico 100% Petromacorisano\",\"publisher\":{\"@id\":\"https:\\\/\\\/conexion23.com\\\/#organization\"},\"potentialAction\":[{\"@type\":\"SearchAction\",\"target\":{\"@type\":\"EntryPoint\",\"urlTemplate\":\"https:\\\/\\\/conexion23.com\\\/?s={search_term_string}\"},\"query-input\":{\"@type\":\"PropertyValueSpecification\",\"valueRequired\":true,\"valueName\":\"search_term_string\"}}],\"inLanguage\":\"es\"},{\"@type\":\"Organization\",\"@id\":\"https:\\\/\\\/conexion23.com\\\/#organization\",\"name\":\"Conexion 23\",\"url\":\"https:\\\/\\\/conexion23.com\\\/\",\"logo\":{\"@type\":\"ImageObject\",\"inLanguage\":\"es\",\"@id\":\"https:\\\/\\\/conexion23.com\\\/#\\\/schema\\\/logo\\\/image\\\/\",\"url\":\"https:\\\/\\\/conexion23.com\\\/wp-content\\\/uploads\\\/2021\\\/11\\\/Diseno-sin-titulo-2.png\",\"contentUrl\":\"https:\\\/\\\/conexion23.com\\\/wp-content\\\/uploads\\\/2021\\\/11\\\/Diseno-sin-titulo-2.png\",\"width\":541,\"height\":90,\"caption\":\"Conexion 23\"},\"image\":{\"@id\":\"https:\\\/\\\/conexion23.com\\\/#\\\/schema\\\/logo\\\/image\\\/\"},\"sameAs\":[\"https:\\\/\\\/www.facebook.com\\\/conexion23com\",\"https:\\\/\\\/www.instagram.com\\\/conexion23com\\\/\",\"https:\\\/\\\/www.youtube.com\\\/channel\\\/UCYc7vxxFZMYLIHNsHHxPZ3Q\"]},{\"@type\":\"Person\",\"@id\":\"https:\\\/\\\/conexion23.com\\\/#\\\/schema\\\/person\\\/c0b7ce1f0e7a915d08fa289072b8353a\",\"name\":\"Benjam\u00edn Rosario\",\"image\":{\"@type\":\"ImageObject\",\"inLanguage\":\"es\",\"@id\":\"https:\\\/\\\/secure.gravatar.com\\\/avatar\\\/62e1b2539b49cdeb50ee302e2a5f2bd31dc7fdba412bbac67e2a2a6e0c89bb2a?s=96&d=mm&r=g\",\"url\":\"https:\\\/\\\/secure.gravatar.com\\\/avatar\\\/62e1b2539b49cdeb50ee302e2a5f2bd31dc7fdba412bbac67e2a2a6e0c89bb2a?s=96&d=mm&r=g\",\"contentUrl\":\"https:\\\/\\\/secure.gravatar.com\\\/avatar\\\/62e1b2539b49cdeb50ee302e2a5f2bd31dc7fdba412bbac67e2a2a6e0c89bb2a?s=96&d=mm&r=g\",\"caption\":\"Benjam\u00edn Rosario\"},\"url\":\"https:\\\/\\\/conexion23.com\\\/?author=7\"}]}<\/script>\n<!-- \/ Yoast SEO plugin. -->","yoast_head_json":{"title":"Presidente Abinader \u00a0trata con \u00a0Boric sobre el fortalecimiento de las relaciones y la cooperaci\u00f3n entre la Rep\u00fablica Dominicana y Chile - Conexi\u00f3n 23","description":"Abinader trata con Boric sobre el fortalecimiento de las relaciones y la cooperaci\u00f3n entre la Rep\u00fablica Dominicana y Chile","robots":{"index":"index","follow":"follow","max-snippet":"max-snippet:-1","max-image-preview":"max-image-preview:large","max-video-preview":"max-video-preview:-1"},"canonical":"https:\/\/conexion23.com\/?p=4212","og_locale":"es_ES","og_type":"article","og_title":"Presidente Abinader \u00a0trata con \u00a0Boric sobre el fortalecimiento de las relaciones y la cooperaci\u00f3n entre la Rep\u00fablica Dominicana y Chile - Conexi\u00f3n 23","og_description":"Abinader trata con Boric sobre el fortalecimiento de las relaciones y la cooperaci\u00f3n entre la Rep\u00fablica Dominicana y Chile","og_url":"https:\/\/conexion23.com\/?p=4212","og_site_name":"Conexi\u00f3n 23","article_publisher":"https:\/\/www.facebook.com\/conexion23com","article_published_time":"2022-03-10T15:44:37+00:00","article_modified_time":"2022-03-10T15:44:42+00:00","author":"Benjam\u00edn Rosario","twitter_card":"summary_large_image","twitter_misc":{"Escrito por":"Benjam\u00edn Rosario","Tiempo de lectura":"2 minutos"},"schema":{"@context":"https:\/\/schema.org","@graph":[{"@type":"Article","@id":"https:\/\/conexion23.com\/?p=4212#article","isPartOf":{"@id":"https:\/\/conexion23.com\/?p=4212"},"author":{"name":"Benjam\u00edn Rosario","@id":"https:\/\/conexion23.com\/#\/schema\/person\/c0b7ce1f0e7a915d08fa289072b8353a"},"headline":"Presidente Abinader \u00a0trata con \u00a0Boric sobre el fortalecimiento de las relaciones y la cooperaci\u00f3n entre la Rep\u00fablica Dominicana y Chile","datePublished":"2022-03-10T15:44:37+00:00","dateModified":"2022-03-10T15:44:42+00:00","mainEntityOfPage":{"@id":"https:\/\/conexion23.com\/?p=4212"},"wordCount":308,"commentCount":0,"publisher":{"@id":"https:\/\/conexion23.com\/#organization"},"articleSection":["Uncategorized"],"inLanguage":"es","potentialAction":[{"@type":"CommentAction","name":"Comment","target":["https:\/\/conexion23.com\/?p=4212#respond"]}]},{"@type":"WebPage","@id":"https:\/\/conexion23.com\/?p=4212","url":"https:\/\/conexion23.com\/?p=4212","name":"Presidente Abinader \u00a0trata con \u00a0Boric sobre el fortalecimiento de las relaciones y la cooperaci\u00f3n entre la Rep\u00fablica Dominicana y Chile - Conexi\u00f3n 23","isPartOf":{"@id":"https:\/\/conexion23.com\/#website"},"datePublished":"2022-03-10T15:44:37+00:00","dateModified":"2022-03-10T15:44:42+00:00","description":"Abinader trata con Boric sobre el fortalecimiento de las relaciones y la cooperaci\u00f3n entre la Rep\u00fablica Dominicana y Chile","breadcrumb":{"@id":"https:\/\/conexion23.com\/?p=4212#breadcrumb"},"inLanguage":"es","potentialAction":[{"@type":"ReadAction","target":["https:\/\/conexion23.com\/?p=4212"]}]},{"@type":"BreadcrumbList","@id":"https:\/\/conexion23.com\/?p=4212#breadcrumb","itemListElement":[{"@type":"ListItem","position":1,"name":"Portada","item":"https:\/\/conexion23.com\/"},{"@type":"ListItem","position":2,"name":"Presidente Abinader \u00a0trata con \u00a0Boric sobre el fortalecimiento de las relaciones y la cooperaci\u00f3n entre la Rep\u00fablica Dominicana y Chile"}]},{"@type":"WebSite","@id":"https:\/\/conexion23.com\/#website","url":"https:\/\/conexion23.com\/","name":"Conexi\u00f3n 23","description":"Peri\u00f3dico 100% Petromacorisano","publisher":{"@id":"https:\/\/conexion23.com\/#organization"},"potentialAction":[{"@type":"SearchAction","target":{"@type":"EntryPoint","urlTemplate":"https:\/\/conexion23.com\/?s={search_term_string}"},"query-input":{"@type":"PropertyValueSpecification","valueRequired":true,"valueName":"search_term_string"}}],"inLanguage":"es"},{"@type":"Organization","@id":"https:\/\/conexion23.com\/#organization","name":"Conexion 23","url":"https:\/\/conexion23.com\/","logo":{"@type":"ImageObject","inLanguage":"es","@id":"https:\/\/conexion23.com\/#\/schema\/logo\/image\/","url":"https:\/\/conexion23.com\/wp-content\/uploads\/2021\/11\/Diseno-sin-titulo-2.png","contentUrl":"https:\/\/conexion23.com\/wp-content\/uploads\/2021\/11\/Diseno-sin-titulo-2.png","width":541,"height":90,"caption":"Conexion 23"},"image":{"@id":"https:\/\/conexion23.com\/#\/schema\/logo\/image\/"},"sameAs":["https:\/\/www.facebook.com\/conexion23com","https:\/\/www.instagram.com\/conexion23com\/","https:\/\/www.youtube.com\/channel\/UCYc7vxxFZMYLIHNsHHxPZ3Q"]},{"@type":"Person","@id":"https:\/\/conexion23.com\/#\/schema\/person\/c0b7ce1f0e7a915d08fa289072b8353a","name":"Benjam\u00edn Rosario","image":{"@type":"ImageObject","inLanguage":"es","@id":"https:\/\/secure.gravatar.com\/avatar\/62e1b2539b49cdeb50ee302e2a5f2bd31dc7fdba412bbac67e2a2a6e0c89bb2a?s=96&d=mm&r=g","url":"https:\/\/secure.gravatar.com\/avatar\/62e1b2539b49cdeb50ee302e2a5f2bd31dc7fdba412bbac67e2a2a6e0c89bb2a?s=96&d=mm&r=g","contentUrl":"https:\/\/secure.gravatar.com\/avatar\/62e1b2539b49cdeb50ee302e2a5f2bd31dc7fdba412bbac67e2a2a6e0c89bb2a?s=96&d=mm&r=g","caption":"Benjam\u00edn Rosario"},"url":"https:\/\/conexion23.com\/?author=7"}]}},"_links":{"self":[{"href":"https:\/\/conexion23.com\/index.php?rest_route=\/wp\/v2\/posts\/4212","targetHints":{"allow":["GET"]}}],"collection":[{"href":"https:\/\/conexion23.com\/index.php?rest_route=\/wp\/v2\/posts"}],"about":[{"href":"https:\/\/conexion23.com\/index.php?rest_route=\/wp\/v2\/types\/post"}],"author":[{"embeddable":true,"href":"https:\/\/conexion23.com\/index.php?rest_route=\/wp\/v2\/users\/7"}],"replies":[{"embeddable":true,"href":"https:\/\/conexion23.com\/index.php?rest_route=%2Fwp%2Fv2%2Fcomments&post=4212"}],"version-history":[{"count":1,"href":"https:\/\/conexion23.com\/index.php?rest_route=\/wp\/v2\/posts\/4212\/revisions"}],"predecessor-version":[{"id":4215,"href":"https:\/\/conexion23.com\/index.php?rest_route=\/wp\/v2\/posts\/4212\/revisions\/4215"}],"wp:attachment":[{"href":"https:\/\/conexion23.com\/index.php?rest_route=%2Fwp%2Fv2%2Fmedia&parent=4212"}],"wp:term":[{"taxonomy":"category","embeddable":true,"href":"https:\/\/conexion23.com\/index.php?rest_route=%2Fwp%2Fv2%2Fcategories&post=4212"},{"taxonomy":"post_tag","embeddable":true,"href":"https:\/\/conexion23.com\/index.php?rest_route=%2Fwp%2Fv2%2Ftags&post=4212"}],"curies":[{"name":"wp","href":"https:\/\/api.w.org\/{rel}","templated":true}]}}