{"id":42278,"date":"2025-08-07T07:42:42","date_gmt":"2025-08-07T11:42:42","guid":{"rendered":"https:\/\/conexion23.com\/?p=42278"},"modified":"2025-08-07T07:42:49","modified_gmt":"2025-08-07T11:42:49","slug":"las-reinas-del-caribe-derrotan-a-colombia-y-conservan-su-invicto-en-la-copa-panamericana","status":"publish","type":"post","link":"https:\/\/conexion23.com\/?p=42278","title":{"rendered":"Las Reinas del Caribe derrotan a Colombia y conservan su invicto en la Copa Panamericana."},"content":{"rendered":"\n<p>Las\u00a0<strong>Reinas del Caribe<\/strong>\u00a0lograron su\u00a0<strong>tercera victoria consecutiva<\/strong>, impulsadas por una destacada actuaci\u00f3n de su capitana\u00a0<strong>Brayelin Mart\u00ednez<\/strong>, quien anot\u00f3\u00a0<strong>26 puntos<\/strong>, en un partido disputado la madrugada de este martes, en el que vencieron a\u00a0<strong>Colombia<\/strong>\u00a03-1 (23-25, 25-20, 25-23, 25-16), como parte del\u00a0<strong>Grupo B<\/strong>\u00a0en la\u00a0<strong>XXII edici\u00f3n de la Copa Panamericana de Voleibol Femenino<\/strong>, celebrada en\u00a0<strong>Colima, M\u00e9xico<\/strong><\/p>\n\n\n\n<p>Este\u00a0<strong>mi\u00e9rcoles<\/strong>, las Reinas tendr\u00e1n\u00a0<strong>descanso<\/strong>, y regresar\u00e1n a la competencia el\u00a0<strong>jueves 7 de agosto<\/strong>, cuando se enfrenten al equipo de\u00a0<strong>Canad\u00e1<\/strong>, a las\u00a0<strong>8:00 p.m.<\/strong>\u00a0hora de la Rep\u00fablica Dominicana.<\/p>\n\n\n\n<p>.Adem\u00e1s de Brayelin, su hermana&nbsp;<strong>Jineiry Mart\u00ednez<\/strong>&nbsp;agreg\u00f3&nbsp;<strong>16 puntos<\/strong>, mientras que&nbsp;<strong>Yonkaira Pe\u00f1a<\/strong>&nbsp;y&nbsp;<strong>Geraldine Gonz\u00e1lez<\/strong>&nbsp;anotaron&nbsp;<strong>12 cada una<\/strong>, y&nbsp;<strong>Gaila Gonz\u00e1lez<\/strong>&nbsp;sum\u00f3&nbsp;<strong>10 unidades<\/strong>.<\/p>\n\n\n\n<p>Por el lado colombiano, la m\u00e1s destacada fue\u00a0<strong>Ana Karina Olaya<\/strong>\u00a0con\u00a0<strong>16 puntos<\/strong>, seguida por\u00a0<strong>Valerin Carabal\u00ed<\/strong>\u00a0con\u00a0<strong>13<\/strong>, y tanto\u00a0<strong>Dayana Segovia<\/strong>\u00a0como\u00a0<strong>Laura Grajales<\/strong>\u00a0aportaron\u00a0<strong>12 y 10 puntos<\/strong>, respectivamente.<\/p>\n\n\n\n<p><em>\u00abFue un partido de calidad. Colombia jug\u00f3 bien y nos exigi\u00f3 en varios tramos del juego, lo cual es positivo para evaluar nuestras \u00e1reas de mejora y seguir prepar\u00e1ndonos, ya que enfrentaremos rivales de alto nivel.\u00bb<\/em><\/p>\n\n\n\n<p><em>\u00abAmbos equipos tuvieron un buen desempe\u00f1o, pero dejamos pasar algunas oportunidades que, ante un equipo como Dominicana, no se pueden desaprovechar. Ellas supieron fortalecerse mentalmente a partir del segundo set, lo que les dio ventaja para quedarse con el triunfo.\u00bb<\/em><\/p>\n\n\n\n<p><\/p>\n","protected":false},"excerpt":{"rendered":"<p>Las\u00a0Reinas del Caribe\u00a0lograron su\u00a0tercera victoria consecutiva, impulsadas por una destacada actuaci\u00f3n de su capitana\u00a0Brayelin Mart\u00ednez, quien anot\u00f3\u00a026 puntos, en un partido disputado la madrugada de este martes, en el que vencieron a\u00a0Colombia\u00a03-1 (23-25, 25-20, 25-23, 25-16), como parte del\u00a0Grupo B\u00a0en la\u00a0XXII edici\u00f3n de la Copa Panamericana de Voleibol Femenino, celebrada en\u00a0Colima, M\u00e9xico Este\u00a0mi\u00e9rcoles, las Reinas [&hellip;]<\/p>\n","protected":false},"author":15,"featured_media":42279,"comment_status":"open","ping_status":"open","sticky":false,"template":"","format":"standard","meta":{"footnotes":""},"categories":[6],"tags":[],"class_list":{"0":"post-42278","1":"post","2":"type-post","3":"status-publish","4":"format-standard","5":"has-post-thumbnail","7":"category-deportes"},"yoast_head":"<!-- This site is optimized with the Yoast SEO plugin v27.1.1 - https:\/\/yoast.com\/product\/yoast-seo-wordpress\/ -->\n<title>Las Reinas del Caribe derrotan a Colombia y conservan su invicto en la Copa Panamericana. - Conexi\u00f3n 23<\/title>\n<meta name=\"robots\" content=\"index, follow, max-snippet:-1, max-image-preview:large, max-video-preview:-1\" \/>\n<link rel=\"canonical\" href=\"https:\/\/conexion23.com\/?p=42278\" \/>\n<meta property=\"og:locale\" content=\"es_ES\" \/>\n<meta property=\"og:type\" content=\"article\" \/>\n<meta property=\"og:title\" content=\"Las Reinas del Caribe derrotan a Colombia y conservan su invicto en la Copa Panamericana. - Conexi\u00f3n 23\" \/>\n<meta property=\"og:description\" content=\"Las\u00a0Reinas del Caribe\u00a0lograron su\u00a0tercera victoria consecutiva, impulsadas por una destacada actuaci\u00f3n de su capitana\u00a0Brayelin Mart\u00ednez, quien anot\u00f3\u00a026 puntos, en un partido disputado la madrugada de este martes, en el que vencieron a\u00a0Colombia\u00a03-1 (23-25, 25-20, 25-23, 25-16), como parte del\u00a0Grupo B\u00a0en la\u00a0XXII edici\u00f3n de la Copa Panamericana de Voleibol Femenino, celebrada en\u00a0Colima, M\u00e9xico Este\u00a0mi\u00e9rcoles, las Reinas [&hellip;]\" \/>\n<meta property=\"og:url\" content=\"https:\/\/conexion23.com\/?p=42278\" \/>\n<meta property=\"og:site_name\" content=\"Conexi\u00f3n 23\" \/>\n<meta property=\"article:publisher\" content=\"https:\/\/www.facebook.com\/conexion23com\" \/>\n<meta property=\"article:published_time\" content=\"2025-08-07T11:42:42+00:00\" \/>\n<meta property=\"article:modified_time\" content=\"2025-08-07T11:42:49+00:00\" \/>\n<meta property=\"og:image\" content=\"https:\/\/conexion23.com\/wp-content\/uploads\/2025\/08\/Reinas-del-Caribe-Foto-Prensa-Reinas-del-Caribe-750x375-1.jpeg\" \/>\n\t<meta property=\"og:image:width\" content=\"750\" \/>\n\t<meta property=\"og:image:height\" content=\"375\" \/>\n\t<meta property=\"og:image:type\" content=\"image\/jpeg\" \/>\n<meta name=\"author\" content=\"Raffy Ben\u00edtez\" \/>\n<meta name=\"twitter:card\" content=\"summary_large_image\" \/>\n<meta name=\"twitter:label1\" content=\"Escrito por\" \/>\n\t<meta name=\"twitter:data1\" content=\"Raffy Ben\u00edtez\" \/>\n\t<meta name=\"twitter:label2\" content=\"Tiempo de lectura\" \/>\n\t<meta name=\"twitter:data2\" content=\"2 minutos\" \/>\n<script type=\"application\/ld+json\" class=\"yoast-schema-graph\">{\"@context\":\"https:\/\/schema.org\",\"@graph\":[{\"@type\":\"Article\",\"@id\":\"https:\/\/conexion23.com\/?p=42278#article\",\"isPartOf\":{\"@id\":\"https:\/\/conexion23.com\/?p=42278\"},\"author\":{\"name\":\"Raffy Ben\u00edtez\",\"@id\":\"https:\/\/conexion23.com\/#\/schema\/person\/03e36043331117e97a373299bbcd30a6\"},\"headline\":\"Las Reinas del Caribe derrotan a Colombia y conservan su invicto en la Copa Panamericana.\",\"datePublished\":\"2025-08-07T11:42:42+00:00\",\"dateModified\":\"2025-08-07T11:42:49+00:00\",\"mainEntityOfPage\":{\"@id\":\"https:\/\/conexion23.com\/?p=42278\"},\"wordCount\":264,\"commentCount\":0,\"publisher\":{\"@id\":\"https:\/\/conexion23.com\/#organization\"},\"image\":{\"@id\":\"https:\/\/conexion23.com\/?p=42278#primaryimage\"},\"thumbnailUrl\":\"https:\/\/conexion23.com\/wp-content\/uploads\/2025\/08\/Reinas-del-Caribe-Foto-Prensa-Reinas-del-Caribe-750x375-1.jpeg\",\"articleSection\":[\"Deportes\"],\"inLanguage\":\"es\",\"potentialAction\":[{\"@type\":\"CommentAction\",\"name\":\"Comment\",\"target\":[\"https:\/\/conexion23.com\/?p=42278#respond\"]}]},{\"@type\":\"WebPage\",\"@id\":\"https:\/\/conexion23.com\/?p=42278\",\"url\":\"https:\/\/conexion23.com\/?p=42278\",\"name\":\"Las Reinas del Caribe derrotan a Colombia y conservan su invicto en la Copa Panamericana. - Conexi\u00f3n 23\",\"isPartOf\":{\"@id\":\"https:\/\/conexion23.com\/#website\"},\"primaryImageOfPage\":{\"@id\":\"https:\/\/conexion23.com\/?p=42278#primaryimage\"},\"image\":{\"@id\":\"https:\/\/conexion23.com\/?p=42278#primaryimage\"},\"thumbnailUrl\":\"https:\/\/conexion23.com\/wp-content\/uploads\/2025\/08\/Reinas-del-Caribe-Foto-Prensa-Reinas-del-Caribe-750x375-1.jpeg\",\"datePublished\":\"2025-08-07T11:42:42+00:00\",\"dateModified\":\"2025-08-07T11:42:49+00:00\",\"breadcrumb\":{\"@id\":\"https:\/\/conexion23.com\/?p=42278#breadcrumb\"},\"inLanguage\":\"es\",\"potentialAction\":[{\"@type\":\"ReadAction\",\"target\":[\"https:\/\/conexion23.com\/?p=42278\"]}]},{\"@type\":\"ImageObject\",\"inLanguage\":\"es\",\"@id\":\"https:\/\/conexion23.com\/?p=42278#primaryimage\",\"url\":\"https:\/\/conexion23.com\/wp-content\/uploads\/2025\/08\/Reinas-del-Caribe-Foto-Prensa-Reinas-del-Caribe-750x375-1.jpeg\",\"contentUrl\":\"https:\/\/conexion23.com\/wp-content\/uploads\/2025\/08\/Reinas-del-Caribe-Foto-Prensa-Reinas-del-Caribe-750x375-1.jpeg\",\"width\":750,\"height\":375},{\"@type\":\"BreadcrumbList\",\"@id\":\"https:\/\/conexion23.com\/?p=42278#breadcrumb\",\"itemListElement\":[{\"@type\":\"ListItem\",\"position\":1,\"name\":\"Portada\",\"item\":\"https:\/\/conexion23.com\/\"},{\"@type\":\"ListItem\",\"position\":2,\"name\":\"Las Reinas del Caribe derrotan a Colombia y conservan su invicto en la Copa Panamericana.\"}]},{\"@type\":\"WebSite\",\"@id\":\"https:\/\/conexion23.com\/#website\",\"url\":\"https:\/\/conexion23.com\/\",\"name\":\"Conexi\u00f3n 23\",\"description\":\"Peri\u00f3dico 100% Petromacorisano\",\"publisher\":{\"@id\":\"https:\/\/conexion23.com\/#organization\"},\"potentialAction\":[{\"@type\":\"SearchAction\",\"target\":{\"@type\":\"EntryPoint\",\"urlTemplate\":\"https:\/\/conexion23.com\/?s={search_term_string}\"},\"query-input\":{\"@type\":\"PropertyValueSpecification\",\"valueRequired\":true,\"valueName\":\"search_term_string\"}}],\"inLanguage\":\"es\"},{\"@type\":\"Organization\",\"@id\":\"https:\/\/conexion23.com\/#organization\",\"name\":\"Conexion 23\",\"url\":\"https:\/\/conexion23.com\/\",\"logo\":{\"@type\":\"ImageObject\",\"inLanguage\":\"es\",\"@id\":\"https:\/\/conexion23.com\/#\/schema\/logo\/image\/\",\"url\":\"https:\/\/conexion23.com\/wp-content\/uploads\/2021\/11\/Diseno-sin-titulo-2.png\",\"contentUrl\":\"https:\/\/conexion23.com\/wp-content\/uploads\/2021\/11\/Diseno-sin-titulo-2.png\",\"width\":541,\"height\":90,\"caption\":\"Conexion 23\"},\"image\":{\"@id\":\"https:\/\/conexion23.com\/#\/schema\/logo\/image\/\"},\"sameAs\":[\"https:\/\/www.facebook.com\/conexion23com\",\"https:\/\/www.instagram.com\/conexion23com\/\",\"https:\/\/www.youtube.com\/channel\/UCYc7vxxFZMYLIHNsHHxPZ3Q\"]},{\"@type\":\"Person\",\"@id\":\"https:\/\/conexion23.com\/#\/schema\/person\/03e36043331117e97a373299bbcd30a6\",\"name\":\"Raffy Ben\u00edtez\",\"image\":{\"@type\":\"ImageObject\",\"inLanguage\":\"es\",\"@id\":\"https:\/\/conexion23.com\/#\/schema\/person\/image\/\",\"url\":\"https:\/\/secure.gravatar.com\/avatar\/3190a6a6c5e1b0327500f7d6c56b6242472ee6cb974cf09b401ee6b3b0798f23?s=96&d=mm&r=g\",\"contentUrl\":\"https:\/\/secure.gravatar.com\/avatar\/3190a6a6c5e1b0327500f7d6c56b6242472ee6cb974cf09b401ee6b3b0798f23?s=96&d=mm&r=g\",\"caption\":\"Raffy Ben\u00edtez\"},\"url\":\"https:\/\/conexion23.com\/?author=15\"}]}<\/script>\n<!-- \/ Yoast SEO plugin. -->","yoast_head_json":{"title":"Las Reinas del Caribe derrotan a Colombia y conservan su invicto en la Copa Panamericana. - Conexi\u00f3n 23","robots":{"index":"index","follow":"follow","max-snippet":"max-snippet:-1","max-image-preview":"max-image-preview:large","max-video-preview":"max-video-preview:-1"},"canonical":"https:\/\/conexion23.com\/?p=42278","og_locale":"es_ES","og_type":"article","og_title":"Las Reinas del Caribe derrotan a Colombia y conservan su invicto en la Copa Panamericana. - Conexi\u00f3n 23","og_description":"Las\u00a0Reinas del Caribe\u00a0lograron su\u00a0tercera victoria consecutiva, impulsadas por una destacada actuaci\u00f3n de su capitana\u00a0Brayelin Mart\u00ednez, quien anot\u00f3\u00a026 puntos, en un partido disputado la madrugada de este martes, en el que vencieron a\u00a0Colombia\u00a03-1 (23-25, 25-20, 25-23, 25-16), como parte del\u00a0Grupo B\u00a0en la\u00a0XXII edici\u00f3n de la Copa Panamericana de Voleibol Femenino, celebrada en\u00a0Colima, M\u00e9xico Este\u00a0mi\u00e9rcoles, las Reinas [&hellip;]","og_url":"https:\/\/conexion23.com\/?p=42278","og_site_name":"Conexi\u00f3n 23","article_publisher":"https:\/\/www.facebook.com\/conexion23com","article_published_time":"2025-08-07T11:42:42+00:00","article_modified_time":"2025-08-07T11:42:49+00:00","og_image":[{"width":750,"height":375,"url":"https:\/\/conexion23.com\/wp-content\/uploads\/2025\/08\/Reinas-del-Caribe-Foto-Prensa-Reinas-del-Caribe-750x375-1.jpeg","type":"image\/jpeg"}],"author":"Raffy Ben\u00edtez","twitter_card":"summary_large_image","twitter_misc":{"Escrito por":"Raffy Ben\u00edtez","Tiempo de lectura":"2 minutos"},"schema":{"@context":"https:\/\/schema.org","@graph":[{"@type":"Article","@id":"https:\/\/conexion23.com\/?p=42278#article","isPartOf":{"@id":"https:\/\/conexion23.com\/?p=42278"},"author":{"name":"Raffy Ben\u00edtez","@id":"https:\/\/conexion23.com\/#\/schema\/person\/03e36043331117e97a373299bbcd30a6"},"headline":"Las Reinas del Caribe derrotan a Colombia y conservan su invicto en la Copa Panamericana.","datePublished":"2025-08-07T11:42:42+00:00","dateModified":"2025-08-07T11:42:49+00:00","mainEntityOfPage":{"@id":"https:\/\/conexion23.com\/?p=42278"},"wordCount":264,"commentCount":0,"publisher":{"@id":"https:\/\/conexion23.com\/#organization"},"image":{"@id":"https:\/\/conexion23.com\/?p=42278#primaryimage"},"thumbnailUrl":"https:\/\/conexion23.com\/wp-content\/uploads\/2025\/08\/Reinas-del-Caribe-Foto-Prensa-Reinas-del-Caribe-750x375-1.jpeg","articleSection":["Deportes"],"inLanguage":"es","potentialAction":[{"@type":"CommentAction","name":"Comment","target":["https:\/\/conexion23.com\/?p=42278#respond"]}]},{"@type":"WebPage","@id":"https:\/\/conexion23.com\/?p=42278","url":"https:\/\/conexion23.com\/?p=42278","name":"Las Reinas del Caribe derrotan a Colombia y conservan su invicto en la Copa Panamericana. - Conexi\u00f3n 23","isPartOf":{"@id":"https:\/\/conexion23.com\/#website"},"primaryImageOfPage":{"@id":"https:\/\/conexion23.com\/?p=42278#primaryimage"},"image":{"@id":"https:\/\/conexion23.com\/?p=42278#primaryimage"},"thumbnailUrl":"https:\/\/conexion23.com\/wp-content\/uploads\/2025\/08\/Reinas-del-Caribe-Foto-Prensa-Reinas-del-Caribe-750x375-1.jpeg","datePublished":"2025-08-07T11:42:42+00:00","dateModified":"2025-08-07T11:42:49+00:00","breadcrumb":{"@id":"https:\/\/conexion23.com\/?p=42278#breadcrumb"},"inLanguage":"es","potentialAction":[{"@type":"ReadAction","target":["https:\/\/conexion23.com\/?p=42278"]}]},{"@type":"ImageObject","inLanguage":"es","@id":"https:\/\/conexion23.com\/?p=42278#primaryimage","url":"https:\/\/conexion23.com\/wp-content\/uploads\/2025\/08\/Reinas-del-Caribe-Foto-Prensa-Reinas-del-Caribe-750x375-1.jpeg","contentUrl":"https:\/\/conexion23.com\/wp-content\/uploads\/2025\/08\/Reinas-del-Caribe-Foto-Prensa-Reinas-del-Caribe-750x375-1.jpeg","width":750,"height":375},{"@type":"BreadcrumbList","@id":"https:\/\/conexion23.com\/?p=42278#breadcrumb","itemListElement":[{"@type":"ListItem","position":1,"name":"Portada","item":"https:\/\/conexion23.com\/"},{"@type":"ListItem","position":2,"name":"Las Reinas del Caribe derrotan a Colombia y conservan su invicto en la Copa Panamericana."}]},{"@type":"WebSite","@id":"https:\/\/conexion23.com\/#website","url":"https:\/\/conexion23.com\/","name":"Conexi\u00f3n 23","description":"Peri\u00f3dico 100% Petromacorisano","publisher":{"@id":"https:\/\/conexion23.com\/#organization"},"potentialAction":[{"@type":"SearchAction","target":{"@type":"EntryPoint","urlTemplate":"https:\/\/conexion23.com\/?s={search_term_string}"},"query-input":{"@type":"PropertyValueSpecification","valueRequired":true,"valueName":"search_term_string"}}],"inLanguage":"es"},{"@type":"Organization","@id":"https:\/\/conexion23.com\/#organization","name":"Conexion 23","url":"https:\/\/conexion23.com\/","logo":{"@type":"ImageObject","inLanguage":"es","@id":"https:\/\/conexion23.com\/#\/schema\/logo\/image\/","url":"https:\/\/conexion23.com\/wp-content\/uploads\/2021\/11\/Diseno-sin-titulo-2.png","contentUrl":"https:\/\/conexion23.com\/wp-content\/uploads\/2021\/11\/Diseno-sin-titulo-2.png","width":541,"height":90,"caption":"Conexion 23"},"image":{"@id":"https:\/\/conexion23.com\/#\/schema\/logo\/image\/"},"sameAs":["https:\/\/www.facebook.com\/conexion23com","https:\/\/www.instagram.com\/conexion23com\/","https:\/\/www.youtube.com\/channel\/UCYc7vxxFZMYLIHNsHHxPZ3Q"]},{"@type":"Person","@id":"https:\/\/conexion23.com\/#\/schema\/person\/03e36043331117e97a373299bbcd30a6","name":"Raffy Ben\u00edtez","image":{"@type":"ImageObject","inLanguage":"es","@id":"https:\/\/conexion23.com\/#\/schema\/person\/image\/","url":"https:\/\/secure.gravatar.com\/avatar\/3190a6a6c5e1b0327500f7d6c56b6242472ee6cb974cf09b401ee6b3b0798f23?s=96&d=mm&r=g","contentUrl":"https:\/\/secure.gravatar.com\/avatar\/3190a6a6c5e1b0327500f7d6c56b6242472ee6cb974cf09b401ee6b3b0798f23?s=96&d=mm&r=g","caption":"Raffy Ben\u00edtez"},"url":"https:\/\/conexion23.com\/?author=15"}]}},"_links":{"self":[{"href":"https:\/\/conexion23.com\/index.php?rest_route=\/wp\/v2\/posts\/42278","targetHints":{"allow":["GET"]}}],"collection":[{"href":"https:\/\/conexion23.com\/index.php?rest_route=\/wp\/v2\/posts"}],"about":[{"href":"https:\/\/conexion23.com\/index.php?rest_route=\/wp\/v2\/types\/post"}],"author":[{"embeddable":true,"href":"https:\/\/conexion23.com\/index.php?rest_route=\/wp\/v2\/users\/15"}],"replies":[{"embeddable":true,"href":"https:\/\/conexion23.com\/index.php?rest_route=%2Fwp%2Fv2%2Fcomments&post=42278"}],"version-history":[{"count":1,"href":"https:\/\/conexion23.com\/index.php?rest_route=\/wp\/v2\/posts\/42278\/revisions"}],"predecessor-version":[{"id":42280,"href":"https:\/\/conexion23.com\/index.php?rest_route=\/wp\/v2\/posts\/42278\/revisions\/42280"}],"wp:featuredmedia":[{"embeddable":true,"href":"https:\/\/conexion23.com\/index.php?rest_route=\/wp\/v2\/media\/42279"}],"wp:attachment":[{"href":"https:\/\/conexion23.com\/index.php?rest_route=%2Fwp%2Fv2%2Fmedia&parent=42278"}],"wp:term":[{"taxonomy":"category","embeddable":true,"href":"https:\/\/conexion23.com\/index.php?rest_route=%2Fwp%2Fv2%2Fcategories&post=42278"},{"taxonomy":"post_tag","embeddable":true,"href":"https:\/\/conexion23.com\/index.php?rest_route=%2Fwp%2Fv2%2Ftags&post=42278"}],"curies":[{"name":"wp","href":"https:\/\/api.w.org\/{rel}","templated":true}]}}