{"id":42435,"date":"2025-08-09T09:45:45","date_gmt":"2025-08-09T13:45:45","guid":{"rendered":"https:\/\/conexion23.com\/?p=42435"},"modified":"2025-08-09T09:45:50","modified_gmt":"2025-08-09T13:45:50","slug":"buscan-a-sospechoso-de-herir-de-un-machetazo-a-nina-de-2-anos-en-san-pedro-de-macoris","status":"publish","type":"post","link":"https:\/\/conexion23.com\/?p=42435","title":{"rendered":"Buscan a sospechoso de herir de un machetazo a ni\u00f1a de 2 a\u00f1os en San Pedro de Macor\u00eds."},"content":{"rendered":"\n<p class=\"wp-block-paragraph\">Familiares de una ni\u00f1a de apenas dos a\u00f1os denunciaron que un hombre identificado como Sebasti\u00e1n, presuntamente de nacionalidad haitiana, atac\u00f3 con un machete a la menor durante un incidente ocurrido este viernes.<\/p>\n\n\n\n<p class=\"wp-block-paragraph\">De acuerdo con el testimonio de la t\u00eda de la v\u00edctima, el agresor lleg\u00f3 al lugar con la intenci\u00f3n de atacar al padre de la ni\u00f1a por viejas rencillas personales. En medio del altercado, Sebasti\u00e1n hiri\u00f3 tanto al padre como a la menor, quien fue trasladada de urgencia al hospital regional Dr. Antonio Musa, donde recibe atenci\u00f3n m\u00e9dica.<\/p>\n\n\n\n<p class=\"wp-block-paragraph\">La denunciante se\u00f1al\u00f3 que el sospechoso reside en el barrio La Belleza, detr\u00e1s del cementerio de Santa Fe, y que, seg\u00fan vecinos, \u201cviene, comete sus delitos y luego desaparece por un tiempo, para regresar nuevamente\u201d.<\/p>\n\n\n\n<p class=\"wp-block-paragraph\">El caso est\u00e1 bajo investigaci\u00f3n de la Polic\u00eda Nacional, mientras los familiares solicitan la colaboraci\u00f3n de la ciudadan\u00eda para localizar a Sebasti\u00e1n, de aproximadamente 22 a\u00f1os, y que pueda ser puesto a disposici\u00f3n de la justicia.<\/p>\n","protected":false},"excerpt":{"rendered":"<p>Familiares de una ni\u00f1a de apenas dos a\u00f1os denunciaron que un hombre identificado como Sebasti\u00e1n, presuntamente de nacionalidad haitiana, atac\u00f3 con un machete a la menor durante un incidente ocurrido este viernes. De acuerdo con el testimonio de la t\u00eda de la v\u00edctima, el agresor lleg\u00f3 al lugar con la intenci\u00f3n de atacar al padre [&hellip;]<\/p>\n","protected":false},"author":15,"featured_media":42436,"comment_status":"open","ping_status":"open","sticky":false,"template":"","format":"standard","meta":{"footnotes":""},"categories":[35],"tags":[],"class_list":["post-42435","post","type-post","status-publish","format-standard","has-post-thumbnail","category-spm"],"yoast_head":"<!-- This site is optimized with the Yoast SEO plugin v27.6 - https:\/\/yoast.com\/product\/yoast-seo-wordpress\/ -->\n<title>Buscan a sospechoso de herir de un machetazo a ni\u00f1a de 2 a\u00f1os en San Pedro de Macor\u00eds. - Conexi\u00f3n 23<\/title>\n<meta name=\"robots\" content=\"index, follow, max-snippet:-1, max-image-preview:large, max-video-preview:-1\" \/>\n<link rel=\"canonical\" href=\"https:\/\/conexion23.com\/?p=42435\" \/>\n<meta property=\"og:locale\" content=\"es_ES\" \/>\n<meta property=\"og:type\" content=\"article\" \/>\n<meta property=\"og:title\" content=\"Buscan a sospechoso de herir de un machetazo a ni\u00f1a de 2 a\u00f1os en San Pedro de Macor\u00eds. - Conexi\u00f3n 23\" \/>\n<meta property=\"og:description\" content=\"Familiares de una ni\u00f1a de apenas dos a\u00f1os denunciaron que un hombre identificado como Sebasti\u00e1n, presuntamente de nacionalidad haitiana, atac\u00f3 con un machete a la menor durante un incidente ocurrido este viernes. De acuerdo con el testimonio de la t\u00eda de la v\u00edctima, el agresor lleg\u00f3 al lugar con la intenci\u00f3n de atacar al padre [&hellip;]\" \/>\n<meta property=\"og:url\" content=\"https:\/\/conexion23.com\/?p=42435\" \/>\n<meta property=\"og:site_name\" content=\"Conexi\u00f3n 23\" \/>\n<meta property=\"article:publisher\" content=\"https:\/\/www.facebook.com\/conexion23com\" \/>\n<meta property=\"article:published_time\" content=\"2025-08-09T13:45:45+00:00\" \/>\n<meta property=\"article:modified_time\" content=\"2025-08-09T13:45:50+00:00\" \/>\n<meta property=\"og:image\" content=\"https:\/\/conexion23.com\/wp-content\/uploads\/2025\/08\/descarga-18.jpg\" \/>\n\t<meta property=\"og:image:width\" content=\"168\" \/>\n\t<meta property=\"og:image:height\" content=\"202\" \/>\n\t<meta property=\"og:image:type\" content=\"image\/jpeg\" \/>\n<meta name=\"author\" content=\"Raffy Ben\u00edtez\" \/>\n<meta name=\"twitter:card\" content=\"summary_large_image\" \/>\n<meta name=\"twitter:label1\" content=\"Escrito por\" \/>\n\t<meta name=\"twitter:data1\" content=\"Raffy Ben\u00edtez\" \/>\n\t<meta name=\"twitter:label2\" content=\"Tiempo de lectura\" \/>\n\t<meta name=\"twitter:data2\" content=\"1 minuto\" \/>\n<script type=\"application\/ld+json\" class=\"yoast-schema-graph\">{\"@context\":\"https:\\\/\\\/schema.org\",\"@graph\":[{\"@type\":\"Article\",\"@id\":\"https:\\\/\\\/conexion23.com\\\/?p=42435#article\",\"isPartOf\":{\"@id\":\"https:\\\/\\\/conexion23.com\\\/?p=42435\"},\"author\":{\"name\":\"Raffy Ben\u00edtez\",\"@id\":\"http:\\\/\\\/conexion23.com\\\/#\\\/schema\\\/person\\\/03e36043331117e97a373299bbcd30a6\"},\"headline\":\"Buscan a sospechoso de herir de un machetazo a ni\u00f1a de 2 a\u00f1os en San Pedro de Macor\u00eds.\",\"datePublished\":\"2025-08-09T13:45:45+00:00\",\"dateModified\":\"2025-08-09T13:45:50+00:00\",\"mainEntityOfPage\":{\"@id\":\"https:\\\/\\\/conexion23.com\\\/?p=42435\"},\"wordCount\":200,\"commentCount\":0,\"publisher\":{\"@id\":\"http:\\\/\\\/conexion23.com\\\/#organization\"},\"image\":{\"@id\":\"https:\\\/\\\/conexion23.com\\\/?p=42435#primaryimage\"},\"thumbnailUrl\":\"https:\\\/\\\/conexion23.com\\\/wp-content\\\/uploads\\\/2025\\\/08\\\/descarga-18.jpg\",\"articleSection\":[\"SPM\"],\"inLanguage\":\"es\",\"potentialAction\":[{\"@type\":\"CommentAction\",\"name\":\"Comment\",\"target\":[\"https:\\\/\\\/conexion23.com\\\/?p=42435#respond\"]}]},{\"@type\":\"WebPage\",\"@id\":\"https:\\\/\\\/conexion23.com\\\/?p=42435\",\"url\":\"https:\\\/\\\/conexion23.com\\\/?p=42435\",\"name\":\"Buscan a sospechoso de herir de un machetazo a ni\u00f1a de 2 a\u00f1os en San Pedro de Macor\u00eds. - Conexi\u00f3n 23\",\"isPartOf\":{\"@id\":\"http:\\\/\\\/conexion23.com\\\/#website\"},\"primaryImageOfPage\":{\"@id\":\"https:\\\/\\\/conexion23.com\\\/?p=42435#primaryimage\"},\"image\":{\"@id\":\"https:\\\/\\\/conexion23.com\\\/?p=42435#primaryimage\"},\"thumbnailUrl\":\"https:\\\/\\\/conexion23.com\\\/wp-content\\\/uploads\\\/2025\\\/08\\\/descarga-18.jpg\",\"datePublished\":\"2025-08-09T13:45:45+00:00\",\"dateModified\":\"2025-08-09T13:45:50+00:00\",\"breadcrumb\":{\"@id\":\"https:\\\/\\\/conexion23.com\\\/?p=42435#breadcrumb\"},\"inLanguage\":\"es\",\"potentialAction\":[{\"@type\":\"ReadAction\",\"target\":[\"https:\\\/\\\/conexion23.com\\\/?p=42435\"]}]},{\"@type\":\"ImageObject\",\"inLanguage\":\"es\",\"@id\":\"https:\\\/\\\/conexion23.com\\\/?p=42435#primaryimage\",\"url\":\"https:\\\/\\\/conexion23.com\\\/wp-content\\\/uploads\\\/2025\\\/08\\\/descarga-18.jpg\",\"contentUrl\":\"https:\\\/\\\/conexion23.com\\\/wp-content\\\/uploads\\\/2025\\\/08\\\/descarga-18.jpg\",\"width\":168,\"height\":202},{\"@type\":\"BreadcrumbList\",\"@id\":\"https:\\\/\\\/conexion23.com\\\/?p=42435#breadcrumb\",\"itemListElement\":[{\"@type\":\"ListItem\",\"position\":1,\"name\":\"Portada\",\"item\":\"http:\\\/\\\/conexion23.com\\\/\"},{\"@type\":\"ListItem\",\"position\":2,\"name\":\"Buscan a sospechoso de herir de un machetazo a ni\u00f1a de 2 a\u00f1os en San Pedro de Macor\u00eds.\"}]},{\"@type\":\"WebSite\",\"@id\":\"http:\\\/\\\/conexion23.com\\\/#website\",\"url\":\"http:\\\/\\\/conexion23.com\\\/\",\"name\":\"Conexi\u00f3n 23\",\"description\":\"Peri\u00f3dico 100% Petromacorisano\",\"publisher\":{\"@id\":\"http:\\\/\\\/conexion23.com\\\/#organization\"},\"potentialAction\":[{\"@type\":\"SearchAction\",\"target\":{\"@type\":\"EntryPoint\",\"urlTemplate\":\"http:\\\/\\\/conexion23.com\\\/?s={search_term_string}\"},\"query-input\":{\"@type\":\"PropertyValueSpecification\",\"valueRequired\":true,\"valueName\":\"search_term_string\"}}],\"inLanguage\":\"es\"},{\"@type\":\"Organization\",\"@id\":\"http:\\\/\\\/conexion23.com\\\/#organization\",\"name\":\"Conexion 23\",\"url\":\"http:\\\/\\\/conexion23.com\\\/\",\"logo\":{\"@type\":\"ImageObject\",\"inLanguage\":\"es\",\"@id\":\"http:\\\/\\\/conexion23.com\\\/#\\\/schema\\\/logo\\\/image\\\/\",\"url\":\"https:\\\/\\\/conexion23.com\\\/wp-content\\\/uploads\\\/2021\\\/11\\\/Diseno-sin-titulo-2.png\",\"contentUrl\":\"https:\\\/\\\/conexion23.com\\\/wp-content\\\/uploads\\\/2021\\\/11\\\/Diseno-sin-titulo-2.png\",\"width\":541,\"height\":90,\"caption\":\"Conexion 23\"},\"image\":{\"@id\":\"http:\\\/\\\/conexion23.com\\\/#\\\/schema\\\/logo\\\/image\\\/\"},\"sameAs\":[\"https:\\\/\\\/www.facebook.com\\\/conexion23com\",\"https:\\\/\\\/www.instagram.com\\\/conexion23com\\\/\",\"https:\\\/\\\/www.youtube.com\\\/channel\\\/UCYc7vxxFZMYLIHNsHHxPZ3Q\"]},{\"@type\":\"Person\",\"@id\":\"http:\\\/\\\/conexion23.com\\\/#\\\/schema\\\/person\\\/03e36043331117e97a373299bbcd30a6\",\"name\":\"Raffy Ben\u00edtez\",\"image\":{\"@type\":\"ImageObject\",\"inLanguage\":\"es\",\"@id\":\"https:\\\/\\\/secure.gravatar.com\\\/avatar\\\/3190a6a6c5e1b0327500f7d6c56b6242472ee6cb974cf09b401ee6b3b0798f23?s=96&d=mm&r=g\",\"url\":\"https:\\\/\\\/secure.gravatar.com\\\/avatar\\\/3190a6a6c5e1b0327500f7d6c56b6242472ee6cb974cf09b401ee6b3b0798f23?s=96&d=mm&r=g\",\"contentUrl\":\"https:\\\/\\\/secure.gravatar.com\\\/avatar\\\/3190a6a6c5e1b0327500f7d6c56b6242472ee6cb974cf09b401ee6b3b0798f23?s=96&d=mm&r=g\",\"caption\":\"Raffy Ben\u00edtez\"},\"url\":\"https:\\\/\\\/conexion23.com\\\/?author=15\"}]}<\/script>\n<!-- \/ Yoast SEO plugin. -->","yoast_head_json":{"title":"Buscan a sospechoso de herir de un machetazo a ni\u00f1a de 2 a\u00f1os en San Pedro de Macor\u00eds. - Conexi\u00f3n 23","robots":{"index":"index","follow":"follow","max-snippet":"max-snippet:-1","max-image-preview":"max-image-preview:large","max-video-preview":"max-video-preview:-1"},"canonical":"https:\/\/conexion23.com\/?p=42435","og_locale":"es_ES","og_type":"article","og_title":"Buscan a sospechoso de herir de un machetazo a ni\u00f1a de 2 a\u00f1os en San Pedro de Macor\u00eds. - Conexi\u00f3n 23","og_description":"Familiares de una ni\u00f1a de apenas dos a\u00f1os denunciaron que un hombre identificado como Sebasti\u00e1n, presuntamente de nacionalidad haitiana, atac\u00f3 con un machete a la menor durante un incidente ocurrido este viernes. De acuerdo con el testimonio de la t\u00eda de la v\u00edctima, el agresor lleg\u00f3 al lugar con la intenci\u00f3n de atacar al padre [&hellip;]","og_url":"https:\/\/conexion23.com\/?p=42435","og_site_name":"Conexi\u00f3n 23","article_publisher":"https:\/\/www.facebook.com\/conexion23com","article_published_time":"2025-08-09T13:45:45+00:00","article_modified_time":"2025-08-09T13:45:50+00:00","og_image":[{"width":168,"height":202,"url":"https:\/\/conexion23.com\/wp-content\/uploads\/2025\/08\/descarga-18.jpg","type":"image\/jpeg"}],"author":"Raffy Ben\u00edtez","twitter_card":"summary_large_image","twitter_misc":{"Escrito por":"Raffy Ben\u00edtez","Tiempo de lectura":"1 minuto"},"schema":{"@context":"https:\/\/schema.org","@graph":[{"@type":"Article","@id":"https:\/\/conexion23.com\/?p=42435#article","isPartOf":{"@id":"https:\/\/conexion23.com\/?p=42435"},"author":{"name":"Raffy Ben\u00edtez","@id":"http:\/\/conexion23.com\/#\/schema\/person\/03e36043331117e97a373299bbcd30a6"},"headline":"Buscan a sospechoso de herir de un machetazo a ni\u00f1a de 2 a\u00f1os en San Pedro de Macor\u00eds.","datePublished":"2025-08-09T13:45:45+00:00","dateModified":"2025-08-09T13:45:50+00:00","mainEntityOfPage":{"@id":"https:\/\/conexion23.com\/?p=42435"},"wordCount":200,"commentCount":0,"publisher":{"@id":"http:\/\/conexion23.com\/#organization"},"image":{"@id":"https:\/\/conexion23.com\/?p=42435#primaryimage"},"thumbnailUrl":"https:\/\/conexion23.com\/wp-content\/uploads\/2025\/08\/descarga-18.jpg","articleSection":["SPM"],"inLanguage":"es","potentialAction":[{"@type":"CommentAction","name":"Comment","target":["https:\/\/conexion23.com\/?p=42435#respond"]}]},{"@type":"WebPage","@id":"https:\/\/conexion23.com\/?p=42435","url":"https:\/\/conexion23.com\/?p=42435","name":"Buscan a sospechoso de herir de un machetazo a ni\u00f1a de 2 a\u00f1os en San Pedro de Macor\u00eds. - Conexi\u00f3n 23","isPartOf":{"@id":"http:\/\/conexion23.com\/#website"},"primaryImageOfPage":{"@id":"https:\/\/conexion23.com\/?p=42435#primaryimage"},"image":{"@id":"https:\/\/conexion23.com\/?p=42435#primaryimage"},"thumbnailUrl":"https:\/\/conexion23.com\/wp-content\/uploads\/2025\/08\/descarga-18.jpg","datePublished":"2025-08-09T13:45:45+00:00","dateModified":"2025-08-09T13:45:50+00:00","breadcrumb":{"@id":"https:\/\/conexion23.com\/?p=42435#breadcrumb"},"inLanguage":"es","potentialAction":[{"@type":"ReadAction","target":["https:\/\/conexion23.com\/?p=42435"]}]},{"@type":"ImageObject","inLanguage":"es","@id":"https:\/\/conexion23.com\/?p=42435#primaryimage","url":"https:\/\/conexion23.com\/wp-content\/uploads\/2025\/08\/descarga-18.jpg","contentUrl":"https:\/\/conexion23.com\/wp-content\/uploads\/2025\/08\/descarga-18.jpg","width":168,"height":202},{"@type":"BreadcrumbList","@id":"https:\/\/conexion23.com\/?p=42435#breadcrumb","itemListElement":[{"@type":"ListItem","position":1,"name":"Portada","item":"http:\/\/conexion23.com\/"},{"@type":"ListItem","position":2,"name":"Buscan a sospechoso de herir de un machetazo a ni\u00f1a de 2 a\u00f1os en San Pedro de Macor\u00eds."}]},{"@type":"WebSite","@id":"http:\/\/conexion23.com\/#website","url":"http:\/\/conexion23.com\/","name":"Conexi\u00f3n 23","description":"Peri\u00f3dico 100% Petromacorisano","publisher":{"@id":"http:\/\/conexion23.com\/#organization"},"potentialAction":[{"@type":"SearchAction","target":{"@type":"EntryPoint","urlTemplate":"http:\/\/conexion23.com\/?s={search_term_string}"},"query-input":{"@type":"PropertyValueSpecification","valueRequired":true,"valueName":"search_term_string"}}],"inLanguage":"es"},{"@type":"Organization","@id":"http:\/\/conexion23.com\/#organization","name":"Conexion 23","url":"http:\/\/conexion23.com\/","logo":{"@type":"ImageObject","inLanguage":"es","@id":"http:\/\/conexion23.com\/#\/schema\/logo\/image\/","url":"https:\/\/conexion23.com\/wp-content\/uploads\/2021\/11\/Diseno-sin-titulo-2.png","contentUrl":"https:\/\/conexion23.com\/wp-content\/uploads\/2021\/11\/Diseno-sin-titulo-2.png","width":541,"height":90,"caption":"Conexion 23"},"image":{"@id":"http:\/\/conexion23.com\/#\/schema\/logo\/image\/"},"sameAs":["https:\/\/www.facebook.com\/conexion23com","https:\/\/www.instagram.com\/conexion23com\/","https:\/\/www.youtube.com\/channel\/UCYc7vxxFZMYLIHNsHHxPZ3Q"]},{"@type":"Person","@id":"http:\/\/conexion23.com\/#\/schema\/person\/03e36043331117e97a373299bbcd30a6","name":"Raffy Ben\u00edtez","image":{"@type":"ImageObject","inLanguage":"es","@id":"https:\/\/secure.gravatar.com\/avatar\/3190a6a6c5e1b0327500f7d6c56b6242472ee6cb974cf09b401ee6b3b0798f23?s=96&d=mm&r=g","url":"https:\/\/secure.gravatar.com\/avatar\/3190a6a6c5e1b0327500f7d6c56b6242472ee6cb974cf09b401ee6b3b0798f23?s=96&d=mm&r=g","contentUrl":"https:\/\/secure.gravatar.com\/avatar\/3190a6a6c5e1b0327500f7d6c56b6242472ee6cb974cf09b401ee6b3b0798f23?s=96&d=mm&r=g","caption":"Raffy Ben\u00edtez"},"url":"https:\/\/conexion23.com\/?author=15"}]}},"_links":{"self":[{"href":"https:\/\/conexion23.com\/index.php?rest_route=\/wp\/v2\/posts\/42435","targetHints":{"allow":["GET"]}}],"collection":[{"href":"https:\/\/conexion23.com\/index.php?rest_route=\/wp\/v2\/posts"}],"about":[{"href":"https:\/\/conexion23.com\/index.php?rest_route=\/wp\/v2\/types\/post"}],"author":[{"embeddable":true,"href":"https:\/\/conexion23.com\/index.php?rest_route=\/wp\/v2\/users\/15"}],"replies":[{"embeddable":true,"href":"https:\/\/conexion23.com\/index.php?rest_route=%2Fwp%2Fv2%2Fcomments&post=42435"}],"version-history":[{"count":1,"href":"https:\/\/conexion23.com\/index.php?rest_route=\/wp\/v2\/posts\/42435\/revisions"}],"predecessor-version":[{"id":42438,"href":"https:\/\/conexion23.com\/index.php?rest_route=\/wp\/v2\/posts\/42435\/revisions\/42438"}],"wp:featuredmedia":[{"embeddable":true,"href":"https:\/\/conexion23.com\/index.php?rest_route=\/wp\/v2\/media\/42436"}],"wp:attachment":[{"href":"https:\/\/conexion23.com\/index.php?rest_route=%2Fwp%2Fv2%2Fmedia&parent=42435"}],"wp:term":[{"taxonomy":"category","embeddable":true,"href":"https:\/\/conexion23.com\/index.php?rest_route=%2Fwp%2Fv2%2Fcategories&post=42435"},{"taxonomy":"post_tag","embeddable":true,"href":"https:\/\/conexion23.com\/index.php?rest_route=%2Fwp%2Fv2%2Ftags&post=42435"}],"curies":[{"name":"wp","href":"https:\/\/api.w.org\/{rel}","templated":true}]}}