{"id":42442,"date":"2025-08-09T09:51:28","date_gmt":"2025-08-09T13:51:28","guid":{"rendered":"https:\/\/conexion23.com\/?p=42442"},"modified":"2025-08-09T09:51:32","modified_gmt":"2025-08-09T13:51:32","slug":"incendio-afecta-residencia-en-sector-antonio-guzman-de-higuey","status":"publish","type":"post","link":"https:\/\/conexion23.com\/?p=42442","title":{"rendered":"Incendio afecta residencia en sector Antonio Guzm\u00e1n de Hig\u00fcey."},"content":{"rendered":"\n<p class=\"wp-block-paragraph\">Un incendio registrado la ma\u00f1ana de este viernes afect\u00f3 una vivienda ubicada en el sector Antonio Guzm\u00e1n, en el municipio Hig\u00fcey, generando preocupaci\u00f3n entre los residentes de la zona.<\/p>\n\n\n\n<p class=\"wp-block-paragraph\">El Cuerpo de Bomberos se present\u00f3 r\u00e1pidamente al lugar del siniestro, logrando controlar las llamas y evitar que se propagaran a viviendas cercanas.<\/p>\n\n\n\n<p class=\"wp-block-paragraph\">No se reportaron v\u00edctimas mortales, aunque se investigan los da\u00f1os materiales ocasionados por el fuego.<\/p>\n\n\n\n<p class=\"wp-block-paragraph\">Seg\u00fan indica EN Noticias, el incendio pudo haber sido originado por un abanico que presuntamente present\u00f3 un fallo el\u00e9ctrico.<\/p>\n\n\n\n<p class=\"wp-block-paragraph\">Las autoridades trabajan para confirmar esta hip\u00f3tesis.<\/p>\n","protected":false},"excerpt":{"rendered":"<p>Un incendio registrado la ma\u00f1ana de este viernes afect\u00f3 una vivienda ubicada en el sector Antonio Guzm\u00e1n, en el municipio Hig\u00fcey, generando preocupaci\u00f3n entre los residentes de la zona. El Cuerpo de Bomberos se present\u00f3 r\u00e1pidamente al lugar del siniestro, logrando controlar las llamas y evitar que se propagaran a viviendas cercanas. No se reportaron [&hellip;]<\/p>\n","protected":false},"author":15,"featured_media":42444,"comment_status":"open","ping_status":"open","sticky":false,"template":"","format":"standard","meta":{"footnotes":""},"categories":[2474],"tags":[],"class_list":["post-42442","post","type-post","status-publish","format-standard","has-post-thumbnail","category-la-altagracia"],"yoast_head":"<!-- This site is optimized with the Yoast SEO plugin v27.6 - https:\/\/yoast.com\/product\/yoast-seo-wordpress\/ -->\n<title>Incendio afecta residencia en sector Antonio Guzm\u00e1n de Hig\u00fcey. - Conexi\u00f3n 23<\/title>\n<meta name=\"robots\" content=\"index, follow, max-snippet:-1, max-image-preview:large, max-video-preview:-1\" \/>\n<link rel=\"canonical\" href=\"https:\/\/conexion23.com\/?p=42442\" \/>\n<meta property=\"og:locale\" content=\"es_ES\" \/>\n<meta property=\"og:type\" content=\"article\" \/>\n<meta property=\"og:title\" content=\"Incendio afecta residencia en sector Antonio Guzm\u00e1n de Hig\u00fcey. - Conexi\u00f3n 23\" \/>\n<meta property=\"og:description\" content=\"Un incendio registrado la ma\u00f1ana de este viernes afect\u00f3 una vivienda ubicada en el sector Antonio Guzm\u00e1n, en el municipio Hig\u00fcey, generando preocupaci\u00f3n entre los residentes de la zona. El Cuerpo de Bomberos se present\u00f3 r\u00e1pidamente al lugar del siniestro, logrando controlar las llamas y evitar que se propagaran a viviendas cercanas. No se reportaron [&hellip;]\" \/>\n<meta property=\"og:url\" content=\"https:\/\/conexion23.com\/?p=42442\" \/>\n<meta property=\"og:site_name\" content=\"Conexi\u00f3n 23\" \/>\n<meta property=\"article:publisher\" content=\"https:\/\/www.facebook.com\/conexion23com\" \/>\n<meta property=\"article:published_time\" content=\"2025-08-09T13:51:28+00:00\" \/>\n<meta property=\"article:modified_time\" content=\"2025-08-09T13:51:32+00:00\" \/>\n<meta property=\"og:image\" content=\"https:\/\/conexion23.com\/wp-content\/uploads\/2025\/08\/descarga-1-4.jpg\" \/>\n\t<meta property=\"og:image:width\" content=\"190\" \/>\n\t<meta property=\"og:image:height\" content=\"266\" \/>\n\t<meta property=\"og:image:type\" content=\"image\/jpeg\" \/>\n<meta name=\"author\" content=\"Raffy Ben\u00edtez\" \/>\n<meta name=\"twitter:card\" content=\"summary_large_image\" \/>\n<meta name=\"twitter:label1\" content=\"Escrito por\" \/>\n\t<meta name=\"twitter:data1\" content=\"Raffy Ben\u00edtez\" \/>\n\t<meta name=\"twitter:label2\" content=\"Tiempo de lectura\" \/>\n\t<meta name=\"twitter:data2\" content=\"1 minuto\" \/>\n<script type=\"application\/ld+json\" class=\"yoast-schema-graph\">{\"@context\":\"https:\\\/\\\/schema.org\",\"@graph\":[{\"@type\":\"Article\",\"@id\":\"https:\\\/\\\/conexion23.com\\\/?p=42442#article\",\"isPartOf\":{\"@id\":\"https:\\\/\\\/conexion23.com\\\/?p=42442\"},\"author\":{\"name\":\"Raffy Ben\u00edtez\",\"@id\":\"http:\\\/\\\/conexion23.com\\\/#\\\/schema\\\/person\\\/03e36043331117e97a373299bbcd30a6\"},\"headline\":\"Incendio afecta residencia en sector Antonio Guzm\u00e1n de Hig\u00fcey.\",\"datePublished\":\"2025-08-09T13:51:28+00:00\",\"dateModified\":\"2025-08-09T13:51:32+00:00\",\"mainEntityOfPage\":{\"@id\":\"https:\\\/\\\/conexion23.com\\\/?p=42442\"},\"wordCount\":114,\"commentCount\":0,\"publisher\":{\"@id\":\"http:\\\/\\\/conexion23.com\\\/#organization\"},\"image\":{\"@id\":\"https:\\\/\\\/conexion23.com\\\/?p=42442#primaryimage\"},\"thumbnailUrl\":\"https:\\\/\\\/conexion23.com\\\/wp-content\\\/uploads\\\/2025\\\/08\\\/descarga-1-4.jpg\",\"articleSection\":[\"La Altagracia\"],\"inLanguage\":\"es\",\"potentialAction\":[{\"@type\":\"CommentAction\",\"name\":\"Comment\",\"target\":[\"https:\\\/\\\/conexion23.com\\\/?p=42442#respond\"]}]},{\"@type\":\"WebPage\",\"@id\":\"https:\\\/\\\/conexion23.com\\\/?p=42442\",\"url\":\"https:\\\/\\\/conexion23.com\\\/?p=42442\",\"name\":\"Incendio afecta residencia en sector Antonio Guzm\u00e1n de Hig\u00fcey. - Conexi\u00f3n 23\",\"isPartOf\":{\"@id\":\"http:\\\/\\\/conexion23.com\\\/#website\"},\"primaryImageOfPage\":{\"@id\":\"https:\\\/\\\/conexion23.com\\\/?p=42442#primaryimage\"},\"image\":{\"@id\":\"https:\\\/\\\/conexion23.com\\\/?p=42442#primaryimage\"},\"thumbnailUrl\":\"https:\\\/\\\/conexion23.com\\\/wp-content\\\/uploads\\\/2025\\\/08\\\/descarga-1-4.jpg\",\"datePublished\":\"2025-08-09T13:51:28+00:00\",\"dateModified\":\"2025-08-09T13:51:32+00:00\",\"breadcrumb\":{\"@id\":\"https:\\\/\\\/conexion23.com\\\/?p=42442#breadcrumb\"},\"inLanguage\":\"es\",\"potentialAction\":[{\"@type\":\"ReadAction\",\"target\":[\"https:\\\/\\\/conexion23.com\\\/?p=42442\"]}]},{\"@type\":\"ImageObject\",\"inLanguage\":\"es\",\"@id\":\"https:\\\/\\\/conexion23.com\\\/?p=42442#primaryimage\",\"url\":\"https:\\\/\\\/conexion23.com\\\/wp-content\\\/uploads\\\/2025\\\/08\\\/descarga-1-4.jpg\",\"contentUrl\":\"https:\\\/\\\/conexion23.com\\\/wp-content\\\/uploads\\\/2025\\\/08\\\/descarga-1-4.jpg\",\"width\":190,\"height\":266},{\"@type\":\"BreadcrumbList\",\"@id\":\"https:\\\/\\\/conexion23.com\\\/?p=42442#breadcrumb\",\"itemListElement\":[{\"@type\":\"ListItem\",\"position\":1,\"name\":\"Portada\",\"item\":\"http:\\\/\\\/conexion23.com\\\/\"},{\"@type\":\"ListItem\",\"position\":2,\"name\":\"Incendio afecta residencia en sector Antonio Guzm\u00e1n de Hig\u00fcey.\"}]},{\"@type\":\"WebSite\",\"@id\":\"http:\\\/\\\/conexion23.com\\\/#website\",\"url\":\"http:\\\/\\\/conexion23.com\\\/\",\"name\":\"Conexi\u00f3n 23\",\"description\":\"Peri\u00f3dico 100% Petromacorisano\",\"publisher\":{\"@id\":\"http:\\\/\\\/conexion23.com\\\/#organization\"},\"potentialAction\":[{\"@type\":\"SearchAction\",\"target\":{\"@type\":\"EntryPoint\",\"urlTemplate\":\"http:\\\/\\\/conexion23.com\\\/?s={search_term_string}\"},\"query-input\":{\"@type\":\"PropertyValueSpecification\",\"valueRequired\":true,\"valueName\":\"search_term_string\"}}],\"inLanguage\":\"es\"},{\"@type\":\"Organization\",\"@id\":\"http:\\\/\\\/conexion23.com\\\/#organization\",\"name\":\"Conexion 23\",\"url\":\"http:\\\/\\\/conexion23.com\\\/\",\"logo\":{\"@type\":\"ImageObject\",\"inLanguage\":\"es\",\"@id\":\"http:\\\/\\\/conexion23.com\\\/#\\\/schema\\\/logo\\\/image\\\/\",\"url\":\"https:\\\/\\\/conexion23.com\\\/wp-content\\\/uploads\\\/2021\\\/11\\\/Diseno-sin-titulo-2.png\",\"contentUrl\":\"https:\\\/\\\/conexion23.com\\\/wp-content\\\/uploads\\\/2021\\\/11\\\/Diseno-sin-titulo-2.png\",\"width\":541,\"height\":90,\"caption\":\"Conexion 23\"},\"image\":{\"@id\":\"http:\\\/\\\/conexion23.com\\\/#\\\/schema\\\/logo\\\/image\\\/\"},\"sameAs\":[\"https:\\\/\\\/www.facebook.com\\\/conexion23com\",\"https:\\\/\\\/www.instagram.com\\\/conexion23com\\\/\",\"https:\\\/\\\/www.youtube.com\\\/channel\\\/UCYc7vxxFZMYLIHNsHHxPZ3Q\"]},{\"@type\":\"Person\",\"@id\":\"http:\\\/\\\/conexion23.com\\\/#\\\/schema\\\/person\\\/03e36043331117e97a373299bbcd30a6\",\"name\":\"Raffy Ben\u00edtez\",\"image\":{\"@type\":\"ImageObject\",\"inLanguage\":\"es\",\"@id\":\"https:\\\/\\\/secure.gravatar.com\\\/avatar\\\/3190a6a6c5e1b0327500f7d6c56b6242472ee6cb974cf09b401ee6b3b0798f23?s=96&d=mm&r=g\",\"url\":\"https:\\\/\\\/secure.gravatar.com\\\/avatar\\\/3190a6a6c5e1b0327500f7d6c56b6242472ee6cb974cf09b401ee6b3b0798f23?s=96&d=mm&r=g\",\"contentUrl\":\"https:\\\/\\\/secure.gravatar.com\\\/avatar\\\/3190a6a6c5e1b0327500f7d6c56b6242472ee6cb974cf09b401ee6b3b0798f23?s=96&d=mm&r=g\",\"caption\":\"Raffy Ben\u00edtez\"},\"url\":\"https:\\\/\\\/conexion23.com\\\/?author=15\"}]}<\/script>\n<!-- \/ Yoast SEO plugin. -->","yoast_head_json":{"title":"Incendio afecta residencia en sector Antonio Guzm\u00e1n de Hig\u00fcey. - Conexi\u00f3n 23","robots":{"index":"index","follow":"follow","max-snippet":"max-snippet:-1","max-image-preview":"max-image-preview:large","max-video-preview":"max-video-preview:-1"},"canonical":"https:\/\/conexion23.com\/?p=42442","og_locale":"es_ES","og_type":"article","og_title":"Incendio afecta residencia en sector Antonio Guzm\u00e1n de Hig\u00fcey. - Conexi\u00f3n 23","og_description":"Un incendio registrado la ma\u00f1ana de este viernes afect\u00f3 una vivienda ubicada en el sector Antonio Guzm\u00e1n, en el municipio Hig\u00fcey, generando preocupaci\u00f3n entre los residentes de la zona. El Cuerpo de Bomberos se present\u00f3 r\u00e1pidamente al lugar del siniestro, logrando controlar las llamas y evitar que se propagaran a viviendas cercanas. No se reportaron [&hellip;]","og_url":"https:\/\/conexion23.com\/?p=42442","og_site_name":"Conexi\u00f3n 23","article_publisher":"https:\/\/www.facebook.com\/conexion23com","article_published_time":"2025-08-09T13:51:28+00:00","article_modified_time":"2025-08-09T13:51:32+00:00","og_image":[{"width":190,"height":266,"url":"https:\/\/conexion23.com\/wp-content\/uploads\/2025\/08\/descarga-1-4.jpg","type":"image\/jpeg"}],"author":"Raffy Ben\u00edtez","twitter_card":"summary_large_image","twitter_misc":{"Escrito por":"Raffy Ben\u00edtez","Tiempo de lectura":"1 minuto"},"schema":{"@context":"https:\/\/schema.org","@graph":[{"@type":"Article","@id":"https:\/\/conexion23.com\/?p=42442#article","isPartOf":{"@id":"https:\/\/conexion23.com\/?p=42442"},"author":{"name":"Raffy Ben\u00edtez","@id":"http:\/\/conexion23.com\/#\/schema\/person\/03e36043331117e97a373299bbcd30a6"},"headline":"Incendio afecta residencia en sector Antonio Guzm\u00e1n de Hig\u00fcey.","datePublished":"2025-08-09T13:51:28+00:00","dateModified":"2025-08-09T13:51:32+00:00","mainEntityOfPage":{"@id":"https:\/\/conexion23.com\/?p=42442"},"wordCount":114,"commentCount":0,"publisher":{"@id":"http:\/\/conexion23.com\/#organization"},"image":{"@id":"https:\/\/conexion23.com\/?p=42442#primaryimage"},"thumbnailUrl":"https:\/\/conexion23.com\/wp-content\/uploads\/2025\/08\/descarga-1-4.jpg","articleSection":["La Altagracia"],"inLanguage":"es","potentialAction":[{"@type":"CommentAction","name":"Comment","target":["https:\/\/conexion23.com\/?p=42442#respond"]}]},{"@type":"WebPage","@id":"https:\/\/conexion23.com\/?p=42442","url":"https:\/\/conexion23.com\/?p=42442","name":"Incendio afecta residencia en sector Antonio Guzm\u00e1n de Hig\u00fcey. - Conexi\u00f3n 23","isPartOf":{"@id":"http:\/\/conexion23.com\/#website"},"primaryImageOfPage":{"@id":"https:\/\/conexion23.com\/?p=42442#primaryimage"},"image":{"@id":"https:\/\/conexion23.com\/?p=42442#primaryimage"},"thumbnailUrl":"https:\/\/conexion23.com\/wp-content\/uploads\/2025\/08\/descarga-1-4.jpg","datePublished":"2025-08-09T13:51:28+00:00","dateModified":"2025-08-09T13:51:32+00:00","breadcrumb":{"@id":"https:\/\/conexion23.com\/?p=42442#breadcrumb"},"inLanguage":"es","potentialAction":[{"@type":"ReadAction","target":["https:\/\/conexion23.com\/?p=42442"]}]},{"@type":"ImageObject","inLanguage":"es","@id":"https:\/\/conexion23.com\/?p=42442#primaryimage","url":"https:\/\/conexion23.com\/wp-content\/uploads\/2025\/08\/descarga-1-4.jpg","contentUrl":"https:\/\/conexion23.com\/wp-content\/uploads\/2025\/08\/descarga-1-4.jpg","width":190,"height":266},{"@type":"BreadcrumbList","@id":"https:\/\/conexion23.com\/?p=42442#breadcrumb","itemListElement":[{"@type":"ListItem","position":1,"name":"Portada","item":"http:\/\/conexion23.com\/"},{"@type":"ListItem","position":2,"name":"Incendio afecta residencia en sector Antonio Guzm\u00e1n de Hig\u00fcey."}]},{"@type":"WebSite","@id":"http:\/\/conexion23.com\/#website","url":"http:\/\/conexion23.com\/","name":"Conexi\u00f3n 23","description":"Peri\u00f3dico 100% Petromacorisano","publisher":{"@id":"http:\/\/conexion23.com\/#organization"},"potentialAction":[{"@type":"SearchAction","target":{"@type":"EntryPoint","urlTemplate":"http:\/\/conexion23.com\/?s={search_term_string}"},"query-input":{"@type":"PropertyValueSpecification","valueRequired":true,"valueName":"search_term_string"}}],"inLanguage":"es"},{"@type":"Organization","@id":"http:\/\/conexion23.com\/#organization","name":"Conexion 23","url":"http:\/\/conexion23.com\/","logo":{"@type":"ImageObject","inLanguage":"es","@id":"http:\/\/conexion23.com\/#\/schema\/logo\/image\/","url":"https:\/\/conexion23.com\/wp-content\/uploads\/2021\/11\/Diseno-sin-titulo-2.png","contentUrl":"https:\/\/conexion23.com\/wp-content\/uploads\/2021\/11\/Diseno-sin-titulo-2.png","width":541,"height":90,"caption":"Conexion 23"},"image":{"@id":"http:\/\/conexion23.com\/#\/schema\/logo\/image\/"},"sameAs":["https:\/\/www.facebook.com\/conexion23com","https:\/\/www.instagram.com\/conexion23com\/","https:\/\/www.youtube.com\/channel\/UCYc7vxxFZMYLIHNsHHxPZ3Q"]},{"@type":"Person","@id":"http:\/\/conexion23.com\/#\/schema\/person\/03e36043331117e97a373299bbcd30a6","name":"Raffy Ben\u00edtez","image":{"@type":"ImageObject","inLanguage":"es","@id":"https:\/\/secure.gravatar.com\/avatar\/3190a6a6c5e1b0327500f7d6c56b6242472ee6cb974cf09b401ee6b3b0798f23?s=96&d=mm&r=g","url":"https:\/\/secure.gravatar.com\/avatar\/3190a6a6c5e1b0327500f7d6c56b6242472ee6cb974cf09b401ee6b3b0798f23?s=96&d=mm&r=g","contentUrl":"https:\/\/secure.gravatar.com\/avatar\/3190a6a6c5e1b0327500f7d6c56b6242472ee6cb974cf09b401ee6b3b0798f23?s=96&d=mm&r=g","caption":"Raffy Ben\u00edtez"},"url":"https:\/\/conexion23.com\/?author=15"}]}},"_links":{"self":[{"href":"https:\/\/conexion23.com\/index.php?rest_route=\/wp\/v2\/posts\/42442","targetHints":{"allow":["GET"]}}],"collection":[{"href":"https:\/\/conexion23.com\/index.php?rest_route=\/wp\/v2\/posts"}],"about":[{"href":"https:\/\/conexion23.com\/index.php?rest_route=\/wp\/v2\/types\/post"}],"author":[{"embeddable":true,"href":"https:\/\/conexion23.com\/index.php?rest_route=\/wp\/v2\/users\/15"}],"replies":[{"embeddable":true,"href":"https:\/\/conexion23.com\/index.php?rest_route=%2Fwp%2Fv2%2Fcomments&post=42442"}],"version-history":[{"count":1,"href":"https:\/\/conexion23.com\/index.php?rest_route=\/wp\/v2\/posts\/42442\/revisions"}],"predecessor-version":[{"id":42445,"href":"https:\/\/conexion23.com\/index.php?rest_route=\/wp\/v2\/posts\/42442\/revisions\/42445"}],"wp:featuredmedia":[{"embeddable":true,"href":"https:\/\/conexion23.com\/index.php?rest_route=\/wp\/v2\/media\/42444"}],"wp:attachment":[{"href":"https:\/\/conexion23.com\/index.php?rest_route=%2Fwp%2Fv2%2Fmedia&parent=42442"}],"wp:term":[{"taxonomy":"category","embeddable":true,"href":"https:\/\/conexion23.com\/index.php?rest_route=%2Fwp%2Fv2%2Fcategories&post=42442"},{"taxonomy":"post_tag","embeddable":true,"href":"https:\/\/conexion23.com\/index.php?rest_route=%2Fwp%2Fv2%2Ftags&post=42442"}],"curies":[{"name":"wp","href":"https:\/\/api.w.org\/{rel}","templated":true}]}}