{"id":4249,"date":"2022-03-11T04:00:00","date_gmt":"2022-03-11T08:00:00","guid":{"rendered":"https:\/\/conexion23.com\/?p=4249"},"modified":"2022-03-10T21:03:27","modified_gmt":"2022-03-11T01:03:27","slug":"republica-dominicana-ya-tiene-su-primer-embajador-en-vietnam","status":"publish","type":"post","link":"https:\/\/conexion23.com\/?p=4249","title":{"rendered":"Rep\u00fablica Dominicana ya tiene su primer embajador en Vietnam"},"content":{"rendered":"\n<p class=\"wp-block-paragraph\">El primer embajador&nbsp;<strong>Extraordinario y Plenipotenciario de la Rep\u00fablica Dominicana&nbsp;<\/strong>en&nbsp;<strong>Vietnam<\/strong>,&nbsp;<strong>Jaime Yorquis Francisco Rodr\u00edguez<\/strong>, present\u00f3 sus cartas credenciales al presidente de ese pa\u00eds&nbsp;Nguy\u1ec5n Xu\u00e2n Ph\u00fac.<\/p>\n\n\n\n<p class=\"wp-block-paragraph\">Esta designaci\u00f3n diplom\u00e1tica marca un positivo hito en la pol\u00edtica exterior de la Rep\u00fablica Dominicana.<\/p>\n\n\n\n<p class=\"wp-block-paragraph\">De su lado, el embajador Francisco Rodr\u00edguez destac\u00f3 que el presidente Luis Abinader y el canciller Roberto \u00c1lvarez est\u00e1n comprometidos en estrechar a\u00fan m\u00e1s las cordiales relaciones de amistad que existen entre ambos pueblos y gobiernos.&nbsp;<\/p>\n\n\n\n<p class=\"wp-block-paragraph\">\u201cEl se\u00f1or presidente Abinader y el equipo de gobierno se sienten altamente felices por el actual y positivo momento hist\u00f3rico de apertura de la embajada y residencia en Han\u00f3i, Vietnam, anhelada durante a\u00f1os, paso que estamos seguros va a fortalecer las relaciones diplom\u00e1ticas, comerciales, acad\u00e9micas, culturales, deportivas, cient\u00edficas, tecnol\u00f3gicas y de cooperaci\u00f3n entre nuestras naciones\u201d, expres\u00f3 el embajador dominicano.&nbsp;<\/p>\n\n\n\n<p class=\"wp-block-paragraph\">Al recibir las cartas credenciales del embajador Jaime Yorquis Francisco Rodr\u00edguez en Han\u00f3i, el presidente&nbsp;Nguy\u1ec5n Xu\u00e2n Ph\u00fac&nbsp;salud\u00f3 el plan de ese pa\u00eds caribe\u00f1o de abrir la embajada en Vietnam.<\/p>\n\n\n\n<p class=\"wp-block-paragraph\">Se pronunci\u00f3 a favor de que las dos naciones hagan m\u00e1s esfuerzos para implementar medidas destinadas a mejorar la eficiencia de la cooperaci\u00f3n en todos los campos, en primer lugar, el intercambio de delegaciones de alto nivel y la organizaci\u00f3n de actividades de promoci\u00f3n del comercio bilateral.<\/p>\n\n\n\n<p class=\"wp-block-paragraph\">En ese sentido, el embajador Francisco Rodr\u00edguez destac\u00f3 que la Rep\u00fablica Dominicana y la Rep\u00fablica Socialista de Vietnam avanzaron activamente en los a\u00f1os 2015-2021, en medio de las limitaciones de la pandemia del Coronavirus.<\/p>\n\n\n\n<p class=\"wp-block-paragraph\">\u201cEn este contexto y lapso de tiempo podemos apreciar, que la balanza comercial entre nuestros pa\u00edses alcanz\u00f3 m\u00e1s de 547 millones de d\u00f3lares; y vamos en proceso, cada d\u00eda, hacia ampliaci\u00f3n de nuevas y m\u00e1s altas dimensiones\u201d, resalt\u00f3 el embajador dominicano.&nbsp;&nbsp;<\/p>\n\n\n\n<p class=\"wp-block-paragraph\">Indic\u00f3, adem\u00e1s, que la naci\u00f3n dominicana trabaja consistentemente en el fortalecimiento institucional, con gerencia activa y propositiva. \u201cProvisto adem\u00e1s de un marco jur\u00eddico adecuado, favorable a las relaciones comerciales y la estabilidad. Tenemos un gran liderazgo en turismo, construcciones, telecomunicaciones, miner\u00eda, producci\u00f3n, seguridad alimentaria, acompa\u00f1ada de pol\u00edticas p\u00fablicas integrales que inciden en el desarrollo sostenible, inclusivo y participativo de nuestro pueblo\u201d, agreg\u00f3.<\/p>\n\n\n\n<p class=\"wp-block-paragraph\">Rep\u00fablica Dominicana es el pa\u00eds de mayor y constante crecimiento econ\u00f3mico en la regi\u00f3n de Latinoam\u00e9rica.<\/p>\n\n\n\n<p class=\"wp-block-paragraph\">\u201cSomos la octava econom\u00eda de Am\u00e9rica Latina y la m\u00e1s grande e importante de toda Centro Am\u00e9rica,&nbsp;ocupando el primer puesto con un liderazgo regional incuestionable\u201d, puntualiz\u00f3.<\/p>\n","protected":false},"excerpt":{"rendered":"<p>El primer embajador&nbsp;Extraordinario y Plenipotenciario de la Rep\u00fablica Dominicana&nbsp;en&nbsp;Vietnam,&nbsp;Jaime Yorquis Francisco Rodr\u00edguez, present\u00f3 sus cartas credenciales al presidente de ese pa\u00eds&nbsp;Nguy\u1ec5n Xu\u00e2n Ph\u00fac. Esta designaci\u00f3n diplom\u00e1tica marca un positivo hito en la pol\u00edtica exterior de la Rep\u00fablica Dominicana. De su lado, el embajador Francisco Rodr\u00edguez destac\u00f3 que el presidente Luis Abinader y el canciller Roberto [&hellip;]<\/p>\n","protected":false},"author":7,"featured_media":0,"comment_status":"open","ping_status":"open","sticky":false,"template":"","format":"standard","meta":{"footnotes":""},"categories":[1],"tags":[],"class_list":["post-4249","post","type-post","status-publish","format-standard","category-uncategorized"],"yoast_head":"<!-- This site is optimized with the Yoast SEO plugin v27.6 - https:\/\/yoast.com\/product\/yoast-seo-wordpress\/ -->\n<title>Rep\u00fablica Dominicana ya tiene su primer embajador en Vietnam - Conexi\u00f3n 23<\/title>\n<meta name=\"description\" content=\"Al recibir las cartas credenciales del embajador Jaime Yorquis Francisco Rodr\u00edguez en Han\u00f3i, el presidente\u00a0Nguy\u1ec5n Xu\u00e2n Ph\u00fac\u00a0salud\u00f3 el plan de ese pa\u00eds caribe\u00f1o de abrir la embajada en Vietnam.\" \/>\n<meta name=\"robots\" content=\"index, follow, max-snippet:-1, max-image-preview:large, max-video-preview:-1\" \/>\n<link rel=\"canonical\" href=\"https:\/\/conexion23.com\/?p=4249\" \/>\n<meta property=\"og:locale\" content=\"es_ES\" \/>\n<meta property=\"og:type\" content=\"article\" \/>\n<meta property=\"og:title\" content=\"Rep\u00fablica Dominicana ya tiene su primer embajador en Vietnam - Conexi\u00f3n 23\" \/>\n<meta property=\"og:description\" content=\"Al recibir las cartas credenciales del embajador Jaime Yorquis Francisco Rodr\u00edguez en Han\u00f3i, el presidente\u00a0Nguy\u1ec5n Xu\u00e2n Ph\u00fac\u00a0salud\u00f3 el plan de ese pa\u00eds caribe\u00f1o de abrir la embajada en Vietnam.\" \/>\n<meta property=\"og:url\" content=\"https:\/\/conexion23.com\/?p=4249\" \/>\n<meta property=\"og:site_name\" content=\"Conexi\u00f3n 23\" \/>\n<meta property=\"article:publisher\" content=\"https:\/\/www.facebook.com\/conexion23com\" \/>\n<meta property=\"article:published_time\" content=\"2022-03-11T08:00:00+00:00\" \/>\n<meta name=\"author\" content=\"Benjam\u00edn Rosario\" \/>\n<meta name=\"twitter:card\" content=\"summary_large_image\" \/>\n<meta name=\"twitter:label1\" content=\"Escrito por\" \/>\n\t<meta name=\"twitter:data1\" content=\"Benjam\u00edn Rosario\" \/>\n\t<meta name=\"twitter:label2\" content=\"Tiempo de lectura\" \/>\n\t<meta name=\"twitter:data2\" content=\"2 minutos\" \/>\n<script type=\"application\/ld+json\" class=\"yoast-schema-graph\">{\"@context\":\"https:\\\/\\\/schema.org\",\"@graph\":[{\"@type\":\"Article\",\"@id\":\"https:\\\/\\\/conexion23.com\\\/?p=4249#article\",\"isPartOf\":{\"@id\":\"https:\\\/\\\/conexion23.com\\\/?p=4249\"},\"author\":{\"name\":\"Benjam\u00edn Rosario\",\"@id\":\"https:\\\/\\\/conexion23.com\\\/#\\\/schema\\\/person\\\/c0b7ce1f0e7a915d08fa289072b8353a\"},\"headline\":\"Rep\u00fablica Dominicana ya tiene su primer embajador en Vietnam\",\"datePublished\":\"2022-03-11T08:00:00+00:00\",\"mainEntityOfPage\":{\"@id\":\"https:\\\/\\\/conexion23.com\\\/?p=4249\"},\"wordCount\":479,\"commentCount\":0,\"publisher\":{\"@id\":\"https:\\\/\\\/conexion23.com\\\/#organization\"},\"articleSection\":[\"Uncategorized\"],\"inLanguage\":\"es\",\"potentialAction\":[{\"@type\":\"CommentAction\",\"name\":\"Comment\",\"target\":[\"https:\\\/\\\/conexion23.com\\\/?p=4249#respond\"]}]},{\"@type\":\"WebPage\",\"@id\":\"https:\\\/\\\/conexion23.com\\\/?p=4249\",\"url\":\"https:\\\/\\\/conexion23.com\\\/?p=4249\",\"name\":\"Rep\u00fablica Dominicana ya tiene su primer embajador en Vietnam - Conexi\u00f3n 23\",\"isPartOf\":{\"@id\":\"https:\\\/\\\/conexion23.com\\\/#website\"},\"datePublished\":\"2022-03-11T08:00:00+00:00\",\"description\":\"Al recibir las cartas credenciales del embajador Jaime Yorquis Francisco Rodr\u00edguez en Han\u00f3i, el presidente\u00a0Nguy\u1ec5n Xu\u00e2n Ph\u00fac\u00a0salud\u00f3 el plan de ese pa\u00eds caribe\u00f1o de abrir la embajada en Vietnam.\",\"breadcrumb\":{\"@id\":\"https:\\\/\\\/conexion23.com\\\/?p=4249#breadcrumb\"},\"inLanguage\":\"es\",\"potentialAction\":[{\"@type\":\"ReadAction\",\"target\":[\"https:\\\/\\\/conexion23.com\\\/?p=4249\"]}]},{\"@type\":\"BreadcrumbList\",\"@id\":\"https:\\\/\\\/conexion23.com\\\/?p=4249#breadcrumb\",\"itemListElement\":[{\"@type\":\"ListItem\",\"position\":1,\"name\":\"Portada\",\"item\":\"https:\\\/\\\/conexion23.com\\\/\"},{\"@type\":\"ListItem\",\"position\":2,\"name\":\"Rep\u00fablica Dominicana ya tiene su primer embajador en Vietnam\"}]},{\"@type\":\"WebSite\",\"@id\":\"https:\\\/\\\/conexion23.com\\\/#website\",\"url\":\"https:\\\/\\\/conexion23.com\\\/\",\"name\":\"Conexi\u00f3n 23\",\"description\":\"Peri\u00f3dico 100% Petromacorisano\",\"publisher\":{\"@id\":\"https:\\\/\\\/conexion23.com\\\/#organization\"},\"potentialAction\":[{\"@type\":\"SearchAction\",\"target\":{\"@type\":\"EntryPoint\",\"urlTemplate\":\"https:\\\/\\\/conexion23.com\\\/?s={search_term_string}\"},\"query-input\":{\"@type\":\"PropertyValueSpecification\",\"valueRequired\":true,\"valueName\":\"search_term_string\"}}],\"inLanguage\":\"es\"},{\"@type\":\"Organization\",\"@id\":\"https:\\\/\\\/conexion23.com\\\/#organization\",\"name\":\"Conexion 23\",\"url\":\"https:\\\/\\\/conexion23.com\\\/\",\"logo\":{\"@type\":\"ImageObject\",\"inLanguage\":\"es\",\"@id\":\"https:\\\/\\\/conexion23.com\\\/#\\\/schema\\\/logo\\\/image\\\/\",\"url\":\"https:\\\/\\\/conexion23.com\\\/wp-content\\\/uploads\\\/2021\\\/11\\\/Diseno-sin-titulo-2.png\",\"contentUrl\":\"https:\\\/\\\/conexion23.com\\\/wp-content\\\/uploads\\\/2021\\\/11\\\/Diseno-sin-titulo-2.png\",\"width\":541,\"height\":90,\"caption\":\"Conexion 23\"},\"image\":{\"@id\":\"https:\\\/\\\/conexion23.com\\\/#\\\/schema\\\/logo\\\/image\\\/\"},\"sameAs\":[\"https:\\\/\\\/www.facebook.com\\\/conexion23com\",\"https:\\\/\\\/www.instagram.com\\\/conexion23com\\\/\",\"https:\\\/\\\/www.youtube.com\\\/channel\\\/UCYc7vxxFZMYLIHNsHHxPZ3Q\"]},{\"@type\":\"Person\",\"@id\":\"https:\\\/\\\/conexion23.com\\\/#\\\/schema\\\/person\\\/c0b7ce1f0e7a915d08fa289072b8353a\",\"name\":\"Benjam\u00edn Rosario\",\"image\":{\"@type\":\"ImageObject\",\"inLanguage\":\"es\",\"@id\":\"https:\\\/\\\/secure.gravatar.com\\\/avatar\\\/62e1b2539b49cdeb50ee302e2a5f2bd31dc7fdba412bbac67e2a2a6e0c89bb2a?s=96&d=mm&r=g\",\"url\":\"https:\\\/\\\/secure.gravatar.com\\\/avatar\\\/62e1b2539b49cdeb50ee302e2a5f2bd31dc7fdba412bbac67e2a2a6e0c89bb2a?s=96&d=mm&r=g\",\"contentUrl\":\"https:\\\/\\\/secure.gravatar.com\\\/avatar\\\/62e1b2539b49cdeb50ee302e2a5f2bd31dc7fdba412bbac67e2a2a6e0c89bb2a?s=96&d=mm&r=g\",\"caption\":\"Benjam\u00edn Rosario\"},\"url\":\"https:\\\/\\\/conexion23.com\\\/?author=7\"}]}<\/script>\n<!-- \/ Yoast SEO plugin. -->","yoast_head_json":{"title":"Rep\u00fablica Dominicana ya tiene su primer embajador en Vietnam - Conexi\u00f3n 23","description":"Al recibir las cartas credenciales del embajador Jaime Yorquis Francisco Rodr\u00edguez en Han\u00f3i, el presidente\u00a0Nguy\u1ec5n Xu\u00e2n Ph\u00fac\u00a0salud\u00f3 el plan de ese pa\u00eds caribe\u00f1o de abrir la embajada en Vietnam.","robots":{"index":"index","follow":"follow","max-snippet":"max-snippet:-1","max-image-preview":"max-image-preview:large","max-video-preview":"max-video-preview:-1"},"canonical":"https:\/\/conexion23.com\/?p=4249","og_locale":"es_ES","og_type":"article","og_title":"Rep\u00fablica Dominicana ya tiene su primer embajador en Vietnam - Conexi\u00f3n 23","og_description":"Al recibir las cartas credenciales del embajador Jaime Yorquis Francisco Rodr\u00edguez en Han\u00f3i, el presidente\u00a0Nguy\u1ec5n Xu\u00e2n Ph\u00fac\u00a0salud\u00f3 el plan de ese pa\u00eds caribe\u00f1o de abrir la embajada en Vietnam.","og_url":"https:\/\/conexion23.com\/?p=4249","og_site_name":"Conexi\u00f3n 23","article_publisher":"https:\/\/www.facebook.com\/conexion23com","article_published_time":"2022-03-11T08:00:00+00:00","author":"Benjam\u00edn Rosario","twitter_card":"summary_large_image","twitter_misc":{"Escrito por":"Benjam\u00edn Rosario","Tiempo de lectura":"2 minutos"},"schema":{"@context":"https:\/\/schema.org","@graph":[{"@type":"Article","@id":"https:\/\/conexion23.com\/?p=4249#article","isPartOf":{"@id":"https:\/\/conexion23.com\/?p=4249"},"author":{"name":"Benjam\u00edn Rosario","@id":"https:\/\/conexion23.com\/#\/schema\/person\/c0b7ce1f0e7a915d08fa289072b8353a"},"headline":"Rep\u00fablica Dominicana ya tiene su primer embajador en Vietnam","datePublished":"2022-03-11T08:00:00+00:00","mainEntityOfPage":{"@id":"https:\/\/conexion23.com\/?p=4249"},"wordCount":479,"commentCount":0,"publisher":{"@id":"https:\/\/conexion23.com\/#organization"},"articleSection":["Uncategorized"],"inLanguage":"es","potentialAction":[{"@type":"CommentAction","name":"Comment","target":["https:\/\/conexion23.com\/?p=4249#respond"]}]},{"@type":"WebPage","@id":"https:\/\/conexion23.com\/?p=4249","url":"https:\/\/conexion23.com\/?p=4249","name":"Rep\u00fablica Dominicana ya tiene su primer embajador en Vietnam - Conexi\u00f3n 23","isPartOf":{"@id":"https:\/\/conexion23.com\/#website"},"datePublished":"2022-03-11T08:00:00+00:00","description":"Al recibir las cartas credenciales del embajador Jaime Yorquis Francisco Rodr\u00edguez en Han\u00f3i, el presidente\u00a0Nguy\u1ec5n Xu\u00e2n Ph\u00fac\u00a0salud\u00f3 el plan de ese pa\u00eds caribe\u00f1o de abrir la embajada en Vietnam.","breadcrumb":{"@id":"https:\/\/conexion23.com\/?p=4249#breadcrumb"},"inLanguage":"es","potentialAction":[{"@type":"ReadAction","target":["https:\/\/conexion23.com\/?p=4249"]}]},{"@type":"BreadcrumbList","@id":"https:\/\/conexion23.com\/?p=4249#breadcrumb","itemListElement":[{"@type":"ListItem","position":1,"name":"Portada","item":"https:\/\/conexion23.com\/"},{"@type":"ListItem","position":2,"name":"Rep\u00fablica Dominicana ya tiene su primer embajador en Vietnam"}]},{"@type":"WebSite","@id":"https:\/\/conexion23.com\/#website","url":"https:\/\/conexion23.com\/","name":"Conexi\u00f3n 23","description":"Peri\u00f3dico 100% Petromacorisano","publisher":{"@id":"https:\/\/conexion23.com\/#organization"},"potentialAction":[{"@type":"SearchAction","target":{"@type":"EntryPoint","urlTemplate":"https:\/\/conexion23.com\/?s={search_term_string}"},"query-input":{"@type":"PropertyValueSpecification","valueRequired":true,"valueName":"search_term_string"}}],"inLanguage":"es"},{"@type":"Organization","@id":"https:\/\/conexion23.com\/#organization","name":"Conexion 23","url":"https:\/\/conexion23.com\/","logo":{"@type":"ImageObject","inLanguage":"es","@id":"https:\/\/conexion23.com\/#\/schema\/logo\/image\/","url":"https:\/\/conexion23.com\/wp-content\/uploads\/2021\/11\/Diseno-sin-titulo-2.png","contentUrl":"https:\/\/conexion23.com\/wp-content\/uploads\/2021\/11\/Diseno-sin-titulo-2.png","width":541,"height":90,"caption":"Conexion 23"},"image":{"@id":"https:\/\/conexion23.com\/#\/schema\/logo\/image\/"},"sameAs":["https:\/\/www.facebook.com\/conexion23com","https:\/\/www.instagram.com\/conexion23com\/","https:\/\/www.youtube.com\/channel\/UCYc7vxxFZMYLIHNsHHxPZ3Q"]},{"@type":"Person","@id":"https:\/\/conexion23.com\/#\/schema\/person\/c0b7ce1f0e7a915d08fa289072b8353a","name":"Benjam\u00edn Rosario","image":{"@type":"ImageObject","inLanguage":"es","@id":"https:\/\/secure.gravatar.com\/avatar\/62e1b2539b49cdeb50ee302e2a5f2bd31dc7fdba412bbac67e2a2a6e0c89bb2a?s=96&d=mm&r=g","url":"https:\/\/secure.gravatar.com\/avatar\/62e1b2539b49cdeb50ee302e2a5f2bd31dc7fdba412bbac67e2a2a6e0c89bb2a?s=96&d=mm&r=g","contentUrl":"https:\/\/secure.gravatar.com\/avatar\/62e1b2539b49cdeb50ee302e2a5f2bd31dc7fdba412bbac67e2a2a6e0c89bb2a?s=96&d=mm&r=g","caption":"Benjam\u00edn Rosario"},"url":"https:\/\/conexion23.com\/?author=7"}]}},"_links":{"self":[{"href":"https:\/\/conexion23.com\/index.php?rest_route=\/wp\/v2\/posts\/4249","targetHints":{"allow":["GET"]}}],"collection":[{"href":"https:\/\/conexion23.com\/index.php?rest_route=\/wp\/v2\/posts"}],"about":[{"href":"https:\/\/conexion23.com\/index.php?rest_route=\/wp\/v2\/types\/post"}],"author":[{"embeddable":true,"href":"https:\/\/conexion23.com\/index.php?rest_route=\/wp\/v2\/users\/7"}],"replies":[{"embeddable":true,"href":"https:\/\/conexion23.com\/index.php?rest_route=%2Fwp%2Fv2%2Fcomments&post=4249"}],"version-history":[{"count":1,"href":"https:\/\/conexion23.com\/index.php?rest_route=\/wp\/v2\/posts\/4249\/revisions"}],"predecessor-version":[{"id":4251,"href":"https:\/\/conexion23.com\/index.php?rest_route=\/wp\/v2\/posts\/4249\/revisions\/4251"}],"wp:attachment":[{"href":"https:\/\/conexion23.com\/index.php?rest_route=%2Fwp%2Fv2%2Fmedia&parent=4249"}],"wp:term":[{"taxonomy":"category","embeddable":true,"href":"https:\/\/conexion23.com\/index.php?rest_route=%2Fwp%2Fv2%2Fcategories&post=4249"},{"taxonomy":"post_tag","embeddable":true,"href":"https:\/\/conexion23.com\/index.php?rest_route=%2Fwp%2Fv2%2Ftags&post=4249"}],"curies":[{"name":"wp","href":"https:\/\/api.w.org\/{rel}","templated":true}]}}