{"id":42530,"date":"2025-08-11T08:01:08","date_gmt":"2025-08-11T12:01:08","guid":{"rendered":"https:\/\/conexion23.com\/?p=42530"},"modified":"2025-08-11T08:01:32","modified_gmt":"2025-08-11T12:01:32","slug":"desmantelan-horno-de-carbon-ilegal-en-san-pedro-de-macoris-durante-operativos-ambientales","status":"publish","type":"post","link":"https:\/\/conexion23.com\/?p=42530","title":{"rendered":"Desmantelan horno de carb\u00f3n ilegal en San Pedro de Macor\u00eds durante operativos ambientales."},"content":{"rendered":"\n<p class=\"wp-block-paragraph\">Un horno para la producci\u00f3n ilegal de carb\u00f3n vegetal, con capacidad para 35 sacos, fue desmantelado en la comunidad Batey Buche de Puerco, como parte de los operativos simult\u00e1neos que desarrolla el Servicio Nacional de Protecci\u00f3n Ambiental (SENPA) junto al Ministerio de Medio Ambiente y otras autoridades en diferentes provincias del pa\u00eds.<\/p>\n\n\n\n<p class=\"wp-block-paragraph\">Las acciones, ejecutadas en coordinaci\u00f3n con fuerzas militares y autoridades locales, incluyeron incautaciones y detenciones por extracci\u00f3n ilegal de recursos naturales en zonas rurales y costeras.<\/p>\n\n\n\n<p class=\"wp-block-paragraph\">En otras intervenciones, en Restauraci\u00f3n, Dajab\u00f3n, fueron confiscados unos 3,500 pies de madera de pino criollo cortados de manera ilegal, mientras que en Jarabacoa, La Vega, se detuvo a un hombre que transportaba trozas de pino y roble sin la documentaci\u00f3n requerida.<\/p>\n\n\n\n<p class=\"wp-block-paragraph\">En El\u00edas Pi\u00f1a, un ciudadano haitiano fue arrestado tras ser sorprendido talando \u00e1rboles para fabricar carb\u00f3n vegetal.<\/p>\n\n\n\n<p class=\"wp-block-paragraph\">En ese mismo municipio y en otras provincias, fueron destruidos o incinerados hornos de carb\u00f3n: uno en La Ci\u00e9nega (Azua), con capacidad para 35 sacos; otro en Capotillo (Dajab\u00f3n), para 15 sacos; y uno m\u00e1s en Los Tabucos (El\u00edas Pi\u00f1a), con capacidad para 10 sacos.<\/p>\n\n\n\n<p class=\"wp-block-paragraph\">En Joba Arriba, Espaillat, cuatro personas fueron detenidas por extraer arena de manera ilegal en la ribera del r\u00edo Joba, y se retuvo una motocicleta trimotor usada para transportar el material.<\/p>\n\n\n\n<p class=\"wp-block-paragraph\">En Playa de Matanzas, Peravia, las autoridades incautaron 48 ejemplares de pez loro, especie en veda permanente, que fueron abandonados por el pescador al notar la presencia de los inspectores.<\/p>\n\n\n\n<p class=\"wp-block-paragraph\">Los operativos forman parte de los esfuerzos de SENPA y Medio Ambiente para hacer cumplir la Ley 64-00 sobre Medio Ambiente y Recursos Naturales, con el objetivo de proteger bosques, r\u00edos y fauna marina en todo el territorio nacional.<\/p>\n","protected":false},"excerpt":{"rendered":"<p>Un horno para la producci\u00f3n ilegal de carb\u00f3n vegetal, con capacidad para 35 sacos, fue desmantelado en la comunidad Batey Buche de Puerco, como parte de los operativos simult\u00e1neos que desarrolla el Servicio Nacional de Protecci\u00f3n Ambiental (SENPA) junto al Ministerio de Medio Ambiente y otras autoridades en diferentes provincias del pa\u00eds. Las acciones, ejecutadas [&hellip;]<\/p>\n","protected":false},"author":15,"featured_media":42531,"comment_status":"open","ping_status":"open","sticky":false,"template":"","format":"standard","meta":{"footnotes":""},"categories":[35],"tags":[],"class_list":["post-42530","post","type-post","status-publish","format-standard","has-post-thumbnail","category-spm"],"yoast_head":"<!-- This site is optimized with the Yoast SEO plugin v27.6 - https:\/\/yoast.com\/product\/yoast-seo-wordpress\/ -->\n<title>Desmantelan horno de carb\u00f3n ilegal en San Pedro de Macor\u00eds durante operativos ambientales. - Conexi\u00f3n 23<\/title>\n<meta name=\"robots\" content=\"index, follow, max-snippet:-1, max-image-preview:large, max-video-preview:-1\" \/>\n<link rel=\"canonical\" href=\"https:\/\/conexion23.com\/?p=42530\" \/>\n<meta property=\"og:locale\" content=\"es_ES\" \/>\n<meta property=\"og:type\" content=\"article\" \/>\n<meta property=\"og:title\" content=\"Desmantelan horno de carb\u00f3n ilegal en San Pedro de Macor\u00eds durante operativos ambientales. - Conexi\u00f3n 23\" \/>\n<meta property=\"og:description\" content=\"Un horno para la producci\u00f3n ilegal de carb\u00f3n vegetal, con capacidad para 35 sacos, fue desmantelado en la comunidad Batey Buche de Puerco, como parte de los operativos simult\u00e1neos que desarrolla el Servicio Nacional de Protecci\u00f3n Ambiental (SENPA) junto al Ministerio de Medio Ambiente y otras autoridades en diferentes provincias del pa\u00eds. Las acciones, ejecutadas [&hellip;]\" \/>\n<meta property=\"og:url\" content=\"https:\/\/conexion23.com\/?p=42530\" \/>\n<meta property=\"og:site_name\" content=\"Conexi\u00f3n 23\" \/>\n<meta property=\"article:publisher\" content=\"https:\/\/www.facebook.com\/conexion23com\" \/>\n<meta property=\"article:published_time\" content=\"2025-08-11T12:01:08+00:00\" \/>\n<meta property=\"article:modified_time\" content=\"2025-08-11T12:01:32+00:00\" \/>\n<meta property=\"og:image\" content=\"https:\/\/conexion23.com\/wp-content\/uploads\/2025\/08\/descarga-22.jpg\" \/>\n\t<meta property=\"og:image:width\" content=\"260\" \/>\n\t<meta property=\"og:image:height\" content=\"194\" \/>\n\t<meta property=\"og:image:type\" content=\"image\/jpeg\" \/>\n<meta name=\"author\" content=\"Raffy Ben\u00edtez\" \/>\n<meta name=\"twitter:card\" content=\"summary_large_image\" \/>\n<meta name=\"twitter:label1\" content=\"Escrito por\" \/>\n\t<meta name=\"twitter:data1\" content=\"Raffy Ben\u00edtez\" \/>\n\t<meta name=\"twitter:label2\" content=\"Tiempo de lectura\" \/>\n\t<meta name=\"twitter:data2\" content=\"2 minutos\" \/>\n<script type=\"application\/ld+json\" class=\"yoast-schema-graph\">{\"@context\":\"https:\\\/\\\/schema.org\",\"@graph\":[{\"@type\":\"Article\",\"@id\":\"https:\\\/\\\/conexion23.com\\\/?p=42530#article\",\"isPartOf\":{\"@id\":\"https:\\\/\\\/conexion23.com\\\/?p=42530\"},\"author\":{\"name\":\"Raffy Ben\u00edtez\",\"@id\":\"http:\\\/\\\/conexion23.com\\\/#\\\/schema\\\/person\\\/03e36043331117e97a373299bbcd30a6\"},\"headline\":\"Desmantelan horno de carb\u00f3n ilegal en San Pedro de Macor\u00eds durante operativos ambientales.\",\"datePublished\":\"2025-08-11T12:01:08+00:00\",\"dateModified\":\"2025-08-11T12:01:32+00:00\",\"mainEntityOfPage\":{\"@id\":\"https:\\\/\\\/conexion23.com\\\/?p=42530\"},\"wordCount\":312,\"commentCount\":0,\"publisher\":{\"@id\":\"http:\\\/\\\/conexion23.com\\\/#organization\"},\"image\":{\"@id\":\"https:\\\/\\\/conexion23.com\\\/?p=42530#primaryimage\"},\"thumbnailUrl\":\"https:\\\/\\\/conexion23.com\\\/wp-content\\\/uploads\\\/2025\\\/08\\\/descarga-22.jpg\",\"articleSection\":[\"SPM\"],\"inLanguage\":\"es\",\"potentialAction\":[{\"@type\":\"CommentAction\",\"name\":\"Comment\",\"target\":[\"https:\\\/\\\/conexion23.com\\\/?p=42530#respond\"]}]},{\"@type\":\"WebPage\",\"@id\":\"https:\\\/\\\/conexion23.com\\\/?p=42530\",\"url\":\"https:\\\/\\\/conexion23.com\\\/?p=42530\",\"name\":\"Desmantelan horno de carb\u00f3n ilegal en San Pedro de Macor\u00eds durante operativos ambientales. - Conexi\u00f3n 23\",\"isPartOf\":{\"@id\":\"http:\\\/\\\/conexion23.com\\\/#website\"},\"primaryImageOfPage\":{\"@id\":\"https:\\\/\\\/conexion23.com\\\/?p=42530#primaryimage\"},\"image\":{\"@id\":\"https:\\\/\\\/conexion23.com\\\/?p=42530#primaryimage\"},\"thumbnailUrl\":\"https:\\\/\\\/conexion23.com\\\/wp-content\\\/uploads\\\/2025\\\/08\\\/descarga-22.jpg\",\"datePublished\":\"2025-08-11T12:01:08+00:00\",\"dateModified\":\"2025-08-11T12:01:32+00:00\",\"breadcrumb\":{\"@id\":\"https:\\\/\\\/conexion23.com\\\/?p=42530#breadcrumb\"},\"inLanguage\":\"es\",\"potentialAction\":[{\"@type\":\"ReadAction\",\"target\":[\"https:\\\/\\\/conexion23.com\\\/?p=42530\"]}]},{\"@type\":\"ImageObject\",\"inLanguage\":\"es\",\"@id\":\"https:\\\/\\\/conexion23.com\\\/?p=42530#primaryimage\",\"url\":\"https:\\\/\\\/conexion23.com\\\/wp-content\\\/uploads\\\/2025\\\/08\\\/descarga-22.jpg\",\"contentUrl\":\"https:\\\/\\\/conexion23.com\\\/wp-content\\\/uploads\\\/2025\\\/08\\\/descarga-22.jpg\",\"width\":260,\"height\":194},{\"@type\":\"BreadcrumbList\",\"@id\":\"https:\\\/\\\/conexion23.com\\\/?p=42530#breadcrumb\",\"itemListElement\":[{\"@type\":\"ListItem\",\"position\":1,\"name\":\"Portada\",\"item\":\"http:\\\/\\\/conexion23.com\\\/\"},{\"@type\":\"ListItem\",\"position\":2,\"name\":\"Desmantelan horno de carb\u00f3n ilegal en San Pedro de Macor\u00eds durante operativos ambientales.\"}]},{\"@type\":\"WebSite\",\"@id\":\"http:\\\/\\\/conexion23.com\\\/#website\",\"url\":\"http:\\\/\\\/conexion23.com\\\/\",\"name\":\"Conexi\u00f3n 23\",\"description\":\"Peri\u00f3dico 100% Petromacorisano\",\"publisher\":{\"@id\":\"http:\\\/\\\/conexion23.com\\\/#organization\"},\"potentialAction\":[{\"@type\":\"SearchAction\",\"target\":{\"@type\":\"EntryPoint\",\"urlTemplate\":\"http:\\\/\\\/conexion23.com\\\/?s={search_term_string}\"},\"query-input\":{\"@type\":\"PropertyValueSpecification\",\"valueRequired\":true,\"valueName\":\"search_term_string\"}}],\"inLanguage\":\"es\"},{\"@type\":\"Organization\",\"@id\":\"http:\\\/\\\/conexion23.com\\\/#organization\",\"name\":\"Conexion 23\",\"url\":\"http:\\\/\\\/conexion23.com\\\/\",\"logo\":{\"@type\":\"ImageObject\",\"inLanguage\":\"es\",\"@id\":\"http:\\\/\\\/conexion23.com\\\/#\\\/schema\\\/logo\\\/image\\\/\",\"url\":\"https:\\\/\\\/conexion23.com\\\/wp-content\\\/uploads\\\/2021\\\/11\\\/Diseno-sin-titulo-2.png\",\"contentUrl\":\"https:\\\/\\\/conexion23.com\\\/wp-content\\\/uploads\\\/2021\\\/11\\\/Diseno-sin-titulo-2.png\",\"width\":541,\"height\":90,\"caption\":\"Conexion 23\"},\"image\":{\"@id\":\"http:\\\/\\\/conexion23.com\\\/#\\\/schema\\\/logo\\\/image\\\/\"},\"sameAs\":[\"https:\\\/\\\/www.facebook.com\\\/conexion23com\",\"https:\\\/\\\/www.instagram.com\\\/conexion23com\\\/\",\"https:\\\/\\\/www.youtube.com\\\/channel\\\/UCYc7vxxFZMYLIHNsHHxPZ3Q\"]},{\"@type\":\"Person\",\"@id\":\"http:\\\/\\\/conexion23.com\\\/#\\\/schema\\\/person\\\/03e36043331117e97a373299bbcd30a6\",\"name\":\"Raffy Ben\u00edtez\",\"image\":{\"@type\":\"ImageObject\",\"inLanguage\":\"es\",\"@id\":\"https:\\\/\\\/secure.gravatar.com\\\/avatar\\\/3190a6a6c5e1b0327500f7d6c56b6242472ee6cb974cf09b401ee6b3b0798f23?s=96&d=mm&r=g\",\"url\":\"https:\\\/\\\/secure.gravatar.com\\\/avatar\\\/3190a6a6c5e1b0327500f7d6c56b6242472ee6cb974cf09b401ee6b3b0798f23?s=96&d=mm&r=g\",\"contentUrl\":\"https:\\\/\\\/secure.gravatar.com\\\/avatar\\\/3190a6a6c5e1b0327500f7d6c56b6242472ee6cb974cf09b401ee6b3b0798f23?s=96&d=mm&r=g\",\"caption\":\"Raffy Ben\u00edtez\"},\"url\":\"https:\\\/\\\/conexion23.com\\\/?author=15\"}]}<\/script>\n<!-- \/ Yoast SEO plugin. -->","yoast_head_json":{"title":"Desmantelan horno de carb\u00f3n ilegal en San Pedro de Macor\u00eds durante operativos ambientales. - Conexi\u00f3n 23","robots":{"index":"index","follow":"follow","max-snippet":"max-snippet:-1","max-image-preview":"max-image-preview:large","max-video-preview":"max-video-preview:-1"},"canonical":"https:\/\/conexion23.com\/?p=42530","og_locale":"es_ES","og_type":"article","og_title":"Desmantelan horno de carb\u00f3n ilegal en San Pedro de Macor\u00eds durante operativos ambientales. - Conexi\u00f3n 23","og_description":"Un horno para la producci\u00f3n ilegal de carb\u00f3n vegetal, con capacidad para 35 sacos, fue desmantelado en la comunidad Batey Buche de Puerco, como parte de los operativos simult\u00e1neos que desarrolla el Servicio Nacional de Protecci\u00f3n Ambiental (SENPA) junto al Ministerio de Medio Ambiente y otras autoridades en diferentes provincias del pa\u00eds. Las acciones, ejecutadas [&hellip;]","og_url":"https:\/\/conexion23.com\/?p=42530","og_site_name":"Conexi\u00f3n 23","article_publisher":"https:\/\/www.facebook.com\/conexion23com","article_published_time":"2025-08-11T12:01:08+00:00","article_modified_time":"2025-08-11T12:01:32+00:00","og_image":[{"width":260,"height":194,"url":"https:\/\/conexion23.com\/wp-content\/uploads\/2025\/08\/descarga-22.jpg","type":"image\/jpeg"}],"author":"Raffy Ben\u00edtez","twitter_card":"summary_large_image","twitter_misc":{"Escrito por":"Raffy Ben\u00edtez","Tiempo de lectura":"2 minutos"},"schema":{"@context":"https:\/\/schema.org","@graph":[{"@type":"Article","@id":"https:\/\/conexion23.com\/?p=42530#article","isPartOf":{"@id":"https:\/\/conexion23.com\/?p=42530"},"author":{"name":"Raffy Ben\u00edtez","@id":"http:\/\/conexion23.com\/#\/schema\/person\/03e36043331117e97a373299bbcd30a6"},"headline":"Desmantelan horno de carb\u00f3n ilegal en San Pedro de Macor\u00eds durante operativos ambientales.","datePublished":"2025-08-11T12:01:08+00:00","dateModified":"2025-08-11T12:01:32+00:00","mainEntityOfPage":{"@id":"https:\/\/conexion23.com\/?p=42530"},"wordCount":312,"commentCount":0,"publisher":{"@id":"http:\/\/conexion23.com\/#organization"},"image":{"@id":"https:\/\/conexion23.com\/?p=42530#primaryimage"},"thumbnailUrl":"https:\/\/conexion23.com\/wp-content\/uploads\/2025\/08\/descarga-22.jpg","articleSection":["SPM"],"inLanguage":"es","potentialAction":[{"@type":"CommentAction","name":"Comment","target":["https:\/\/conexion23.com\/?p=42530#respond"]}]},{"@type":"WebPage","@id":"https:\/\/conexion23.com\/?p=42530","url":"https:\/\/conexion23.com\/?p=42530","name":"Desmantelan horno de carb\u00f3n ilegal en San Pedro de Macor\u00eds durante operativos ambientales. - Conexi\u00f3n 23","isPartOf":{"@id":"http:\/\/conexion23.com\/#website"},"primaryImageOfPage":{"@id":"https:\/\/conexion23.com\/?p=42530#primaryimage"},"image":{"@id":"https:\/\/conexion23.com\/?p=42530#primaryimage"},"thumbnailUrl":"https:\/\/conexion23.com\/wp-content\/uploads\/2025\/08\/descarga-22.jpg","datePublished":"2025-08-11T12:01:08+00:00","dateModified":"2025-08-11T12:01:32+00:00","breadcrumb":{"@id":"https:\/\/conexion23.com\/?p=42530#breadcrumb"},"inLanguage":"es","potentialAction":[{"@type":"ReadAction","target":["https:\/\/conexion23.com\/?p=42530"]}]},{"@type":"ImageObject","inLanguage":"es","@id":"https:\/\/conexion23.com\/?p=42530#primaryimage","url":"https:\/\/conexion23.com\/wp-content\/uploads\/2025\/08\/descarga-22.jpg","contentUrl":"https:\/\/conexion23.com\/wp-content\/uploads\/2025\/08\/descarga-22.jpg","width":260,"height":194},{"@type":"BreadcrumbList","@id":"https:\/\/conexion23.com\/?p=42530#breadcrumb","itemListElement":[{"@type":"ListItem","position":1,"name":"Portada","item":"http:\/\/conexion23.com\/"},{"@type":"ListItem","position":2,"name":"Desmantelan horno de carb\u00f3n ilegal en San Pedro de Macor\u00eds durante operativos ambientales."}]},{"@type":"WebSite","@id":"http:\/\/conexion23.com\/#website","url":"http:\/\/conexion23.com\/","name":"Conexi\u00f3n 23","description":"Peri\u00f3dico 100% Petromacorisano","publisher":{"@id":"http:\/\/conexion23.com\/#organization"},"potentialAction":[{"@type":"SearchAction","target":{"@type":"EntryPoint","urlTemplate":"http:\/\/conexion23.com\/?s={search_term_string}"},"query-input":{"@type":"PropertyValueSpecification","valueRequired":true,"valueName":"search_term_string"}}],"inLanguage":"es"},{"@type":"Organization","@id":"http:\/\/conexion23.com\/#organization","name":"Conexion 23","url":"http:\/\/conexion23.com\/","logo":{"@type":"ImageObject","inLanguage":"es","@id":"http:\/\/conexion23.com\/#\/schema\/logo\/image\/","url":"https:\/\/conexion23.com\/wp-content\/uploads\/2021\/11\/Diseno-sin-titulo-2.png","contentUrl":"https:\/\/conexion23.com\/wp-content\/uploads\/2021\/11\/Diseno-sin-titulo-2.png","width":541,"height":90,"caption":"Conexion 23"},"image":{"@id":"http:\/\/conexion23.com\/#\/schema\/logo\/image\/"},"sameAs":["https:\/\/www.facebook.com\/conexion23com","https:\/\/www.instagram.com\/conexion23com\/","https:\/\/www.youtube.com\/channel\/UCYc7vxxFZMYLIHNsHHxPZ3Q"]},{"@type":"Person","@id":"http:\/\/conexion23.com\/#\/schema\/person\/03e36043331117e97a373299bbcd30a6","name":"Raffy Ben\u00edtez","image":{"@type":"ImageObject","inLanguage":"es","@id":"https:\/\/secure.gravatar.com\/avatar\/3190a6a6c5e1b0327500f7d6c56b6242472ee6cb974cf09b401ee6b3b0798f23?s=96&d=mm&r=g","url":"https:\/\/secure.gravatar.com\/avatar\/3190a6a6c5e1b0327500f7d6c56b6242472ee6cb974cf09b401ee6b3b0798f23?s=96&d=mm&r=g","contentUrl":"https:\/\/secure.gravatar.com\/avatar\/3190a6a6c5e1b0327500f7d6c56b6242472ee6cb974cf09b401ee6b3b0798f23?s=96&d=mm&r=g","caption":"Raffy Ben\u00edtez"},"url":"https:\/\/conexion23.com\/?author=15"}]}},"_links":{"self":[{"href":"https:\/\/conexion23.com\/index.php?rest_route=\/wp\/v2\/posts\/42530","targetHints":{"allow":["GET"]}}],"collection":[{"href":"https:\/\/conexion23.com\/index.php?rest_route=\/wp\/v2\/posts"}],"about":[{"href":"https:\/\/conexion23.com\/index.php?rest_route=\/wp\/v2\/types\/post"}],"author":[{"embeddable":true,"href":"https:\/\/conexion23.com\/index.php?rest_route=\/wp\/v2\/users\/15"}],"replies":[{"embeddable":true,"href":"https:\/\/conexion23.com\/index.php?rest_route=%2Fwp%2Fv2%2Fcomments&post=42530"}],"version-history":[{"count":1,"href":"https:\/\/conexion23.com\/index.php?rest_route=\/wp\/v2\/posts\/42530\/revisions"}],"predecessor-version":[{"id":42532,"href":"https:\/\/conexion23.com\/index.php?rest_route=\/wp\/v2\/posts\/42530\/revisions\/42532"}],"wp:featuredmedia":[{"embeddable":true,"href":"https:\/\/conexion23.com\/index.php?rest_route=\/wp\/v2\/media\/42531"}],"wp:attachment":[{"href":"https:\/\/conexion23.com\/index.php?rest_route=%2Fwp%2Fv2%2Fmedia&parent=42530"}],"wp:term":[{"taxonomy":"category","embeddable":true,"href":"https:\/\/conexion23.com\/index.php?rest_route=%2Fwp%2Fv2%2Fcategories&post=42530"},{"taxonomy":"post_tag","embeddable":true,"href":"https:\/\/conexion23.com\/index.php?rest_route=%2Fwp%2Fv2%2Ftags&post=42530"}],"curies":[{"name":"wp","href":"https:\/\/api.w.org\/{rel}","templated":true}]}}