{"id":42539,"date":"2025-08-11T08:16:45","date_gmt":"2025-08-11T12:16:45","guid":{"rendered":"https:\/\/conexion23.com\/?p=42539"},"modified":"2025-08-11T08:16:50","modified_gmt":"2025-08-11T12:16:50","slug":"feria-ganadera-agani-2025-impulsa-el-desarrollo-agropecuario-en-el-este","status":"publish","type":"post","link":"https:\/\/conexion23.com\/?p=42539","title":{"rendered":"Feria Ganadera AGANI 2025 impulsa el desarrollo agropecuario en el Este."},"content":{"rendered":"\n<p class=\"wp-block-paragraph\">Con el corte de cinta encabezado por autoridades nacionales y locales, la Feria Ganadera AGANI 2025 abri\u00f3 sus puertas este viernes en los corrales de La Otra Banda, consolid\u00e1ndose como el evento agropecuario m\u00e1s importante del Este del pa\u00eds.<\/p>\n\n\n\n<p class=\"wp-block-paragraph\">La actividad, que se celebrar\u00e1 del 8 al 17 de agosto, reune a productores, comerciantes y visitantes en un espacio destinado a promover la calidad de la ganader\u00eda y fomentar el intercambio comercial.<\/p>\n\n\n\n<p class=\"wp-block-paragraph\">El acto inaugural estuvo encabezado por el presidente de la Asociaci\u00f3n de Ganaderos de Nisib\u00f3n, Pedro Castillo, con la participaci\u00f3n del ministro de Agricultura, Limber Cruz L\u00f3pez, la gobernadora de La Altagracia, Daysi De Oleo y el vicealcalde Pablo \u00c1vila, en representaci\u00f3n de la alcaldesa Karina Aristy.<\/p>\n\n\n\n<p class=\"wp-block-paragraph\">Durante la ceremonia, el ministro de Agricultura destac\u00f3 la fortaleza del sector ganadero en la regi\u00f3n y reiter\u00f3 el compromiso del Gobierno con su crecimiento, resaltando la importancia de generar condiciones para el desarrollo sostenible y competitivo de la producci\u00f3n nacional.<\/p>\n","protected":false},"excerpt":{"rendered":"<p>Con el corte de cinta encabezado por autoridades nacionales y locales, la Feria Ganadera AGANI 2025 abri\u00f3 sus puertas este viernes en los corrales de La Otra Banda, consolid\u00e1ndose como el evento agropecuario m\u00e1s importante del Este del pa\u00eds. La actividad, que se celebrar\u00e1 del 8 al 17 de agosto, reune a productores, comerciantes y [&hellip;]<\/p>\n","protected":false},"author":15,"featured_media":42540,"comment_status":"open","ping_status":"open","sticky":false,"template":"","format":"standard","meta":{"footnotes":""},"categories":[2474],"tags":[],"class_list":["post-42539","post","type-post","status-publish","format-standard","has-post-thumbnail","category-la-altagracia"],"yoast_head":"<!-- This site is optimized with the Yoast SEO plugin v27.6 - https:\/\/yoast.com\/product\/yoast-seo-wordpress\/ -->\n<title>Feria Ganadera AGANI 2025 impulsa el desarrollo agropecuario en el Este. - Conexi\u00f3n 23<\/title>\n<meta name=\"robots\" content=\"index, follow, max-snippet:-1, max-image-preview:large, max-video-preview:-1\" \/>\n<link rel=\"canonical\" href=\"https:\/\/conexion23.com\/?p=42539\" \/>\n<meta property=\"og:locale\" content=\"es_ES\" \/>\n<meta property=\"og:type\" content=\"article\" \/>\n<meta property=\"og:title\" content=\"Feria Ganadera AGANI 2025 impulsa el desarrollo agropecuario en el Este. - Conexi\u00f3n 23\" \/>\n<meta property=\"og:description\" content=\"Con el corte de cinta encabezado por autoridades nacionales y locales, la Feria Ganadera AGANI 2025 abri\u00f3 sus puertas este viernes en los corrales de La Otra Banda, consolid\u00e1ndose como el evento agropecuario m\u00e1s importante del Este del pa\u00eds. La actividad, que se celebrar\u00e1 del 8 al 17 de agosto, reune a productores, comerciantes y [&hellip;]\" \/>\n<meta property=\"og:url\" content=\"https:\/\/conexion23.com\/?p=42539\" \/>\n<meta property=\"og:site_name\" content=\"Conexi\u00f3n 23\" \/>\n<meta property=\"article:publisher\" content=\"https:\/\/www.facebook.com\/conexion23com\" \/>\n<meta property=\"article:published_time\" content=\"2025-08-11T12:16:45+00:00\" \/>\n<meta property=\"article:modified_time\" content=\"2025-08-11T12:16:50+00:00\" \/>\n<meta property=\"og:image\" content=\"https:\/\/conexion23.com\/wp-content\/uploads\/2025\/08\/descarga-2-4.jpg\" \/>\n\t<meta property=\"og:image:width\" content=\"275\" \/>\n\t<meta property=\"og:image:height\" content=\"183\" \/>\n\t<meta property=\"og:image:type\" content=\"image\/jpeg\" \/>\n<meta name=\"author\" content=\"Raffy Ben\u00edtez\" \/>\n<meta name=\"twitter:card\" content=\"summary_large_image\" \/>\n<meta name=\"twitter:label1\" content=\"Escrito por\" \/>\n\t<meta name=\"twitter:data1\" content=\"Raffy Ben\u00edtez\" \/>\n\t<meta name=\"twitter:label2\" content=\"Tiempo de lectura\" \/>\n\t<meta name=\"twitter:data2\" content=\"1 minuto\" \/>\n<script type=\"application\/ld+json\" class=\"yoast-schema-graph\">{\"@context\":\"https:\\\/\\\/schema.org\",\"@graph\":[{\"@type\":\"Article\",\"@id\":\"https:\\\/\\\/conexion23.com\\\/?p=42539#article\",\"isPartOf\":{\"@id\":\"https:\\\/\\\/conexion23.com\\\/?p=42539\"},\"author\":{\"name\":\"Raffy Ben\u00edtez\",\"@id\":\"http:\\\/\\\/conexion23.com\\\/#\\\/schema\\\/person\\\/03e36043331117e97a373299bbcd30a6\"},\"headline\":\"Feria Ganadera AGANI 2025 impulsa el desarrollo agropecuario en el Este.\",\"datePublished\":\"2025-08-11T12:16:45+00:00\",\"dateModified\":\"2025-08-11T12:16:50+00:00\",\"mainEntityOfPage\":{\"@id\":\"https:\\\/\\\/conexion23.com\\\/?p=42539\"},\"wordCount\":178,\"commentCount\":0,\"publisher\":{\"@id\":\"http:\\\/\\\/conexion23.com\\\/#organization\"},\"image\":{\"@id\":\"https:\\\/\\\/conexion23.com\\\/?p=42539#primaryimage\"},\"thumbnailUrl\":\"https:\\\/\\\/conexion23.com\\\/wp-content\\\/uploads\\\/2025\\\/08\\\/descarga-2-4.jpg\",\"articleSection\":[\"La Altagracia\"],\"inLanguage\":\"es\",\"potentialAction\":[{\"@type\":\"CommentAction\",\"name\":\"Comment\",\"target\":[\"https:\\\/\\\/conexion23.com\\\/?p=42539#respond\"]}]},{\"@type\":\"WebPage\",\"@id\":\"https:\\\/\\\/conexion23.com\\\/?p=42539\",\"url\":\"https:\\\/\\\/conexion23.com\\\/?p=42539\",\"name\":\"Feria Ganadera AGANI 2025 impulsa el desarrollo agropecuario en el Este. - Conexi\u00f3n 23\",\"isPartOf\":{\"@id\":\"http:\\\/\\\/conexion23.com\\\/#website\"},\"primaryImageOfPage\":{\"@id\":\"https:\\\/\\\/conexion23.com\\\/?p=42539#primaryimage\"},\"image\":{\"@id\":\"https:\\\/\\\/conexion23.com\\\/?p=42539#primaryimage\"},\"thumbnailUrl\":\"https:\\\/\\\/conexion23.com\\\/wp-content\\\/uploads\\\/2025\\\/08\\\/descarga-2-4.jpg\",\"datePublished\":\"2025-08-11T12:16:45+00:00\",\"dateModified\":\"2025-08-11T12:16:50+00:00\",\"breadcrumb\":{\"@id\":\"https:\\\/\\\/conexion23.com\\\/?p=42539#breadcrumb\"},\"inLanguage\":\"es\",\"potentialAction\":[{\"@type\":\"ReadAction\",\"target\":[\"https:\\\/\\\/conexion23.com\\\/?p=42539\"]}]},{\"@type\":\"ImageObject\",\"inLanguage\":\"es\",\"@id\":\"https:\\\/\\\/conexion23.com\\\/?p=42539#primaryimage\",\"url\":\"https:\\\/\\\/conexion23.com\\\/wp-content\\\/uploads\\\/2025\\\/08\\\/descarga-2-4.jpg\",\"contentUrl\":\"https:\\\/\\\/conexion23.com\\\/wp-content\\\/uploads\\\/2025\\\/08\\\/descarga-2-4.jpg\",\"width\":275,\"height\":183},{\"@type\":\"BreadcrumbList\",\"@id\":\"https:\\\/\\\/conexion23.com\\\/?p=42539#breadcrumb\",\"itemListElement\":[{\"@type\":\"ListItem\",\"position\":1,\"name\":\"Portada\",\"item\":\"http:\\\/\\\/conexion23.com\\\/\"},{\"@type\":\"ListItem\",\"position\":2,\"name\":\"Feria Ganadera AGANI 2025 impulsa el desarrollo agropecuario en el Este.\"}]},{\"@type\":\"WebSite\",\"@id\":\"http:\\\/\\\/conexion23.com\\\/#website\",\"url\":\"http:\\\/\\\/conexion23.com\\\/\",\"name\":\"Conexi\u00f3n 23\",\"description\":\"Peri\u00f3dico 100% Petromacorisano\",\"publisher\":{\"@id\":\"http:\\\/\\\/conexion23.com\\\/#organization\"},\"potentialAction\":[{\"@type\":\"SearchAction\",\"target\":{\"@type\":\"EntryPoint\",\"urlTemplate\":\"http:\\\/\\\/conexion23.com\\\/?s={search_term_string}\"},\"query-input\":{\"@type\":\"PropertyValueSpecification\",\"valueRequired\":true,\"valueName\":\"search_term_string\"}}],\"inLanguage\":\"es\"},{\"@type\":\"Organization\",\"@id\":\"http:\\\/\\\/conexion23.com\\\/#organization\",\"name\":\"Conexion 23\",\"url\":\"http:\\\/\\\/conexion23.com\\\/\",\"logo\":{\"@type\":\"ImageObject\",\"inLanguage\":\"es\",\"@id\":\"http:\\\/\\\/conexion23.com\\\/#\\\/schema\\\/logo\\\/image\\\/\",\"url\":\"https:\\\/\\\/conexion23.com\\\/wp-content\\\/uploads\\\/2021\\\/11\\\/Diseno-sin-titulo-2.png\",\"contentUrl\":\"https:\\\/\\\/conexion23.com\\\/wp-content\\\/uploads\\\/2021\\\/11\\\/Diseno-sin-titulo-2.png\",\"width\":541,\"height\":90,\"caption\":\"Conexion 23\"},\"image\":{\"@id\":\"http:\\\/\\\/conexion23.com\\\/#\\\/schema\\\/logo\\\/image\\\/\"},\"sameAs\":[\"https:\\\/\\\/www.facebook.com\\\/conexion23com\",\"https:\\\/\\\/www.instagram.com\\\/conexion23com\\\/\",\"https:\\\/\\\/www.youtube.com\\\/channel\\\/UCYc7vxxFZMYLIHNsHHxPZ3Q\"]},{\"@type\":\"Person\",\"@id\":\"http:\\\/\\\/conexion23.com\\\/#\\\/schema\\\/person\\\/03e36043331117e97a373299bbcd30a6\",\"name\":\"Raffy Ben\u00edtez\",\"image\":{\"@type\":\"ImageObject\",\"inLanguage\":\"es\",\"@id\":\"https:\\\/\\\/secure.gravatar.com\\\/avatar\\\/3190a6a6c5e1b0327500f7d6c56b6242472ee6cb974cf09b401ee6b3b0798f23?s=96&d=mm&r=g\",\"url\":\"https:\\\/\\\/secure.gravatar.com\\\/avatar\\\/3190a6a6c5e1b0327500f7d6c56b6242472ee6cb974cf09b401ee6b3b0798f23?s=96&d=mm&r=g\",\"contentUrl\":\"https:\\\/\\\/secure.gravatar.com\\\/avatar\\\/3190a6a6c5e1b0327500f7d6c56b6242472ee6cb974cf09b401ee6b3b0798f23?s=96&d=mm&r=g\",\"caption\":\"Raffy Ben\u00edtez\"},\"url\":\"https:\\\/\\\/conexion23.com\\\/?author=15\"}]}<\/script>\n<!-- \/ Yoast SEO plugin. -->","yoast_head_json":{"title":"Feria Ganadera AGANI 2025 impulsa el desarrollo agropecuario en el Este. - Conexi\u00f3n 23","robots":{"index":"index","follow":"follow","max-snippet":"max-snippet:-1","max-image-preview":"max-image-preview:large","max-video-preview":"max-video-preview:-1"},"canonical":"https:\/\/conexion23.com\/?p=42539","og_locale":"es_ES","og_type":"article","og_title":"Feria Ganadera AGANI 2025 impulsa el desarrollo agropecuario en el Este. - Conexi\u00f3n 23","og_description":"Con el corte de cinta encabezado por autoridades nacionales y locales, la Feria Ganadera AGANI 2025 abri\u00f3 sus puertas este viernes en los corrales de La Otra Banda, consolid\u00e1ndose como el evento agropecuario m\u00e1s importante del Este del pa\u00eds. La actividad, que se celebrar\u00e1 del 8 al 17 de agosto, reune a productores, comerciantes y [&hellip;]","og_url":"https:\/\/conexion23.com\/?p=42539","og_site_name":"Conexi\u00f3n 23","article_publisher":"https:\/\/www.facebook.com\/conexion23com","article_published_time":"2025-08-11T12:16:45+00:00","article_modified_time":"2025-08-11T12:16:50+00:00","og_image":[{"width":275,"height":183,"url":"https:\/\/conexion23.com\/wp-content\/uploads\/2025\/08\/descarga-2-4.jpg","type":"image\/jpeg"}],"author":"Raffy Ben\u00edtez","twitter_card":"summary_large_image","twitter_misc":{"Escrito por":"Raffy Ben\u00edtez","Tiempo de lectura":"1 minuto"},"schema":{"@context":"https:\/\/schema.org","@graph":[{"@type":"Article","@id":"https:\/\/conexion23.com\/?p=42539#article","isPartOf":{"@id":"https:\/\/conexion23.com\/?p=42539"},"author":{"name":"Raffy Ben\u00edtez","@id":"http:\/\/conexion23.com\/#\/schema\/person\/03e36043331117e97a373299bbcd30a6"},"headline":"Feria Ganadera AGANI 2025 impulsa el desarrollo agropecuario en el Este.","datePublished":"2025-08-11T12:16:45+00:00","dateModified":"2025-08-11T12:16:50+00:00","mainEntityOfPage":{"@id":"https:\/\/conexion23.com\/?p=42539"},"wordCount":178,"commentCount":0,"publisher":{"@id":"http:\/\/conexion23.com\/#organization"},"image":{"@id":"https:\/\/conexion23.com\/?p=42539#primaryimage"},"thumbnailUrl":"https:\/\/conexion23.com\/wp-content\/uploads\/2025\/08\/descarga-2-4.jpg","articleSection":["La Altagracia"],"inLanguage":"es","potentialAction":[{"@type":"CommentAction","name":"Comment","target":["https:\/\/conexion23.com\/?p=42539#respond"]}]},{"@type":"WebPage","@id":"https:\/\/conexion23.com\/?p=42539","url":"https:\/\/conexion23.com\/?p=42539","name":"Feria Ganadera AGANI 2025 impulsa el desarrollo agropecuario en el Este. - Conexi\u00f3n 23","isPartOf":{"@id":"http:\/\/conexion23.com\/#website"},"primaryImageOfPage":{"@id":"https:\/\/conexion23.com\/?p=42539#primaryimage"},"image":{"@id":"https:\/\/conexion23.com\/?p=42539#primaryimage"},"thumbnailUrl":"https:\/\/conexion23.com\/wp-content\/uploads\/2025\/08\/descarga-2-4.jpg","datePublished":"2025-08-11T12:16:45+00:00","dateModified":"2025-08-11T12:16:50+00:00","breadcrumb":{"@id":"https:\/\/conexion23.com\/?p=42539#breadcrumb"},"inLanguage":"es","potentialAction":[{"@type":"ReadAction","target":["https:\/\/conexion23.com\/?p=42539"]}]},{"@type":"ImageObject","inLanguage":"es","@id":"https:\/\/conexion23.com\/?p=42539#primaryimage","url":"https:\/\/conexion23.com\/wp-content\/uploads\/2025\/08\/descarga-2-4.jpg","contentUrl":"https:\/\/conexion23.com\/wp-content\/uploads\/2025\/08\/descarga-2-4.jpg","width":275,"height":183},{"@type":"BreadcrumbList","@id":"https:\/\/conexion23.com\/?p=42539#breadcrumb","itemListElement":[{"@type":"ListItem","position":1,"name":"Portada","item":"http:\/\/conexion23.com\/"},{"@type":"ListItem","position":2,"name":"Feria Ganadera AGANI 2025 impulsa el desarrollo agropecuario en el Este."}]},{"@type":"WebSite","@id":"http:\/\/conexion23.com\/#website","url":"http:\/\/conexion23.com\/","name":"Conexi\u00f3n 23","description":"Peri\u00f3dico 100% Petromacorisano","publisher":{"@id":"http:\/\/conexion23.com\/#organization"},"potentialAction":[{"@type":"SearchAction","target":{"@type":"EntryPoint","urlTemplate":"http:\/\/conexion23.com\/?s={search_term_string}"},"query-input":{"@type":"PropertyValueSpecification","valueRequired":true,"valueName":"search_term_string"}}],"inLanguage":"es"},{"@type":"Organization","@id":"http:\/\/conexion23.com\/#organization","name":"Conexion 23","url":"http:\/\/conexion23.com\/","logo":{"@type":"ImageObject","inLanguage":"es","@id":"http:\/\/conexion23.com\/#\/schema\/logo\/image\/","url":"https:\/\/conexion23.com\/wp-content\/uploads\/2021\/11\/Diseno-sin-titulo-2.png","contentUrl":"https:\/\/conexion23.com\/wp-content\/uploads\/2021\/11\/Diseno-sin-titulo-2.png","width":541,"height":90,"caption":"Conexion 23"},"image":{"@id":"http:\/\/conexion23.com\/#\/schema\/logo\/image\/"},"sameAs":["https:\/\/www.facebook.com\/conexion23com","https:\/\/www.instagram.com\/conexion23com\/","https:\/\/www.youtube.com\/channel\/UCYc7vxxFZMYLIHNsHHxPZ3Q"]},{"@type":"Person","@id":"http:\/\/conexion23.com\/#\/schema\/person\/03e36043331117e97a373299bbcd30a6","name":"Raffy Ben\u00edtez","image":{"@type":"ImageObject","inLanguage":"es","@id":"https:\/\/secure.gravatar.com\/avatar\/3190a6a6c5e1b0327500f7d6c56b6242472ee6cb974cf09b401ee6b3b0798f23?s=96&d=mm&r=g","url":"https:\/\/secure.gravatar.com\/avatar\/3190a6a6c5e1b0327500f7d6c56b6242472ee6cb974cf09b401ee6b3b0798f23?s=96&d=mm&r=g","contentUrl":"https:\/\/secure.gravatar.com\/avatar\/3190a6a6c5e1b0327500f7d6c56b6242472ee6cb974cf09b401ee6b3b0798f23?s=96&d=mm&r=g","caption":"Raffy Ben\u00edtez"},"url":"https:\/\/conexion23.com\/?author=15"}]}},"_links":{"self":[{"href":"https:\/\/conexion23.com\/index.php?rest_route=\/wp\/v2\/posts\/42539","targetHints":{"allow":["GET"]}}],"collection":[{"href":"https:\/\/conexion23.com\/index.php?rest_route=\/wp\/v2\/posts"}],"about":[{"href":"https:\/\/conexion23.com\/index.php?rest_route=\/wp\/v2\/types\/post"}],"author":[{"embeddable":true,"href":"https:\/\/conexion23.com\/index.php?rest_route=\/wp\/v2\/users\/15"}],"replies":[{"embeddable":true,"href":"https:\/\/conexion23.com\/index.php?rest_route=%2Fwp%2Fv2%2Fcomments&post=42539"}],"version-history":[{"count":1,"href":"https:\/\/conexion23.com\/index.php?rest_route=\/wp\/v2\/posts\/42539\/revisions"}],"predecessor-version":[{"id":42541,"href":"https:\/\/conexion23.com\/index.php?rest_route=\/wp\/v2\/posts\/42539\/revisions\/42541"}],"wp:featuredmedia":[{"embeddable":true,"href":"https:\/\/conexion23.com\/index.php?rest_route=\/wp\/v2\/media\/42540"}],"wp:attachment":[{"href":"https:\/\/conexion23.com\/index.php?rest_route=%2Fwp%2Fv2%2Fmedia&parent=42539"}],"wp:term":[{"taxonomy":"category","embeddable":true,"href":"https:\/\/conexion23.com\/index.php?rest_route=%2Fwp%2Fv2%2Fcategories&post=42539"},{"taxonomy":"post_tag","embeddable":true,"href":"https:\/\/conexion23.com\/index.php?rest_route=%2Fwp%2Fv2%2Ftags&post=42539"}],"curies":[{"name":"wp","href":"https:\/\/api.w.org\/{rel}","templated":true}]}}