{"id":4264,"date":"2022-03-11T13:46:06","date_gmt":"2022-03-11T17:46:06","guid":{"rendered":"https:\/\/conexion23.com\/?p=4264"},"modified":"2022-03-11T13:46:09","modified_gmt":"2022-03-11T17:46:09","slug":"gabriel-boric-jura-como-nuevo-presidente-de-chile","status":"publish","type":"post","link":"https:\/\/conexion23.com\/?p=4264","title":{"rendered":"Gabriel Boric jura como nuevo presidente de Chile"},"content":{"rendered":"\n<p class=\"wp-block-paragraph\">El pol\u00edtico izquierdista Gabriel Boric jur\u00f3 este viernes como nuevo presidente de Chile para un periodo de cuatro a\u00f1os en los que su principal desaf\u00edo ser\u00e1 cumplir con la&nbsp;profunda transformaci\u00f3n del pa\u00eds que ha prometido.&nbsp;<\/p>\n\n\n\n<p class=\"wp-block-paragraph\"><strong>\u00abAnte el pueblo y los pueblos de Chile: s\u00ed prometo\u00bb<\/strong>, declar\u00f3 Boric luego de que el presidente del Senado, \u00c1lvaro Elizalde, le preguntara si juraba desempe\u00f1ar fielmente el cargo, conservar la independencia de la Naci\u00f3n y guardar y hacer guardar la Constituci\u00f3n y las leyes.<\/p>\n\n\n\n<p class=\"wp-block-paragraph\">Boric, quien&nbsp;<strong>a sus 36 a\u00f1os se convirti\u00f3 en el&nbsp;mandatario m\u00e1s joven de la historia de Chile<\/strong>, recibi\u00f3 la banda y la piocha (insignia) presidencial de manos del jefe de Estado saliente, Sebasti\u00e1n Pi\u00f1era, en una ceremonia que se llev\u00f3 a cabo en la sede del Congreso, ubicada en Valpara\u00edso.<\/p>\n\n\n\n<p class=\"wp-block-paragraph\">Vestido de traje negro, camisa blanca y sin corbata, el nuevo presidente se mostr\u00f3 sonriente en todo momento. Mientras se realizaba el acto, saludaba con el pu\u00f1o en alto y se posaba la mano derecha en el coraz\u00f3n.<\/p>\n\n\n\n<p class=\"wp-block-paragraph\">Luego de asumir, Boric le tomo juramento al gabinete que design\u00f3 y que es protagonizado por las mujeres que encabezan 14 de los 24 ministerios.<\/p>\n\n\n\n<p class=\"wp-block-paragraph\">\u00abEstoy profundamente orgullo de este gabinete, de que sean m\u00e1s mujeres que hombres, de que sea un gabinete feminista\u00bb, se\u00f1al\u00f3 el presidente.<\/p>\n\n\n\n<h3 class=\"wp-block-heading\" id=\"h-compromiso\">Compromiso<\/h3>\n\n\n\n<p class=\"wp-block-paragraph\">El acto&nbsp;tuvo una convocatoria reducida debido a los protocolos establecidos por la pandemia de coronavirus. Por ello, a diferencia de las 1.400 personas que en 2018 presenciaron la asunci\u00f3n de Pi\u00f1era, en esta ocasi\u00f3n solo participaron 500.<\/p>\n\n\n\n<p class=\"wp-block-paragraph\">Entre los invitados destacaron los&nbsp;presidentes de Argentina, Alberto Fern\u00e1ndez; Bolivia, Luis Arce; Colombia, Iv\u00e1n Duque; Ecuador, Guillermo Lasso; Paraguay, Mario Abdo Ben\u00edtez; Per\u00fa, Pedro Castillo; Rep\u00fablica Dominicana, Luis Abidaner; y Uruguay, Luis Alberto Lacalle Pou; y el Rey de Espa\u00f1a, Felipe VI.<\/p>\n\n\n\n<p class=\"wp-block-paragraph\">Tambi\u00e9n participaron el vicepresidente de Brasil, Hamilton Mourao; y Gustavo Petro, el precandidato de la izquierda que encabeza las encuestas rumbo a las presidenciales que se realizar\u00e1n en mayo en Colombia.<\/p>\n\n\n\n<p class=\"wp-block-paragraph\">Ya afuera del Palacio Legislativo, Boric hizo una breve declaraci\u00f3n a la prensa.<\/p>\n\n\n\n<p class=\"wp-block-paragraph\">\u00abEstoy muy emocionado por este momento,&nbsp;<strong>es un gran sentido de responsabilidad y deber que tenemos ante el pueblo de Chile.<\/strong>&nbsp;Sepan que vamos a dar lo mejor de nosotros para estar a la altura de los desaf\u00edos que tenemos como pa\u00eds\u00bb, dijo.<\/p>\n\n\n\n<p class=\"wp-block-paragraph\">La agenda del presidente electo comenz\u00f3 este viernes con un desayuno con l\u00edderes vecinales en el Palacio Presidencial de Cerro Castillo. Ah\u00ed mismo, un rato m\u00e1s tarde recibi\u00f3 al gabinete con el que iniciar\u00e1 su gesti\u00f3n&nbsp;y con el que se tom\u00f3&nbsp;la primera foto oficial conjunta.&nbsp;<\/p>\n","protected":false},"excerpt":{"rendered":"<p>El pol\u00edtico izquierdista Gabriel Boric jur\u00f3 este viernes como nuevo presidente de Chile para un periodo de cuatro a\u00f1os en los que su principal desaf\u00edo ser\u00e1 cumplir con la&nbsp;profunda transformaci\u00f3n del pa\u00eds que ha prometido.&nbsp; \u00abAnte el pueblo y los pueblos de Chile: s\u00ed prometo\u00bb, declar\u00f3 Boric luego de que el presidente del Senado, \u00c1lvaro [&hellip;]<\/p>\n","protected":false},"author":7,"featured_media":0,"comment_status":"open","ping_status":"open","sticky":false,"template":"","format":"standard","meta":{"footnotes":""},"categories":[1],"tags":[],"class_list":["post-4264","post","type-post","status-publish","format-standard","category-uncategorized"],"yoast_head":"<!-- This site is optimized with the Yoast SEO plugin v27.6 - https:\/\/yoast.com\/product\/yoast-seo-wordpress\/ -->\n<title>Gabriel Boric jura como nuevo presidente de Chile - Conexi\u00f3n 23<\/title>\n<meta name=\"description\" content=\"\u00abAnte el pueblo y los pueblos de Chile: s\u00ed prometo\u00bb, declar\u00f3 Boric luego de que el presidente del Senado, \u00c1lvaro Elizalde, le preguntara si juraba desempe\u00f1ar fielmente el cargo, conservar la independencia de la Naci\u00f3n y guardar y hacer guardar la Constituci\u00f3n y las leyes.\" \/>\n<meta name=\"robots\" content=\"index, follow, max-snippet:-1, max-image-preview:large, max-video-preview:-1\" \/>\n<link rel=\"canonical\" href=\"http:\/\/conexion23.com\/?p=4264\" \/>\n<meta property=\"og:locale\" content=\"es_ES\" \/>\n<meta property=\"og:type\" content=\"article\" \/>\n<meta property=\"og:title\" content=\"Gabriel Boric jura como nuevo presidente de Chile - Conexi\u00f3n 23\" \/>\n<meta property=\"og:description\" content=\"\u00abAnte el pueblo y los pueblos de Chile: s\u00ed prometo\u00bb, declar\u00f3 Boric luego de que el presidente del Senado, \u00c1lvaro Elizalde, le preguntara si juraba desempe\u00f1ar fielmente el cargo, conservar la independencia de la Naci\u00f3n y guardar y hacer guardar la Constituci\u00f3n y las leyes.\" \/>\n<meta property=\"og:url\" content=\"http:\/\/conexion23.com\/?p=4264\" \/>\n<meta property=\"og:site_name\" content=\"Conexi\u00f3n 23\" \/>\n<meta property=\"article:publisher\" content=\"https:\/\/www.facebook.com\/conexion23com\" \/>\n<meta property=\"article:published_time\" content=\"2022-03-11T17:46:06+00:00\" \/>\n<meta property=\"article:modified_time\" content=\"2022-03-11T17:46:09+00:00\" \/>\n<meta name=\"author\" content=\"Benjam\u00edn Rosario\" \/>\n<meta name=\"twitter:card\" content=\"summary_large_image\" \/>\n<meta name=\"twitter:label1\" content=\"Escrito por\" \/>\n\t<meta name=\"twitter:data1\" content=\"Benjam\u00edn Rosario\" \/>\n\t<meta name=\"twitter:label2\" content=\"Tiempo de lectura\" \/>\n\t<meta name=\"twitter:data2\" content=\"2 minutos\" \/>\n<script type=\"application\/ld+json\" class=\"yoast-schema-graph\">{\"@context\":\"https:\\\/\\\/schema.org\",\"@graph\":[{\"@type\":\"Article\",\"@id\":\"http:\\\/\\\/conexion23.com\\\/?p=4264#article\",\"isPartOf\":{\"@id\":\"http:\\\/\\\/conexion23.com\\\/?p=4264\"},\"author\":{\"name\":\"Benjam\u00edn Rosario\",\"@id\":\"https:\\\/\\\/conexion23.com\\\/#\\\/schema\\\/person\\\/c0b7ce1f0e7a915d08fa289072b8353a\"},\"headline\":\"Gabriel Boric jura como nuevo presidente de Chile\",\"datePublished\":\"2022-03-11T17:46:06+00:00\",\"dateModified\":\"2022-03-11T17:46:09+00:00\",\"mainEntityOfPage\":{\"@id\":\"http:\\\/\\\/conexion23.com\\\/?p=4264\"},\"wordCount\":479,\"commentCount\":0,\"publisher\":{\"@id\":\"https:\\\/\\\/conexion23.com\\\/#organization\"},\"articleSection\":[\"Uncategorized\"],\"inLanguage\":\"es\",\"potentialAction\":[{\"@type\":\"CommentAction\",\"name\":\"Comment\",\"target\":[\"http:\\\/\\\/conexion23.com\\\/?p=4264#respond\"]}]},{\"@type\":\"WebPage\",\"@id\":\"http:\\\/\\\/conexion23.com\\\/?p=4264\",\"url\":\"http:\\\/\\\/conexion23.com\\\/?p=4264\",\"name\":\"Gabriel Boric jura como nuevo presidente de Chile - Conexi\u00f3n 23\",\"isPartOf\":{\"@id\":\"https:\\\/\\\/conexion23.com\\\/#website\"},\"datePublished\":\"2022-03-11T17:46:06+00:00\",\"dateModified\":\"2022-03-11T17:46:09+00:00\",\"description\":\"\u00abAnte el pueblo y los pueblos de Chile: s\u00ed prometo\u00bb, declar\u00f3 Boric luego de que el presidente del Senado, \u00c1lvaro Elizalde, le preguntara si juraba desempe\u00f1ar fielmente el cargo, conservar la independencia de la Naci\u00f3n y guardar y hacer guardar la Constituci\u00f3n y las leyes.\",\"breadcrumb\":{\"@id\":\"http:\\\/\\\/conexion23.com\\\/?p=4264#breadcrumb\"},\"inLanguage\":\"es\",\"potentialAction\":[{\"@type\":\"ReadAction\",\"target\":[\"http:\\\/\\\/conexion23.com\\\/?p=4264\"]}]},{\"@type\":\"BreadcrumbList\",\"@id\":\"http:\\\/\\\/conexion23.com\\\/?p=4264#breadcrumb\",\"itemListElement\":[{\"@type\":\"ListItem\",\"position\":1,\"name\":\"Portada\",\"item\":\"https:\\\/\\\/conexion23.com\\\/\"},{\"@type\":\"ListItem\",\"position\":2,\"name\":\"Gabriel Boric jura como nuevo presidente de Chile\"}]},{\"@type\":\"WebSite\",\"@id\":\"https:\\\/\\\/conexion23.com\\\/#website\",\"url\":\"https:\\\/\\\/conexion23.com\\\/\",\"name\":\"Conexi\u00f3n 23\",\"description\":\"Peri\u00f3dico 100% Petromacorisano\",\"publisher\":{\"@id\":\"https:\\\/\\\/conexion23.com\\\/#organization\"},\"potentialAction\":[{\"@type\":\"SearchAction\",\"target\":{\"@type\":\"EntryPoint\",\"urlTemplate\":\"https:\\\/\\\/conexion23.com\\\/?s={search_term_string}\"},\"query-input\":{\"@type\":\"PropertyValueSpecification\",\"valueRequired\":true,\"valueName\":\"search_term_string\"}}],\"inLanguage\":\"es\"},{\"@type\":\"Organization\",\"@id\":\"https:\\\/\\\/conexion23.com\\\/#organization\",\"name\":\"Conexion 23\",\"url\":\"https:\\\/\\\/conexion23.com\\\/\",\"logo\":{\"@type\":\"ImageObject\",\"inLanguage\":\"es\",\"@id\":\"https:\\\/\\\/conexion23.com\\\/#\\\/schema\\\/logo\\\/image\\\/\",\"url\":\"https:\\\/\\\/conexion23.com\\\/wp-content\\\/uploads\\\/2021\\\/11\\\/Diseno-sin-titulo-2.png\",\"contentUrl\":\"https:\\\/\\\/conexion23.com\\\/wp-content\\\/uploads\\\/2021\\\/11\\\/Diseno-sin-titulo-2.png\",\"width\":541,\"height\":90,\"caption\":\"Conexion 23\"},\"image\":{\"@id\":\"https:\\\/\\\/conexion23.com\\\/#\\\/schema\\\/logo\\\/image\\\/\"},\"sameAs\":[\"https:\\\/\\\/www.facebook.com\\\/conexion23com\",\"https:\\\/\\\/www.instagram.com\\\/conexion23com\\\/\",\"https:\\\/\\\/www.youtube.com\\\/channel\\\/UCYc7vxxFZMYLIHNsHHxPZ3Q\"]},{\"@type\":\"Person\",\"@id\":\"https:\\\/\\\/conexion23.com\\\/#\\\/schema\\\/person\\\/c0b7ce1f0e7a915d08fa289072b8353a\",\"name\":\"Benjam\u00edn Rosario\",\"image\":{\"@type\":\"ImageObject\",\"inLanguage\":\"es\",\"@id\":\"https:\\\/\\\/secure.gravatar.com\\\/avatar\\\/62e1b2539b49cdeb50ee302e2a5f2bd31dc7fdba412bbac67e2a2a6e0c89bb2a?s=96&d=mm&r=g\",\"url\":\"https:\\\/\\\/secure.gravatar.com\\\/avatar\\\/62e1b2539b49cdeb50ee302e2a5f2bd31dc7fdba412bbac67e2a2a6e0c89bb2a?s=96&d=mm&r=g\",\"contentUrl\":\"https:\\\/\\\/secure.gravatar.com\\\/avatar\\\/62e1b2539b49cdeb50ee302e2a5f2bd31dc7fdba412bbac67e2a2a6e0c89bb2a?s=96&d=mm&r=g\",\"caption\":\"Benjam\u00edn Rosario\"},\"url\":\"https:\\\/\\\/conexion23.com\\\/?author=7\"}]}<\/script>\n<!-- \/ Yoast SEO plugin. -->","yoast_head_json":{"title":"Gabriel Boric jura como nuevo presidente de Chile - Conexi\u00f3n 23","description":"\u00abAnte el pueblo y los pueblos de Chile: s\u00ed prometo\u00bb, declar\u00f3 Boric luego de que el presidente del Senado, \u00c1lvaro Elizalde, le preguntara si juraba desempe\u00f1ar fielmente el cargo, conservar la independencia de la Naci\u00f3n y guardar y hacer guardar la Constituci\u00f3n y las leyes.","robots":{"index":"index","follow":"follow","max-snippet":"max-snippet:-1","max-image-preview":"max-image-preview:large","max-video-preview":"max-video-preview:-1"},"canonical":"http:\/\/conexion23.com\/?p=4264","og_locale":"es_ES","og_type":"article","og_title":"Gabriel Boric jura como nuevo presidente de Chile - Conexi\u00f3n 23","og_description":"\u00abAnte el pueblo y los pueblos de Chile: s\u00ed prometo\u00bb, declar\u00f3 Boric luego de que el presidente del Senado, \u00c1lvaro Elizalde, le preguntara si juraba desempe\u00f1ar fielmente el cargo, conservar la independencia de la Naci\u00f3n y guardar y hacer guardar la Constituci\u00f3n y las leyes.","og_url":"http:\/\/conexion23.com\/?p=4264","og_site_name":"Conexi\u00f3n 23","article_publisher":"https:\/\/www.facebook.com\/conexion23com","article_published_time":"2022-03-11T17:46:06+00:00","article_modified_time":"2022-03-11T17:46:09+00:00","author":"Benjam\u00edn Rosario","twitter_card":"summary_large_image","twitter_misc":{"Escrito por":"Benjam\u00edn Rosario","Tiempo de lectura":"2 minutos"},"schema":{"@context":"https:\/\/schema.org","@graph":[{"@type":"Article","@id":"http:\/\/conexion23.com\/?p=4264#article","isPartOf":{"@id":"http:\/\/conexion23.com\/?p=4264"},"author":{"name":"Benjam\u00edn Rosario","@id":"https:\/\/conexion23.com\/#\/schema\/person\/c0b7ce1f0e7a915d08fa289072b8353a"},"headline":"Gabriel Boric jura como nuevo presidente de Chile","datePublished":"2022-03-11T17:46:06+00:00","dateModified":"2022-03-11T17:46:09+00:00","mainEntityOfPage":{"@id":"http:\/\/conexion23.com\/?p=4264"},"wordCount":479,"commentCount":0,"publisher":{"@id":"https:\/\/conexion23.com\/#organization"},"articleSection":["Uncategorized"],"inLanguage":"es","potentialAction":[{"@type":"CommentAction","name":"Comment","target":["http:\/\/conexion23.com\/?p=4264#respond"]}]},{"@type":"WebPage","@id":"http:\/\/conexion23.com\/?p=4264","url":"http:\/\/conexion23.com\/?p=4264","name":"Gabriel Boric jura como nuevo presidente de Chile - Conexi\u00f3n 23","isPartOf":{"@id":"https:\/\/conexion23.com\/#website"},"datePublished":"2022-03-11T17:46:06+00:00","dateModified":"2022-03-11T17:46:09+00:00","description":"\u00abAnte el pueblo y los pueblos de Chile: s\u00ed prometo\u00bb, declar\u00f3 Boric luego de que el presidente del Senado, \u00c1lvaro Elizalde, le preguntara si juraba desempe\u00f1ar fielmente el cargo, conservar la independencia de la Naci\u00f3n y guardar y hacer guardar la Constituci\u00f3n y las leyes.","breadcrumb":{"@id":"http:\/\/conexion23.com\/?p=4264#breadcrumb"},"inLanguage":"es","potentialAction":[{"@type":"ReadAction","target":["http:\/\/conexion23.com\/?p=4264"]}]},{"@type":"BreadcrumbList","@id":"http:\/\/conexion23.com\/?p=4264#breadcrumb","itemListElement":[{"@type":"ListItem","position":1,"name":"Portada","item":"https:\/\/conexion23.com\/"},{"@type":"ListItem","position":2,"name":"Gabriel Boric jura como nuevo presidente de Chile"}]},{"@type":"WebSite","@id":"https:\/\/conexion23.com\/#website","url":"https:\/\/conexion23.com\/","name":"Conexi\u00f3n 23","description":"Peri\u00f3dico 100% Petromacorisano","publisher":{"@id":"https:\/\/conexion23.com\/#organization"},"potentialAction":[{"@type":"SearchAction","target":{"@type":"EntryPoint","urlTemplate":"https:\/\/conexion23.com\/?s={search_term_string}"},"query-input":{"@type":"PropertyValueSpecification","valueRequired":true,"valueName":"search_term_string"}}],"inLanguage":"es"},{"@type":"Organization","@id":"https:\/\/conexion23.com\/#organization","name":"Conexion 23","url":"https:\/\/conexion23.com\/","logo":{"@type":"ImageObject","inLanguage":"es","@id":"https:\/\/conexion23.com\/#\/schema\/logo\/image\/","url":"https:\/\/conexion23.com\/wp-content\/uploads\/2021\/11\/Diseno-sin-titulo-2.png","contentUrl":"https:\/\/conexion23.com\/wp-content\/uploads\/2021\/11\/Diseno-sin-titulo-2.png","width":541,"height":90,"caption":"Conexion 23"},"image":{"@id":"https:\/\/conexion23.com\/#\/schema\/logo\/image\/"},"sameAs":["https:\/\/www.facebook.com\/conexion23com","https:\/\/www.instagram.com\/conexion23com\/","https:\/\/www.youtube.com\/channel\/UCYc7vxxFZMYLIHNsHHxPZ3Q"]},{"@type":"Person","@id":"https:\/\/conexion23.com\/#\/schema\/person\/c0b7ce1f0e7a915d08fa289072b8353a","name":"Benjam\u00edn Rosario","image":{"@type":"ImageObject","inLanguage":"es","@id":"https:\/\/secure.gravatar.com\/avatar\/62e1b2539b49cdeb50ee302e2a5f2bd31dc7fdba412bbac67e2a2a6e0c89bb2a?s=96&d=mm&r=g","url":"https:\/\/secure.gravatar.com\/avatar\/62e1b2539b49cdeb50ee302e2a5f2bd31dc7fdba412bbac67e2a2a6e0c89bb2a?s=96&d=mm&r=g","contentUrl":"https:\/\/secure.gravatar.com\/avatar\/62e1b2539b49cdeb50ee302e2a5f2bd31dc7fdba412bbac67e2a2a6e0c89bb2a?s=96&d=mm&r=g","caption":"Benjam\u00edn Rosario"},"url":"https:\/\/conexion23.com\/?author=7"}]}},"_links":{"self":[{"href":"https:\/\/conexion23.com\/index.php?rest_route=\/wp\/v2\/posts\/4264","targetHints":{"allow":["GET"]}}],"collection":[{"href":"https:\/\/conexion23.com\/index.php?rest_route=\/wp\/v2\/posts"}],"about":[{"href":"https:\/\/conexion23.com\/index.php?rest_route=\/wp\/v2\/types\/post"}],"author":[{"embeddable":true,"href":"https:\/\/conexion23.com\/index.php?rest_route=\/wp\/v2\/users\/7"}],"replies":[{"embeddable":true,"href":"https:\/\/conexion23.com\/index.php?rest_route=%2Fwp%2Fv2%2Fcomments&post=4264"}],"version-history":[{"count":1,"href":"https:\/\/conexion23.com\/index.php?rest_route=\/wp\/v2\/posts\/4264\/revisions"}],"predecessor-version":[{"id":4269,"href":"https:\/\/conexion23.com\/index.php?rest_route=\/wp\/v2\/posts\/4264\/revisions\/4269"}],"wp:attachment":[{"href":"https:\/\/conexion23.com\/index.php?rest_route=%2Fwp%2Fv2%2Fmedia&parent=4264"}],"wp:term":[{"taxonomy":"category","embeddable":true,"href":"https:\/\/conexion23.com\/index.php?rest_route=%2Fwp%2Fv2%2Fcategories&post=4264"},{"taxonomy":"post_tag","embeddable":true,"href":"https:\/\/conexion23.com\/index.php?rest_route=%2Fwp%2Fv2%2Ftags&post=4264"}],"curies":[{"name":"wp","href":"https:\/\/api.w.org\/{rel}","templated":true}]}}