{"id":4359,"date":"2022-03-14T15:49:08","date_gmt":"2022-03-14T19:49:08","guid":{"rendered":"https:\/\/conexion23.com\/?p=4359"},"modified":"2022-03-14T15:49:11","modified_gmt":"2022-03-14T19:49:11","slug":"neney-abinader-no-modificara-constitucion-para-beneficios-personales-como-han-hecho-otros-mandatarios","status":"publish","type":"post","link":"https:\/\/conexion23.com\/?p=4359","title":{"rendered":"Neney: Abinader no modificar\u00e1 Constituci\u00f3n para \u00abbeneficios personales\u00bb como han hecho otros mandatarios"},"content":{"rendered":"\n<p class=\"wp-block-paragraph\"><strong>Santo Domingo, RD. \u2013<\/strong>&nbsp;El ministro encargado de Proyectos Estrat\u00e9gicos y Programas Especiales de la Presidencia (Propeep), Neney Cabrera, afirm\u00f3 este lunes que, sobre el tema de la propuesta de reforma constitucional, el presidente Luis Abinader no act\u00faa como lo hicieron Leonel Fern\u00e1ndez y Danilo Medina, quienes modificaron la Constituci\u00f3n para beneficios personales.<\/p>\n\n\n\n<p class=\"wp-block-paragraph\">\u201cEn este caso se aplica el viejo dicho de que el ladr\u00f3n juzga por su condici\u00f3n. Y me llama mucho la atenci\u00f3n la reacci\u00f3n, tanto del PLD como de la Fuerza del Pueblo, porque Leonel Fern\u00e1ndez y Danilo Medina cuando estuvieron en sus respectivos gobiernos propiciaron modificaci\u00f3n constitucional para complacer sus intereses particulares en cuando al periodo presidencial, pero este no es el caso\u201d, expres\u00f3 Cabrera, al ser entrevistado en el programa El Gobierno de la Ma\u00f1ana, transmitido por la emisora Z101.3.<\/p>\n\n\n\n<h2 class=\"wp-block-heading\" id=\"h-leonel-fernandez\">Leonel Fern\u00e1ndez<\/h2>\n\n\n\n<p class=\"wp-block-paragraph\">Cabrera manifest\u00f3 que el presidente Luis Abinader no tiene hermanos nombrados en el Gobierno que van a depredar al Estado, como s\u00ed lo ten\u00eda el expresidente Medina, ni le pinta un pa\u00eds de maravillas, como hac\u00eda Leonel Fern\u00e1ndez cuando gobernaba el pa\u00eds, para enga\u00f1arlo en cuando al crecimiento econ\u00f3mico y las perspectivas de progreso.<\/p>\n\n\n\n<p class=\"wp-block-paragraph\">Asegur\u00f3 que el presidente Abinader es distinto y que plantea la realidad tal cual es, que el pa\u00eds vive un momento muy dif\u00edcil, como resultado de la pandemia y la inflaci\u00f3n, pero que tiene el acompa\u00f1amiento de un Gobierno que act\u00faa con responsabilidad, sin ocultar la situaci\u00f3n que vive la naci\u00f3n.<\/p>\n\n\n\n<h2 class=\"wp-block-heading\">Consejo Econ\u00f3mico y Social<\/h2>\n\n\n\n<p class=\"wp-block-paragraph\">El funcionario indic\u00f3 adem\u00e1s que el presidente Abinader no tiene nada oculto detr\u00e1s la reforma constitucional y que si el PLD y la Fuerza del Pueblo tienen alg\u00fan temor respecto al tema lo que debieron hacer fue presentar una propuesta para que sea discutida y consensuada en el Consejo Econ\u00f3mico y Social (CES) y no abandonar la mesa de discusi\u00f3n, como hicieron.<\/p>\n\n\n\n<p class=\"wp-block-paragraph\">Cabrera record\u00f3 que la propuesta de reforma constitucional propuesta por el Gobierno tiene como objetivo fundamental lograr la independencia del Ministerio P\u00fablico y fortalecer los organismos de control del Estado dominicano.<\/p>\n\n\n\n<p class=\"wp-block-paragraph\">En ese sentido, recalc\u00f3 que lo que ha hecho el presidente Abinader es enviar la propuesta al CES, que es el organismo constitucional para discutir los grandes temas nacionales y lograr un consenso.<\/p>\n\n\n\n<p class=\"wp-block-paragraph\">\u201cEs por eso que entendemos que tanto la Fuerza del Pueblo como el PLD, lejos de pararse y abandonar la mesa de discusi\u00f3n, lo que debieron hacer fue presentar sus posiciones para lograr un acuerdo consensuado, en lo que respecta a la reforma a la Constituci\u00f3n, para seguir fortaleciendo el sistema democr\u00e1tico dominicano\u201d, expuso Cabrera.<\/p>\n\n\n\n<p class=\"wp-block-paragraph\">Manifest\u00f3 que el presidente Abinader ha dicho con mucha responsabilidad y claridad que no le interesa ni acepta variaci\u00f3n en lo referente a la gesti\u00f3n presidencial.<\/p>\n\n\n\n<h2 class=\"wp-block-heading\">Llama PRM a seguir dando ejemplo de buen gobierno<\/h2>\n\n\n\n<p class=\"wp-block-paragraph\">Neney Cabrera, alto dirigente del PRM, dijo por otro lado, que no es momento de distracci\u00f3n y que la principal tarea de la organizaci\u00f3n es realizar un excelente ejercicio del Gobierno, que permita ir a una repostulaci\u00f3n, que garantice que el pueblo vuelva a votar por el PRM.<\/p>\n\n\n\n<p class=\"wp-block-paragraph\">Al referirse al tema de la convecci\u00f3n del PRM, dijo que no debe haber ning\u00fan dirigente del partido que no est\u00e9 de acuerdo en ir a un proceso electoral interno, que le permita a la base del partido expresar su voluntad.<\/p>\n\n\n\n<p class=\"wp-block-paragraph\">Cabrera dijo que, en base a ese proceso, la direcci\u00f3n ejecutiva tom\u00f3 una decisi\u00f3n de reunirse este viernes para plantearle a la dirigencia una modalidad de elecciones de las autoridades.<\/p>\n\n\n\n<p class=\"wp-block-paragraph\">El dirigente pol\u00edtico indic\u00f3 que el PRM tom\u00f3 esta decisi\u00f3n tomando en cuenta que est\u00e1 en pleno ejercicio del poder, pero que lo m\u00e1s importante es gobernar bien y no distraerse ni exponerse a que en un proceso interno ocurra algo inesperado que afecte la imagen del partido y en consecuencia al Gobierno.<\/p>\n\n\n\n<p class=\"wp-block-paragraph\">Afirm\u00f3 que no est\u00e1 de acuerdo que hallan dirigentes del partido amenazando con judicializar el proceso, lo que le har\u00eda un grave da\u00f1o a la organizaci\u00f3n y un flaco servicio a la democracia.<\/p>\n\n\n\n<p class=\"wp-block-paragraph\">\u201cEso debemos todos evitarlo, porque les aseguro que una actitud as\u00ed la gente no va a perdonarnos, adem\u00e1s de que estar\u00edamos imitando comportamientos del pasado\u201d, sostuvo.<\/p>\n\n\n\n<p class=\"wp-block-paragraph\">Exhort\u00f3 a los perremeistas enviar una se\u00f1al de madurez pol\u00edtica a la poblaci\u00f3n dominicana, como un compromiso con gobernar bien este pa\u00eds.<\/p>\n","protected":false},"excerpt":{"rendered":"<p>Santo Domingo, RD. \u2013&nbsp;El ministro encargado de Proyectos Estrat\u00e9gicos y Programas Especiales de la Presidencia (Propeep), Neney Cabrera, afirm\u00f3 este lunes que, sobre el tema de la propuesta de reforma constitucional, el presidente Luis Abinader no act\u00faa como lo hicieron Leonel Fern\u00e1ndez y Danilo Medina, quienes modificaron la Constituci\u00f3n para beneficios personales. \u201cEn este caso [&hellip;]<\/p>\n","protected":false},"author":7,"featured_media":0,"comment_status":"open","ping_status":"open","sticky":false,"template":"","format":"standard","meta":{"footnotes":""},"categories":[1],"tags":[],"class_list":["post-4359","post","type-post","status-publish","format-standard","category-uncategorized"],"yoast_head":"<!-- This site is optimized with the Yoast SEO plugin v27.6 - https:\/\/yoast.com\/product\/yoast-seo-wordpress\/ -->\n<title>Neney: Abinader no modificar\u00e1 Constituci\u00f3n para \u00abbeneficios personales\u00bb como han hecho otros mandatarios - Conexi\u00f3n 23<\/title>\n<meta name=\"description\" content=\"Neney Cabrera, alto dirigente del PRM, dijo por otro lado, que no es momento de distracci\u00f3n y que la principal tarea de la organizaci\u00f3n es realizar un excelente ejercicio del Gobierno, que permita ir a una repostulaci\u00f3n, que garantice que el pueblo vuelva a votar por el PRM.\" \/>\n<meta name=\"robots\" content=\"index, follow, max-snippet:-1, max-image-preview:large, max-video-preview:-1\" \/>\n<link rel=\"canonical\" href=\"https:\/\/conexion23.com\/?p=4359\" \/>\n<meta property=\"og:locale\" content=\"es_ES\" \/>\n<meta property=\"og:type\" content=\"article\" \/>\n<meta property=\"og:title\" content=\"Neney: Abinader no modificar\u00e1 Constituci\u00f3n para \u00abbeneficios personales\u00bb como han hecho otros mandatarios - Conexi\u00f3n 23\" \/>\n<meta property=\"og:description\" content=\"Neney Cabrera, alto dirigente del PRM, dijo por otro lado, que no es momento de distracci\u00f3n y que la principal tarea de la organizaci\u00f3n es realizar un excelente ejercicio del Gobierno, que permita ir a una repostulaci\u00f3n, que garantice que el pueblo vuelva a votar por el PRM.\" \/>\n<meta property=\"og:url\" content=\"https:\/\/conexion23.com\/?p=4359\" \/>\n<meta property=\"og:site_name\" content=\"Conexi\u00f3n 23\" \/>\n<meta property=\"article:publisher\" content=\"https:\/\/www.facebook.com\/conexion23com\" \/>\n<meta property=\"article:published_time\" content=\"2022-03-14T19:49:08+00:00\" \/>\n<meta property=\"article:modified_time\" content=\"2022-03-14T19:49:11+00:00\" \/>\n<meta name=\"author\" content=\"Benjam\u00edn Rosario\" \/>\n<meta name=\"twitter:card\" content=\"summary_large_image\" \/>\n<meta name=\"twitter:label1\" content=\"Escrito por\" \/>\n\t<meta name=\"twitter:data1\" content=\"Benjam\u00edn Rosario\" \/>\n\t<meta name=\"twitter:label2\" content=\"Tiempo de lectura\" \/>\n\t<meta name=\"twitter:data2\" content=\"4 minutos\" \/>\n<script type=\"application\/ld+json\" class=\"yoast-schema-graph\">{\"@context\":\"https:\\\/\\\/schema.org\",\"@graph\":[{\"@type\":\"Article\",\"@id\":\"https:\\\/\\\/conexion23.com\\\/?p=4359#article\",\"isPartOf\":{\"@id\":\"https:\\\/\\\/conexion23.com\\\/?p=4359\"},\"author\":{\"name\":\"Benjam\u00edn Rosario\",\"@id\":\"https:\\\/\\\/conexion23.com\\\/#\\\/schema\\\/person\\\/c0b7ce1f0e7a915d08fa289072b8353a\"},\"headline\":\"Neney: Abinader no modificar\u00e1 Constituci\u00f3n para \u00abbeneficios personales\u00bb como han hecho otros mandatarios\",\"datePublished\":\"2022-03-14T19:49:08+00:00\",\"dateModified\":\"2022-03-14T19:49:11+00:00\",\"mainEntityOfPage\":{\"@id\":\"https:\\\/\\\/conexion23.com\\\/?p=4359\"},\"wordCount\":786,\"commentCount\":0,\"publisher\":{\"@id\":\"https:\\\/\\\/conexion23.com\\\/#organization\"},\"articleSection\":[\"Uncategorized\"],\"inLanguage\":\"es\",\"potentialAction\":[{\"@type\":\"CommentAction\",\"name\":\"Comment\",\"target\":[\"https:\\\/\\\/conexion23.com\\\/?p=4359#respond\"]}]},{\"@type\":\"WebPage\",\"@id\":\"https:\\\/\\\/conexion23.com\\\/?p=4359\",\"url\":\"https:\\\/\\\/conexion23.com\\\/?p=4359\",\"name\":\"Neney: Abinader no modificar\u00e1 Constituci\u00f3n para \u00abbeneficios personales\u00bb como han hecho otros mandatarios - Conexi\u00f3n 23\",\"isPartOf\":{\"@id\":\"https:\\\/\\\/conexion23.com\\\/#website\"},\"datePublished\":\"2022-03-14T19:49:08+00:00\",\"dateModified\":\"2022-03-14T19:49:11+00:00\",\"description\":\"Neney Cabrera, alto dirigente del PRM, dijo por otro lado, que no es momento de distracci\u00f3n y que la principal tarea de la organizaci\u00f3n es realizar un excelente ejercicio del Gobierno, que permita ir a una repostulaci\u00f3n, que garantice que el pueblo vuelva a votar por el PRM.\",\"breadcrumb\":{\"@id\":\"https:\\\/\\\/conexion23.com\\\/?p=4359#breadcrumb\"},\"inLanguage\":\"es\",\"potentialAction\":[{\"@type\":\"ReadAction\",\"target\":[\"https:\\\/\\\/conexion23.com\\\/?p=4359\"]}]},{\"@type\":\"BreadcrumbList\",\"@id\":\"https:\\\/\\\/conexion23.com\\\/?p=4359#breadcrumb\",\"itemListElement\":[{\"@type\":\"ListItem\",\"position\":1,\"name\":\"Portada\",\"item\":\"https:\\\/\\\/conexion23.com\\\/\"},{\"@type\":\"ListItem\",\"position\":2,\"name\":\"Neney: Abinader no modificar\u00e1 Constituci\u00f3n para \u00abbeneficios personales\u00bb como han hecho otros mandatarios\"}]},{\"@type\":\"WebSite\",\"@id\":\"https:\\\/\\\/conexion23.com\\\/#website\",\"url\":\"https:\\\/\\\/conexion23.com\\\/\",\"name\":\"Conexi\u00f3n 23\",\"description\":\"Peri\u00f3dico 100% Petromacorisano\",\"publisher\":{\"@id\":\"https:\\\/\\\/conexion23.com\\\/#organization\"},\"potentialAction\":[{\"@type\":\"SearchAction\",\"target\":{\"@type\":\"EntryPoint\",\"urlTemplate\":\"https:\\\/\\\/conexion23.com\\\/?s={search_term_string}\"},\"query-input\":{\"@type\":\"PropertyValueSpecification\",\"valueRequired\":true,\"valueName\":\"search_term_string\"}}],\"inLanguage\":\"es\"},{\"@type\":\"Organization\",\"@id\":\"https:\\\/\\\/conexion23.com\\\/#organization\",\"name\":\"Conexion 23\",\"url\":\"https:\\\/\\\/conexion23.com\\\/\",\"logo\":{\"@type\":\"ImageObject\",\"inLanguage\":\"es\",\"@id\":\"https:\\\/\\\/conexion23.com\\\/#\\\/schema\\\/logo\\\/image\\\/\",\"url\":\"https:\\\/\\\/conexion23.com\\\/wp-content\\\/uploads\\\/2021\\\/11\\\/Diseno-sin-titulo-2.png\",\"contentUrl\":\"https:\\\/\\\/conexion23.com\\\/wp-content\\\/uploads\\\/2021\\\/11\\\/Diseno-sin-titulo-2.png\",\"width\":541,\"height\":90,\"caption\":\"Conexion 23\"},\"image\":{\"@id\":\"https:\\\/\\\/conexion23.com\\\/#\\\/schema\\\/logo\\\/image\\\/\"},\"sameAs\":[\"https:\\\/\\\/www.facebook.com\\\/conexion23com\",\"https:\\\/\\\/www.instagram.com\\\/conexion23com\\\/\",\"https:\\\/\\\/www.youtube.com\\\/channel\\\/UCYc7vxxFZMYLIHNsHHxPZ3Q\"]},{\"@type\":\"Person\",\"@id\":\"https:\\\/\\\/conexion23.com\\\/#\\\/schema\\\/person\\\/c0b7ce1f0e7a915d08fa289072b8353a\",\"name\":\"Benjam\u00edn Rosario\",\"image\":{\"@type\":\"ImageObject\",\"inLanguage\":\"es\",\"@id\":\"https:\\\/\\\/secure.gravatar.com\\\/avatar\\\/62e1b2539b49cdeb50ee302e2a5f2bd31dc7fdba412bbac67e2a2a6e0c89bb2a?s=96&d=mm&r=g\",\"url\":\"https:\\\/\\\/secure.gravatar.com\\\/avatar\\\/62e1b2539b49cdeb50ee302e2a5f2bd31dc7fdba412bbac67e2a2a6e0c89bb2a?s=96&d=mm&r=g\",\"contentUrl\":\"https:\\\/\\\/secure.gravatar.com\\\/avatar\\\/62e1b2539b49cdeb50ee302e2a5f2bd31dc7fdba412bbac67e2a2a6e0c89bb2a?s=96&d=mm&r=g\",\"caption\":\"Benjam\u00edn Rosario\"},\"url\":\"https:\\\/\\\/conexion23.com\\\/?author=7\"}]}<\/script>\n<!-- \/ Yoast SEO plugin. -->","yoast_head_json":{"title":"Neney: Abinader no modificar\u00e1 Constituci\u00f3n para \u00abbeneficios personales\u00bb como han hecho otros mandatarios - Conexi\u00f3n 23","description":"Neney Cabrera, alto dirigente del PRM, dijo por otro lado, que no es momento de distracci\u00f3n y que la principal tarea de la organizaci\u00f3n es realizar un excelente ejercicio del Gobierno, que permita ir a una repostulaci\u00f3n, que garantice que el pueblo vuelva a votar por el PRM.","robots":{"index":"index","follow":"follow","max-snippet":"max-snippet:-1","max-image-preview":"max-image-preview:large","max-video-preview":"max-video-preview:-1"},"canonical":"https:\/\/conexion23.com\/?p=4359","og_locale":"es_ES","og_type":"article","og_title":"Neney: Abinader no modificar\u00e1 Constituci\u00f3n para \u00abbeneficios personales\u00bb como han hecho otros mandatarios - Conexi\u00f3n 23","og_description":"Neney Cabrera, alto dirigente del PRM, dijo por otro lado, que no es momento de distracci\u00f3n y que la principal tarea de la organizaci\u00f3n es realizar un excelente ejercicio del Gobierno, que permita ir a una repostulaci\u00f3n, que garantice que el pueblo vuelva a votar por el PRM.","og_url":"https:\/\/conexion23.com\/?p=4359","og_site_name":"Conexi\u00f3n 23","article_publisher":"https:\/\/www.facebook.com\/conexion23com","article_published_time":"2022-03-14T19:49:08+00:00","article_modified_time":"2022-03-14T19:49:11+00:00","author":"Benjam\u00edn Rosario","twitter_card":"summary_large_image","twitter_misc":{"Escrito por":"Benjam\u00edn Rosario","Tiempo de lectura":"4 minutos"},"schema":{"@context":"https:\/\/schema.org","@graph":[{"@type":"Article","@id":"https:\/\/conexion23.com\/?p=4359#article","isPartOf":{"@id":"https:\/\/conexion23.com\/?p=4359"},"author":{"name":"Benjam\u00edn Rosario","@id":"https:\/\/conexion23.com\/#\/schema\/person\/c0b7ce1f0e7a915d08fa289072b8353a"},"headline":"Neney: Abinader no modificar\u00e1 Constituci\u00f3n para \u00abbeneficios personales\u00bb como han hecho otros mandatarios","datePublished":"2022-03-14T19:49:08+00:00","dateModified":"2022-03-14T19:49:11+00:00","mainEntityOfPage":{"@id":"https:\/\/conexion23.com\/?p=4359"},"wordCount":786,"commentCount":0,"publisher":{"@id":"https:\/\/conexion23.com\/#organization"},"articleSection":["Uncategorized"],"inLanguage":"es","potentialAction":[{"@type":"CommentAction","name":"Comment","target":["https:\/\/conexion23.com\/?p=4359#respond"]}]},{"@type":"WebPage","@id":"https:\/\/conexion23.com\/?p=4359","url":"https:\/\/conexion23.com\/?p=4359","name":"Neney: Abinader no modificar\u00e1 Constituci\u00f3n para \u00abbeneficios personales\u00bb como han hecho otros mandatarios - Conexi\u00f3n 23","isPartOf":{"@id":"https:\/\/conexion23.com\/#website"},"datePublished":"2022-03-14T19:49:08+00:00","dateModified":"2022-03-14T19:49:11+00:00","description":"Neney Cabrera, alto dirigente del PRM, dijo por otro lado, que no es momento de distracci\u00f3n y que la principal tarea de la organizaci\u00f3n es realizar un excelente ejercicio del Gobierno, que permita ir a una repostulaci\u00f3n, que garantice que el pueblo vuelva a votar por el PRM.","breadcrumb":{"@id":"https:\/\/conexion23.com\/?p=4359#breadcrumb"},"inLanguage":"es","potentialAction":[{"@type":"ReadAction","target":["https:\/\/conexion23.com\/?p=4359"]}]},{"@type":"BreadcrumbList","@id":"https:\/\/conexion23.com\/?p=4359#breadcrumb","itemListElement":[{"@type":"ListItem","position":1,"name":"Portada","item":"https:\/\/conexion23.com\/"},{"@type":"ListItem","position":2,"name":"Neney: Abinader no modificar\u00e1 Constituci\u00f3n para \u00abbeneficios personales\u00bb como han hecho otros mandatarios"}]},{"@type":"WebSite","@id":"https:\/\/conexion23.com\/#website","url":"https:\/\/conexion23.com\/","name":"Conexi\u00f3n 23","description":"Peri\u00f3dico 100% Petromacorisano","publisher":{"@id":"https:\/\/conexion23.com\/#organization"},"potentialAction":[{"@type":"SearchAction","target":{"@type":"EntryPoint","urlTemplate":"https:\/\/conexion23.com\/?s={search_term_string}"},"query-input":{"@type":"PropertyValueSpecification","valueRequired":true,"valueName":"search_term_string"}}],"inLanguage":"es"},{"@type":"Organization","@id":"https:\/\/conexion23.com\/#organization","name":"Conexion 23","url":"https:\/\/conexion23.com\/","logo":{"@type":"ImageObject","inLanguage":"es","@id":"https:\/\/conexion23.com\/#\/schema\/logo\/image\/","url":"https:\/\/conexion23.com\/wp-content\/uploads\/2021\/11\/Diseno-sin-titulo-2.png","contentUrl":"https:\/\/conexion23.com\/wp-content\/uploads\/2021\/11\/Diseno-sin-titulo-2.png","width":541,"height":90,"caption":"Conexion 23"},"image":{"@id":"https:\/\/conexion23.com\/#\/schema\/logo\/image\/"},"sameAs":["https:\/\/www.facebook.com\/conexion23com","https:\/\/www.instagram.com\/conexion23com\/","https:\/\/www.youtube.com\/channel\/UCYc7vxxFZMYLIHNsHHxPZ3Q"]},{"@type":"Person","@id":"https:\/\/conexion23.com\/#\/schema\/person\/c0b7ce1f0e7a915d08fa289072b8353a","name":"Benjam\u00edn Rosario","image":{"@type":"ImageObject","inLanguage":"es","@id":"https:\/\/secure.gravatar.com\/avatar\/62e1b2539b49cdeb50ee302e2a5f2bd31dc7fdba412bbac67e2a2a6e0c89bb2a?s=96&d=mm&r=g","url":"https:\/\/secure.gravatar.com\/avatar\/62e1b2539b49cdeb50ee302e2a5f2bd31dc7fdba412bbac67e2a2a6e0c89bb2a?s=96&d=mm&r=g","contentUrl":"https:\/\/secure.gravatar.com\/avatar\/62e1b2539b49cdeb50ee302e2a5f2bd31dc7fdba412bbac67e2a2a6e0c89bb2a?s=96&d=mm&r=g","caption":"Benjam\u00edn Rosario"},"url":"https:\/\/conexion23.com\/?author=7"}]}},"_links":{"self":[{"href":"https:\/\/conexion23.com\/index.php?rest_route=\/wp\/v2\/posts\/4359","targetHints":{"allow":["GET"]}}],"collection":[{"href":"https:\/\/conexion23.com\/index.php?rest_route=\/wp\/v2\/posts"}],"about":[{"href":"https:\/\/conexion23.com\/index.php?rest_route=\/wp\/v2\/types\/post"}],"author":[{"embeddable":true,"href":"https:\/\/conexion23.com\/index.php?rest_route=\/wp\/v2\/users\/7"}],"replies":[{"embeddable":true,"href":"https:\/\/conexion23.com\/index.php?rest_route=%2Fwp%2Fv2%2Fcomments&post=4359"}],"version-history":[{"count":1,"href":"https:\/\/conexion23.com\/index.php?rest_route=\/wp\/v2\/posts\/4359\/revisions"}],"predecessor-version":[{"id":4361,"href":"https:\/\/conexion23.com\/index.php?rest_route=\/wp\/v2\/posts\/4359\/revisions\/4361"}],"wp:attachment":[{"href":"https:\/\/conexion23.com\/index.php?rest_route=%2Fwp%2Fv2%2Fmedia&parent=4359"}],"wp:term":[{"taxonomy":"category","embeddable":true,"href":"https:\/\/conexion23.com\/index.php?rest_route=%2Fwp%2Fv2%2Fcategories&post=4359"},{"taxonomy":"post_tag","embeddable":true,"href":"https:\/\/conexion23.com\/index.php?rest_route=%2Fwp%2Fv2%2Ftags&post=4359"}],"curies":[{"name":"wp","href":"https:\/\/api.w.org\/{rel}","templated":true}]}}