{"id":4362,"date":"2022-03-15T04:00:00","date_gmt":"2022-03-15T08:00:00","guid":{"rendered":"https:\/\/conexion23.com\/?p=4362"},"modified":"2022-03-14T19:18:51","modified_gmt":"2022-03-14T23:18:51","slug":"nueva-aerolinea-dominicana-compra-20-aviones-737-max-a-boeing","status":"publish","type":"post","link":"https:\/\/conexion23.com\/?p=4362","title":{"rendered":"Nueva aerol\u00ednea dominicana compra 20 aviones 737 MAX a Boeing"},"content":{"rendered":"\n<p class=\"wp-block-paragraph\">La nueva aerol\u00ednea dominicana Arajet anunci\u00f3 este lunes que ha comprado 20 aviones 737 MAX al fabricante Boeing y ha reservado otros 15 aparatos similares.<\/p>\n\n\n\n<p class=\"wp-block-paragraph\">Arajet, que realiz\u00f3 este lunes su acto de presentaci\u00f3n, tendr\u00e1 su base en el Aeropuerto Internacional de Las Am\u00e9ricas, en Santo Domingo, e iniciar\u00e1 sus operaciones el pr\u00f3ximo mayo, con un \u00fanico avi\u00f3n, que fue entregado por Boeing hace pocos d\u00edas.<\/p>\n\n\n\n<p class=\"wp-block-paragraph\">La aerol\u00ednea, que asegura que operar\u00e1 en el segmento de \u00abultra bajo coste\u00bb, volar\u00e1 inicialmente hacia Costa Rica, Colombia, Jamaica y otras islas del<a href=\"https:\/\/efs.efeservicios.com\/texto\/aerolinea-dominicana-aviones-737-max-boeing\/55008286297\" target=\"_blank\" rel=\"noreferrer noopener\">&nbsp;Caribe<\/a>.<\/p>\n\n\n\n<p class=\"wp-block-paragraph\">El presidente de Arajet, V\u00edctor Pacheco M\u00e9ndez, dijo en un comunicado que planea ofrecer vuelos \u00aba precios asequibles\u00bb a los viajeros en la regi\u00f3n.<\/p>\n\n\n\n<p class=\"wp-block-paragraph\">A partir de junio, la compa\u00f1\u00eda incorporar\u00e1 nuevas aeronaves y prev\u00e9 comenzar la operaci\u00f3n de nuevas rutas a Estados Unidos y otros destinos en el continente americano, entre ellos Brasil y Colombia.<\/p>\n\n\n\n<p class=\"wp-block-paragraph\">El acto de inauguraci\u00f3n, el presidente Abinader subi\u00f3 a la cabina del primer avi\u00f3n de la compa\u00f1\u00eda, desde donde onde\u00f3 la bandera dominicana.<\/p>\n\n\n\n<p class=\"wp-block-paragraph\">El pasado diciembre se present\u00f3 otra aerol\u00ednea dominicana Red Air, que ha iniciado sus operaciones con vuelos a Miami (EE.UU.) y planea abrir l\u00edneas regulares a otros destinos en la regi\u00f3n del Caribe y en Europa.<\/p>\n","protected":false},"excerpt":{"rendered":"<p>La nueva aerol\u00ednea dominicana Arajet anunci\u00f3 este lunes que ha comprado 20 aviones 737 MAX al fabricante Boeing y ha reservado otros 15 aparatos similares. Arajet, que realiz\u00f3 este lunes su acto de presentaci\u00f3n, tendr\u00e1 su base en el Aeropuerto Internacional de Las Am\u00e9ricas, en Santo Domingo, e iniciar\u00e1 sus operaciones el pr\u00f3ximo mayo, con [&hellip;]<\/p>\n","protected":false},"author":7,"featured_media":0,"comment_status":"open","ping_status":"open","sticky":false,"template":"","format":"standard","meta":{"footnotes":""},"categories":[1],"tags":[],"class_list":["post-4362","post","type-post","status-publish","format-standard","category-uncategorized"],"yoast_head":"<!-- This site is optimized with the Yoast SEO plugin v27.6 - https:\/\/yoast.com\/product\/yoast-seo-wordpress\/ -->\n<title>Nueva aerol\u00ednea dominicana compra 20 aviones 737 MAX a Boeing - Conexi\u00f3n 23<\/title>\n<meta name=\"description\" content=\"La aerol\u00ednea, que asegura que operar\u00e1 en el segmento de \u00abultra bajo coste\u00bb, volar\u00e1 inicialmente hacia Costa Rica, Colombia, Jamaica y otras islas del\u00a0Caribe.\" \/>\n<meta name=\"robots\" content=\"index, follow, max-snippet:-1, max-image-preview:large, max-video-preview:-1\" \/>\n<link rel=\"canonical\" href=\"https:\/\/conexion23.com\/?p=4362\" \/>\n<meta property=\"og:locale\" content=\"es_ES\" \/>\n<meta property=\"og:type\" content=\"article\" \/>\n<meta property=\"og:title\" content=\"Nueva aerol\u00ednea dominicana compra 20 aviones 737 MAX a Boeing - Conexi\u00f3n 23\" \/>\n<meta property=\"og:description\" content=\"La aerol\u00ednea, que asegura que operar\u00e1 en el segmento de \u00abultra bajo coste\u00bb, volar\u00e1 inicialmente hacia Costa Rica, Colombia, Jamaica y otras islas del\u00a0Caribe.\" \/>\n<meta property=\"og:url\" content=\"https:\/\/conexion23.com\/?p=4362\" \/>\n<meta property=\"og:site_name\" content=\"Conexi\u00f3n 23\" \/>\n<meta property=\"article:publisher\" content=\"https:\/\/www.facebook.com\/conexion23com\" \/>\n<meta property=\"article:published_time\" content=\"2022-03-15T08:00:00+00:00\" \/>\n<meta name=\"author\" content=\"Benjam\u00edn Rosario\" \/>\n<meta name=\"twitter:card\" content=\"summary_large_image\" \/>\n<meta name=\"twitter:label1\" content=\"Escrito por\" \/>\n\t<meta name=\"twitter:data1\" content=\"Benjam\u00edn Rosario\" \/>\n\t<meta name=\"twitter:label2\" content=\"Tiempo de lectura\" \/>\n\t<meta name=\"twitter:data2\" content=\"1 minuto\" \/>\n<script type=\"application\/ld+json\" class=\"yoast-schema-graph\">{\"@context\":\"https:\\\/\\\/schema.org\",\"@graph\":[{\"@type\":\"Article\",\"@id\":\"https:\\\/\\\/conexion23.com\\\/?p=4362#article\",\"isPartOf\":{\"@id\":\"https:\\\/\\\/conexion23.com\\\/?p=4362\"},\"author\":{\"name\":\"Benjam\u00edn Rosario\",\"@id\":\"https:\\\/\\\/conexion23.com\\\/#\\\/schema\\\/person\\\/c0b7ce1f0e7a915d08fa289072b8353a\"},\"headline\":\"Nueva aerol\u00ednea dominicana compra 20 aviones 737 MAX a Boeing\",\"datePublished\":\"2022-03-15T08:00:00+00:00\",\"mainEntityOfPage\":{\"@id\":\"https:\\\/\\\/conexion23.com\\\/?p=4362\"},\"wordCount\":232,\"commentCount\":0,\"publisher\":{\"@id\":\"https:\\\/\\\/conexion23.com\\\/#organization\"},\"articleSection\":[\"Uncategorized\"],\"inLanguage\":\"es\",\"potentialAction\":[{\"@type\":\"CommentAction\",\"name\":\"Comment\",\"target\":[\"https:\\\/\\\/conexion23.com\\\/?p=4362#respond\"]}]},{\"@type\":\"WebPage\",\"@id\":\"https:\\\/\\\/conexion23.com\\\/?p=4362\",\"url\":\"https:\\\/\\\/conexion23.com\\\/?p=4362\",\"name\":\"Nueva aerol\u00ednea dominicana compra 20 aviones 737 MAX a Boeing - Conexi\u00f3n 23\",\"isPartOf\":{\"@id\":\"https:\\\/\\\/conexion23.com\\\/#website\"},\"datePublished\":\"2022-03-15T08:00:00+00:00\",\"description\":\"La aerol\u00ednea, que asegura que operar\u00e1 en el segmento de \u00abultra bajo coste\u00bb, volar\u00e1 inicialmente hacia Costa Rica, Colombia, Jamaica y otras islas del\u00a0Caribe.\",\"breadcrumb\":{\"@id\":\"https:\\\/\\\/conexion23.com\\\/?p=4362#breadcrumb\"},\"inLanguage\":\"es\",\"potentialAction\":[{\"@type\":\"ReadAction\",\"target\":[\"https:\\\/\\\/conexion23.com\\\/?p=4362\"]}]},{\"@type\":\"BreadcrumbList\",\"@id\":\"https:\\\/\\\/conexion23.com\\\/?p=4362#breadcrumb\",\"itemListElement\":[{\"@type\":\"ListItem\",\"position\":1,\"name\":\"Portada\",\"item\":\"https:\\\/\\\/conexion23.com\\\/\"},{\"@type\":\"ListItem\",\"position\":2,\"name\":\"Nueva aerol\u00ednea dominicana compra 20 aviones 737 MAX a Boeing\"}]},{\"@type\":\"WebSite\",\"@id\":\"https:\\\/\\\/conexion23.com\\\/#website\",\"url\":\"https:\\\/\\\/conexion23.com\\\/\",\"name\":\"Conexi\u00f3n 23\",\"description\":\"Peri\u00f3dico 100% Petromacorisano\",\"publisher\":{\"@id\":\"https:\\\/\\\/conexion23.com\\\/#organization\"},\"potentialAction\":[{\"@type\":\"SearchAction\",\"target\":{\"@type\":\"EntryPoint\",\"urlTemplate\":\"https:\\\/\\\/conexion23.com\\\/?s={search_term_string}\"},\"query-input\":{\"@type\":\"PropertyValueSpecification\",\"valueRequired\":true,\"valueName\":\"search_term_string\"}}],\"inLanguage\":\"es\"},{\"@type\":\"Organization\",\"@id\":\"https:\\\/\\\/conexion23.com\\\/#organization\",\"name\":\"Conexion 23\",\"url\":\"https:\\\/\\\/conexion23.com\\\/\",\"logo\":{\"@type\":\"ImageObject\",\"inLanguage\":\"es\",\"@id\":\"https:\\\/\\\/conexion23.com\\\/#\\\/schema\\\/logo\\\/image\\\/\",\"url\":\"https:\\\/\\\/conexion23.com\\\/wp-content\\\/uploads\\\/2021\\\/11\\\/Diseno-sin-titulo-2.png\",\"contentUrl\":\"https:\\\/\\\/conexion23.com\\\/wp-content\\\/uploads\\\/2021\\\/11\\\/Diseno-sin-titulo-2.png\",\"width\":541,\"height\":90,\"caption\":\"Conexion 23\"},\"image\":{\"@id\":\"https:\\\/\\\/conexion23.com\\\/#\\\/schema\\\/logo\\\/image\\\/\"},\"sameAs\":[\"https:\\\/\\\/www.facebook.com\\\/conexion23com\",\"https:\\\/\\\/www.instagram.com\\\/conexion23com\\\/\",\"https:\\\/\\\/www.youtube.com\\\/channel\\\/UCYc7vxxFZMYLIHNsHHxPZ3Q\"]},{\"@type\":\"Person\",\"@id\":\"https:\\\/\\\/conexion23.com\\\/#\\\/schema\\\/person\\\/c0b7ce1f0e7a915d08fa289072b8353a\",\"name\":\"Benjam\u00edn Rosario\",\"image\":{\"@type\":\"ImageObject\",\"inLanguage\":\"es\",\"@id\":\"https:\\\/\\\/secure.gravatar.com\\\/avatar\\\/62e1b2539b49cdeb50ee302e2a5f2bd31dc7fdba412bbac67e2a2a6e0c89bb2a?s=96&d=mm&r=g\",\"url\":\"https:\\\/\\\/secure.gravatar.com\\\/avatar\\\/62e1b2539b49cdeb50ee302e2a5f2bd31dc7fdba412bbac67e2a2a6e0c89bb2a?s=96&d=mm&r=g\",\"contentUrl\":\"https:\\\/\\\/secure.gravatar.com\\\/avatar\\\/62e1b2539b49cdeb50ee302e2a5f2bd31dc7fdba412bbac67e2a2a6e0c89bb2a?s=96&d=mm&r=g\",\"caption\":\"Benjam\u00edn Rosario\"},\"url\":\"https:\\\/\\\/conexion23.com\\\/?author=7\"}]}<\/script>\n<!-- \/ Yoast SEO plugin. -->","yoast_head_json":{"title":"Nueva aerol\u00ednea dominicana compra 20 aviones 737 MAX a Boeing - Conexi\u00f3n 23","description":"La aerol\u00ednea, que asegura que operar\u00e1 en el segmento de \u00abultra bajo coste\u00bb, volar\u00e1 inicialmente hacia Costa Rica, Colombia, Jamaica y otras islas del\u00a0Caribe.","robots":{"index":"index","follow":"follow","max-snippet":"max-snippet:-1","max-image-preview":"max-image-preview:large","max-video-preview":"max-video-preview:-1"},"canonical":"https:\/\/conexion23.com\/?p=4362","og_locale":"es_ES","og_type":"article","og_title":"Nueva aerol\u00ednea dominicana compra 20 aviones 737 MAX a Boeing - Conexi\u00f3n 23","og_description":"La aerol\u00ednea, que asegura que operar\u00e1 en el segmento de \u00abultra bajo coste\u00bb, volar\u00e1 inicialmente hacia Costa Rica, Colombia, Jamaica y otras islas del\u00a0Caribe.","og_url":"https:\/\/conexion23.com\/?p=4362","og_site_name":"Conexi\u00f3n 23","article_publisher":"https:\/\/www.facebook.com\/conexion23com","article_published_time":"2022-03-15T08:00:00+00:00","author":"Benjam\u00edn Rosario","twitter_card":"summary_large_image","twitter_misc":{"Escrito por":"Benjam\u00edn Rosario","Tiempo de lectura":"1 minuto"},"schema":{"@context":"https:\/\/schema.org","@graph":[{"@type":"Article","@id":"https:\/\/conexion23.com\/?p=4362#article","isPartOf":{"@id":"https:\/\/conexion23.com\/?p=4362"},"author":{"name":"Benjam\u00edn Rosario","@id":"https:\/\/conexion23.com\/#\/schema\/person\/c0b7ce1f0e7a915d08fa289072b8353a"},"headline":"Nueva aerol\u00ednea dominicana compra 20 aviones 737 MAX a Boeing","datePublished":"2022-03-15T08:00:00+00:00","mainEntityOfPage":{"@id":"https:\/\/conexion23.com\/?p=4362"},"wordCount":232,"commentCount":0,"publisher":{"@id":"https:\/\/conexion23.com\/#organization"},"articleSection":["Uncategorized"],"inLanguage":"es","potentialAction":[{"@type":"CommentAction","name":"Comment","target":["https:\/\/conexion23.com\/?p=4362#respond"]}]},{"@type":"WebPage","@id":"https:\/\/conexion23.com\/?p=4362","url":"https:\/\/conexion23.com\/?p=4362","name":"Nueva aerol\u00ednea dominicana compra 20 aviones 737 MAX a Boeing - Conexi\u00f3n 23","isPartOf":{"@id":"https:\/\/conexion23.com\/#website"},"datePublished":"2022-03-15T08:00:00+00:00","description":"La aerol\u00ednea, que asegura que operar\u00e1 en el segmento de \u00abultra bajo coste\u00bb, volar\u00e1 inicialmente hacia Costa Rica, Colombia, Jamaica y otras islas del\u00a0Caribe.","breadcrumb":{"@id":"https:\/\/conexion23.com\/?p=4362#breadcrumb"},"inLanguage":"es","potentialAction":[{"@type":"ReadAction","target":["https:\/\/conexion23.com\/?p=4362"]}]},{"@type":"BreadcrumbList","@id":"https:\/\/conexion23.com\/?p=4362#breadcrumb","itemListElement":[{"@type":"ListItem","position":1,"name":"Portada","item":"https:\/\/conexion23.com\/"},{"@type":"ListItem","position":2,"name":"Nueva aerol\u00ednea dominicana compra 20 aviones 737 MAX a Boeing"}]},{"@type":"WebSite","@id":"https:\/\/conexion23.com\/#website","url":"https:\/\/conexion23.com\/","name":"Conexi\u00f3n 23","description":"Peri\u00f3dico 100% Petromacorisano","publisher":{"@id":"https:\/\/conexion23.com\/#organization"},"potentialAction":[{"@type":"SearchAction","target":{"@type":"EntryPoint","urlTemplate":"https:\/\/conexion23.com\/?s={search_term_string}"},"query-input":{"@type":"PropertyValueSpecification","valueRequired":true,"valueName":"search_term_string"}}],"inLanguage":"es"},{"@type":"Organization","@id":"https:\/\/conexion23.com\/#organization","name":"Conexion 23","url":"https:\/\/conexion23.com\/","logo":{"@type":"ImageObject","inLanguage":"es","@id":"https:\/\/conexion23.com\/#\/schema\/logo\/image\/","url":"https:\/\/conexion23.com\/wp-content\/uploads\/2021\/11\/Diseno-sin-titulo-2.png","contentUrl":"https:\/\/conexion23.com\/wp-content\/uploads\/2021\/11\/Diseno-sin-titulo-2.png","width":541,"height":90,"caption":"Conexion 23"},"image":{"@id":"https:\/\/conexion23.com\/#\/schema\/logo\/image\/"},"sameAs":["https:\/\/www.facebook.com\/conexion23com","https:\/\/www.instagram.com\/conexion23com\/","https:\/\/www.youtube.com\/channel\/UCYc7vxxFZMYLIHNsHHxPZ3Q"]},{"@type":"Person","@id":"https:\/\/conexion23.com\/#\/schema\/person\/c0b7ce1f0e7a915d08fa289072b8353a","name":"Benjam\u00edn Rosario","image":{"@type":"ImageObject","inLanguage":"es","@id":"https:\/\/secure.gravatar.com\/avatar\/62e1b2539b49cdeb50ee302e2a5f2bd31dc7fdba412bbac67e2a2a6e0c89bb2a?s=96&d=mm&r=g","url":"https:\/\/secure.gravatar.com\/avatar\/62e1b2539b49cdeb50ee302e2a5f2bd31dc7fdba412bbac67e2a2a6e0c89bb2a?s=96&d=mm&r=g","contentUrl":"https:\/\/secure.gravatar.com\/avatar\/62e1b2539b49cdeb50ee302e2a5f2bd31dc7fdba412bbac67e2a2a6e0c89bb2a?s=96&d=mm&r=g","caption":"Benjam\u00edn Rosario"},"url":"https:\/\/conexion23.com\/?author=7"}]}},"_links":{"self":[{"href":"https:\/\/conexion23.com\/index.php?rest_route=\/wp\/v2\/posts\/4362","targetHints":{"allow":["GET"]}}],"collection":[{"href":"https:\/\/conexion23.com\/index.php?rest_route=\/wp\/v2\/posts"}],"about":[{"href":"https:\/\/conexion23.com\/index.php?rest_route=\/wp\/v2\/types\/post"}],"author":[{"embeddable":true,"href":"https:\/\/conexion23.com\/index.php?rest_route=\/wp\/v2\/users\/7"}],"replies":[{"embeddable":true,"href":"https:\/\/conexion23.com\/index.php?rest_route=%2Fwp%2Fv2%2Fcomments&post=4362"}],"version-history":[{"count":1,"href":"https:\/\/conexion23.com\/index.php?rest_route=\/wp\/v2\/posts\/4362\/revisions"}],"predecessor-version":[{"id":4364,"href":"https:\/\/conexion23.com\/index.php?rest_route=\/wp\/v2\/posts\/4362\/revisions\/4364"}],"wp:attachment":[{"href":"https:\/\/conexion23.com\/index.php?rest_route=%2Fwp%2Fv2%2Fmedia&parent=4362"}],"wp:term":[{"taxonomy":"category","embeddable":true,"href":"https:\/\/conexion23.com\/index.php?rest_route=%2Fwp%2Fv2%2Fcategories&post=4362"},{"taxonomy":"post_tag","embeddable":true,"href":"https:\/\/conexion23.com\/index.php?rest_route=%2Fwp%2Fv2%2Ftags&post=4362"}],"curies":[{"name":"wp","href":"https:\/\/api.w.org\/{rel}","templated":true}]}}