{"id":44032,"date":"2025-09-02T07:00:06","date_gmt":"2025-09-02T11:00:06","guid":{"rendered":"https:\/\/conexion23.com\/?p=44032"},"modified":"2025-09-01T23:10:08","modified_gmt":"2025-09-02T03:10:08","slug":"dominicano-gana-medallas-de-oro-en-campeonato-panamericano-de-ajedrez-escolar-de-brasil","status":"publish","type":"post","link":"https:\/\/conexion23.com\/?p=44032","title":{"rendered":"Dominicano gana medallas de oro en campeonato Panamericano de Ajedrez Escolar de Brasil"},"content":{"rendered":"<div style=\"text-align: justify;\"><strong>El ni\u00f1o dominicano de 13 a\u00f1os \u00c1ngel Lara Santos acaba de ganar dos medallas de ORO en las modalidades Blitz y R\u00e1pido del Campeonato Panamericano de Ajedrez Escolar que se est\u00e1 celebrando en Brasil, del 30 de agosto al 05 de septiembre este a\u00f1o en tres modalidades Blitz, R\u00e1pida y la categor\u00eda Est\u00e1ndar que se extiende hasta el cinco de septiembre.\u00a0<\/strong><\/div>\n<div style=\"text-align: justify;\"><\/div>\n<div style=\"text-align: justify;\">Los detalles fueron ofrecidos por el maestro de ajedrez Lic. Braulio Ram\u00edrez, quien se\u00f1al\u00f3 que \u00c1ngel Lara Santos del Colegio San Pio X es el mejor jugador de los juegos Nacionales Escolares Barahona 2023 del Instituto Nacional de Educaci\u00f3n F\u00edsica (INEFI) que preside Alberto Rodr\u00edguez Mella.\u00a0 Con estas dos (2) medallas de ORO una vez m\u00e1s \u00c1ngel Lara Santos sube al P\u00f3dium y pone a entonar el Himno de la Rep\u00fablica Dominicana en tierras extranjeras.<\/div>\n<div style=\"text-align: justify;\">Ram\u00edrez se\u00f1al\u00f3 que \u00c1ngel Lara Santos gan\u00f3 en ambas modalidades Blitz y R\u00e1pida del Campeonato Panamericano Escolar en la categor\u00eda U13, superando a los representantes de Argentina, Brasil, Chile, Per\u00fa, Paraguay y Estados Unidos.<\/div>\n<div style=\"text-align: justify;\"><\/div>\n<div style=\"text-align: justify;\">\u00c1ngel Lara Santos se coron\u00f3 campe\u00f3n de la modalidad Blitz (Rel\u00e1mpago), acumulando 7.5 de 9 posibles, mientras que la modalidad R\u00e1pida triunfo de forma invicta con siete (7) puntos de siete (7) posibles sin conocer la derrota, una de sus victorias m\u00e1s notables fue contra \u00e9l (CM) Candidato a Maestro de Paraguay, Enzo Mathias Vinales Gonz\u00e1lez.<\/div>\n<div style=\"text-align: justify;\"><\/div>\n<div style=\"text-align: justify;\">Adem\u00e1s de \u00c1ngel Lara Santos se encuentran participando en el Campeonato Panamericano Escolar el campe\u00f3n Centroamericano y del Caribe Alejandro Mu\u00f1oz quien participa en la categor\u00eda U11, y los hermanos Bruno Almonte que participan en la categor\u00eda U9 y Lucas Almonte en la categor\u00eda U17, mientras que el Maestro Internacional Jos\u00e9 Lisandro Mu\u00f1oz es el capit\u00e1n y entrenador de la delegaci\u00f3n dominicana.<\/div>\n<div>\n\r\n                <style type=\"text\/css\">\r\n                    \r\n                    #tdi_1  .td-doubleSlider-2 .td-item1 {\r\n                        background: url(https:\/\/conexion23.com\/wp-content\/uploads\/2025\/09\/Angel-Sebastian-Lara-Santos-Sube-al-Podium-Primer-Lugar-en-la-Modalidad-Blitz-160x120.jpg) 0 0 no-repeat;\r\n                    }\r\n                    #tdi_1  .td-doubleSlider-2 .td-item2 {\r\n                        background: url(https:\/\/conexion23.com\/wp-content\/uploads\/2025\/09\/Campeonato-Panamericano-de-Ajedrez-Escolar-de-Brasil-2-160x120.jpg) 0 0 no-repeat;\r\n                    }\r\n                    #tdi_1  .td-doubleSlider-2 .td-item3 {\r\n                        background: url(https:\/\/conexion23.com\/wp-content\/uploads\/2025\/09\/Campeonato-Panamericano-de-Ajedrez-Escolar-de-Brasil-1-160x120.jpg) 0 0 no-repeat;\r\n                    }\r\n                    #tdi_1  .td-doubleSlider-2 .td-item4 {\r\n                        background: url(https:\/\/conexion23.com\/wp-content\/uploads\/2025\/09\/Angel-Sebastian-Lara-Santos-Sube-al-Podium-Primer-Lugar-Invicto-en-la-Modalidad-Rapida-160x120.jpg) 0 0 no-repeat;\r\n                    }\r\n                <\/style>\r\n\r\n                <div id=\"tdi_1\" class=\"td-gallery td-slide-on-2-columns\">\r\n                    <div class=\"post_td_gallery\">\r\n                        <div class=\"td-gallery-slide-top\">\r\n                           <div class=\"td-gallery-title\"><\/div>\r\n\r\n                            <div class=\"td-gallery-controls-wrapper\">\r\n                                <div class=\"td-gallery-slide-count\"><span class=\"td-gallery-slide-item-focus\">1<\/span> de 4<\/div>\r\n                                <div class=\"td-gallery-slide-prev-next-but\">\r\n                                    <i class = \"td-icon-left doubleSliderPrevButton\"><\/i>\r\n                                    <i class = \"td-icon-right doubleSliderNextButton\"><\/i>\r\n                                <\/div>\r\n                            <\/div>\r\n                        <\/div>\r\n\r\n                        <div class = \"td-doubleSlider-1 \">\r\n                            <div class = \"td-slider\">\r\n                                \r\n                    <div class = \"td-slide-item td-item1\">\r\n                        <figure class=\"td-slide-galery-figure td-slide-popup-gallery\">\r\n                            <a class=\"slide-gallery-image-link\" href=\"https:\/\/conexion23.com\/wp-content\/uploads\/2025\/09\/Angel-Sebastian-Lara-Santos-Sube-al-Podium-Primer-Lugar-en-la-Modalidad-Blitz.jpg\" title=\"\u00c1ngel Sebasti\u00e1n Lara Santos, Sube al P\u00f3dium Primer Lugar en la Modalidad Blitz.\"  data-caption=\"\"  data-description=\"\">\r\n                                <img decoding=\"async\" src=\"https:\/\/conexion23.com\/wp-content\/uploads\/2025\/09\/Angel-Sebastian-Lara-Santos-Sube-al-Podium-Primer-Lugar-en-la-Modalidad-Blitz-315x420.jpg\" srcset=\"https:\/\/conexion23.com\/wp-content\/uploads\/2025\/09\/Angel-Sebastian-Lara-Santos-Sube-al-Podium-Primer-Lugar-en-la-Modalidad-Blitz-315x420.jpg 420w, https:\/\/conexion23.com\/wp-content\/uploads\/2025\/09\/Angel-Sebastian-Lara-Santos-Sube-al-Podium-Primer-Lugar-en-la-Modalidad-Blitz-630x840.jpg 840w\" sizes=\"(-webkit-min-device-pixel-ratio: 2) 840px, (min-resolution: 192dpi) 840px, 420px\" alt=\"\">\r\n                            <\/a>\r\n                            \r\n                        <\/figure>\r\n                    <\/div>\r\n                    <div class = \"td-slide-item td-item2\">\r\n                        <figure class=\"td-slide-galery-figure td-slide-popup-gallery\">\r\n                            <a class=\"slide-gallery-image-link\" href=\"https:\/\/conexion23.com\/wp-content\/uploads\/2025\/09\/Campeonato-Panamericano-de-Ajedrez-Escolar-de-Brasil-2.jpg\" title=\"Campeonato Panamericano de Ajedrez Escolar de Brasil (2)\"  data-caption=\"\"  data-description=\"\">\r\n                                <img decoding=\"async\" src=\"https:\/\/conexion23.com\/wp-content\/uploads\/2025\/09\/Campeonato-Panamericano-de-Ajedrez-Escolar-de-Brasil-2-629x420.jpg\" srcset=\"https:\/\/conexion23.com\/wp-content\/uploads\/2025\/09\/Campeonato-Panamericano-de-Ajedrez-Escolar-de-Brasil-2-629x420.jpg 420w, https:\/\/conexion23.com\/wp-content\/uploads\/2025\/09\/Campeonato-Panamericano-de-Ajedrez-Escolar-de-Brasil-2-1258x840.jpg 840w\" sizes=\"(-webkit-min-device-pixel-ratio: 2) 840px, (min-resolution: 192dpi) 840px, 420px\" alt=\"\">\r\n                            <\/a>\r\n                            \r\n                        <\/figure>\r\n                    <\/div>\r\n                    <div class = \"td-slide-item td-item3\">\r\n                        <figure class=\"td-slide-galery-figure td-slide-popup-gallery\">\r\n                            <a class=\"slide-gallery-image-link\" href=\"https:\/\/conexion23.com\/wp-content\/uploads\/2025\/09\/Campeonato-Panamericano-de-Ajedrez-Escolar-de-Brasil-1.jpg\" title=\"Campeonato Panamericano de Ajedrez Escolar de Brasil (1)\"  data-caption=\"\"  data-description=\"\">\r\n                                <img decoding=\"async\" src=\"https:\/\/conexion23.com\/wp-content\/uploads\/2025\/09\/Campeonato-Panamericano-de-Ajedrez-Escolar-de-Brasil-1-315x420.jpg\" srcset=\"https:\/\/conexion23.com\/wp-content\/uploads\/2025\/09\/Campeonato-Panamericano-de-Ajedrez-Escolar-de-Brasil-1-315x420.jpg 420w, https:\/\/conexion23.com\/wp-content\/uploads\/2025\/09\/Campeonato-Panamericano-de-Ajedrez-Escolar-de-Brasil-1-630x840.jpg 840w\" sizes=\"(-webkit-min-device-pixel-ratio: 2) 840px, (min-resolution: 192dpi) 840px, 420px\" alt=\"\">\r\n                            <\/a>\r\n                            \r\n                        <\/figure>\r\n                    <\/div>\r\n                    <div class = \"td-slide-item td-item4\">\r\n                        <figure class=\"td-slide-galery-figure td-slide-popup-gallery\">\r\n                            <a class=\"slide-gallery-image-link\" href=\"https:\/\/conexion23.com\/wp-content\/uploads\/2025\/09\/Angel-Sebastian-Lara-Santos-Sube-al-Podium-Primer-Lugar-Invicto-en-la-Modalidad-Rapida.jpg\" title=\"\u00c1ngel Sebasti\u00e1n Lara Santos, Sube al P\u00f3dium Primer Lugar Invicto en la Modalidad R\u00e1pida.\"  data-caption=\"\"  data-description=\"\">\r\n                                <img decoding=\"async\" src=\"https:\/\/conexion23.com\/wp-content\/uploads\/2025\/09\/Angel-Sebastian-Lara-Santos-Sube-al-Podium-Primer-Lugar-Invicto-en-la-Modalidad-Rapida-560x420.jpg\" srcset=\"https:\/\/conexion23.com\/wp-content\/uploads\/2025\/09\/Angel-Sebastian-Lara-Santos-Sube-al-Podium-Primer-Lugar-Invicto-en-la-Modalidad-Rapida-560x420.jpg 420w, https:\/\/conexion23.com\/wp-content\/uploads\/2025\/09\/Angel-Sebastian-Lara-Santos-Sube-al-Podium-Primer-Lugar-Invicto-en-la-Modalidad-Rapida-1120x840.jpg 840w\" sizes=\"(-webkit-min-device-pixel-ratio: 2) 840px, (min-resolution: 192dpi) 840px, 420px\" alt=\"\">\r\n                            <\/a>\r\n                            \r\n                        <\/figure>\r\n                    <\/div>\r\n                            <\/div>\r\n                        <\/div>\r\n\r\n                        <div class = \"td-doubleSlider-2\">\r\n                            <div class = \"td-slider\">\r\n                                \r\n                    <div class = \"td-button td-item1\">\r\n                        <div class = \"td-border\"><\/div>\r\n                    <\/div>\r\n                    <div class = \"td-button td-item2\">\r\n                        <div class = \"td-border\"><\/div>\r\n                    <\/div>\r\n                    <div class = \"td-button td-item3\">\r\n                        <div class = \"td-border\"><\/div>\r\n                    <\/div>\r\n                    <div class = \"td-button td-item4\">\r\n                        <div class = \"td-border\"><\/div>\r\n                    <\/div>\r\n                            <\/div>\r\n                        <\/div>\r\n\r\n                    <\/div>\r\n\r\n                <\/div>\r\n                \n<\/div>\n<div style=\"text-align: justify;\"><\/div>\n<div style=\"text-align: justify;\">El evento Panamericano se juega en tres (3) modalidades Blitz, R\u00e1pido y Est\u00e1ndar, la Rep\u00fablica Dominicana acaba de ganar tres (3) medallas Dos (2) ORO con \u00c1ngel Lara Santos y una de Bronce con Bruno Almonte en la categor\u00eda U-9 R\u00e1pida con 4.5 de 7 posibles. El evento internacional se juega bajo sistema suizo, bajo los reglamentos de la Federaci\u00f3n Internacional de Ajedrez FIDE.<\/div>\n<div style=\"text-align: justify;\"><\/div>\n<div style=\"text-align: justify;\">El Maestro de la Federaci\u00f3n Internacional de Ajedrez Fide Lic. Braulio Ramirez Instructor del Instituto Nacional de Educaci\u00f3n F\u00edsica (INEFI) destac\u00f3 que el pa\u00eds se encuentra bien representado con \u00c1ngel Lara Santos, Alejandro Mu\u00f1oz y los hermanos Bruno y Lucas, todav\u00eda tenemos posibilidad de ganar m\u00e1s medallas en la modalidad Est\u00e1ndar que se extienda hasta el 05 de septiembre, confiamos en la delegaci\u00f3n dominicana y en la capacidad de los entrenadores Jose Lisandro Mu\u00f1oz y Julio Ventura quienes acompa\u00f1an la delegaci\u00f3n dominicana.<\/div>\n<div style=\"text-align: justify;\"><\/div>\n<div style=\"text-align: justify;\">\u00c1ngel Lara Santos con tan solo 13 a\u00f1os, fue captado por el Instituto Nacional de Educaci\u00f3n F\u00edsica (INEFI), ha demostrado ser una promesa del ajedrez dominicano, destac\u00e1ndose en m\u00faltiples competencias internacionales desde que inici\u00f3 su carrera con 11 a\u00f1os. Su trayectoria comenz\u00f3 en los Juegos Nacionales Escolares del INEFI y en el Campeonato Mundial de Ajedrez Escolar en Per\u00fa, donde empat\u00f3 en el tercer lugar.<\/div>\n","protected":false},"excerpt":{"rendered":"<p>El ni\u00f1o dominicano de 13 a\u00f1os \u00c1ngel Lara Santos acaba de ganar dos medallas de ORO en las modalidades Blitz y R\u00e1pido del Campeonato Panamericano de Ajedrez Escolar que se est\u00e1 celebrando en Brasil, del 30 de agosto al 05 de septiembre este a\u00f1o en tres modalidades Blitz, R\u00e1pida y la categor\u00eda Est\u00e1ndar que se [&hellip;]<\/p>\n","protected":false},"author":18,"featured_media":44036,"comment_status":"open","ping_status":"open","sticky":false,"template":"","format":"standard","meta":{"footnotes":""},"categories":[6],"tags":[3972,3970,109,3973,3971,3778],"class_list":{"0":"post-44032","1":"post","2":"type-post","3":"status-publish","4":"format-standard","5":"has-post-thumbnail","7":"category-deportes","8":"tag-ajedrez-escolar-de-brasil","9":"tag-angel-lara-santos","10":"tag-deporte","11":"tag-dominicano-gana-oro","12":"tag-federacion-internacional-de-ajedrez","13":"tag-inefi"},"yoast_head":"<!-- This site is optimized with the Yoast SEO plugin v27.1.1 - https:\/\/yoast.com\/product\/yoast-seo-wordpress\/ -->\n<title>Dominicano gana medallas de oro en campeonato Panamericano de Ajedrez Escolar de Brasil - Conexi\u00f3n 23<\/title>\n<meta name=\"robots\" content=\"index, follow, max-snippet:-1, max-image-preview:large, max-video-preview:-1\" \/>\n<link rel=\"canonical\" href=\"https:\/\/conexion23.com\/?p=44032\" \/>\n<meta property=\"og:locale\" content=\"es_ES\" \/>\n<meta property=\"og:type\" content=\"article\" \/>\n<meta property=\"og:title\" content=\"Dominicano gana medallas de oro en campeonato Panamericano de Ajedrez Escolar de Brasil - Conexi\u00f3n 23\" \/>\n<meta property=\"og:description\" content=\"El ni\u00f1o dominicano de 13 a\u00f1os \u00c1ngel Lara Santos acaba de ganar dos medallas de ORO en las modalidades Blitz y R\u00e1pido del Campeonato Panamericano de Ajedrez Escolar que se est\u00e1 celebrando en Brasil, del 30 de agosto al 05 de septiembre este a\u00f1o en tres modalidades Blitz, R\u00e1pida y la categor\u00eda Est\u00e1ndar que se [&hellip;]\" \/>\n<meta property=\"og:url\" content=\"https:\/\/conexion23.com\/?p=44032\" \/>\n<meta property=\"og:site_name\" content=\"Conexi\u00f3n 23\" \/>\n<meta property=\"article:publisher\" content=\"https:\/\/www.facebook.com\/conexion23com\" \/>\n<meta property=\"article:published_time\" content=\"2025-09-02T11:00:06+00:00\" \/>\n<meta property=\"og:image\" content=\"https:\/\/conexion23.com\/wp-content\/uploads\/2025\/09\/Campeonato-Panamericano-de-Ajedrez-Escolar-de-Brasil-1.jpg\" \/>\n\t<meta property=\"og:image:width\" content=\"1200\" \/>\n\t<meta property=\"og:image:height\" content=\"1600\" \/>\n\t<meta property=\"og:image:type\" content=\"image\/jpeg\" \/>\n<meta name=\"author\" content=\"Redacci\u00f3n\" \/>\n<meta name=\"twitter:card\" content=\"summary_large_image\" \/>\n<meta name=\"twitter:label1\" content=\"Escrito por\" \/>\n\t<meta name=\"twitter:data1\" content=\"Redacci\u00f3n\" \/>\n\t<meta name=\"twitter:label2\" content=\"Tiempo de lectura\" \/>\n\t<meta name=\"twitter:data2\" content=\"3 minutos\" \/>\n<script type=\"application\/ld+json\" class=\"yoast-schema-graph\">{\"@context\":\"https:\/\/schema.org\",\"@graph\":[{\"@type\":\"Article\",\"@id\":\"https:\/\/conexion23.com\/?p=44032#article\",\"isPartOf\":{\"@id\":\"https:\/\/conexion23.com\/?p=44032\"},\"author\":{\"name\":\"Redacci\u00f3n\",\"@id\":\"https:\/\/conexion23.com\/#\/schema\/person\/0a860802b17d01ad2a278f53c507c296\"},\"headline\":\"Dominicano gana medallas de oro en campeonato Panamericano de Ajedrez Escolar de Brasil\",\"datePublished\":\"2025-09-02T11:00:06+00:00\",\"mainEntityOfPage\":{\"@id\":\"https:\/\/conexion23.com\/?p=44032\"},\"wordCount\":563,\"commentCount\":0,\"publisher\":{\"@id\":\"https:\/\/conexion23.com\/#organization\"},\"image\":{\"@id\":\"https:\/\/conexion23.com\/?p=44032#primaryimage\"},\"thumbnailUrl\":\"https:\/\/conexion23.com\/wp-content\/uploads\/2025\/09\/Campeonato-Panamericano-de-Ajedrez-Escolar-de-Brasil-1.jpg\",\"keywords\":[\"Ajedrez Escolar de Brasil\",\"\u00c1ngel Lara Santos\",\"deporte\",\"dominicano gana oro\",\"Federaci\u00f3n Internacional de Ajedrez\",\"Inefi\"],\"articleSection\":[\"Deportes\"],\"inLanguage\":\"es\",\"potentialAction\":[{\"@type\":\"CommentAction\",\"name\":\"Comment\",\"target\":[\"https:\/\/conexion23.com\/?p=44032#respond\"]}]},{\"@type\":\"WebPage\",\"@id\":\"https:\/\/conexion23.com\/?p=44032\",\"url\":\"https:\/\/conexion23.com\/?p=44032\",\"name\":\"Dominicano gana medallas de oro en campeonato Panamericano de Ajedrez Escolar de Brasil - Conexi\u00f3n 23\",\"isPartOf\":{\"@id\":\"https:\/\/conexion23.com\/#website\"},\"primaryImageOfPage\":{\"@id\":\"https:\/\/conexion23.com\/?p=44032#primaryimage\"},\"image\":{\"@id\":\"https:\/\/conexion23.com\/?p=44032#primaryimage\"},\"thumbnailUrl\":\"https:\/\/conexion23.com\/wp-content\/uploads\/2025\/09\/Campeonato-Panamericano-de-Ajedrez-Escolar-de-Brasil-1.jpg\",\"datePublished\":\"2025-09-02T11:00:06+00:00\",\"breadcrumb\":{\"@id\":\"https:\/\/conexion23.com\/?p=44032#breadcrumb\"},\"inLanguage\":\"es\",\"potentialAction\":[{\"@type\":\"ReadAction\",\"target\":[\"https:\/\/conexion23.com\/?p=44032\"]}]},{\"@type\":\"ImageObject\",\"inLanguage\":\"es\",\"@id\":\"https:\/\/conexion23.com\/?p=44032#primaryimage\",\"url\":\"https:\/\/conexion23.com\/wp-content\/uploads\/2025\/09\/Campeonato-Panamericano-de-Ajedrez-Escolar-de-Brasil-1.jpg\",\"contentUrl\":\"https:\/\/conexion23.com\/wp-content\/uploads\/2025\/09\/Campeonato-Panamericano-de-Ajedrez-Escolar-de-Brasil-1.jpg\",\"width\":1200,\"height\":1600},{\"@type\":\"BreadcrumbList\",\"@id\":\"https:\/\/conexion23.com\/?p=44032#breadcrumb\",\"itemListElement\":[{\"@type\":\"ListItem\",\"position\":1,\"name\":\"Portada\",\"item\":\"https:\/\/conexion23.com\/\"},{\"@type\":\"ListItem\",\"position\":2,\"name\":\"Dominicano gana medallas de oro en campeonato Panamericano de Ajedrez Escolar de Brasil\"}]},{\"@type\":\"WebSite\",\"@id\":\"https:\/\/conexion23.com\/#website\",\"url\":\"https:\/\/conexion23.com\/\",\"name\":\"Conexi\u00f3n 23\",\"description\":\"Peri\u00f3dico 100% Petromacorisano\",\"publisher\":{\"@id\":\"https:\/\/conexion23.com\/#organization\"},\"potentialAction\":[{\"@type\":\"SearchAction\",\"target\":{\"@type\":\"EntryPoint\",\"urlTemplate\":\"https:\/\/conexion23.com\/?s={search_term_string}\"},\"query-input\":{\"@type\":\"PropertyValueSpecification\",\"valueRequired\":true,\"valueName\":\"search_term_string\"}}],\"inLanguage\":\"es\"},{\"@type\":\"Organization\",\"@id\":\"https:\/\/conexion23.com\/#organization\",\"name\":\"Conexion 23\",\"url\":\"https:\/\/conexion23.com\/\",\"logo\":{\"@type\":\"ImageObject\",\"inLanguage\":\"es\",\"@id\":\"https:\/\/conexion23.com\/#\/schema\/logo\/image\/\",\"url\":\"https:\/\/conexion23.com\/wp-content\/uploads\/2021\/11\/Diseno-sin-titulo-2.png\",\"contentUrl\":\"https:\/\/conexion23.com\/wp-content\/uploads\/2021\/11\/Diseno-sin-titulo-2.png\",\"width\":541,\"height\":90,\"caption\":\"Conexion 23\"},\"image\":{\"@id\":\"https:\/\/conexion23.com\/#\/schema\/logo\/image\/\"},\"sameAs\":[\"https:\/\/www.facebook.com\/conexion23com\",\"https:\/\/www.instagram.com\/conexion23com\/\",\"https:\/\/www.youtube.com\/channel\/UCYc7vxxFZMYLIHNsHHxPZ3Q\"]},{\"@type\":\"Person\",\"@id\":\"https:\/\/conexion23.com\/#\/schema\/person\/0a860802b17d01ad2a278f53c507c296\",\"name\":\"Redacci\u00f3n\",\"image\":{\"@type\":\"ImageObject\",\"inLanguage\":\"es\",\"@id\":\"https:\/\/conexion23.com\/#\/schema\/person\/image\/\",\"url\":\"https:\/\/secure.gravatar.com\/avatar\/ec9d84b79c776aa1994e5893944465db9974b17b884155623da51b7b62c02845?s=96&d=mm&r=g\",\"contentUrl\":\"https:\/\/secure.gravatar.com\/avatar\/ec9d84b79c776aa1994e5893944465db9974b17b884155623da51b7b62c02845?s=96&d=mm&r=g\",\"caption\":\"Redacci\u00f3n\"},\"url\":\"https:\/\/conexion23.com\/?author=18\"}]}<\/script>\n<!-- \/ Yoast SEO plugin. -->","yoast_head_json":{"title":"Dominicano gana medallas de oro en campeonato Panamericano de Ajedrez Escolar de Brasil - Conexi\u00f3n 23","robots":{"index":"index","follow":"follow","max-snippet":"max-snippet:-1","max-image-preview":"max-image-preview:large","max-video-preview":"max-video-preview:-1"},"canonical":"https:\/\/conexion23.com\/?p=44032","og_locale":"es_ES","og_type":"article","og_title":"Dominicano gana medallas de oro en campeonato Panamericano de Ajedrez Escolar de Brasil - Conexi\u00f3n 23","og_description":"El ni\u00f1o dominicano de 13 a\u00f1os \u00c1ngel Lara Santos acaba de ganar dos medallas de ORO en las modalidades Blitz y R\u00e1pido del Campeonato Panamericano de Ajedrez Escolar que se est\u00e1 celebrando en Brasil, del 30 de agosto al 05 de septiembre este a\u00f1o en tres modalidades Blitz, R\u00e1pida y la categor\u00eda Est\u00e1ndar que se [&hellip;]","og_url":"https:\/\/conexion23.com\/?p=44032","og_site_name":"Conexi\u00f3n 23","article_publisher":"https:\/\/www.facebook.com\/conexion23com","article_published_time":"2025-09-02T11:00:06+00:00","og_image":[{"width":1200,"height":1600,"url":"https:\/\/conexion23.com\/wp-content\/uploads\/2025\/09\/Campeonato-Panamericano-de-Ajedrez-Escolar-de-Brasil-1.jpg","type":"image\/jpeg"}],"author":"Redacci\u00f3n","twitter_card":"summary_large_image","twitter_misc":{"Escrito por":"Redacci\u00f3n","Tiempo de lectura":"3 minutos"},"schema":{"@context":"https:\/\/schema.org","@graph":[{"@type":"Article","@id":"https:\/\/conexion23.com\/?p=44032#article","isPartOf":{"@id":"https:\/\/conexion23.com\/?p=44032"},"author":{"name":"Redacci\u00f3n","@id":"https:\/\/conexion23.com\/#\/schema\/person\/0a860802b17d01ad2a278f53c507c296"},"headline":"Dominicano gana medallas de oro en campeonato Panamericano de Ajedrez Escolar de Brasil","datePublished":"2025-09-02T11:00:06+00:00","mainEntityOfPage":{"@id":"https:\/\/conexion23.com\/?p=44032"},"wordCount":563,"commentCount":0,"publisher":{"@id":"https:\/\/conexion23.com\/#organization"},"image":{"@id":"https:\/\/conexion23.com\/?p=44032#primaryimage"},"thumbnailUrl":"https:\/\/conexion23.com\/wp-content\/uploads\/2025\/09\/Campeonato-Panamericano-de-Ajedrez-Escolar-de-Brasil-1.jpg","keywords":["Ajedrez Escolar de Brasil","\u00c1ngel Lara Santos","deporte","dominicano gana oro","Federaci\u00f3n Internacional de Ajedrez","Inefi"],"articleSection":["Deportes"],"inLanguage":"es","potentialAction":[{"@type":"CommentAction","name":"Comment","target":["https:\/\/conexion23.com\/?p=44032#respond"]}]},{"@type":"WebPage","@id":"https:\/\/conexion23.com\/?p=44032","url":"https:\/\/conexion23.com\/?p=44032","name":"Dominicano gana medallas de oro en campeonato Panamericano de Ajedrez Escolar de Brasil - Conexi\u00f3n 23","isPartOf":{"@id":"https:\/\/conexion23.com\/#website"},"primaryImageOfPage":{"@id":"https:\/\/conexion23.com\/?p=44032#primaryimage"},"image":{"@id":"https:\/\/conexion23.com\/?p=44032#primaryimage"},"thumbnailUrl":"https:\/\/conexion23.com\/wp-content\/uploads\/2025\/09\/Campeonato-Panamericano-de-Ajedrez-Escolar-de-Brasil-1.jpg","datePublished":"2025-09-02T11:00:06+00:00","breadcrumb":{"@id":"https:\/\/conexion23.com\/?p=44032#breadcrumb"},"inLanguage":"es","potentialAction":[{"@type":"ReadAction","target":["https:\/\/conexion23.com\/?p=44032"]}]},{"@type":"ImageObject","inLanguage":"es","@id":"https:\/\/conexion23.com\/?p=44032#primaryimage","url":"https:\/\/conexion23.com\/wp-content\/uploads\/2025\/09\/Campeonato-Panamericano-de-Ajedrez-Escolar-de-Brasil-1.jpg","contentUrl":"https:\/\/conexion23.com\/wp-content\/uploads\/2025\/09\/Campeonato-Panamericano-de-Ajedrez-Escolar-de-Brasil-1.jpg","width":1200,"height":1600},{"@type":"BreadcrumbList","@id":"https:\/\/conexion23.com\/?p=44032#breadcrumb","itemListElement":[{"@type":"ListItem","position":1,"name":"Portada","item":"https:\/\/conexion23.com\/"},{"@type":"ListItem","position":2,"name":"Dominicano gana medallas de oro en campeonato Panamericano de Ajedrez Escolar de Brasil"}]},{"@type":"WebSite","@id":"https:\/\/conexion23.com\/#website","url":"https:\/\/conexion23.com\/","name":"Conexi\u00f3n 23","description":"Peri\u00f3dico 100% Petromacorisano","publisher":{"@id":"https:\/\/conexion23.com\/#organization"},"potentialAction":[{"@type":"SearchAction","target":{"@type":"EntryPoint","urlTemplate":"https:\/\/conexion23.com\/?s={search_term_string}"},"query-input":{"@type":"PropertyValueSpecification","valueRequired":true,"valueName":"search_term_string"}}],"inLanguage":"es"},{"@type":"Organization","@id":"https:\/\/conexion23.com\/#organization","name":"Conexion 23","url":"https:\/\/conexion23.com\/","logo":{"@type":"ImageObject","inLanguage":"es","@id":"https:\/\/conexion23.com\/#\/schema\/logo\/image\/","url":"https:\/\/conexion23.com\/wp-content\/uploads\/2021\/11\/Diseno-sin-titulo-2.png","contentUrl":"https:\/\/conexion23.com\/wp-content\/uploads\/2021\/11\/Diseno-sin-titulo-2.png","width":541,"height":90,"caption":"Conexion 23"},"image":{"@id":"https:\/\/conexion23.com\/#\/schema\/logo\/image\/"},"sameAs":["https:\/\/www.facebook.com\/conexion23com","https:\/\/www.instagram.com\/conexion23com\/","https:\/\/www.youtube.com\/channel\/UCYc7vxxFZMYLIHNsHHxPZ3Q"]},{"@type":"Person","@id":"https:\/\/conexion23.com\/#\/schema\/person\/0a860802b17d01ad2a278f53c507c296","name":"Redacci\u00f3n","image":{"@type":"ImageObject","inLanguage":"es","@id":"https:\/\/conexion23.com\/#\/schema\/person\/image\/","url":"https:\/\/secure.gravatar.com\/avatar\/ec9d84b79c776aa1994e5893944465db9974b17b884155623da51b7b62c02845?s=96&d=mm&r=g","contentUrl":"https:\/\/secure.gravatar.com\/avatar\/ec9d84b79c776aa1994e5893944465db9974b17b884155623da51b7b62c02845?s=96&d=mm&r=g","caption":"Redacci\u00f3n"},"url":"https:\/\/conexion23.com\/?author=18"}]}},"_links":{"self":[{"href":"https:\/\/conexion23.com\/index.php?rest_route=\/wp\/v2\/posts\/44032","targetHints":{"allow":["GET"]}}],"collection":[{"href":"https:\/\/conexion23.com\/index.php?rest_route=\/wp\/v2\/posts"}],"about":[{"href":"https:\/\/conexion23.com\/index.php?rest_route=\/wp\/v2\/types\/post"}],"author":[{"embeddable":true,"href":"https:\/\/conexion23.com\/index.php?rest_route=\/wp\/v2\/users\/18"}],"replies":[{"embeddable":true,"href":"https:\/\/conexion23.com\/index.php?rest_route=%2Fwp%2Fv2%2Fcomments&post=44032"}],"version-history":[{"count":1,"href":"https:\/\/conexion23.com\/index.php?rest_route=\/wp\/v2\/posts\/44032\/revisions"}],"predecessor-version":[{"id":44037,"href":"https:\/\/conexion23.com\/index.php?rest_route=\/wp\/v2\/posts\/44032\/revisions\/44037"}],"wp:featuredmedia":[{"embeddable":true,"href":"https:\/\/conexion23.com\/index.php?rest_route=\/wp\/v2\/media\/44036"}],"wp:attachment":[{"href":"https:\/\/conexion23.com\/index.php?rest_route=%2Fwp%2Fv2%2Fmedia&parent=44032"}],"wp:term":[{"taxonomy":"category","embeddable":true,"href":"https:\/\/conexion23.com\/index.php?rest_route=%2Fwp%2Fv2%2Fcategories&post=44032"},{"taxonomy":"post_tag","embeddable":true,"href":"https:\/\/conexion23.com\/index.php?rest_route=%2Fwp%2Fv2%2Ftags&post=44032"}],"curies":[{"name":"wp","href":"https:\/\/api.w.org\/{rel}","templated":true}]}}