{"id":44130,"date":"2025-09-03T07:45:32","date_gmt":"2025-09-03T11:45:32","guid":{"rendered":"https:\/\/conexion23.com\/?p=44130"},"modified":"2025-09-03T07:45:32","modified_gmt":"2025-09-03T11:45:32","slug":"fallece-lucely-padua-marte-otra-victima-del-tragico-accidente-en-la-ceiba-del-salado","status":"publish","type":"post","link":"https:\/\/conexion23.com\/?p=44130","title":{"rendered":"Fallece Lucely Padua Marte, otra v\u00edctima del tr\u00e1gico accidente en La Ceiba del Salado."},"content":{"rendered":"<p style=\"text-align: justify;\">Una estudiante que era atendida\u00a0 en el hospital publico de esta ciudad, falleci\u00f3 mientras recibia atenciones en ese centeo de salud.<\/p>\n<p style=\"text-align: justify;\">\u00a0Lucely Padua Marte, muri\u00f3 a consecuencia del tr\u00e1gico accidente ocurrido el pasado s\u00e1bado en la comunidad de La Ceiba del Salado. Ten\u00eda 17 a\u00f1os.<\/p>\n<p style=\"text-align: justify;\">La joven oriunda del poblado La Ceiba result\u00f3 con trauma craneal severo, y aunque los m\u00e9dicos hirieron esfuerzos, por su recuperaci\u00f3n, no o\u00eddo sujetar los golpes que recibi\u00f3.<\/p>\n<p style=\"text-align: justify;\">El accidente fue provocado por un cami\u00f3n recolector de desechos del Grupo DAM, conducido por Jos\u00e9 Laurencio Severino, quien dio positivo a la prueba de alcoholemia.<\/p>\n<p style=\"text-align: justify;\">Seg\u00fan las autoridades, el conductor manejaba a una velocidad inadecuada para la zona, lo que ocasion\u00f3 la tragedia adem\u00e1s de que consum\u00eda alcohol.<\/p>\n<p style=\"text-align: justify;\">Las condolencias a los familiares y seres queridos de Lucely en este dif\u00edcil momento se hicieron sentir en el poblado entre La Otra Banda y la comunidad de Veron que vio perder varios residentes.<\/p>\n","protected":false},"excerpt":{"rendered":"<p>Una estudiante que era atendida\u00a0 en el hospital publico de esta ciudad, falleci\u00f3 mientras recibia atenciones en ese centeo de salud. \u00a0Lucely Padua Marte, muri\u00f3 a consecuencia del tr\u00e1gico accidente ocurrido el pasado s\u00e1bado en la comunidad de La Ceiba del Salado. Ten\u00eda 17 a\u00f1os. La joven oriunda del poblado La Ceiba result\u00f3 con trauma [&hellip;]<\/p>\n","protected":false},"author":15,"featured_media":44131,"comment_status":"open","ping_status":"open","sticky":false,"template":"","format":"standard","meta":{"footnotes":""},"categories":[2474,2472],"tags":[],"class_list":{"0":"post-44130","1":"post","2":"type-post","3":"status-publish","4":"format-standard","5":"has-post-thumbnail","7":"category-la-altagracia","8":"category-provincias-del-este"},"yoast_head":"<!-- This site is optimized with the Yoast SEO plugin v27.1.1 - https:\/\/yoast.com\/product\/yoast-seo-wordpress\/ -->\n<title>Fallece Lucely Padua Marte, otra v\u00edctima del tr\u00e1gico accidente en La Ceiba del Salado. - Conexi\u00f3n 23<\/title>\n<meta name=\"robots\" content=\"index, follow, max-snippet:-1, max-image-preview:large, max-video-preview:-1\" \/>\n<link rel=\"canonical\" href=\"https:\/\/conexion23.com\/?p=44130\" \/>\n<meta property=\"og:locale\" content=\"es_ES\" \/>\n<meta property=\"og:type\" content=\"article\" \/>\n<meta property=\"og:title\" content=\"Fallece Lucely Padua Marte, otra v\u00edctima del tr\u00e1gico accidente en La Ceiba del Salado. - Conexi\u00f3n 23\" \/>\n<meta property=\"og:description\" content=\"Una estudiante que era atendida\u00a0 en el hospital publico de esta ciudad, falleci\u00f3 mientras recibia atenciones en ese centeo de salud. \u00a0Lucely Padua Marte, muri\u00f3 a consecuencia del tr\u00e1gico accidente ocurrido el pasado s\u00e1bado en la comunidad de La Ceiba del Salado. Ten\u00eda 17 a\u00f1os. La joven oriunda del poblado La Ceiba result\u00f3 con trauma [&hellip;]\" \/>\n<meta property=\"og:url\" content=\"https:\/\/conexion23.com\/?p=44130\" \/>\n<meta property=\"og:site_name\" content=\"Conexi\u00f3n 23\" \/>\n<meta property=\"article:publisher\" content=\"https:\/\/www.facebook.com\/conexion23com\" \/>\n<meta property=\"article:published_time\" content=\"2025-09-03T11:45:32+00:00\" \/>\n<meta property=\"og:image\" content=\"https:\/\/conexion23.com\/wp-content\/uploads\/2025\/09\/IMG-20250902-WA0112.jpg\" \/>\n\t<meta property=\"og:image:width\" content=\"274\" \/>\n\t<meta property=\"og:image:height\" content=\"320\" \/>\n\t<meta property=\"og:image:type\" content=\"image\/jpeg\" \/>\n<meta name=\"author\" content=\"Raffy Ben\u00edtez\" \/>\n<meta name=\"twitter:card\" content=\"summary_large_image\" \/>\n<meta name=\"twitter:label1\" content=\"Escrito por\" \/>\n\t<meta name=\"twitter:data1\" content=\"Raffy Ben\u00edtez\" \/>\n\t<meta name=\"twitter:label2\" content=\"Tiempo de lectura\" \/>\n\t<meta name=\"twitter:data2\" content=\"1 minuto\" \/>\n<script type=\"application\/ld+json\" class=\"yoast-schema-graph\">{\"@context\":\"https:\/\/schema.org\",\"@graph\":[{\"@type\":\"Article\",\"@id\":\"https:\/\/conexion23.com\/?p=44130#article\",\"isPartOf\":{\"@id\":\"https:\/\/conexion23.com\/?p=44130\"},\"author\":{\"name\":\"Raffy Ben\u00edtez\",\"@id\":\"https:\/\/conexion23.com\/#\/schema\/person\/03e36043331117e97a373299bbcd30a6\"},\"headline\":\"Fallece Lucely Padua Marte, otra v\u00edctima del tr\u00e1gico accidente en La Ceiba del Salado.\",\"datePublished\":\"2025-09-03T11:45:32+00:00\",\"mainEntityOfPage\":{\"@id\":\"https:\/\/conexion23.com\/?p=44130\"},\"wordCount\":183,\"commentCount\":0,\"publisher\":{\"@id\":\"https:\/\/conexion23.com\/#organization\"},\"image\":{\"@id\":\"https:\/\/conexion23.com\/?p=44130#primaryimage\"},\"thumbnailUrl\":\"https:\/\/conexion23.com\/wp-content\/uploads\/2025\/09\/IMG-20250902-WA0112.jpg\",\"articleSection\":[\"La Altagracia\",\"Provincias del Este\"],\"inLanguage\":\"es\",\"potentialAction\":[{\"@type\":\"CommentAction\",\"name\":\"Comment\",\"target\":[\"https:\/\/conexion23.com\/?p=44130#respond\"]}]},{\"@type\":\"WebPage\",\"@id\":\"https:\/\/conexion23.com\/?p=44130\",\"url\":\"https:\/\/conexion23.com\/?p=44130\",\"name\":\"Fallece Lucely Padua Marte, otra v\u00edctima del tr\u00e1gico accidente en La Ceiba del Salado. - Conexi\u00f3n 23\",\"isPartOf\":{\"@id\":\"https:\/\/conexion23.com\/#website\"},\"primaryImageOfPage\":{\"@id\":\"https:\/\/conexion23.com\/?p=44130#primaryimage\"},\"image\":{\"@id\":\"https:\/\/conexion23.com\/?p=44130#primaryimage\"},\"thumbnailUrl\":\"https:\/\/conexion23.com\/wp-content\/uploads\/2025\/09\/IMG-20250902-WA0112.jpg\",\"datePublished\":\"2025-09-03T11:45:32+00:00\",\"breadcrumb\":{\"@id\":\"https:\/\/conexion23.com\/?p=44130#breadcrumb\"},\"inLanguage\":\"es\",\"potentialAction\":[{\"@type\":\"ReadAction\",\"target\":[\"https:\/\/conexion23.com\/?p=44130\"]}]},{\"@type\":\"ImageObject\",\"inLanguage\":\"es\",\"@id\":\"https:\/\/conexion23.com\/?p=44130#primaryimage\",\"url\":\"https:\/\/conexion23.com\/wp-content\/uploads\/2025\/09\/IMG-20250902-WA0112.jpg\",\"contentUrl\":\"https:\/\/conexion23.com\/wp-content\/uploads\/2025\/09\/IMG-20250902-WA0112.jpg\",\"width\":274,\"height\":320},{\"@type\":\"BreadcrumbList\",\"@id\":\"https:\/\/conexion23.com\/?p=44130#breadcrumb\",\"itemListElement\":[{\"@type\":\"ListItem\",\"position\":1,\"name\":\"Portada\",\"item\":\"https:\/\/conexion23.com\/\"},{\"@type\":\"ListItem\",\"position\":2,\"name\":\"Fallece Lucely Padua Marte, otra v\u00edctima del tr\u00e1gico accidente en La Ceiba del Salado.\"}]},{\"@type\":\"WebSite\",\"@id\":\"https:\/\/conexion23.com\/#website\",\"url\":\"https:\/\/conexion23.com\/\",\"name\":\"Conexi\u00f3n 23\",\"description\":\"Peri\u00f3dico 100% Petromacorisano\",\"publisher\":{\"@id\":\"https:\/\/conexion23.com\/#organization\"},\"potentialAction\":[{\"@type\":\"SearchAction\",\"target\":{\"@type\":\"EntryPoint\",\"urlTemplate\":\"https:\/\/conexion23.com\/?s={search_term_string}\"},\"query-input\":{\"@type\":\"PropertyValueSpecification\",\"valueRequired\":true,\"valueName\":\"search_term_string\"}}],\"inLanguage\":\"es\"},{\"@type\":\"Organization\",\"@id\":\"https:\/\/conexion23.com\/#organization\",\"name\":\"Conexion 23\",\"url\":\"https:\/\/conexion23.com\/\",\"logo\":{\"@type\":\"ImageObject\",\"inLanguage\":\"es\",\"@id\":\"https:\/\/conexion23.com\/#\/schema\/logo\/image\/\",\"url\":\"https:\/\/conexion23.com\/wp-content\/uploads\/2021\/11\/Diseno-sin-titulo-2.png\",\"contentUrl\":\"https:\/\/conexion23.com\/wp-content\/uploads\/2021\/11\/Diseno-sin-titulo-2.png\",\"width\":541,\"height\":90,\"caption\":\"Conexion 23\"},\"image\":{\"@id\":\"https:\/\/conexion23.com\/#\/schema\/logo\/image\/\"},\"sameAs\":[\"https:\/\/www.facebook.com\/conexion23com\",\"https:\/\/www.instagram.com\/conexion23com\/\",\"https:\/\/www.youtube.com\/channel\/UCYc7vxxFZMYLIHNsHHxPZ3Q\"]},{\"@type\":\"Person\",\"@id\":\"https:\/\/conexion23.com\/#\/schema\/person\/03e36043331117e97a373299bbcd30a6\",\"name\":\"Raffy Ben\u00edtez\",\"image\":{\"@type\":\"ImageObject\",\"inLanguage\":\"es\",\"@id\":\"https:\/\/conexion23.com\/#\/schema\/person\/image\/\",\"url\":\"https:\/\/secure.gravatar.com\/avatar\/3190a6a6c5e1b0327500f7d6c56b6242472ee6cb974cf09b401ee6b3b0798f23?s=96&d=mm&r=g\",\"contentUrl\":\"https:\/\/secure.gravatar.com\/avatar\/3190a6a6c5e1b0327500f7d6c56b6242472ee6cb974cf09b401ee6b3b0798f23?s=96&d=mm&r=g\",\"caption\":\"Raffy Ben\u00edtez\"},\"url\":\"https:\/\/conexion23.com\/?author=15\"}]}<\/script>\n<!-- \/ Yoast SEO plugin. -->","yoast_head_json":{"title":"Fallece Lucely Padua Marte, otra v\u00edctima del tr\u00e1gico accidente en La Ceiba del Salado. - Conexi\u00f3n 23","robots":{"index":"index","follow":"follow","max-snippet":"max-snippet:-1","max-image-preview":"max-image-preview:large","max-video-preview":"max-video-preview:-1"},"canonical":"https:\/\/conexion23.com\/?p=44130","og_locale":"es_ES","og_type":"article","og_title":"Fallece Lucely Padua Marte, otra v\u00edctima del tr\u00e1gico accidente en La Ceiba del Salado. - Conexi\u00f3n 23","og_description":"Una estudiante que era atendida\u00a0 en el hospital publico de esta ciudad, falleci\u00f3 mientras recibia atenciones en ese centeo de salud. \u00a0Lucely Padua Marte, muri\u00f3 a consecuencia del tr\u00e1gico accidente ocurrido el pasado s\u00e1bado en la comunidad de La Ceiba del Salado. Ten\u00eda 17 a\u00f1os. La joven oriunda del poblado La Ceiba result\u00f3 con trauma [&hellip;]","og_url":"https:\/\/conexion23.com\/?p=44130","og_site_name":"Conexi\u00f3n 23","article_publisher":"https:\/\/www.facebook.com\/conexion23com","article_published_time":"2025-09-03T11:45:32+00:00","og_image":[{"width":274,"height":320,"url":"https:\/\/conexion23.com\/wp-content\/uploads\/2025\/09\/IMG-20250902-WA0112.jpg","type":"image\/jpeg"}],"author":"Raffy Ben\u00edtez","twitter_card":"summary_large_image","twitter_misc":{"Escrito por":"Raffy Ben\u00edtez","Tiempo de lectura":"1 minuto"},"schema":{"@context":"https:\/\/schema.org","@graph":[{"@type":"Article","@id":"https:\/\/conexion23.com\/?p=44130#article","isPartOf":{"@id":"https:\/\/conexion23.com\/?p=44130"},"author":{"name":"Raffy Ben\u00edtez","@id":"https:\/\/conexion23.com\/#\/schema\/person\/03e36043331117e97a373299bbcd30a6"},"headline":"Fallece Lucely Padua Marte, otra v\u00edctima del tr\u00e1gico accidente en La Ceiba del Salado.","datePublished":"2025-09-03T11:45:32+00:00","mainEntityOfPage":{"@id":"https:\/\/conexion23.com\/?p=44130"},"wordCount":183,"commentCount":0,"publisher":{"@id":"https:\/\/conexion23.com\/#organization"},"image":{"@id":"https:\/\/conexion23.com\/?p=44130#primaryimage"},"thumbnailUrl":"https:\/\/conexion23.com\/wp-content\/uploads\/2025\/09\/IMG-20250902-WA0112.jpg","articleSection":["La Altagracia","Provincias del Este"],"inLanguage":"es","potentialAction":[{"@type":"CommentAction","name":"Comment","target":["https:\/\/conexion23.com\/?p=44130#respond"]}]},{"@type":"WebPage","@id":"https:\/\/conexion23.com\/?p=44130","url":"https:\/\/conexion23.com\/?p=44130","name":"Fallece Lucely Padua Marte, otra v\u00edctima del tr\u00e1gico accidente en La Ceiba del Salado. - Conexi\u00f3n 23","isPartOf":{"@id":"https:\/\/conexion23.com\/#website"},"primaryImageOfPage":{"@id":"https:\/\/conexion23.com\/?p=44130#primaryimage"},"image":{"@id":"https:\/\/conexion23.com\/?p=44130#primaryimage"},"thumbnailUrl":"https:\/\/conexion23.com\/wp-content\/uploads\/2025\/09\/IMG-20250902-WA0112.jpg","datePublished":"2025-09-03T11:45:32+00:00","breadcrumb":{"@id":"https:\/\/conexion23.com\/?p=44130#breadcrumb"},"inLanguage":"es","potentialAction":[{"@type":"ReadAction","target":["https:\/\/conexion23.com\/?p=44130"]}]},{"@type":"ImageObject","inLanguage":"es","@id":"https:\/\/conexion23.com\/?p=44130#primaryimage","url":"https:\/\/conexion23.com\/wp-content\/uploads\/2025\/09\/IMG-20250902-WA0112.jpg","contentUrl":"https:\/\/conexion23.com\/wp-content\/uploads\/2025\/09\/IMG-20250902-WA0112.jpg","width":274,"height":320},{"@type":"BreadcrumbList","@id":"https:\/\/conexion23.com\/?p=44130#breadcrumb","itemListElement":[{"@type":"ListItem","position":1,"name":"Portada","item":"https:\/\/conexion23.com\/"},{"@type":"ListItem","position":2,"name":"Fallece Lucely Padua Marte, otra v\u00edctima del tr\u00e1gico accidente en La Ceiba del Salado."}]},{"@type":"WebSite","@id":"https:\/\/conexion23.com\/#website","url":"https:\/\/conexion23.com\/","name":"Conexi\u00f3n 23","description":"Peri\u00f3dico 100% Petromacorisano","publisher":{"@id":"https:\/\/conexion23.com\/#organization"},"potentialAction":[{"@type":"SearchAction","target":{"@type":"EntryPoint","urlTemplate":"https:\/\/conexion23.com\/?s={search_term_string}"},"query-input":{"@type":"PropertyValueSpecification","valueRequired":true,"valueName":"search_term_string"}}],"inLanguage":"es"},{"@type":"Organization","@id":"https:\/\/conexion23.com\/#organization","name":"Conexion 23","url":"https:\/\/conexion23.com\/","logo":{"@type":"ImageObject","inLanguage":"es","@id":"https:\/\/conexion23.com\/#\/schema\/logo\/image\/","url":"https:\/\/conexion23.com\/wp-content\/uploads\/2021\/11\/Diseno-sin-titulo-2.png","contentUrl":"https:\/\/conexion23.com\/wp-content\/uploads\/2021\/11\/Diseno-sin-titulo-2.png","width":541,"height":90,"caption":"Conexion 23"},"image":{"@id":"https:\/\/conexion23.com\/#\/schema\/logo\/image\/"},"sameAs":["https:\/\/www.facebook.com\/conexion23com","https:\/\/www.instagram.com\/conexion23com\/","https:\/\/www.youtube.com\/channel\/UCYc7vxxFZMYLIHNsHHxPZ3Q"]},{"@type":"Person","@id":"https:\/\/conexion23.com\/#\/schema\/person\/03e36043331117e97a373299bbcd30a6","name":"Raffy Ben\u00edtez","image":{"@type":"ImageObject","inLanguage":"es","@id":"https:\/\/conexion23.com\/#\/schema\/person\/image\/","url":"https:\/\/secure.gravatar.com\/avatar\/3190a6a6c5e1b0327500f7d6c56b6242472ee6cb974cf09b401ee6b3b0798f23?s=96&d=mm&r=g","contentUrl":"https:\/\/secure.gravatar.com\/avatar\/3190a6a6c5e1b0327500f7d6c56b6242472ee6cb974cf09b401ee6b3b0798f23?s=96&d=mm&r=g","caption":"Raffy Ben\u00edtez"},"url":"https:\/\/conexion23.com\/?author=15"}]}},"_links":{"self":[{"href":"https:\/\/conexion23.com\/index.php?rest_route=\/wp\/v2\/posts\/44130","targetHints":{"allow":["GET"]}}],"collection":[{"href":"https:\/\/conexion23.com\/index.php?rest_route=\/wp\/v2\/posts"}],"about":[{"href":"https:\/\/conexion23.com\/index.php?rest_route=\/wp\/v2\/types\/post"}],"author":[{"embeddable":true,"href":"https:\/\/conexion23.com\/index.php?rest_route=\/wp\/v2\/users\/15"}],"replies":[{"embeddable":true,"href":"https:\/\/conexion23.com\/index.php?rest_route=%2Fwp%2Fv2%2Fcomments&post=44130"}],"version-history":[{"count":1,"href":"https:\/\/conexion23.com\/index.php?rest_route=\/wp\/v2\/posts\/44130\/revisions"}],"predecessor-version":[{"id":44132,"href":"https:\/\/conexion23.com\/index.php?rest_route=\/wp\/v2\/posts\/44130\/revisions\/44132"}],"wp:featuredmedia":[{"embeddable":true,"href":"https:\/\/conexion23.com\/index.php?rest_route=\/wp\/v2\/media\/44131"}],"wp:attachment":[{"href":"https:\/\/conexion23.com\/index.php?rest_route=%2Fwp%2Fv2%2Fmedia&parent=44130"}],"wp:term":[{"taxonomy":"category","embeddable":true,"href":"https:\/\/conexion23.com\/index.php?rest_route=%2Fwp%2Fv2%2Fcategories&post=44130"},{"taxonomy":"post_tag","embeddable":true,"href":"https:\/\/conexion23.com\/index.php?rest_route=%2Fwp%2Fv2%2Ftags&post=44130"}],"curies":[{"name":"wp","href":"https:\/\/api.w.org\/{rel}","templated":true}]}}