{"id":44492,"date":"2025-09-08T18:23:09","date_gmt":"2025-09-08T22:23:09","guid":{"rendered":"https:\/\/conexion23.com\/?p=44492"},"modified":"2025-09-08T18:23:09","modified_gmt":"2025-09-08T22:23:09","slug":"el-jardinero-nicaraguense-ismael-munguia-regresa-este-ano-con-las-estrellas-orientales","status":"publish","type":"post","link":"https:\/\/conexion23.com\/?p=44492","title":{"rendered":"El jardinero nicarag\u00fcense Ismael Mungu\u00eda, regresa este a\u00f1o con Las Estrellas Orientales"},"content":{"rendered":"<p style=\"text-align: justify;\">Las Estrellas contrataron como uno de sus jugadores importados para la pr\u00f3xima temporada al jardinero nicarag\u00fcense Ismael Mungu\u00eda, quien estar\u00e1 por segunda campa\u00f1a seguida con el club.<\/p>\n<p style=\"text-align: justify;\">La contrataci\u00f3n de Mungu\u00eda la inform\u00f3 el vicepresidente de operaciones de b\u00e9isbol de las Estrellas, \u00c1ngel Ovalles, quien explic\u00f3 que con Mungu\u00eda su equipo tiene garant\u00eda de un buen jardinero defensivo, y un jugador ofensivo capaz de batear para buen promedio, embasarse con buena frecuencia y proporcionarle velocidad en las bases.<\/p>\n<p style=\"text-align: justify;\">\u201cMungu\u00eda ser\u00e1 nuevamente un hombre que contribuir\u00e1 mucho en la parte alta de la alineaci\u00f3n de nuestro equipo\u201d, apunt\u00f3 Ovalles.<\/p>\n<p style=\"text-align: justify;\">En su primera temporada (2024-2025) con las Estrellas, Mungu\u00eda fue segundo en bases robadas (13) del club, pese a que su actuaci\u00f3n se vio interrumpida en el \u00faltimo tramo de la Serie Regular (en diciembre), cuando tuvo que salir del pa\u00eds para atender asuntos personales, lo cual lo limit\u00f3 a actuar en 34 de los 55 juegos de esa etapa del torneo.<\/p>\n<p style=\"text-align: justify;\">Con todo y ello, Mungu\u00eda fue cuarto en carreras anotadas (18) y quinto en carreras empujadas (15) de las Estrellas. Tambi\u00e9n fue tercero en hits (35) y segundo en promedio de embasarse (.374).<\/p>\n<p style=\"text-align: justify;\">Su promedio de bateo (.289) fue el segundo mejor entre los jugadores titulares del club, no nominales.<\/p>\n<p style=\"text-align: justify;\">\u201c\u00c9l (Mungu\u00eda) ser\u00e1 nuevamente una pieza importante en el engranaje de nuestro equipo, tal y como ocurri\u00f3 la temporada pasada\u201d, vaticin\u00f3 Ovalles.<\/p>\n<p style=\"text-align: justify;\">Las Estrellas lideraron la Serie Regular del campeonato 2024-2025, con r\u00e9cord de 30-20 (.600).<\/p>\n","protected":false},"excerpt":{"rendered":"<p>Las Estrellas contrataron como uno de sus jugadores importados para la pr\u00f3xima temporada al jardinero nicarag\u00fcense Ismael Mungu\u00eda, quien estar\u00e1 por segunda campa\u00f1a seguida con el club. La contrataci\u00f3n de Mungu\u00eda la inform\u00f3 el vicepresidente de operaciones de b\u00e9isbol de las Estrellas, \u00c1ngel Ovalles, quien explic\u00f3 que con Mungu\u00eda su equipo tiene garant\u00eda de un [&hellip;]<\/p>\n","protected":false},"author":15,"featured_media":44493,"comment_status":"open","ping_status":"open","sticky":false,"template":"","format":"standard","meta":{"footnotes":""},"categories":[6,2472,35],"tags":[],"class_list":["post-44492","post","type-post","status-publish","format-standard","has-post-thumbnail","category-deportes","category-provincias-del-este","category-spm"],"yoast_head":"<!-- This site is optimized with the Yoast SEO plugin v27.6 - https:\/\/yoast.com\/product\/yoast-seo-wordpress\/ -->\n<title>El jardinero nicarag\u00fcense Ismael Mungu\u00eda, regresa este a\u00f1o con Las Estrellas Orientales - Conexi\u00f3n 23<\/title>\n<meta name=\"robots\" content=\"index, follow, max-snippet:-1, max-image-preview:large, max-video-preview:-1\" \/>\n<link rel=\"canonical\" href=\"https:\/\/conexion23.com\/?p=44492\" \/>\n<meta property=\"og:locale\" content=\"es_ES\" \/>\n<meta property=\"og:type\" content=\"article\" \/>\n<meta property=\"og:title\" content=\"El jardinero nicarag\u00fcense Ismael Mungu\u00eda, regresa este a\u00f1o con Las Estrellas Orientales - Conexi\u00f3n 23\" \/>\n<meta property=\"og:description\" content=\"Las Estrellas contrataron como uno de sus jugadores importados para la pr\u00f3xima temporada al jardinero nicarag\u00fcense Ismael Mungu\u00eda, quien estar\u00e1 por segunda campa\u00f1a seguida con el club. La contrataci\u00f3n de Mungu\u00eda la inform\u00f3 el vicepresidente de operaciones de b\u00e9isbol de las Estrellas, \u00c1ngel Ovalles, quien explic\u00f3 que con Mungu\u00eda su equipo tiene garant\u00eda de un [&hellip;]\" \/>\n<meta property=\"og:url\" content=\"https:\/\/conexion23.com\/?p=44492\" \/>\n<meta property=\"og:site_name\" content=\"Conexi\u00f3n 23\" \/>\n<meta property=\"article:publisher\" content=\"https:\/\/www.facebook.com\/conexion23com\" \/>\n<meta property=\"article:published_time\" content=\"2025-09-08T22:23:09+00:00\" \/>\n<meta property=\"og:image\" content=\"https:\/\/conexion23.com\/wp-content\/uploads\/2025\/09\/descarga-31.jpg\" \/>\n\t<meta property=\"og:image:width\" content=\"290\" \/>\n\t<meta property=\"og:image:height\" content=\"174\" \/>\n\t<meta property=\"og:image:type\" content=\"image\/jpeg\" \/>\n<meta name=\"author\" content=\"Raffy Ben\u00edtez\" \/>\n<meta name=\"twitter:card\" content=\"summary_large_image\" \/>\n<meta name=\"twitter:label1\" content=\"Escrito por\" \/>\n\t<meta name=\"twitter:data1\" content=\"Raffy Ben\u00edtez\" \/>\n\t<meta name=\"twitter:label2\" content=\"Tiempo de lectura\" \/>\n\t<meta name=\"twitter:data2\" content=\"2 minutos\" \/>\n<script type=\"application\/ld+json\" class=\"yoast-schema-graph\">{\"@context\":\"https:\\\/\\\/schema.org\",\"@graph\":[{\"@type\":\"Article\",\"@id\":\"https:\\\/\\\/conexion23.com\\\/?p=44492#article\",\"isPartOf\":{\"@id\":\"https:\\\/\\\/conexion23.com\\\/?p=44492\"},\"author\":{\"name\":\"Raffy Ben\u00edtez\",\"@id\":\"http:\\\/\\\/conexion23.com\\\/#\\\/schema\\\/person\\\/03e36043331117e97a373299bbcd30a6\"},\"headline\":\"El jardinero nicarag\u00fcense Ismael Mungu\u00eda, regresa este a\u00f1o con Las Estrellas Orientales\",\"datePublished\":\"2025-09-08T22:23:09+00:00\",\"mainEntityOfPage\":{\"@id\":\"https:\\\/\\\/conexion23.com\\\/?p=44492\"},\"wordCount\":270,\"commentCount\":0,\"publisher\":{\"@id\":\"http:\\\/\\\/conexion23.com\\\/#organization\"},\"image\":{\"@id\":\"https:\\\/\\\/conexion23.com\\\/?p=44492#primaryimage\"},\"thumbnailUrl\":\"https:\\\/\\\/conexion23.com\\\/wp-content\\\/uploads\\\/2025\\\/09\\\/descarga-31.jpg\",\"articleSection\":[\"Deportes\",\"Provincias del Este\",\"SPM\"],\"inLanguage\":\"es\",\"potentialAction\":[{\"@type\":\"CommentAction\",\"name\":\"Comment\",\"target\":[\"https:\\\/\\\/conexion23.com\\\/?p=44492#respond\"]}]},{\"@type\":\"WebPage\",\"@id\":\"https:\\\/\\\/conexion23.com\\\/?p=44492\",\"url\":\"https:\\\/\\\/conexion23.com\\\/?p=44492\",\"name\":\"El jardinero nicarag\u00fcense Ismael Mungu\u00eda, regresa este a\u00f1o con Las Estrellas Orientales - Conexi\u00f3n 23\",\"isPartOf\":{\"@id\":\"http:\\\/\\\/conexion23.com\\\/#website\"},\"primaryImageOfPage\":{\"@id\":\"https:\\\/\\\/conexion23.com\\\/?p=44492#primaryimage\"},\"image\":{\"@id\":\"https:\\\/\\\/conexion23.com\\\/?p=44492#primaryimage\"},\"thumbnailUrl\":\"https:\\\/\\\/conexion23.com\\\/wp-content\\\/uploads\\\/2025\\\/09\\\/descarga-31.jpg\",\"datePublished\":\"2025-09-08T22:23:09+00:00\",\"breadcrumb\":{\"@id\":\"https:\\\/\\\/conexion23.com\\\/?p=44492#breadcrumb\"},\"inLanguage\":\"es\",\"potentialAction\":[{\"@type\":\"ReadAction\",\"target\":[\"https:\\\/\\\/conexion23.com\\\/?p=44492\"]}]},{\"@type\":\"ImageObject\",\"inLanguage\":\"es\",\"@id\":\"https:\\\/\\\/conexion23.com\\\/?p=44492#primaryimage\",\"url\":\"https:\\\/\\\/conexion23.com\\\/wp-content\\\/uploads\\\/2025\\\/09\\\/descarga-31.jpg\",\"contentUrl\":\"https:\\\/\\\/conexion23.com\\\/wp-content\\\/uploads\\\/2025\\\/09\\\/descarga-31.jpg\",\"width\":290,\"height\":174},{\"@type\":\"BreadcrumbList\",\"@id\":\"https:\\\/\\\/conexion23.com\\\/?p=44492#breadcrumb\",\"itemListElement\":[{\"@type\":\"ListItem\",\"position\":1,\"name\":\"Portada\",\"item\":\"http:\\\/\\\/conexion23.com\\\/\"},{\"@type\":\"ListItem\",\"position\":2,\"name\":\"El jardinero nicarag\u00fcense Ismael Mungu\u00eda, regresa este a\u00f1o con Las Estrellas Orientales\"}]},{\"@type\":\"WebSite\",\"@id\":\"http:\\\/\\\/conexion23.com\\\/#website\",\"url\":\"http:\\\/\\\/conexion23.com\\\/\",\"name\":\"Conexi\u00f3n 23\",\"description\":\"Peri\u00f3dico 100% Petromacorisano\",\"publisher\":{\"@id\":\"http:\\\/\\\/conexion23.com\\\/#organization\"},\"potentialAction\":[{\"@type\":\"SearchAction\",\"target\":{\"@type\":\"EntryPoint\",\"urlTemplate\":\"http:\\\/\\\/conexion23.com\\\/?s={search_term_string}\"},\"query-input\":{\"@type\":\"PropertyValueSpecification\",\"valueRequired\":true,\"valueName\":\"search_term_string\"}}],\"inLanguage\":\"es\"},{\"@type\":\"Organization\",\"@id\":\"http:\\\/\\\/conexion23.com\\\/#organization\",\"name\":\"Conexion 23\",\"url\":\"http:\\\/\\\/conexion23.com\\\/\",\"logo\":{\"@type\":\"ImageObject\",\"inLanguage\":\"es\",\"@id\":\"http:\\\/\\\/conexion23.com\\\/#\\\/schema\\\/logo\\\/image\\\/\",\"url\":\"https:\\\/\\\/conexion23.com\\\/wp-content\\\/uploads\\\/2021\\\/11\\\/Diseno-sin-titulo-2.png\",\"contentUrl\":\"https:\\\/\\\/conexion23.com\\\/wp-content\\\/uploads\\\/2021\\\/11\\\/Diseno-sin-titulo-2.png\",\"width\":541,\"height\":90,\"caption\":\"Conexion 23\"},\"image\":{\"@id\":\"http:\\\/\\\/conexion23.com\\\/#\\\/schema\\\/logo\\\/image\\\/\"},\"sameAs\":[\"https:\\\/\\\/www.facebook.com\\\/conexion23com\",\"https:\\\/\\\/www.instagram.com\\\/conexion23com\\\/\",\"https:\\\/\\\/www.youtube.com\\\/channel\\\/UCYc7vxxFZMYLIHNsHHxPZ3Q\"]},{\"@type\":\"Person\",\"@id\":\"http:\\\/\\\/conexion23.com\\\/#\\\/schema\\\/person\\\/03e36043331117e97a373299bbcd30a6\",\"name\":\"Raffy Ben\u00edtez\",\"image\":{\"@type\":\"ImageObject\",\"inLanguage\":\"es\",\"@id\":\"https:\\\/\\\/secure.gravatar.com\\\/avatar\\\/3190a6a6c5e1b0327500f7d6c56b6242472ee6cb974cf09b401ee6b3b0798f23?s=96&d=mm&r=g\",\"url\":\"https:\\\/\\\/secure.gravatar.com\\\/avatar\\\/3190a6a6c5e1b0327500f7d6c56b6242472ee6cb974cf09b401ee6b3b0798f23?s=96&d=mm&r=g\",\"contentUrl\":\"https:\\\/\\\/secure.gravatar.com\\\/avatar\\\/3190a6a6c5e1b0327500f7d6c56b6242472ee6cb974cf09b401ee6b3b0798f23?s=96&d=mm&r=g\",\"caption\":\"Raffy Ben\u00edtez\"},\"url\":\"https:\\\/\\\/conexion23.com\\\/?author=15\"}]}<\/script>\n<!-- \/ Yoast SEO plugin. -->","yoast_head_json":{"title":"El jardinero nicarag\u00fcense Ismael Mungu\u00eda, regresa este a\u00f1o con Las Estrellas Orientales - Conexi\u00f3n 23","robots":{"index":"index","follow":"follow","max-snippet":"max-snippet:-1","max-image-preview":"max-image-preview:large","max-video-preview":"max-video-preview:-1"},"canonical":"https:\/\/conexion23.com\/?p=44492","og_locale":"es_ES","og_type":"article","og_title":"El jardinero nicarag\u00fcense Ismael Mungu\u00eda, regresa este a\u00f1o con Las Estrellas Orientales - Conexi\u00f3n 23","og_description":"Las Estrellas contrataron como uno de sus jugadores importados para la pr\u00f3xima temporada al jardinero nicarag\u00fcense Ismael Mungu\u00eda, quien estar\u00e1 por segunda campa\u00f1a seguida con el club. La contrataci\u00f3n de Mungu\u00eda la inform\u00f3 el vicepresidente de operaciones de b\u00e9isbol de las Estrellas, \u00c1ngel Ovalles, quien explic\u00f3 que con Mungu\u00eda su equipo tiene garant\u00eda de un [&hellip;]","og_url":"https:\/\/conexion23.com\/?p=44492","og_site_name":"Conexi\u00f3n 23","article_publisher":"https:\/\/www.facebook.com\/conexion23com","article_published_time":"2025-09-08T22:23:09+00:00","og_image":[{"width":290,"height":174,"url":"https:\/\/conexion23.com\/wp-content\/uploads\/2025\/09\/descarga-31.jpg","type":"image\/jpeg"}],"author":"Raffy Ben\u00edtez","twitter_card":"summary_large_image","twitter_misc":{"Escrito por":"Raffy Ben\u00edtez","Tiempo de lectura":"2 minutos"},"schema":{"@context":"https:\/\/schema.org","@graph":[{"@type":"Article","@id":"https:\/\/conexion23.com\/?p=44492#article","isPartOf":{"@id":"https:\/\/conexion23.com\/?p=44492"},"author":{"name":"Raffy Ben\u00edtez","@id":"http:\/\/conexion23.com\/#\/schema\/person\/03e36043331117e97a373299bbcd30a6"},"headline":"El jardinero nicarag\u00fcense Ismael Mungu\u00eda, regresa este a\u00f1o con Las Estrellas Orientales","datePublished":"2025-09-08T22:23:09+00:00","mainEntityOfPage":{"@id":"https:\/\/conexion23.com\/?p=44492"},"wordCount":270,"commentCount":0,"publisher":{"@id":"http:\/\/conexion23.com\/#organization"},"image":{"@id":"https:\/\/conexion23.com\/?p=44492#primaryimage"},"thumbnailUrl":"https:\/\/conexion23.com\/wp-content\/uploads\/2025\/09\/descarga-31.jpg","articleSection":["Deportes","Provincias del Este","SPM"],"inLanguage":"es","potentialAction":[{"@type":"CommentAction","name":"Comment","target":["https:\/\/conexion23.com\/?p=44492#respond"]}]},{"@type":"WebPage","@id":"https:\/\/conexion23.com\/?p=44492","url":"https:\/\/conexion23.com\/?p=44492","name":"El jardinero nicarag\u00fcense Ismael Mungu\u00eda, regresa este a\u00f1o con Las Estrellas Orientales - Conexi\u00f3n 23","isPartOf":{"@id":"http:\/\/conexion23.com\/#website"},"primaryImageOfPage":{"@id":"https:\/\/conexion23.com\/?p=44492#primaryimage"},"image":{"@id":"https:\/\/conexion23.com\/?p=44492#primaryimage"},"thumbnailUrl":"https:\/\/conexion23.com\/wp-content\/uploads\/2025\/09\/descarga-31.jpg","datePublished":"2025-09-08T22:23:09+00:00","breadcrumb":{"@id":"https:\/\/conexion23.com\/?p=44492#breadcrumb"},"inLanguage":"es","potentialAction":[{"@type":"ReadAction","target":["https:\/\/conexion23.com\/?p=44492"]}]},{"@type":"ImageObject","inLanguage":"es","@id":"https:\/\/conexion23.com\/?p=44492#primaryimage","url":"https:\/\/conexion23.com\/wp-content\/uploads\/2025\/09\/descarga-31.jpg","contentUrl":"https:\/\/conexion23.com\/wp-content\/uploads\/2025\/09\/descarga-31.jpg","width":290,"height":174},{"@type":"BreadcrumbList","@id":"https:\/\/conexion23.com\/?p=44492#breadcrumb","itemListElement":[{"@type":"ListItem","position":1,"name":"Portada","item":"http:\/\/conexion23.com\/"},{"@type":"ListItem","position":2,"name":"El jardinero nicarag\u00fcense Ismael Mungu\u00eda, regresa este a\u00f1o con Las Estrellas Orientales"}]},{"@type":"WebSite","@id":"http:\/\/conexion23.com\/#website","url":"http:\/\/conexion23.com\/","name":"Conexi\u00f3n 23","description":"Peri\u00f3dico 100% Petromacorisano","publisher":{"@id":"http:\/\/conexion23.com\/#organization"},"potentialAction":[{"@type":"SearchAction","target":{"@type":"EntryPoint","urlTemplate":"http:\/\/conexion23.com\/?s={search_term_string}"},"query-input":{"@type":"PropertyValueSpecification","valueRequired":true,"valueName":"search_term_string"}}],"inLanguage":"es"},{"@type":"Organization","@id":"http:\/\/conexion23.com\/#organization","name":"Conexion 23","url":"http:\/\/conexion23.com\/","logo":{"@type":"ImageObject","inLanguage":"es","@id":"http:\/\/conexion23.com\/#\/schema\/logo\/image\/","url":"https:\/\/conexion23.com\/wp-content\/uploads\/2021\/11\/Diseno-sin-titulo-2.png","contentUrl":"https:\/\/conexion23.com\/wp-content\/uploads\/2021\/11\/Diseno-sin-titulo-2.png","width":541,"height":90,"caption":"Conexion 23"},"image":{"@id":"http:\/\/conexion23.com\/#\/schema\/logo\/image\/"},"sameAs":["https:\/\/www.facebook.com\/conexion23com","https:\/\/www.instagram.com\/conexion23com\/","https:\/\/www.youtube.com\/channel\/UCYc7vxxFZMYLIHNsHHxPZ3Q"]},{"@type":"Person","@id":"http:\/\/conexion23.com\/#\/schema\/person\/03e36043331117e97a373299bbcd30a6","name":"Raffy Ben\u00edtez","image":{"@type":"ImageObject","inLanguage":"es","@id":"https:\/\/secure.gravatar.com\/avatar\/3190a6a6c5e1b0327500f7d6c56b6242472ee6cb974cf09b401ee6b3b0798f23?s=96&d=mm&r=g","url":"https:\/\/secure.gravatar.com\/avatar\/3190a6a6c5e1b0327500f7d6c56b6242472ee6cb974cf09b401ee6b3b0798f23?s=96&d=mm&r=g","contentUrl":"https:\/\/secure.gravatar.com\/avatar\/3190a6a6c5e1b0327500f7d6c56b6242472ee6cb974cf09b401ee6b3b0798f23?s=96&d=mm&r=g","caption":"Raffy Ben\u00edtez"},"url":"https:\/\/conexion23.com\/?author=15"}]}},"_links":{"self":[{"href":"https:\/\/conexion23.com\/index.php?rest_route=\/wp\/v2\/posts\/44492","targetHints":{"allow":["GET"]}}],"collection":[{"href":"https:\/\/conexion23.com\/index.php?rest_route=\/wp\/v2\/posts"}],"about":[{"href":"https:\/\/conexion23.com\/index.php?rest_route=\/wp\/v2\/types\/post"}],"author":[{"embeddable":true,"href":"https:\/\/conexion23.com\/index.php?rest_route=\/wp\/v2\/users\/15"}],"replies":[{"embeddable":true,"href":"https:\/\/conexion23.com\/index.php?rest_route=%2Fwp%2Fv2%2Fcomments&post=44492"}],"version-history":[{"count":1,"href":"https:\/\/conexion23.com\/index.php?rest_route=\/wp\/v2\/posts\/44492\/revisions"}],"predecessor-version":[{"id":44494,"href":"https:\/\/conexion23.com\/index.php?rest_route=\/wp\/v2\/posts\/44492\/revisions\/44494"}],"wp:featuredmedia":[{"embeddable":true,"href":"https:\/\/conexion23.com\/index.php?rest_route=\/wp\/v2\/media\/44493"}],"wp:attachment":[{"href":"https:\/\/conexion23.com\/index.php?rest_route=%2Fwp%2Fv2%2Fmedia&parent=44492"}],"wp:term":[{"taxonomy":"category","embeddable":true,"href":"https:\/\/conexion23.com\/index.php?rest_route=%2Fwp%2Fv2%2Fcategories&post=44492"},{"taxonomy":"post_tag","embeddable":true,"href":"https:\/\/conexion23.com\/index.php?rest_route=%2Fwp%2Fv2%2Ftags&post=44492"}],"curies":[{"name":"wp","href":"https:\/\/api.w.org\/{rel}","templated":true}]}}