{"id":44626,"date":"2025-09-10T18:21:59","date_gmt":"2025-09-10T22:21:59","guid":{"rendered":"https:\/\/conexion23.com\/?p=44626"},"modified":"2025-09-10T18:23:22","modified_gmt":"2025-09-10T22:23:22","slug":"tiroteo-en-la-barranquita-deja-cinco-muertos-y-un-policia-herido","status":"publish","type":"post","link":"https:\/\/conexion23.com\/?p=44626","title":{"rendered":"Tiroteo en La Barranquita deja cinco muertos y un polic\u00eda herido"},"content":{"rendered":"<p>La tarde de este mi\u00e9rcoles la tranquilidad del sector La Barranquita se vio interrumpida por un intenso tiroteo entre agentes de la Polic\u00eda Nacional y un grupo de presuntos delincuentes, que dej\u00f3 como saldo\u00a0<strong>cinco personas muertas<\/strong>\u00a0y un agente gravemente herido.<\/p>\n<p>El enfrentamiento ocurri\u00f3 en una plaza comercial de la zona, donde, seg\u00fan los informes preliminares, los individuos intentaban perpetrar un atraco, lo que desat\u00f3 una persecuci\u00f3n y posterior intercambio de disparos.<\/p>\n<p>El vocero de la Polic\u00eda Nacional, coronel Diego Pesqueira, explic\u00f3 que el grupo abatido formaba parte de una \u201cestructura criminal dedicada al narcotr\u00e1fico, secuestro y extorsi\u00f3n\u201d, que operaba en distintas provincias del pa\u00eds.<\/p>\n<p>\u201cEn la escena se ocuparon armas de fuego de alto calibre y varias municiones. Se trata de un caso delicado que a\u00fan est\u00e1 bajo investigaci\u00f3n, por lo que en las pr\u00f3ximas horas ofreceremos un informe m\u00e1s detallado\u201d, indic\u00f3 Pesqueira.<\/p>\n<p>Hasta el momento, solo uno de los fallecidos fue identificado como\u00a0<strong>Edward Bernardo Pe\u00f1a Rodr\u00edguez<\/strong>, mientras que los dem\u00e1s cuerpos permanecen bajo custodia policial en espera de ser reconocidos por sus familiares y el Instituto Nacional de Ciencias Forenses (Inacif).<\/p>\n<p>El oficial herido en el tiroteo se encuentra ingresado en un centro de salud de Santiago, donde recibe atenciones m\u00e9dicas de urgencia, ya que su estado es cr\u00edtico y se debate entre la vida y la muerte.<\/p>\n<p>La magnitud del enfrentamiento moviliz\u00f3 de inmediato a varias unidades de la Polic\u00eda Nacional y del\u00a0<strong>Sistema Nacional de Atenci\u00f3n a Emergencias y Seguridad 911<\/strong>, que llegaron al lugar para asegurar el \u00e1rea y brindar asistencia a los afectados.<\/p>\n<p>Los residentes de La Barranquita narraron momentos de p\u00e1nico, asegurando que durante varios minutos se escucharon r\u00e1fagas de disparos que obligaron a comerciantes y transe\u00fantes a refugiarse en sus negocios y viviendas.<\/p>\n<p>El hecho ha generado gran\u00a0<strong>conmoci\u00f3n en Santiago<\/strong>, ciudad que en los \u00faltimos meses ha registrado un incremento en hechos violentos y enfrentamientos vinculados al crimen organizado.<\/p>\n<p>El coronel Pesqueira anunci\u00f3 que la instituci\u00f3n ofrecer\u00e1 m\u00e1s detalles en una conferencia de prensa pautada para las 5:30 de la tarde en la sede de la Polic\u00eda Nacional en Santo Domingo.<\/p>\n","protected":false},"excerpt":{"rendered":"<p>La tarde de este mi\u00e9rcoles la tranquilidad del sector La Barranquita se vio interrumpida por un intenso tiroteo entre agentes de la Polic\u00eda Nacional y un grupo de presuntos delincuentes, que dej\u00f3 como saldo\u00a0cinco personas muertas\u00a0y un agente gravemente herido. El enfrentamiento ocurri\u00f3 en una plaza comercial de la zona, donde, seg\u00fan los informes preliminares, [&hellip;]<\/p>\n","protected":false},"author":15,"featured_media":44629,"comment_status":"open","ping_status":"open","sticky":false,"template":"","format":"standard","meta":{"footnotes":""},"categories":[3913,29,3773],"tags":[],"class_list":["post-44626","post","type-post","status-publish","format-standard","has-post-thumbnail","category-nacionales","category-policiales","category-portada"],"yoast_head":"<!-- This site is optimized with the Yoast SEO plugin v27.6 - https:\/\/yoast.com\/product\/yoast-seo-wordpress\/ -->\n<title>Tiroteo en La Barranquita deja cinco muertos y un polic\u00eda herido - Conexi\u00f3n 23<\/title>\n<meta name=\"robots\" content=\"index, follow, max-snippet:-1, max-image-preview:large, max-video-preview:-1\" \/>\n<link rel=\"canonical\" href=\"https:\/\/conexion23.com\/?p=44626\" \/>\n<meta property=\"og:locale\" content=\"es_ES\" \/>\n<meta property=\"og:type\" content=\"article\" \/>\n<meta property=\"og:title\" content=\"Tiroteo en La Barranquita deja cinco muertos y un polic\u00eda herido - Conexi\u00f3n 23\" \/>\n<meta property=\"og:description\" content=\"La tarde de este mi\u00e9rcoles la tranquilidad del sector La Barranquita se vio interrumpida por un intenso tiroteo entre agentes de la Polic\u00eda Nacional y un grupo de presuntos delincuentes, que dej\u00f3 como saldo\u00a0cinco personas muertas\u00a0y un agente gravemente herido. El enfrentamiento ocurri\u00f3 en una plaza comercial de la zona, donde, seg\u00fan los informes preliminares, [&hellip;]\" \/>\n<meta property=\"og:url\" content=\"https:\/\/conexion23.com\/?p=44626\" \/>\n<meta property=\"og:site_name\" content=\"Conexi\u00f3n 23\" \/>\n<meta property=\"article:publisher\" content=\"https:\/\/www.facebook.com\/conexion23com\" \/>\n<meta property=\"article:published_time\" content=\"2025-09-10T22:21:59+00:00\" \/>\n<meta property=\"article:modified_time\" content=\"2025-09-10T22:23:22+00:00\" \/>\n<meta property=\"og:image\" content=\"https:\/\/conexion23.com\/wp-content\/uploads\/2025\/09\/Policia-en-Santiago-mata-cinco-presunto-delincuentes-eljacaguero-1200x688-1.webp\" \/>\n\t<meta property=\"og:image:width\" content=\"1200\" \/>\n\t<meta property=\"og:image:height\" content=\"688\" \/>\n\t<meta property=\"og:image:type\" content=\"image\/webp\" \/>\n<meta name=\"author\" content=\"Raffy Ben\u00edtez\" \/>\n<meta name=\"twitter:card\" content=\"summary_large_image\" \/>\n<meta name=\"twitter:label1\" content=\"Escrito por\" \/>\n\t<meta name=\"twitter:data1\" content=\"Raffy Ben\u00edtez\" \/>\n\t<meta name=\"twitter:label2\" content=\"Tiempo de lectura\" \/>\n\t<meta name=\"twitter:data2\" content=\"2 minutos\" \/>\n<script type=\"application\/ld+json\" class=\"yoast-schema-graph\">{\"@context\":\"https:\\\/\\\/schema.org\",\"@graph\":[{\"@type\":\"Article\",\"@id\":\"https:\\\/\\\/conexion23.com\\\/?p=44626#article\",\"isPartOf\":{\"@id\":\"https:\\\/\\\/conexion23.com\\\/?p=44626\"},\"author\":{\"name\":\"Raffy Ben\u00edtez\",\"@id\":\"https:\\\/\\\/conexion23.com\\\/#\\\/schema\\\/person\\\/03e36043331117e97a373299bbcd30a6\"},\"headline\":\"Tiroteo en La Barranquita deja cinco muertos y un polic\u00eda herido\",\"datePublished\":\"2025-09-10T22:21:59+00:00\",\"dateModified\":\"2025-09-10T22:23:22+00:00\",\"mainEntityOfPage\":{\"@id\":\"https:\\\/\\\/conexion23.com\\\/?p=44626\"},\"wordCount\":388,\"commentCount\":0,\"publisher\":{\"@id\":\"https:\\\/\\\/conexion23.com\\\/#organization\"},\"image\":{\"@id\":\"https:\\\/\\\/conexion23.com\\\/?p=44626#primaryimage\"},\"thumbnailUrl\":\"https:\\\/\\\/conexion23.com\\\/wp-content\\\/uploads\\\/2025\\\/09\\\/Policia-en-Santiago-mata-cinco-presunto-delincuentes-eljacaguero-1200x688-1.webp\",\"articleSection\":[\"Nacionales\",\"Policiales\",\"Portada\"],\"inLanguage\":\"es\",\"potentialAction\":[{\"@type\":\"CommentAction\",\"name\":\"Comment\",\"target\":[\"https:\\\/\\\/conexion23.com\\\/?p=44626#respond\"]}]},{\"@type\":\"WebPage\",\"@id\":\"https:\\\/\\\/conexion23.com\\\/?p=44626\",\"url\":\"https:\\\/\\\/conexion23.com\\\/?p=44626\",\"name\":\"Tiroteo en La Barranquita deja cinco muertos y un polic\u00eda herido - Conexi\u00f3n 23\",\"isPartOf\":{\"@id\":\"https:\\\/\\\/conexion23.com\\\/#website\"},\"primaryImageOfPage\":{\"@id\":\"https:\\\/\\\/conexion23.com\\\/?p=44626#primaryimage\"},\"image\":{\"@id\":\"https:\\\/\\\/conexion23.com\\\/?p=44626#primaryimage\"},\"thumbnailUrl\":\"https:\\\/\\\/conexion23.com\\\/wp-content\\\/uploads\\\/2025\\\/09\\\/Policia-en-Santiago-mata-cinco-presunto-delincuentes-eljacaguero-1200x688-1.webp\",\"datePublished\":\"2025-09-10T22:21:59+00:00\",\"dateModified\":\"2025-09-10T22:23:22+00:00\",\"breadcrumb\":{\"@id\":\"https:\\\/\\\/conexion23.com\\\/?p=44626#breadcrumb\"},\"inLanguage\":\"es\",\"potentialAction\":[{\"@type\":\"ReadAction\",\"target\":[\"https:\\\/\\\/conexion23.com\\\/?p=44626\"]}]},{\"@type\":\"ImageObject\",\"inLanguage\":\"es\",\"@id\":\"https:\\\/\\\/conexion23.com\\\/?p=44626#primaryimage\",\"url\":\"https:\\\/\\\/conexion23.com\\\/wp-content\\\/uploads\\\/2025\\\/09\\\/Policia-en-Santiago-mata-cinco-presunto-delincuentes-eljacaguero-1200x688-1.webp\",\"contentUrl\":\"https:\\\/\\\/conexion23.com\\\/wp-content\\\/uploads\\\/2025\\\/09\\\/Policia-en-Santiago-mata-cinco-presunto-delincuentes-eljacaguero-1200x688-1.webp\",\"width\":1200,\"height\":688},{\"@type\":\"BreadcrumbList\",\"@id\":\"https:\\\/\\\/conexion23.com\\\/?p=44626#breadcrumb\",\"itemListElement\":[{\"@type\":\"ListItem\",\"position\":1,\"name\":\"Portada\",\"item\":\"https:\\\/\\\/conexion23.com\\\/\"},{\"@type\":\"ListItem\",\"position\":2,\"name\":\"Tiroteo en La Barranquita deja cinco muertos y un polic\u00eda herido\"}]},{\"@type\":\"WebSite\",\"@id\":\"https:\\\/\\\/conexion23.com\\\/#website\",\"url\":\"https:\\\/\\\/conexion23.com\\\/\",\"name\":\"Conexi\u00f3n 23\",\"description\":\"Peri\u00f3dico 100% Petromacorisano\",\"publisher\":{\"@id\":\"https:\\\/\\\/conexion23.com\\\/#organization\"},\"potentialAction\":[{\"@type\":\"SearchAction\",\"target\":{\"@type\":\"EntryPoint\",\"urlTemplate\":\"https:\\\/\\\/conexion23.com\\\/?s={search_term_string}\"},\"query-input\":{\"@type\":\"PropertyValueSpecification\",\"valueRequired\":true,\"valueName\":\"search_term_string\"}}],\"inLanguage\":\"es\"},{\"@type\":\"Organization\",\"@id\":\"https:\\\/\\\/conexion23.com\\\/#organization\",\"name\":\"Conexion 23\",\"url\":\"https:\\\/\\\/conexion23.com\\\/\",\"logo\":{\"@type\":\"ImageObject\",\"inLanguage\":\"es\",\"@id\":\"https:\\\/\\\/conexion23.com\\\/#\\\/schema\\\/logo\\\/image\\\/\",\"url\":\"https:\\\/\\\/conexion23.com\\\/wp-content\\\/uploads\\\/2021\\\/11\\\/Diseno-sin-titulo-2.png\",\"contentUrl\":\"https:\\\/\\\/conexion23.com\\\/wp-content\\\/uploads\\\/2021\\\/11\\\/Diseno-sin-titulo-2.png\",\"width\":541,\"height\":90,\"caption\":\"Conexion 23\"},\"image\":{\"@id\":\"https:\\\/\\\/conexion23.com\\\/#\\\/schema\\\/logo\\\/image\\\/\"},\"sameAs\":[\"https:\\\/\\\/www.facebook.com\\\/conexion23com\",\"https:\\\/\\\/www.instagram.com\\\/conexion23com\\\/\",\"https:\\\/\\\/www.youtube.com\\\/channel\\\/UCYc7vxxFZMYLIHNsHHxPZ3Q\"]},{\"@type\":\"Person\",\"@id\":\"https:\\\/\\\/conexion23.com\\\/#\\\/schema\\\/person\\\/03e36043331117e97a373299bbcd30a6\",\"name\":\"Raffy Ben\u00edtez\",\"image\":{\"@type\":\"ImageObject\",\"inLanguage\":\"es\",\"@id\":\"https:\\\/\\\/secure.gravatar.com\\\/avatar\\\/3190a6a6c5e1b0327500f7d6c56b6242472ee6cb974cf09b401ee6b3b0798f23?s=96&d=mm&r=g\",\"url\":\"https:\\\/\\\/secure.gravatar.com\\\/avatar\\\/3190a6a6c5e1b0327500f7d6c56b6242472ee6cb974cf09b401ee6b3b0798f23?s=96&d=mm&r=g\",\"contentUrl\":\"https:\\\/\\\/secure.gravatar.com\\\/avatar\\\/3190a6a6c5e1b0327500f7d6c56b6242472ee6cb974cf09b401ee6b3b0798f23?s=96&d=mm&r=g\",\"caption\":\"Raffy Ben\u00edtez\"},\"url\":\"https:\\\/\\\/conexion23.com\\\/?author=15\"}]}<\/script>\n<!-- \/ Yoast SEO plugin. -->","yoast_head_json":{"title":"Tiroteo en La Barranquita deja cinco muertos y un polic\u00eda herido - Conexi\u00f3n 23","robots":{"index":"index","follow":"follow","max-snippet":"max-snippet:-1","max-image-preview":"max-image-preview:large","max-video-preview":"max-video-preview:-1"},"canonical":"https:\/\/conexion23.com\/?p=44626","og_locale":"es_ES","og_type":"article","og_title":"Tiroteo en La Barranquita deja cinco muertos y un polic\u00eda herido - Conexi\u00f3n 23","og_description":"La tarde de este mi\u00e9rcoles la tranquilidad del sector La Barranquita se vio interrumpida por un intenso tiroteo entre agentes de la Polic\u00eda Nacional y un grupo de presuntos delincuentes, que dej\u00f3 como saldo\u00a0cinco personas muertas\u00a0y un agente gravemente herido. El enfrentamiento ocurri\u00f3 en una plaza comercial de la zona, donde, seg\u00fan los informes preliminares, [&hellip;]","og_url":"https:\/\/conexion23.com\/?p=44626","og_site_name":"Conexi\u00f3n 23","article_publisher":"https:\/\/www.facebook.com\/conexion23com","article_published_time":"2025-09-10T22:21:59+00:00","article_modified_time":"2025-09-10T22:23:22+00:00","og_image":[{"width":1200,"height":688,"url":"https:\/\/conexion23.com\/wp-content\/uploads\/2025\/09\/Policia-en-Santiago-mata-cinco-presunto-delincuentes-eljacaguero-1200x688-1.webp","type":"image\/webp"}],"author":"Raffy Ben\u00edtez","twitter_card":"summary_large_image","twitter_misc":{"Escrito por":"Raffy Ben\u00edtez","Tiempo de lectura":"2 minutos"},"schema":{"@context":"https:\/\/schema.org","@graph":[{"@type":"Article","@id":"https:\/\/conexion23.com\/?p=44626#article","isPartOf":{"@id":"https:\/\/conexion23.com\/?p=44626"},"author":{"name":"Raffy Ben\u00edtez","@id":"https:\/\/conexion23.com\/#\/schema\/person\/03e36043331117e97a373299bbcd30a6"},"headline":"Tiroteo en La Barranquita deja cinco muertos y un polic\u00eda herido","datePublished":"2025-09-10T22:21:59+00:00","dateModified":"2025-09-10T22:23:22+00:00","mainEntityOfPage":{"@id":"https:\/\/conexion23.com\/?p=44626"},"wordCount":388,"commentCount":0,"publisher":{"@id":"https:\/\/conexion23.com\/#organization"},"image":{"@id":"https:\/\/conexion23.com\/?p=44626#primaryimage"},"thumbnailUrl":"https:\/\/conexion23.com\/wp-content\/uploads\/2025\/09\/Policia-en-Santiago-mata-cinco-presunto-delincuentes-eljacaguero-1200x688-1.webp","articleSection":["Nacionales","Policiales","Portada"],"inLanguage":"es","potentialAction":[{"@type":"CommentAction","name":"Comment","target":["https:\/\/conexion23.com\/?p=44626#respond"]}]},{"@type":"WebPage","@id":"https:\/\/conexion23.com\/?p=44626","url":"https:\/\/conexion23.com\/?p=44626","name":"Tiroteo en La Barranquita deja cinco muertos y un polic\u00eda herido - Conexi\u00f3n 23","isPartOf":{"@id":"https:\/\/conexion23.com\/#website"},"primaryImageOfPage":{"@id":"https:\/\/conexion23.com\/?p=44626#primaryimage"},"image":{"@id":"https:\/\/conexion23.com\/?p=44626#primaryimage"},"thumbnailUrl":"https:\/\/conexion23.com\/wp-content\/uploads\/2025\/09\/Policia-en-Santiago-mata-cinco-presunto-delincuentes-eljacaguero-1200x688-1.webp","datePublished":"2025-09-10T22:21:59+00:00","dateModified":"2025-09-10T22:23:22+00:00","breadcrumb":{"@id":"https:\/\/conexion23.com\/?p=44626#breadcrumb"},"inLanguage":"es","potentialAction":[{"@type":"ReadAction","target":["https:\/\/conexion23.com\/?p=44626"]}]},{"@type":"ImageObject","inLanguage":"es","@id":"https:\/\/conexion23.com\/?p=44626#primaryimage","url":"https:\/\/conexion23.com\/wp-content\/uploads\/2025\/09\/Policia-en-Santiago-mata-cinco-presunto-delincuentes-eljacaguero-1200x688-1.webp","contentUrl":"https:\/\/conexion23.com\/wp-content\/uploads\/2025\/09\/Policia-en-Santiago-mata-cinco-presunto-delincuentes-eljacaguero-1200x688-1.webp","width":1200,"height":688},{"@type":"BreadcrumbList","@id":"https:\/\/conexion23.com\/?p=44626#breadcrumb","itemListElement":[{"@type":"ListItem","position":1,"name":"Portada","item":"https:\/\/conexion23.com\/"},{"@type":"ListItem","position":2,"name":"Tiroteo en La Barranquita deja cinco muertos y un polic\u00eda herido"}]},{"@type":"WebSite","@id":"https:\/\/conexion23.com\/#website","url":"https:\/\/conexion23.com\/","name":"Conexi\u00f3n 23","description":"Peri\u00f3dico 100% Petromacorisano","publisher":{"@id":"https:\/\/conexion23.com\/#organization"},"potentialAction":[{"@type":"SearchAction","target":{"@type":"EntryPoint","urlTemplate":"https:\/\/conexion23.com\/?s={search_term_string}"},"query-input":{"@type":"PropertyValueSpecification","valueRequired":true,"valueName":"search_term_string"}}],"inLanguage":"es"},{"@type":"Organization","@id":"https:\/\/conexion23.com\/#organization","name":"Conexion 23","url":"https:\/\/conexion23.com\/","logo":{"@type":"ImageObject","inLanguage":"es","@id":"https:\/\/conexion23.com\/#\/schema\/logo\/image\/","url":"https:\/\/conexion23.com\/wp-content\/uploads\/2021\/11\/Diseno-sin-titulo-2.png","contentUrl":"https:\/\/conexion23.com\/wp-content\/uploads\/2021\/11\/Diseno-sin-titulo-2.png","width":541,"height":90,"caption":"Conexion 23"},"image":{"@id":"https:\/\/conexion23.com\/#\/schema\/logo\/image\/"},"sameAs":["https:\/\/www.facebook.com\/conexion23com","https:\/\/www.instagram.com\/conexion23com\/","https:\/\/www.youtube.com\/channel\/UCYc7vxxFZMYLIHNsHHxPZ3Q"]},{"@type":"Person","@id":"https:\/\/conexion23.com\/#\/schema\/person\/03e36043331117e97a373299bbcd30a6","name":"Raffy Ben\u00edtez","image":{"@type":"ImageObject","inLanguage":"es","@id":"https:\/\/secure.gravatar.com\/avatar\/3190a6a6c5e1b0327500f7d6c56b6242472ee6cb974cf09b401ee6b3b0798f23?s=96&d=mm&r=g","url":"https:\/\/secure.gravatar.com\/avatar\/3190a6a6c5e1b0327500f7d6c56b6242472ee6cb974cf09b401ee6b3b0798f23?s=96&d=mm&r=g","contentUrl":"https:\/\/secure.gravatar.com\/avatar\/3190a6a6c5e1b0327500f7d6c56b6242472ee6cb974cf09b401ee6b3b0798f23?s=96&d=mm&r=g","caption":"Raffy Ben\u00edtez"},"url":"https:\/\/conexion23.com\/?author=15"}]}},"_links":{"self":[{"href":"https:\/\/conexion23.com\/index.php?rest_route=\/wp\/v2\/posts\/44626","targetHints":{"allow":["GET"]}}],"collection":[{"href":"https:\/\/conexion23.com\/index.php?rest_route=\/wp\/v2\/posts"}],"about":[{"href":"https:\/\/conexion23.com\/index.php?rest_route=\/wp\/v2\/types\/post"}],"author":[{"embeddable":true,"href":"https:\/\/conexion23.com\/index.php?rest_route=\/wp\/v2\/users\/15"}],"replies":[{"embeddable":true,"href":"https:\/\/conexion23.com\/index.php?rest_route=%2Fwp%2Fv2%2Fcomments&post=44626"}],"version-history":[{"count":1,"href":"https:\/\/conexion23.com\/index.php?rest_route=\/wp\/v2\/posts\/44626\/revisions"}],"predecessor-version":[{"id":44627,"href":"https:\/\/conexion23.com\/index.php?rest_route=\/wp\/v2\/posts\/44626\/revisions\/44627"}],"wp:featuredmedia":[{"embeddable":true,"href":"https:\/\/conexion23.com\/index.php?rest_route=\/wp\/v2\/media\/44629"}],"wp:attachment":[{"href":"https:\/\/conexion23.com\/index.php?rest_route=%2Fwp%2Fv2%2Fmedia&parent=44626"}],"wp:term":[{"taxonomy":"category","embeddable":true,"href":"https:\/\/conexion23.com\/index.php?rest_route=%2Fwp%2Fv2%2Fcategories&post=44626"},{"taxonomy":"post_tag","embeddable":true,"href":"https:\/\/conexion23.com\/index.php?rest_route=%2Fwp%2Fv2%2Ftags&post=44626"}],"curies":[{"name":"wp","href":"https:\/\/api.w.org\/{rel}","templated":true}]}}