{"id":44987,"date":"2025-09-17T07:51:31","date_gmt":"2025-09-17T11:51:31","guid":{"rendered":"https:\/\/conexion23.com\/?p=44987"},"modified":"2025-09-17T07:51:31","modified_gmt":"2025-09-17T11:51:31","slug":"comerciantes-denuncian-apagones-el-dolar-y-aumento-de-productos-ponen-en-riesgo-sus-negocios","status":"publish","type":"post","link":"https:\/\/conexion23.com\/?p=44987","title":{"rendered":"Comerciantes denuncian apagones, el d\u00f3lar y aumento de productos ponen en riesgo sus negocios"},"content":{"rendered":"<p style=\"text-align: justify;\">Comerciantes minoristas denunciaron que enfrentan grandes\u00a0p\u00e9rdidas econ\u00f3micas que amenazan con llevar a la quiebra a sus peque\u00f1os negocios por factores externos de los cuales no tienen control.<\/p>\n<p style=\"text-align: justify;\">La Confederaci\u00f3n del Comercio de Provisiones y Mipymes de la Rep\u00fablica Dominicana (Confecomercio) revel\u00f3 que las ventas en estos negocios disminuyeron entre un 30 % y 35 %,\u00a0 debido a los diversos desaf\u00edos que enfrentan en la actualidad, como la\u00a0ola de apagones\u00a0que azota al pa\u00eds.<\/p>\n<p style=\"text-align: justify;\">\u00abYa pr\u00e1cticamente los colmados y peque\u00f1os supermercados no est\u00e1bamos usando ni inversores ni plantas el\u00e9ctricas. Hoy hemos tenido que, sin tener capital, proceder a instalar nuevamente todos estos mecanismos de subsistencia para mantener m\u00ednimamentes la energ\u00eda\u00bb, explic\u00f3 Francis Mancebo, miembro de Confecomercio.<\/p>\n<p style=\"text-align: justify;\">Acorde a sus declaraciones, los prolongados\u00a0cortes de energ\u00eda el\u00e9ctrica\u00a0se mantienen hasta por 10 y 12 horas, caus\u00e1ndoles cuantiosas p\u00e9rdidas. A esto le agreg\u00f3 el aumento de la delincuencia en los barrios que mantiene atemorizados a los comerciantes minoristas por los mismos apagones.<\/p>\n<p style=\"text-align: justify;\">Entre otros factores, Gilberto Luna, presidente de la confederaci\u00f3n, se\u00f1al\u00f3 el\u00a0aumento del d\u00f3lar, los productos de primera necesidad y el cierre desmedido de peque\u00f1os establecimientos comerciales en la descapitalizaci\u00f3n del sector, creando incrementos insostenibles en los costos operacionales.<\/p>\n<p style=\"text-align: justify;\">Como soluci\u00f3n, propuso, a trav\u00e9s de la intervenci\u00f3n del gobierno, un relanzamiento del\u00a0sector comercial\u00a0que haga frente a estas amenazas y proteja a los peque\u00f1os comerciantes.<\/p>\n<h3 class=\"c-detail__destacado\" style=\"text-align: justify;\">Tasa de cambio permanente<\/h3>\n<p style=\"text-align: justify;\">Acerca de la reciente visita de una misi\u00f3n del\u00a0Fondo Monetario Internacional\u00a0(FMI) al pa\u00eds y sus propuestas de una\u00a0reforma fiscal\u00a0y eliminar los subsidios del sector el\u00e9ctrico, Ricardo Rosario, dirigente comercial, refiri\u00f3 que antes de considerar estas propuestas lo m\u00e1s oportuno es asegurar una tasa de cambio permanente para los sectores productivos, donde mantendr\u00e1 estabilidad al alza de precios.<\/p>\n<p style=\"text-align: justify;\">\u00abSi la tasa est\u00e1 estable, porque eso es transversal a los productos que se importan, tanto las materias primas como los productos terminados, entonces ya creo que, independientemente de la receta del fondo,entiendo que hay que organizar la tasa y hay que impulsar de manera uniforme a todos los sectores que generan empleo en este pa\u00eds\u00bb, sostuvo.<\/p>\n<p style=\"text-align: justify;\">Avis\u00f3 que el sector detallista se encuentra en la amenaza de\u00a0perder alrededor de unos 5,000 colmados\u00a0por una competencia desleal de las grandes cadenas comerciales, que puede causar las p\u00e9rdidas de cientos de empleos directos e indirectos.<\/p>\n<div id=\"div-gpt-ad-1682694824782-0\" class=\"c-add\" style=\"text-align: justify;\"><\/div>\n<p style=\"text-align: justify;\">Exhort\u00f3 a la regularizaci\u00f3n para la entrada de estas grandes cadenas y no \u00abmatar a la gallina de huevos de oro\u00bb.<\/p>\n","protected":false},"excerpt":{"rendered":"<p>Comerciantes minoristas denunciaron que enfrentan grandes\u00a0p\u00e9rdidas econ\u00f3micas que amenazan con llevar a la quiebra a sus peque\u00f1os negocios por factores externos de los cuales no tienen control. La Confederaci\u00f3n del Comercio de Provisiones y Mipymes de la Rep\u00fablica Dominicana (Confecomercio) revel\u00f3 que las ventas en estos negocios disminuyeron entre un 30 % y 35 %,\u00a0 [&hellip;]<\/p>\n","protected":false},"author":15,"featured_media":44988,"comment_status":"open","ping_status":"open","sticky":false,"template":"","format":"standard","meta":{"footnotes":""},"categories":[3913],"tags":[],"class_list":["post-44987","post","type-post","status-publish","format-standard","has-post-thumbnail","category-nacionales"],"yoast_head":"<!-- This site is optimized with the Yoast SEO plugin v27.6 - https:\/\/yoast.com\/product\/yoast-seo-wordpress\/ -->\n<title>Comerciantes denuncian apagones, el d\u00f3lar y aumento de productos ponen en riesgo sus negocios - Conexi\u00f3n 23<\/title>\n<meta name=\"robots\" content=\"index, follow, max-snippet:-1, max-image-preview:large, max-video-preview:-1\" \/>\n<link rel=\"canonical\" href=\"https:\/\/conexion23.com\/?p=44987\" \/>\n<meta property=\"og:locale\" content=\"es_ES\" \/>\n<meta property=\"og:type\" content=\"article\" \/>\n<meta property=\"og:title\" content=\"Comerciantes denuncian apagones, el d\u00f3lar y aumento de productos ponen en riesgo sus negocios - Conexi\u00f3n 23\" \/>\n<meta property=\"og:description\" content=\"Comerciantes minoristas denunciaron que enfrentan grandes\u00a0p\u00e9rdidas econ\u00f3micas que amenazan con llevar a la quiebra a sus peque\u00f1os negocios por factores externos de los cuales no tienen control. La Confederaci\u00f3n del Comercio de Provisiones y Mipymes de la Rep\u00fablica Dominicana (Confecomercio) revel\u00f3 que las ventas en estos negocios disminuyeron entre un 30 % y 35 %,\u00a0 [&hellip;]\" \/>\n<meta property=\"og:url\" content=\"https:\/\/conexion23.com\/?p=44987\" \/>\n<meta property=\"og:site_name\" content=\"Conexi\u00f3n 23\" \/>\n<meta property=\"article:publisher\" content=\"https:\/\/www.facebook.com\/conexion23com\" \/>\n<meta property=\"article:published_time\" content=\"2025-09-17T11:51:31+00:00\" \/>\n<meta property=\"og:image\" content=\"https:\/\/conexion23.com\/wp-content\/uploads\/2025\/09\/68c98b4e8f3dd.jpg\" \/>\n\t<meta property=\"og:image:width\" content=\"800\" \/>\n\t<meta property=\"og:image:height\" content=\"432\" \/>\n\t<meta property=\"og:image:type\" content=\"image\/jpeg\" \/>\n<meta name=\"author\" content=\"Raffy Ben\u00edtez\" \/>\n<meta name=\"twitter:card\" content=\"summary_large_image\" \/>\n<meta name=\"twitter:label1\" content=\"Escrito por\" \/>\n\t<meta name=\"twitter:data1\" content=\"Raffy Ben\u00edtez\" \/>\n\t<meta name=\"twitter:label2\" content=\"Tiempo de lectura\" \/>\n\t<meta name=\"twitter:data2\" content=\"3 minutos\" \/>\n<script type=\"application\/ld+json\" class=\"yoast-schema-graph\">{\"@context\":\"https:\\\/\\\/schema.org\",\"@graph\":[{\"@type\":\"Article\",\"@id\":\"https:\\\/\\\/conexion23.com\\\/?p=44987#article\",\"isPartOf\":{\"@id\":\"https:\\\/\\\/conexion23.com\\\/?p=44987\"},\"author\":{\"name\":\"Raffy Ben\u00edtez\",\"@id\":\"http:\\\/\\\/conexion23.com\\\/#\\\/schema\\\/person\\\/03e36043331117e97a373299bbcd30a6\"},\"headline\":\"Comerciantes denuncian apagones, el d\u00f3lar y aumento de productos ponen en riesgo sus negocios\",\"datePublished\":\"2025-09-17T11:51:31+00:00\",\"mainEntityOfPage\":{\"@id\":\"https:\\\/\\\/conexion23.com\\\/?p=44987\"},\"wordCount\":450,\"commentCount\":0,\"publisher\":{\"@id\":\"http:\\\/\\\/conexion23.com\\\/#organization\"},\"image\":{\"@id\":\"https:\\\/\\\/conexion23.com\\\/?p=44987#primaryimage\"},\"thumbnailUrl\":\"https:\\\/\\\/conexion23.com\\\/wp-content\\\/uploads\\\/2025\\\/09\\\/68c98b4e8f3dd.jpg\",\"articleSection\":[\"Nacionales\"],\"inLanguage\":\"es\",\"potentialAction\":[{\"@type\":\"CommentAction\",\"name\":\"Comment\",\"target\":[\"https:\\\/\\\/conexion23.com\\\/?p=44987#respond\"]}]},{\"@type\":\"WebPage\",\"@id\":\"https:\\\/\\\/conexion23.com\\\/?p=44987\",\"url\":\"https:\\\/\\\/conexion23.com\\\/?p=44987\",\"name\":\"Comerciantes denuncian apagones, el d\u00f3lar y aumento de productos ponen en riesgo sus negocios - Conexi\u00f3n 23\",\"isPartOf\":{\"@id\":\"http:\\\/\\\/conexion23.com\\\/#website\"},\"primaryImageOfPage\":{\"@id\":\"https:\\\/\\\/conexion23.com\\\/?p=44987#primaryimage\"},\"image\":{\"@id\":\"https:\\\/\\\/conexion23.com\\\/?p=44987#primaryimage\"},\"thumbnailUrl\":\"https:\\\/\\\/conexion23.com\\\/wp-content\\\/uploads\\\/2025\\\/09\\\/68c98b4e8f3dd.jpg\",\"datePublished\":\"2025-09-17T11:51:31+00:00\",\"breadcrumb\":{\"@id\":\"https:\\\/\\\/conexion23.com\\\/?p=44987#breadcrumb\"},\"inLanguage\":\"es\",\"potentialAction\":[{\"@type\":\"ReadAction\",\"target\":[\"https:\\\/\\\/conexion23.com\\\/?p=44987\"]}]},{\"@type\":\"ImageObject\",\"inLanguage\":\"es\",\"@id\":\"https:\\\/\\\/conexion23.com\\\/?p=44987#primaryimage\",\"url\":\"https:\\\/\\\/conexion23.com\\\/wp-content\\\/uploads\\\/2025\\\/09\\\/68c98b4e8f3dd.jpg\",\"contentUrl\":\"https:\\\/\\\/conexion23.com\\\/wp-content\\\/uploads\\\/2025\\\/09\\\/68c98b4e8f3dd.jpg\",\"width\":800,\"height\":432},{\"@type\":\"BreadcrumbList\",\"@id\":\"https:\\\/\\\/conexion23.com\\\/?p=44987#breadcrumb\",\"itemListElement\":[{\"@type\":\"ListItem\",\"position\":1,\"name\":\"Portada\",\"item\":\"http:\\\/\\\/conexion23.com\\\/\"},{\"@type\":\"ListItem\",\"position\":2,\"name\":\"Comerciantes denuncian apagones, el d\u00f3lar y aumento de productos ponen en riesgo sus negocios\"}]},{\"@type\":\"WebSite\",\"@id\":\"http:\\\/\\\/conexion23.com\\\/#website\",\"url\":\"http:\\\/\\\/conexion23.com\\\/\",\"name\":\"Conexi\u00f3n 23\",\"description\":\"Peri\u00f3dico 100% Petromacorisano\",\"publisher\":{\"@id\":\"http:\\\/\\\/conexion23.com\\\/#organization\"},\"potentialAction\":[{\"@type\":\"SearchAction\",\"target\":{\"@type\":\"EntryPoint\",\"urlTemplate\":\"http:\\\/\\\/conexion23.com\\\/?s={search_term_string}\"},\"query-input\":{\"@type\":\"PropertyValueSpecification\",\"valueRequired\":true,\"valueName\":\"search_term_string\"}}],\"inLanguage\":\"es\"},{\"@type\":\"Organization\",\"@id\":\"http:\\\/\\\/conexion23.com\\\/#organization\",\"name\":\"Conexion 23\",\"url\":\"http:\\\/\\\/conexion23.com\\\/\",\"logo\":{\"@type\":\"ImageObject\",\"inLanguage\":\"es\",\"@id\":\"http:\\\/\\\/conexion23.com\\\/#\\\/schema\\\/logo\\\/image\\\/\",\"url\":\"https:\\\/\\\/conexion23.com\\\/wp-content\\\/uploads\\\/2021\\\/11\\\/Diseno-sin-titulo-2.png\",\"contentUrl\":\"https:\\\/\\\/conexion23.com\\\/wp-content\\\/uploads\\\/2021\\\/11\\\/Diseno-sin-titulo-2.png\",\"width\":541,\"height\":90,\"caption\":\"Conexion 23\"},\"image\":{\"@id\":\"http:\\\/\\\/conexion23.com\\\/#\\\/schema\\\/logo\\\/image\\\/\"},\"sameAs\":[\"https:\\\/\\\/www.facebook.com\\\/conexion23com\",\"https:\\\/\\\/www.instagram.com\\\/conexion23com\\\/\",\"https:\\\/\\\/www.youtube.com\\\/channel\\\/UCYc7vxxFZMYLIHNsHHxPZ3Q\"]},{\"@type\":\"Person\",\"@id\":\"http:\\\/\\\/conexion23.com\\\/#\\\/schema\\\/person\\\/03e36043331117e97a373299bbcd30a6\",\"name\":\"Raffy Ben\u00edtez\",\"image\":{\"@type\":\"ImageObject\",\"inLanguage\":\"es\",\"@id\":\"https:\\\/\\\/secure.gravatar.com\\\/avatar\\\/3190a6a6c5e1b0327500f7d6c56b6242472ee6cb974cf09b401ee6b3b0798f23?s=96&d=mm&r=g\",\"url\":\"https:\\\/\\\/secure.gravatar.com\\\/avatar\\\/3190a6a6c5e1b0327500f7d6c56b6242472ee6cb974cf09b401ee6b3b0798f23?s=96&d=mm&r=g\",\"contentUrl\":\"https:\\\/\\\/secure.gravatar.com\\\/avatar\\\/3190a6a6c5e1b0327500f7d6c56b6242472ee6cb974cf09b401ee6b3b0798f23?s=96&d=mm&r=g\",\"caption\":\"Raffy Ben\u00edtez\"},\"url\":\"https:\\\/\\\/conexion23.com\\\/?author=15\"}]}<\/script>\n<!-- \/ Yoast SEO plugin. -->","yoast_head_json":{"title":"Comerciantes denuncian apagones, el d\u00f3lar y aumento de productos ponen en riesgo sus negocios - Conexi\u00f3n 23","robots":{"index":"index","follow":"follow","max-snippet":"max-snippet:-1","max-image-preview":"max-image-preview:large","max-video-preview":"max-video-preview:-1"},"canonical":"https:\/\/conexion23.com\/?p=44987","og_locale":"es_ES","og_type":"article","og_title":"Comerciantes denuncian apagones, el d\u00f3lar y aumento de productos ponen en riesgo sus negocios - Conexi\u00f3n 23","og_description":"Comerciantes minoristas denunciaron que enfrentan grandes\u00a0p\u00e9rdidas econ\u00f3micas que amenazan con llevar a la quiebra a sus peque\u00f1os negocios por factores externos de los cuales no tienen control. La Confederaci\u00f3n del Comercio de Provisiones y Mipymes de la Rep\u00fablica Dominicana (Confecomercio) revel\u00f3 que las ventas en estos negocios disminuyeron entre un 30 % y 35 %,\u00a0 [&hellip;]","og_url":"https:\/\/conexion23.com\/?p=44987","og_site_name":"Conexi\u00f3n 23","article_publisher":"https:\/\/www.facebook.com\/conexion23com","article_published_time":"2025-09-17T11:51:31+00:00","og_image":[{"width":800,"height":432,"url":"https:\/\/conexion23.com\/wp-content\/uploads\/2025\/09\/68c98b4e8f3dd.jpg","type":"image\/jpeg"}],"author":"Raffy Ben\u00edtez","twitter_card":"summary_large_image","twitter_misc":{"Escrito por":"Raffy Ben\u00edtez","Tiempo de lectura":"3 minutos"},"schema":{"@context":"https:\/\/schema.org","@graph":[{"@type":"Article","@id":"https:\/\/conexion23.com\/?p=44987#article","isPartOf":{"@id":"https:\/\/conexion23.com\/?p=44987"},"author":{"name":"Raffy Ben\u00edtez","@id":"http:\/\/conexion23.com\/#\/schema\/person\/03e36043331117e97a373299bbcd30a6"},"headline":"Comerciantes denuncian apagones, el d\u00f3lar y aumento de productos ponen en riesgo sus negocios","datePublished":"2025-09-17T11:51:31+00:00","mainEntityOfPage":{"@id":"https:\/\/conexion23.com\/?p=44987"},"wordCount":450,"commentCount":0,"publisher":{"@id":"http:\/\/conexion23.com\/#organization"},"image":{"@id":"https:\/\/conexion23.com\/?p=44987#primaryimage"},"thumbnailUrl":"https:\/\/conexion23.com\/wp-content\/uploads\/2025\/09\/68c98b4e8f3dd.jpg","articleSection":["Nacionales"],"inLanguage":"es","potentialAction":[{"@type":"CommentAction","name":"Comment","target":["https:\/\/conexion23.com\/?p=44987#respond"]}]},{"@type":"WebPage","@id":"https:\/\/conexion23.com\/?p=44987","url":"https:\/\/conexion23.com\/?p=44987","name":"Comerciantes denuncian apagones, el d\u00f3lar y aumento de productos ponen en riesgo sus negocios - Conexi\u00f3n 23","isPartOf":{"@id":"http:\/\/conexion23.com\/#website"},"primaryImageOfPage":{"@id":"https:\/\/conexion23.com\/?p=44987#primaryimage"},"image":{"@id":"https:\/\/conexion23.com\/?p=44987#primaryimage"},"thumbnailUrl":"https:\/\/conexion23.com\/wp-content\/uploads\/2025\/09\/68c98b4e8f3dd.jpg","datePublished":"2025-09-17T11:51:31+00:00","breadcrumb":{"@id":"https:\/\/conexion23.com\/?p=44987#breadcrumb"},"inLanguage":"es","potentialAction":[{"@type":"ReadAction","target":["https:\/\/conexion23.com\/?p=44987"]}]},{"@type":"ImageObject","inLanguage":"es","@id":"https:\/\/conexion23.com\/?p=44987#primaryimage","url":"https:\/\/conexion23.com\/wp-content\/uploads\/2025\/09\/68c98b4e8f3dd.jpg","contentUrl":"https:\/\/conexion23.com\/wp-content\/uploads\/2025\/09\/68c98b4e8f3dd.jpg","width":800,"height":432},{"@type":"BreadcrumbList","@id":"https:\/\/conexion23.com\/?p=44987#breadcrumb","itemListElement":[{"@type":"ListItem","position":1,"name":"Portada","item":"http:\/\/conexion23.com\/"},{"@type":"ListItem","position":2,"name":"Comerciantes denuncian apagones, el d\u00f3lar y aumento de productos ponen en riesgo sus negocios"}]},{"@type":"WebSite","@id":"http:\/\/conexion23.com\/#website","url":"http:\/\/conexion23.com\/","name":"Conexi\u00f3n 23","description":"Peri\u00f3dico 100% Petromacorisano","publisher":{"@id":"http:\/\/conexion23.com\/#organization"},"potentialAction":[{"@type":"SearchAction","target":{"@type":"EntryPoint","urlTemplate":"http:\/\/conexion23.com\/?s={search_term_string}"},"query-input":{"@type":"PropertyValueSpecification","valueRequired":true,"valueName":"search_term_string"}}],"inLanguage":"es"},{"@type":"Organization","@id":"http:\/\/conexion23.com\/#organization","name":"Conexion 23","url":"http:\/\/conexion23.com\/","logo":{"@type":"ImageObject","inLanguage":"es","@id":"http:\/\/conexion23.com\/#\/schema\/logo\/image\/","url":"https:\/\/conexion23.com\/wp-content\/uploads\/2021\/11\/Diseno-sin-titulo-2.png","contentUrl":"https:\/\/conexion23.com\/wp-content\/uploads\/2021\/11\/Diseno-sin-titulo-2.png","width":541,"height":90,"caption":"Conexion 23"},"image":{"@id":"http:\/\/conexion23.com\/#\/schema\/logo\/image\/"},"sameAs":["https:\/\/www.facebook.com\/conexion23com","https:\/\/www.instagram.com\/conexion23com\/","https:\/\/www.youtube.com\/channel\/UCYc7vxxFZMYLIHNsHHxPZ3Q"]},{"@type":"Person","@id":"http:\/\/conexion23.com\/#\/schema\/person\/03e36043331117e97a373299bbcd30a6","name":"Raffy Ben\u00edtez","image":{"@type":"ImageObject","inLanguage":"es","@id":"https:\/\/secure.gravatar.com\/avatar\/3190a6a6c5e1b0327500f7d6c56b6242472ee6cb974cf09b401ee6b3b0798f23?s=96&d=mm&r=g","url":"https:\/\/secure.gravatar.com\/avatar\/3190a6a6c5e1b0327500f7d6c56b6242472ee6cb974cf09b401ee6b3b0798f23?s=96&d=mm&r=g","contentUrl":"https:\/\/secure.gravatar.com\/avatar\/3190a6a6c5e1b0327500f7d6c56b6242472ee6cb974cf09b401ee6b3b0798f23?s=96&d=mm&r=g","caption":"Raffy Ben\u00edtez"},"url":"https:\/\/conexion23.com\/?author=15"}]}},"_links":{"self":[{"href":"https:\/\/conexion23.com\/index.php?rest_route=\/wp\/v2\/posts\/44987","targetHints":{"allow":["GET"]}}],"collection":[{"href":"https:\/\/conexion23.com\/index.php?rest_route=\/wp\/v2\/posts"}],"about":[{"href":"https:\/\/conexion23.com\/index.php?rest_route=\/wp\/v2\/types\/post"}],"author":[{"embeddable":true,"href":"https:\/\/conexion23.com\/index.php?rest_route=\/wp\/v2\/users\/15"}],"replies":[{"embeddable":true,"href":"https:\/\/conexion23.com\/index.php?rest_route=%2Fwp%2Fv2%2Fcomments&post=44987"}],"version-history":[{"count":1,"href":"https:\/\/conexion23.com\/index.php?rest_route=\/wp\/v2\/posts\/44987\/revisions"}],"predecessor-version":[{"id":44989,"href":"https:\/\/conexion23.com\/index.php?rest_route=\/wp\/v2\/posts\/44987\/revisions\/44989"}],"wp:featuredmedia":[{"embeddable":true,"href":"https:\/\/conexion23.com\/index.php?rest_route=\/wp\/v2\/media\/44988"}],"wp:attachment":[{"href":"https:\/\/conexion23.com\/index.php?rest_route=%2Fwp%2Fv2%2Fmedia&parent=44987"}],"wp:term":[{"taxonomy":"category","embeddable":true,"href":"https:\/\/conexion23.com\/index.php?rest_route=%2Fwp%2Fv2%2Fcategories&post=44987"},{"taxonomy":"post_tag","embeddable":true,"href":"https:\/\/conexion23.com\/index.php?rest_route=%2Fwp%2Fv2%2Ftags&post=44987"}],"curies":[{"name":"wp","href":"https:\/\/api.w.org\/{rel}","templated":true}]}}