{"id":44993,"date":"2025-09-17T08:10:10","date_gmt":"2025-09-17T12:10:10","guid":{"rendered":"https:\/\/conexion23.com\/?p=44993"},"modified":"2025-09-17T08:10:10","modified_gmt":"2025-09-17T12:10:10","slug":"mas-del-40-de-hogares-en-la-frontera-carecen-de-agua-potable-segun-el-ces","status":"publish","type":"post","link":"https:\/\/conexion23.com\/?p=44993","title":{"rendered":"M\u00e1s del 40% de hogares en la frontera carecen de agua potable, seg\u00fan el CES"},"content":{"rendered":"<p style=\"text-align: justify;\">Los delegados en la Mesa sobre Desarrollo de Comunidades Fronterizas del Consejo Econ\u00f3mico y Social (CES) coinciden en que la zona fronteriza entre Rep\u00fablica Dominicana- Hait\u00ed presenta un d\u00e9ficit significativo en infraestructura, servicios b\u00e1sicos y oportunidades de empleo.<\/p>\n<p style=\"text-align: justify;\">M\u00e1s del 40% de los hogares en las provincias fronterizas carecen de acceso a agua potable\u00a0por redes y el 60% no dispone de servicios adecuados de saneamiento, seg\u00fan diagn\u00f3sticos presentados ante el CES.<\/p>\n<p style=\"text-align: justify;\">Adem\u00e1s, aseguran que la cobertura el\u00e9ctrica es limitada en comunidades rurales y las deficiencias en carreteras y caminos vecinales dificultan el acceso a mercados, centros de salud y escuelas<\/p>\n<p style=\"text-align: justify;\">\u201cEn materia econ\u00f3mica, se identific\u00f3 una fuerte dependencia del comercio informal y de actividades de subsistencia, con baja diversificaci\u00f3n productiva\u201d,\u00a0sostienen los delegados de la referida mesa a trav\u00e9s del documento oficial emitido la tarde de este martes.<\/p>\n","protected":false},"excerpt":{"rendered":"<p>Los delegados en la Mesa sobre Desarrollo de Comunidades Fronterizas del Consejo Econ\u00f3mico y Social (CES) coinciden en que la zona fronteriza entre Rep\u00fablica Dominicana- Hait\u00ed presenta un d\u00e9ficit significativo en infraestructura, servicios b\u00e1sicos y oportunidades de empleo. M\u00e1s del 40% de los hogares en las provincias fronterizas carecen de acceso a agua potable\u00a0por redes [&hellip;]<\/p>\n","protected":false},"author":15,"featured_media":44994,"comment_status":"open","ping_status":"open","sticky":false,"template":"","format":"standard","meta":{"footnotes":""},"categories":[3913],"tags":[],"class_list":["post-44993","post","type-post","status-publish","format-standard","has-post-thumbnail","category-nacionales"],"yoast_head":"<!-- This site is optimized with the Yoast SEO plugin v27.6 - https:\/\/yoast.com\/product\/yoast-seo-wordpress\/ -->\n<title>M\u00e1s del 40% de hogares en la frontera carecen de agua potable, seg\u00fan el CES - Conexi\u00f3n 23<\/title>\n<meta name=\"robots\" content=\"index, follow, max-snippet:-1, max-image-preview:large, max-video-preview:-1\" \/>\n<link rel=\"canonical\" href=\"https:\/\/conexion23.com\/?p=44993\" \/>\n<meta property=\"og:locale\" content=\"es_ES\" \/>\n<meta property=\"og:type\" content=\"article\" \/>\n<meta property=\"og:title\" content=\"M\u00e1s del 40% de hogares en la frontera carecen de agua potable, seg\u00fan el CES - Conexi\u00f3n 23\" \/>\n<meta property=\"og:description\" content=\"Los delegados en la Mesa sobre Desarrollo de Comunidades Fronterizas del Consejo Econ\u00f3mico y Social (CES) coinciden en que la zona fronteriza entre Rep\u00fablica Dominicana- Hait\u00ed presenta un d\u00e9ficit significativo en infraestructura, servicios b\u00e1sicos y oportunidades de empleo. M\u00e1s del 40% de los hogares en las provincias fronterizas carecen de acceso a agua potable\u00a0por redes [&hellip;]\" \/>\n<meta property=\"og:url\" content=\"https:\/\/conexion23.com\/?p=44993\" \/>\n<meta property=\"og:site_name\" content=\"Conexi\u00f3n 23\" \/>\n<meta property=\"article:publisher\" content=\"https:\/\/www.facebook.com\/conexion23com\" \/>\n<meta property=\"article:published_time\" content=\"2025-09-17T12:10:10+00:00\" \/>\n<meta property=\"og:image\" content=\"https:\/\/conexion23.com\/wp-content\/uploads\/2025\/09\/Agua-Potable-1140x694-1.jpg\" \/>\n\t<meta property=\"og:image:width\" content=\"1140\" \/>\n\t<meta property=\"og:image:height\" content=\"694\" \/>\n\t<meta property=\"og:image:type\" content=\"image\/jpeg\" \/>\n<meta name=\"author\" content=\"Raffy Ben\u00edtez\" \/>\n<meta name=\"twitter:card\" content=\"summary_large_image\" \/>\n<meta name=\"twitter:label1\" content=\"Escrito por\" \/>\n\t<meta name=\"twitter:data1\" content=\"Raffy Ben\u00edtez\" \/>\n\t<meta name=\"twitter:label2\" content=\"Tiempo de lectura\" \/>\n\t<meta name=\"twitter:data2\" content=\"1 minuto\" \/>\n<script type=\"application\/ld+json\" class=\"yoast-schema-graph\">{\"@context\":\"https:\\\/\\\/schema.org\",\"@graph\":[{\"@type\":\"Article\",\"@id\":\"https:\\\/\\\/conexion23.com\\\/?p=44993#article\",\"isPartOf\":{\"@id\":\"https:\\\/\\\/conexion23.com\\\/?p=44993\"},\"author\":{\"name\":\"Raffy Ben\u00edtez\",\"@id\":\"http:\\\/\\\/conexion23.com\\\/#\\\/schema\\\/person\\\/03e36043331117e97a373299bbcd30a6\"},\"headline\":\"M\u00e1s del 40% de hogares en la frontera carecen de agua potable, seg\u00fan el CES\",\"datePublished\":\"2025-09-17T12:10:10+00:00\",\"mainEntityOfPage\":{\"@id\":\"https:\\\/\\\/conexion23.com\\\/?p=44993\"},\"wordCount\":165,\"commentCount\":0,\"publisher\":{\"@id\":\"http:\\\/\\\/conexion23.com\\\/#organization\"},\"image\":{\"@id\":\"https:\\\/\\\/conexion23.com\\\/?p=44993#primaryimage\"},\"thumbnailUrl\":\"https:\\\/\\\/conexion23.com\\\/wp-content\\\/uploads\\\/2025\\\/09\\\/Agua-Potable-1140x694-1.jpg\",\"articleSection\":[\"Nacionales\"],\"inLanguage\":\"es\",\"potentialAction\":[{\"@type\":\"CommentAction\",\"name\":\"Comment\",\"target\":[\"https:\\\/\\\/conexion23.com\\\/?p=44993#respond\"]}]},{\"@type\":\"WebPage\",\"@id\":\"https:\\\/\\\/conexion23.com\\\/?p=44993\",\"url\":\"https:\\\/\\\/conexion23.com\\\/?p=44993\",\"name\":\"M\u00e1s del 40% de hogares en la frontera carecen de agua potable, seg\u00fan el CES - Conexi\u00f3n 23\",\"isPartOf\":{\"@id\":\"http:\\\/\\\/conexion23.com\\\/#website\"},\"primaryImageOfPage\":{\"@id\":\"https:\\\/\\\/conexion23.com\\\/?p=44993#primaryimage\"},\"image\":{\"@id\":\"https:\\\/\\\/conexion23.com\\\/?p=44993#primaryimage\"},\"thumbnailUrl\":\"https:\\\/\\\/conexion23.com\\\/wp-content\\\/uploads\\\/2025\\\/09\\\/Agua-Potable-1140x694-1.jpg\",\"datePublished\":\"2025-09-17T12:10:10+00:00\",\"breadcrumb\":{\"@id\":\"https:\\\/\\\/conexion23.com\\\/?p=44993#breadcrumb\"},\"inLanguage\":\"es\",\"potentialAction\":[{\"@type\":\"ReadAction\",\"target\":[\"https:\\\/\\\/conexion23.com\\\/?p=44993\"]}]},{\"@type\":\"ImageObject\",\"inLanguage\":\"es\",\"@id\":\"https:\\\/\\\/conexion23.com\\\/?p=44993#primaryimage\",\"url\":\"https:\\\/\\\/conexion23.com\\\/wp-content\\\/uploads\\\/2025\\\/09\\\/Agua-Potable-1140x694-1.jpg\",\"contentUrl\":\"https:\\\/\\\/conexion23.com\\\/wp-content\\\/uploads\\\/2025\\\/09\\\/Agua-Potable-1140x694-1.jpg\",\"width\":1140,\"height\":694},{\"@type\":\"BreadcrumbList\",\"@id\":\"https:\\\/\\\/conexion23.com\\\/?p=44993#breadcrumb\",\"itemListElement\":[{\"@type\":\"ListItem\",\"position\":1,\"name\":\"Portada\",\"item\":\"http:\\\/\\\/conexion23.com\\\/\"},{\"@type\":\"ListItem\",\"position\":2,\"name\":\"M\u00e1s del 40% de hogares en la frontera carecen de agua potable, seg\u00fan el CES\"}]},{\"@type\":\"WebSite\",\"@id\":\"http:\\\/\\\/conexion23.com\\\/#website\",\"url\":\"http:\\\/\\\/conexion23.com\\\/\",\"name\":\"Conexi\u00f3n 23\",\"description\":\"Peri\u00f3dico 100% Petromacorisano\",\"publisher\":{\"@id\":\"http:\\\/\\\/conexion23.com\\\/#organization\"},\"potentialAction\":[{\"@type\":\"SearchAction\",\"target\":{\"@type\":\"EntryPoint\",\"urlTemplate\":\"http:\\\/\\\/conexion23.com\\\/?s={search_term_string}\"},\"query-input\":{\"@type\":\"PropertyValueSpecification\",\"valueRequired\":true,\"valueName\":\"search_term_string\"}}],\"inLanguage\":\"es\"},{\"@type\":\"Organization\",\"@id\":\"http:\\\/\\\/conexion23.com\\\/#organization\",\"name\":\"Conexion 23\",\"url\":\"http:\\\/\\\/conexion23.com\\\/\",\"logo\":{\"@type\":\"ImageObject\",\"inLanguage\":\"es\",\"@id\":\"http:\\\/\\\/conexion23.com\\\/#\\\/schema\\\/logo\\\/image\\\/\",\"url\":\"https:\\\/\\\/conexion23.com\\\/wp-content\\\/uploads\\\/2021\\\/11\\\/Diseno-sin-titulo-2.png\",\"contentUrl\":\"https:\\\/\\\/conexion23.com\\\/wp-content\\\/uploads\\\/2021\\\/11\\\/Diseno-sin-titulo-2.png\",\"width\":541,\"height\":90,\"caption\":\"Conexion 23\"},\"image\":{\"@id\":\"http:\\\/\\\/conexion23.com\\\/#\\\/schema\\\/logo\\\/image\\\/\"},\"sameAs\":[\"https:\\\/\\\/www.facebook.com\\\/conexion23com\",\"https:\\\/\\\/www.instagram.com\\\/conexion23com\\\/\",\"https:\\\/\\\/www.youtube.com\\\/channel\\\/UCYc7vxxFZMYLIHNsHHxPZ3Q\"]},{\"@type\":\"Person\",\"@id\":\"http:\\\/\\\/conexion23.com\\\/#\\\/schema\\\/person\\\/03e36043331117e97a373299bbcd30a6\",\"name\":\"Raffy Ben\u00edtez\",\"image\":{\"@type\":\"ImageObject\",\"inLanguage\":\"es\",\"@id\":\"https:\\\/\\\/secure.gravatar.com\\\/avatar\\\/3190a6a6c5e1b0327500f7d6c56b6242472ee6cb974cf09b401ee6b3b0798f23?s=96&d=mm&r=g\",\"url\":\"https:\\\/\\\/secure.gravatar.com\\\/avatar\\\/3190a6a6c5e1b0327500f7d6c56b6242472ee6cb974cf09b401ee6b3b0798f23?s=96&d=mm&r=g\",\"contentUrl\":\"https:\\\/\\\/secure.gravatar.com\\\/avatar\\\/3190a6a6c5e1b0327500f7d6c56b6242472ee6cb974cf09b401ee6b3b0798f23?s=96&d=mm&r=g\",\"caption\":\"Raffy Ben\u00edtez\"},\"url\":\"https:\\\/\\\/conexion23.com\\\/?author=15\"}]}<\/script>\n<!-- \/ Yoast SEO plugin. -->","yoast_head_json":{"title":"M\u00e1s del 40% de hogares en la frontera carecen de agua potable, seg\u00fan el CES - Conexi\u00f3n 23","robots":{"index":"index","follow":"follow","max-snippet":"max-snippet:-1","max-image-preview":"max-image-preview:large","max-video-preview":"max-video-preview:-1"},"canonical":"https:\/\/conexion23.com\/?p=44993","og_locale":"es_ES","og_type":"article","og_title":"M\u00e1s del 40% de hogares en la frontera carecen de agua potable, seg\u00fan el CES - Conexi\u00f3n 23","og_description":"Los delegados en la Mesa sobre Desarrollo de Comunidades Fronterizas del Consejo Econ\u00f3mico y Social (CES) coinciden en que la zona fronteriza entre Rep\u00fablica Dominicana- Hait\u00ed presenta un d\u00e9ficit significativo en infraestructura, servicios b\u00e1sicos y oportunidades de empleo. M\u00e1s del 40% de los hogares en las provincias fronterizas carecen de acceso a agua potable\u00a0por redes [&hellip;]","og_url":"https:\/\/conexion23.com\/?p=44993","og_site_name":"Conexi\u00f3n 23","article_publisher":"https:\/\/www.facebook.com\/conexion23com","article_published_time":"2025-09-17T12:10:10+00:00","og_image":[{"width":1140,"height":694,"url":"https:\/\/conexion23.com\/wp-content\/uploads\/2025\/09\/Agua-Potable-1140x694-1.jpg","type":"image\/jpeg"}],"author":"Raffy Ben\u00edtez","twitter_card":"summary_large_image","twitter_misc":{"Escrito por":"Raffy Ben\u00edtez","Tiempo de lectura":"1 minuto"},"schema":{"@context":"https:\/\/schema.org","@graph":[{"@type":"Article","@id":"https:\/\/conexion23.com\/?p=44993#article","isPartOf":{"@id":"https:\/\/conexion23.com\/?p=44993"},"author":{"name":"Raffy Ben\u00edtez","@id":"http:\/\/conexion23.com\/#\/schema\/person\/03e36043331117e97a373299bbcd30a6"},"headline":"M\u00e1s del 40% de hogares en la frontera carecen de agua potable, seg\u00fan el CES","datePublished":"2025-09-17T12:10:10+00:00","mainEntityOfPage":{"@id":"https:\/\/conexion23.com\/?p=44993"},"wordCount":165,"commentCount":0,"publisher":{"@id":"http:\/\/conexion23.com\/#organization"},"image":{"@id":"https:\/\/conexion23.com\/?p=44993#primaryimage"},"thumbnailUrl":"https:\/\/conexion23.com\/wp-content\/uploads\/2025\/09\/Agua-Potable-1140x694-1.jpg","articleSection":["Nacionales"],"inLanguage":"es","potentialAction":[{"@type":"CommentAction","name":"Comment","target":["https:\/\/conexion23.com\/?p=44993#respond"]}]},{"@type":"WebPage","@id":"https:\/\/conexion23.com\/?p=44993","url":"https:\/\/conexion23.com\/?p=44993","name":"M\u00e1s del 40% de hogares en la frontera carecen de agua potable, seg\u00fan el CES - Conexi\u00f3n 23","isPartOf":{"@id":"http:\/\/conexion23.com\/#website"},"primaryImageOfPage":{"@id":"https:\/\/conexion23.com\/?p=44993#primaryimage"},"image":{"@id":"https:\/\/conexion23.com\/?p=44993#primaryimage"},"thumbnailUrl":"https:\/\/conexion23.com\/wp-content\/uploads\/2025\/09\/Agua-Potable-1140x694-1.jpg","datePublished":"2025-09-17T12:10:10+00:00","breadcrumb":{"@id":"https:\/\/conexion23.com\/?p=44993#breadcrumb"},"inLanguage":"es","potentialAction":[{"@type":"ReadAction","target":["https:\/\/conexion23.com\/?p=44993"]}]},{"@type":"ImageObject","inLanguage":"es","@id":"https:\/\/conexion23.com\/?p=44993#primaryimage","url":"https:\/\/conexion23.com\/wp-content\/uploads\/2025\/09\/Agua-Potable-1140x694-1.jpg","contentUrl":"https:\/\/conexion23.com\/wp-content\/uploads\/2025\/09\/Agua-Potable-1140x694-1.jpg","width":1140,"height":694},{"@type":"BreadcrumbList","@id":"https:\/\/conexion23.com\/?p=44993#breadcrumb","itemListElement":[{"@type":"ListItem","position":1,"name":"Portada","item":"http:\/\/conexion23.com\/"},{"@type":"ListItem","position":2,"name":"M\u00e1s del 40% de hogares en la frontera carecen de agua potable, seg\u00fan el CES"}]},{"@type":"WebSite","@id":"http:\/\/conexion23.com\/#website","url":"http:\/\/conexion23.com\/","name":"Conexi\u00f3n 23","description":"Peri\u00f3dico 100% Petromacorisano","publisher":{"@id":"http:\/\/conexion23.com\/#organization"},"potentialAction":[{"@type":"SearchAction","target":{"@type":"EntryPoint","urlTemplate":"http:\/\/conexion23.com\/?s={search_term_string}"},"query-input":{"@type":"PropertyValueSpecification","valueRequired":true,"valueName":"search_term_string"}}],"inLanguage":"es"},{"@type":"Organization","@id":"http:\/\/conexion23.com\/#organization","name":"Conexion 23","url":"http:\/\/conexion23.com\/","logo":{"@type":"ImageObject","inLanguage":"es","@id":"http:\/\/conexion23.com\/#\/schema\/logo\/image\/","url":"https:\/\/conexion23.com\/wp-content\/uploads\/2021\/11\/Diseno-sin-titulo-2.png","contentUrl":"https:\/\/conexion23.com\/wp-content\/uploads\/2021\/11\/Diseno-sin-titulo-2.png","width":541,"height":90,"caption":"Conexion 23"},"image":{"@id":"http:\/\/conexion23.com\/#\/schema\/logo\/image\/"},"sameAs":["https:\/\/www.facebook.com\/conexion23com","https:\/\/www.instagram.com\/conexion23com\/","https:\/\/www.youtube.com\/channel\/UCYc7vxxFZMYLIHNsHHxPZ3Q"]},{"@type":"Person","@id":"http:\/\/conexion23.com\/#\/schema\/person\/03e36043331117e97a373299bbcd30a6","name":"Raffy Ben\u00edtez","image":{"@type":"ImageObject","inLanguage":"es","@id":"https:\/\/secure.gravatar.com\/avatar\/3190a6a6c5e1b0327500f7d6c56b6242472ee6cb974cf09b401ee6b3b0798f23?s=96&d=mm&r=g","url":"https:\/\/secure.gravatar.com\/avatar\/3190a6a6c5e1b0327500f7d6c56b6242472ee6cb974cf09b401ee6b3b0798f23?s=96&d=mm&r=g","contentUrl":"https:\/\/secure.gravatar.com\/avatar\/3190a6a6c5e1b0327500f7d6c56b6242472ee6cb974cf09b401ee6b3b0798f23?s=96&d=mm&r=g","caption":"Raffy Ben\u00edtez"},"url":"https:\/\/conexion23.com\/?author=15"}]}},"_links":{"self":[{"href":"https:\/\/conexion23.com\/index.php?rest_route=\/wp\/v2\/posts\/44993","targetHints":{"allow":["GET"]}}],"collection":[{"href":"https:\/\/conexion23.com\/index.php?rest_route=\/wp\/v2\/posts"}],"about":[{"href":"https:\/\/conexion23.com\/index.php?rest_route=\/wp\/v2\/types\/post"}],"author":[{"embeddable":true,"href":"https:\/\/conexion23.com\/index.php?rest_route=\/wp\/v2\/users\/15"}],"replies":[{"embeddable":true,"href":"https:\/\/conexion23.com\/index.php?rest_route=%2Fwp%2Fv2%2Fcomments&post=44993"}],"version-history":[{"count":1,"href":"https:\/\/conexion23.com\/index.php?rest_route=\/wp\/v2\/posts\/44993\/revisions"}],"predecessor-version":[{"id":44995,"href":"https:\/\/conexion23.com\/index.php?rest_route=\/wp\/v2\/posts\/44993\/revisions\/44995"}],"wp:featuredmedia":[{"embeddable":true,"href":"https:\/\/conexion23.com\/index.php?rest_route=\/wp\/v2\/media\/44994"}],"wp:attachment":[{"href":"https:\/\/conexion23.com\/index.php?rest_route=%2Fwp%2Fv2%2Fmedia&parent=44993"}],"wp:term":[{"taxonomy":"category","embeddable":true,"href":"https:\/\/conexion23.com\/index.php?rest_route=%2Fwp%2Fv2%2Fcategories&post=44993"},{"taxonomy":"post_tag","embeddable":true,"href":"https:\/\/conexion23.com\/index.php?rest_route=%2Fwp%2Fv2%2Ftags&post=44993"}],"curies":[{"name":"wp","href":"https:\/\/api.w.org\/{rel}","templated":true}]}}