{"id":44996,"date":"2025-09-17T08:12:53","date_gmt":"2025-09-17T12:12:53","guid":{"rendered":"https:\/\/conexion23.com\/?p=44996"},"modified":"2025-09-17T08:12:53","modified_gmt":"2025-09-17T12:12:53","slug":"policia-nacional-desmantela-centro-de-hechiceria-en-salcedo","status":"publish","type":"post","link":"https:\/\/conexion23.com\/?p=44996","title":{"rendered":"Polic\u00eda Nacional desmantela centro de hechicer\u00eda en Salcedo"},"content":{"rendered":"<p style=\"text-align: justify;\">La Polic\u00eda Nacional, bajo las instrucciones del Comandante Departamental en Salcedo, Coronel Ren\u00e9 E. Luna Kunhardt, P.N., realiz\u00f3 un operativo en el sector Conuco, donde fue desmantelado un centro de hechicer\u00eda.<\/p>\n<p style=\"text-align: justify;\">En la tarde de este Martes, unidades policiales, se trasladaron al lugar tras recibir informaciones y contante denuncias sobre Nacionales naitiano que se dedican a la hechicer\u00eda en la comunidad de Conuco.<\/p>\n<p style=\"text-align: justify;\">Al notar la presencia de los agentes, varias personas emprendieron la huida, dejando abandonadas tres motocicletas. Durante la inspecci\u00f3n, los uniformados ocuparon quince armas blancas de distintos tama\u00f1os y descubrieron una casucha que funcionaba como centro de hechicer\u00eda, la cual fue posteriormente desmantelada y quemada.<\/p>\n<p style=\"text-align: justify;\">El operativo estuvo encabezado por el Comandante Departamental. El Coronel Ren\u00e9 E Luna Kunhardt, Comandante Departamental, de la provincia hermanas mirabal, quien ofreci\u00f3 los detalles del procedimiento.<\/p>\n<p style=\"text-align: justify;\">La Polic\u00eda Nacional y el Comandante Departamental Coronel Rene E Luna Kunhardt, reiter\u00f3 su compromiso de proteger y servir, garantizando la paz, la seguridad y el orden y la tranquilidad en cada comunidad de la provincia Hermanas Mirabal.<\/p>\n","protected":false},"excerpt":{"rendered":"<p>La Polic\u00eda Nacional, bajo las instrucciones del Comandante Departamental en Salcedo, Coronel Ren\u00e9 E. Luna Kunhardt, P.N., realiz\u00f3 un operativo en el sector Conuco, donde fue desmantelado un centro de hechicer\u00eda. En la tarde de este Martes, unidades policiales, se trasladaron al lugar tras recibir informaciones y contante denuncias sobre Nacionales naitiano que se dedican [&hellip;]<\/p>\n","protected":false},"author":15,"featured_media":44997,"comment_status":"open","ping_status":"open","sticky":false,"template":"","format":"standard","meta":{"footnotes":""},"categories":[3913,3773],"tags":[],"class_list":["post-44996","post","type-post","status-publish","format-standard","has-post-thumbnail","category-nacionales","category-portada"],"yoast_head":"<!-- This site is optimized with the Yoast SEO plugin v27.6 - https:\/\/yoast.com\/product\/yoast-seo-wordpress\/ -->\n<title>Polic\u00eda Nacional desmantela centro de hechicer\u00eda en Salcedo - Conexi\u00f3n 23<\/title>\n<meta name=\"robots\" content=\"index, follow, max-snippet:-1, max-image-preview:large, max-video-preview:-1\" \/>\n<link rel=\"canonical\" href=\"https:\/\/conexion23.com\/?p=44996\" \/>\n<meta property=\"og:locale\" content=\"es_ES\" \/>\n<meta property=\"og:type\" content=\"article\" \/>\n<meta property=\"og:title\" content=\"Polic\u00eda Nacional desmantela centro de hechicer\u00eda en Salcedo - Conexi\u00f3n 23\" \/>\n<meta property=\"og:description\" content=\"La Polic\u00eda Nacional, bajo las instrucciones del Comandante Departamental en Salcedo, Coronel Ren\u00e9 E. Luna Kunhardt, P.N., realiz\u00f3 un operativo en el sector Conuco, donde fue desmantelado un centro de hechicer\u00eda. En la tarde de este Martes, unidades policiales, se trasladaron al lugar tras recibir informaciones y contante denuncias sobre Nacionales naitiano que se dedican [&hellip;]\" \/>\n<meta property=\"og:url\" content=\"https:\/\/conexion23.com\/?p=44996\" \/>\n<meta property=\"og:site_name\" content=\"Conexi\u00f3n 23\" \/>\n<meta property=\"article:publisher\" content=\"https:\/\/www.facebook.com\/conexion23com\" \/>\n<meta property=\"article:published_time\" content=\"2025-09-17T12:12:53+00:00\" \/>\n<meta property=\"og:image\" content=\"https:\/\/conexion23.com\/wp-content\/uploads\/2025\/09\/75b4c0f1-2063-4865-9a3a-a89ce0b8e6d7.jpg\" \/>\n\t<meta property=\"og:image:width\" content=\"1280\" \/>\n\t<meta property=\"og:image:height\" content=\"576\" \/>\n\t<meta property=\"og:image:type\" content=\"image\/jpeg\" \/>\n<meta name=\"author\" content=\"Raffy Ben\u00edtez\" \/>\n<meta name=\"twitter:card\" content=\"summary_large_image\" \/>\n<meta name=\"twitter:label1\" content=\"Escrito por\" \/>\n\t<meta name=\"twitter:data1\" content=\"Raffy Ben\u00edtez\" \/>\n\t<meta name=\"twitter:label2\" content=\"Tiempo de lectura\" \/>\n\t<meta name=\"twitter:data2\" content=\"1 minuto\" \/>\n<script type=\"application\/ld+json\" class=\"yoast-schema-graph\">{\"@context\":\"https:\\\/\\\/schema.org\",\"@graph\":[{\"@type\":\"Article\",\"@id\":\"https:\\\/\\\/conexion23.com\\\/?p=44996#article\",\"isPartOf\":{\"@id\":\"https:\\\/\\\/conexion23.com\\\/?p=44996\"},\"author\":{\"name\":\"Raffy Ben\u00edtez\",\"@id\":\"http:\\\/\\\/conexion23.com\\\/#\\\/schema\\\/person\\\/03e36043331117e97a373299bbcd30a6\"},\"headline\":\"Polic\u00eda Nacional desmantela centro de hechicer\u00eda en Salcedo\",\"datePublished\":\"2025-09-17T12:12:53+00:00\",\"mainEntityOfPage\":{\"@id\":\"https:\\\/\\\/conexion23.com\\\/?p=44996\"},\"wordCount\":191,\"commentCount\":0,\"publisher\":{\"@id\":\"http:\\\/\\\/conexion23.com\\\/#organization\"},\"image\":{\"@id\":\"https:\\\/\\\/conexion23.com\\\/?p=44996#primaryimage\"},\"thumbnailUrl\":\"https:\\\/\\\/conexion23.com\\\/wp-content\\\/uploads\\\/2025\\\/09\\\/75b4c0f1-2063-4865-9a3a-a89ce0b8e6d7.jpg\",\"articleSection\":[\"Nacionales\",\"Portada\"],\"inLanguage\":\"es\",\"potentialAction\":[{\"@type\":\"CommentAction\",\"name\":\"Comment\",\"target\":[\"https:\\\/\\\/conexion23.com\\\/?p=44996#respond\"]}]},{\"@type\":\"WebPage\",\"@id\":\"https:\\\/\\\/conexion23.com\\\/?p=44996\",\"url\":\"https:\\\/\\\/conexion23.com\\\/?p=44996\",\"name\":\"Polic\u00eda Nacional desmantela centro de hechicer\u00eda en Salcedo - Conexi\u00f3n 23\",\"isPartOf\":{\"@id\":\"http:\\\/\\\/conexion23.com\\\/#website\"},\"primaryImageOfPage\":{\"@id\":\"https:\\\/\\\/conexion23.com\\\/?p=44996#primaryimage\"},\"image\":{\"@id\":\"https:\\\/\\\/conexion23.com\\\/?p=44996#primaryimage\"},\"thumbnailUrl\":\"https:\\\/\\\/conexion23.com\\\/wp-content\\\/uploads\\\/2025\\\/09\\\/75b4c0f1-2063-4865-9a3a-a89ce0b8e6d7.jpg\",\"datePublished\":\"2025-09-17T12:12:53+00:00\",\"breadcrumb\":{\"@id\":\"https:\\\/\\\/conexion23.com\\\/?p=44996#breadcrumb\"},\"inLanguage\":\"es\",\"potentialAction\":[{\"@type\":\"ReadAction\",\"target\":[\"https:\\\/\\\/conexion23.com\\\/?p=44996\"]}]},{\"@type\":\"ImageObject\",\"inLanguage\":\"es\",\"@id\":\"https:\\\/\\\/conexion23.com\\\/?p=44996#primaryimage\",\"url\":\"https:\\\/\\\/conexion23.com\\\/wp-content\\\/uploads\\\/2025\\\/09\\\/75b4c0f1-2063-4865-9a3a-a89ce0b8e6d7.jpg\",\"contentUrl\":\"https:\\\/\\\/conexion23.com\\\/wp-content\\\/uploads\\\/2025\\\/09\\\/75b4c0f1-2063-4865-9a3a-a89ce0b8e6d7.jpg\",\"width\":1280,\"height\":576},{\"@type\":\"BreadcrumbList\",\"@id\":\"https:\\\/\\\/conexion23.com\\\/?p=44996#breadcrumb\",\"itemListElement\":[{\"@type\":\"ListItem\",\"position\":1,\"name\":\"Portada\",\"item\":\"http:\\\/\\\/conexion23.com\\\/\"},{\"@type\":\"ListItem\",\"position\":2,\"name\":\"Polic\u00eda Nacional desmantela centro de hechicer\u00eda en Salcedo\"}]},{\"@type\":\"WebSite\",\"@id\":\"http:\\\/\\\/conexion23.com\\\/#website\",\"url\":\"http:\\\/\\\/conexion23.com\\\/\",\"name\":\"Conexi\u00f3n 23\",\"description\":\"Peri\u00f3dico 100% Petromacorisano\",\"publisher\":{\"@id\":\"http:\\\/\\\/conexion23.com\\\/#organization\"},\"potentialAction\":[{\"@type\":\"SearchAction\",\"target\":{\"@type\":\"EntryPoint\",\"urlTemplate\":\"http:\\\/\\\/conexion23.com\\\/?s={search_term_string}\"},\"query-input\":{\"@type\":\"PropertyValueSpecification\",\"valueRequired\":true,\"valueName\":\"search_term_string\"}}],\"inLanguage\":\"es\"},{\"@type\":\"Organization\",\"@id\":\"http:\\\/\\\/conexion23.com\\\/#organization\",\"name\":\"Conexion 23\",\"url\":\"http:\\\/\\\/conexion23.com\\\/\",\"logo\":{\"@type\":\"ImageObject\",\"inLanguage\":\"es\",\"@id\":\"http:\\\/\\\/conexion23.com\\\/#\\\/schema\\\/logo\\\/image\\\/\",\"url\":\"https:\\\/\\\/conexion23.com\\\/wp-content\\\/uploads\\\/2021\\\/11\\\/Diseno-sin-titulo-2.png\",\"contentUrl\":\"https:\\\/\\\/conexion23.com\\\/wp-content\\\/uploads\\\/2021\\\/11\\\/Diseno-sin-titulo-2.png\",\"width\":541,\"height\":90,\"caption\":\"Conexion 23\"},\"image\":{\"@id\":\"http:\\\/\\\/conexion23.com\\\/#\\\/schema\\\/logo\\\/image\\\/\"},\"sameAs\":[\"https:\\\/\\\/www.facebook.com\\\/conexion23com\",\"https:\\\/\\\/www.instagram.com\\\/conexion23com\\\/\",\"https:\\\/\\\/www.youtube.com\\\/channel\\\/UCYc7vxxFZMYLIHNsHHxPZ3Q\"]},{\"@type\":\"Person\",\"@id\":\"http:\\\/\\\/conexion23.com\\\/#\\\/schema\\\/person\\\/03e36043331117e97a373299bbcd30a6\",\"name\":\"Raffy Ben\u00edtez\",\"image\":{\"@type\":\"ImageObject\",\"inLanguage\":\"es\",\"@id\":\"https:\\\/\\\/secure.gravatar.com\\\/avatar\\\/3190a6a6c5e1b0327500f7d6c56b6242472ee6cb974cf09b401ee6b3b0798f23?s=96&d=mm&r=g\",\"url\":\"https:\\\/\\\/secure.gravatar.com\\\/avatar\\\/3190a6a6c5e1b0327500f7d6c56b6242472ee6cb974cf09b401ee6b3b0798f23?s=96&d=mm&r=g\",\"contentUrl\":\"https:\\\/\\\/secure.gravatar.com\\\/avatar\\\/3190a6a6c5e1b0327500f7d6c56b6242472ee6cb974cf09b401ee6b3b0798f23?s=96&d=mm&r=g\",\"caption\":\"Raffy Ben\u00edtez\"},\"url\":\"https:\\\/\\\/conexion23.com\\\/?author=15\"}]}<\/script>\n<!-- \/ Yoast SEO plugin. -->","yoast_head_json":{"title":"Polic\u00eda Nacional desmantela centro de hechicer\u00eda en Salcedo - Conexi\u00f3n 23","robots":{"index":"index","follow":"follow","max-snippet":"max-snippet:-1","max-image-preview":"max-image-preview:large","max-video-preview":"max-video-preview:-1"},"canonical":"https:\/\/conexion23.com\/?p=44996","og_locale":"es_ES","og_type":"article","og_title":"Polic\u00eda Nacional desmantela centro de hechicer\u00eda en Salcedo - Conexi\u00f3n 23","og_description":"La Polic\u00eda Nacional, bajo las instrucciones del Comandante Departamental en Salcedo, Coronel Ren\u00e9 E. Luna Kunhardt, P.N., realiz\u00f3 un operativo en el sector Conuco, donde fue desmantelado un centro de hechicer\u00eda. En la tarde de este Martes, unidades policiales, se trasladaron al lugar tras recibir informaciones y contante denuncias sobre Nacionales naitiano que se dedican [&hellip;]","og_url":"https:\/\/conexion23.com\/?p=44996","og_site_name":"Conexi\u00f3n 23","article_publisher":"https:\/\/www.facebook.com\/conexion23com","article_published_time":"2025-09-17T12:12:53+00:00","og_image":[{"width":1280,"height":576,"url":"https:\/\/conexion23.com\/wp-content\/uploads\/2025\/09\/75b4c0f1-2063-4865-9a3a-a89ce0b8e6d7.jpg","type":"image\/jpeg"}],"author":"Raffy Ben\u00edtez","twitter_card":"summary_large_image","twitter_misc":{"Escrito por":"Raffy Ben\u00edtez","Tiempo de lectura":"1 minuto"},"schema":{"@context":"https:\/\/schema.org","@graph":[{"@type":"Article","@id":"https:\/\/conexion23.com\/?p=44996#article","isPartOf":{"@id":"https:\/\/conexion23.com\/?p=44996"},"author":{"name":"Raffy Ben\u00edtez","@id":"http:\/\/conexion23.com\/#\/schema\/person\/03e36043331117e97a373299bbcd30a6"},"headline":"Polic\u00eda Nacional desmantela centro de hechicer\u00eda en Salcedo","datePublished":"2025-09-17T12:12:53+00:00","mainEntityOfPage":{"@id":"https:\/\/conexion23.com\/?p=44996"},"wordCount":191,"commentCount":0,"publisher":{"@id":"http:\/\/conexion23.com\/#organization"},"image":{"@id":"https:\/\/conexion23.com\/?p=44996#primaryimage"},"thumbnailUrl":"https:\/\/conexion23.com\/wp-content\/uploads\/2025\/09\/75b4c0f1-2063-4865-9a3a-a89ce0b8e6d7.jpg","articleSection":["Nacionales","Portada"],"inLanguage":"es","potentialAction":[{"@type":"CommentAction","name":"Comment","target":["https:\/\/conexion23.com\/?p=44996#respond"]}]},{"@type":"WebPage","@id":"https:\/\/conexion23.com\/?p=44996","url":"https:\/\/conexion23.com\/?p=44996","name":"Polic\u00eda Nacional desmantela centro de hechicer\u00eda en Salcedo - Conexi\u00f3n 23","isPartOf":{"@id":"http:\/\/conexion23.com\/#website"},"primaryImageOfPage":{"@id":"https:\/\/conexion23.com\/?p=44996#primaryimage"},"image":{"@id":"https:\/\/conexion23.com\/?p=44996#primaryimage"},"thumbnailUrl":"https:\/\/conexion23.com\/wp-content\/uploads\/2025\/09\/75b4c0f1-2063-4865-9a3a-a89ce0b8e6d7.jpg","datePublished":"2025-09-17T12:12:53+00:00","breadcrumb":{"@id":"https:\/\/conexion23.com\/?p=44996#breadcrumb"},"inLanguage":"es","potentialAction":[{"@type":"ReadAction","target":["https:\/\/conexion23.com\/?p=44996"]}]},{"@type":"ImageObject","inLanguage":"es","@id":"https:\/\/conexion23.com\/?p=44996#primaryimage","url":"https:\/\/conexion23.com\/wp-content\/uploads\/2025\/09\/75b4c0f1-2063-4865-9a3a-a89ce0b8e6d7.jpg","contentUrl":"https:\/\/conexion23.com\/wp-content\/uploads\/2025\/09\/75b4c0f1-2063-4865-9a3a-a89ce0b8e6d7.jpg","width":1280,"height":576},{"@type":"BreadcrumbList","@id":"https:\/\/conexion23.com\/?p=44996#breadcrumb","itemListElement":[{"@type":"ListItem","position":1,"name":"Portada","item":"http:\/\/conexion23.com\/"},{"@type":"ListItem","position":2,"name":"Polic\u00eda Nacional desmantela centro de hechicer\u00eda en Salcedo"}]},{"@type":"WebSite","@id":"http:\/\/conexion23.com\/#website","url":"http:\/\/conexion23.com\/","name":"Conexi\u00f3n 23","description":"Peri\u00f3dico 100% Petromacorisano","publisher":{"@id":"http:\/\/conexion23.com\/#organization"},"potentialAction":[{"@type":"SearchAction","target":{"@type":"EntryPoint","urlTemplate":"http:\/\/conexion23.com\/?s={search_term_string}"},"query-input":{"@type":"PropertyValueSpecification","valueRequired":true,"valueName":"search_term_string"}}],"inLanguage":"es"},{"@type":"Organization","@id":"http:\/\/conexion23.com\/#organization","name":"Conexion 23","url":"http:\/\/conexion23.com\/","logo":{"@type":"ImageObject","inLanguage":"es","@id":"http:\/\/conexion23.com\/#\/schema\/logo\/image\/","url":"https:\/\/conexion23.com\/wp-content\/uploads\/2021\/11\/Diseno-sin-titulo-2.png","contentUrl":"https:\/\/conexion23.com\/wp-content\/uploads\/2021\/11\/Diseno-sin-titulo-2.png","width":541,"height":90,"caption":"Conexion 23"},"image":{"@id":"http:\/\/conexion23.com\/#\/schema\/logo\/image\/"},"sameAs":["https:\/\/www.facebook.com\/conexion23com","https:\/\/www.instagram.com\/conexion23com\/","https:\/\/www.youtube.com\/channel\/UCYc7vxxFZMYLIHNsHHxPZ3Q"]},{"@type":"Person","@id":"http:\/\/conexion23.com\/#\/schema\/person\/03e36043331117e97a373299bbcd30a6","name":"Raffy Ben\u00edtez","image":{"@type":"ImageObject","inLanguage":"es","@id":"https:\/\/secure.gravatar.com\/avatar\/3190a6a6c5e1b0327500f7d6c56b6242472ee6cb974cf09b401ee6b3b0798f23?s=96&d=mm&r=g","url":"https:\/\/secure.gravatar.com\/avatar\/3190a6a6c5e1b0327500f7d6c56b6242472ee6cb974cf09b401ee6b3b0798f23?s=96&d=mm&r=g","contentUrl":"https:\/\/secure.gravatar.com\/avatar\/3190a6a6c5e1b0327500f7d6c56b6242472ee6cb974cf09b401ee6b3b0798f23?s=96&d=mm&r=g","caption":"Raffy Ben\u00edtez"},"url":"https:\/\/conexion23.com\/?author=15"}]}},"_links":{"self":[{"href":"https:\/\/conexion23.com\/index.php?rest_route=\/wp\/v2\/posts\/44996","targetHints":{"allow":["GET"]}}],"collection":[{"href":"https:\/\/conexion23.com\/index.php?rest_route=\/wp\/v2\/posts"}],"about":[{"href":"https:\/\/conexion23.com\/index.php?rest_route=\/wp\/v2\/types\/post"}],"author":[{"embeddable":true,"href":"https:\/\/conexion23.com\/index.php?rest_route=\/wp\/v2\/users\/15"}],"replies":[{"embeddable":true,"href":"https:\/\/conexion23.com\/index.php?rest_route=%2Fwp%2Fv2%2Fcomments&post=44996"}],"version-history":[{"count":1,"href":"https:\/\/conexion23.com\/index.php?rest_route=\/wp\/v2\/posts\/44996\/revisions"}],"predecessor-version":[{"id":44998,"href":"https:\/\/conexion23.com\/index.php?rest_route=\/wp\/v2\/posts\/44996\/revisions\/44998"}],"wp:featuredmedia":[{"embeddable":true,"href":"https:\/\/conexion23.com\/index.php?rest_route=\/wp\/v2\/media\/44997"}],"wp:attachment":[{"href":"https:\/\/conexion23.com\/index.php?rest_route=%2Fwp%2Fv2%2Fmedia&parent=44996"}],"wp:term":[{"taxonomy":"category","embeddable":true,"href":"https:\/\/conexion23.com\/index.php?rest_route=%2Fwp%2Fv2%2Fcategories&post=44996"},{"taxonomy":"post_tag","embeddable":true,"href":"https:\/\/conexion23.com\/index.php?rest_route=%2Fwp%2Fv2%2Ftags&post=44996"}],"curies":[{"name":"wp","href":"https:\/\/api.w.org\/{rel}","templated":true}]}}