{"id":44999,"date":"2025-09-17T08:20:59","date_gmt":"2025-09-17T12:20:59","guid":{"rendered":"https:\/\/conexion23.com\/?p=44999"},"modified":"2025-09-17T08:20:59","modified_gmt":"2025-09-17T12:20:59","slug":"tributan-reconocimiento-a-director-de-la-policia-nacional-en-el-seibo","status":"publish","type":"post","link":"https:\/\/conexion23.com\/?p=44999","title":{"rendered":"Tributan reconocimiento a director de la polic\u00eda nacional en el Seibo"},"content":{"rendered":"<p style=\"text-align: justify;\">El director de la Polic\u00eda Nacional, encabez\u00f3 el pasado s\u00e1bado, dos actividades en esta ciudad que incluyeron la entrega de uniformes del Licey y Escogido a dos equipos del de b\u00e9isbol amateur y un Encuentro Regional con Periodistas de la Regi\u00f3n Este.<\/p>\n<p style=\"text-align: justify;\">El Mayor general Ram\u00f3n Antonio Guzm\u00e1n Peralta, lanz\u00f3 la orimera bola en el intercambio deportivo en el Play Tem\u00edstocles Zorrilla del sector La Manicera, donde los jugadores estrenaron los uniformes en medio de un emotivo homenaje a Ces\u00e1rin Ger\u00f3nimo, inmortal del B\u00e9isbol Dominicano y Sal\u00f3n de la Fama de los Rojos de Cincinnati,ganador de cuatro Guantes de Oro y<br \/>\nquien brill\u00f3 en las Grandes Ligas.<\/p>\n<p style=\"text-align: justify;\">En el marco del evento, Ger\u00f3nimo comparti\u00f3 an\u00e9cdotas de su destacada trayectoria en el terreno de juego y recibi\u00f3 una placa de reconocimiento por su ejemplo y aportes al deporte nacional.<\/p>\n<p style=\"text-align: justify;\">La Banda de M\u00fasica de la Polic\u00eda Nacional, dirigida por el sargento Mayor Beriguete Mercedes en representaci\u00f3n del Comandante Teniente Coronel Troncoso \u00c1lvarez, puso el toque musical a la jornada, bajo un sol abrazador, que se llev\u00f3 a cabo un partido de b\u00e9isbol amistoso.<\/p>\n<p style=\"text-align: justify;\">La ceremonia incluy\u00f3 la entrega de bates y pelotas a j\u00f3venes atletas, mientras la esposa del Director de la Policia, Ingrid Castro de Peralta entreg\u00f3 mochilas con utiles educativos y computadoras a deportistas y ni\u00f1os de la barriada.<\/p>\n<p style=\"text-align: justify;\">La actividad cont\u00f3 con la presencia de distinguidas personalidades, la gobernadora provincial Do\u00f1a Magalys Tabar de Goico, los diputados; Valerio Leonardo y Gray Maldonado; el alcalde Leo Francis Zorrilla; los generales; Made Montilla, director Regional Este de la Polic\u00eda y el general del ERD, Naldo Zorrilla, enlace con la Polic\u00eda.<\/p>\n<p style=\"text-align: justify;\">Participaron; Carlos de la Rosa, director provincial de Medio Ambiente; coronel Robert Chuan, oficial de la instituci\u00f3n; Nelson Arroyo, director de la Defensa Civi; Davel Payano, director del CODEPRES; coronel Pac\u00edfico Santana Vizca\u00edno, comandante de El Seibo; coronel Reyna, regional Este de DIGESETT; V\u00edctor V\u00e1squez, subjefe el Cuerpo de Bomberos de El Seibo; Julio Rijo, encargado de deportes regional de la Polic\u00eda Nacional; Bernardo Jim\u00e9nez \u201cBivilo\u201d, director regional de Proyectos Especiales de la Presidencia.<\/p>\n<p style=\"text-align: justify;\">El Encuentro<\/p>\n<p style=\"text-align: justify;\">Los participantes al culminar el partido, participaron de un conversatorio con periodistas y comunicadores de la Regi\u00f3n Este, en el Club Faro. Hicayagua el vocero de la polic\u00eda nacional el coronel Diego Pesqueira e Idefonso Ure\u00f1a.<\/p>\n<p style=\"text-align: justify;\">Durante el almuerzo encabezado por el mayor general Guzm\u00e1n Peralta con miembros de la prensa de la Regi\u00f3n Este, el abogado e intelectual Maximin Aristy Caraballo, al dar la bienvenida resalt\u00f3 la trayectoria y labor de Jefe Policial quien reafirm\u00f3 el compromiso de seguir fortaleciendo los lazos entre las instituciones, la comunidad y los medios de comunicaci\u00f3n.<\/p>\n<p style=\"text-align: justify;\">El alto oficial agradeci\u00f3 a todos los periodistas y sus coterr\u00e1neos, al expresar su satisfacci\u00f3n de reunirse con sus compueblanos y adelanto gestiones para remodelar la dotaci\u00f3n policial de El Seibo y la knaugugracion pr\u00f3xima de un cuartel a la ciudad de El Seibo hacia Hato Mayor.<\/p>\n<p style=\"text-align: justify;\">La maestr\u00eda de ceremonias y la coordinaci\u00f3n de ambos eventos estuvieron a cargo del veterano periodista Florentino Dur\u00e1n, mientras que al t\u00e9rmino de la actividad, una copiosa lluvia refresc\u00f3 el ambiente.<\/p>\n","protected":false},"excerpt":{"rendered":"<p>El director de la Polic\u00eda Nacional, encabez\u00f3 el pasado s\u00e1bado, dos actividades en esta ciudad que incluyeron la entrega de uniformes del Licey y Escogido a dos equipos del de b\u00e9isbol amateur y un Encuentro Regional con Periodistas de la Regi\u00f3n Este. El Mayor general Ram\u00f3n Antonio Guzm\u00e1n Peralta, lanz\u00f3 la orimera bola en el [&hellip;]<\/p>\n","protected":false},"author":15,"featured_media":45000,"comment_status":"open","ping_status":"open","sticky":false,"template":"","format":"standard","meta":{"footnotes":""},"categories":[3913],"tags":[],"class_list":["post-44999","post","type-post","status-publish","format-standard","has-post-thumbnail","category-nacionales"],"yoast_head":"<!-- This site is optimized with the Yoast SEO plugin v27.6 - https:\/\/yoast.com\/product\/yoast-seo-wordpress\/ -->\n<title>Tributan reconocimiento a director de la polic\u00eda nacional en el Seibo - Conexi\u00f3n 23<\/title>\n<meta name=\"robots\" content=\"index, follow, max-snippet:-1, max-image-preview:large, max-video-preview:-1\" \/>\n<link rel=\"canonical\" href=\"https:\/\/conexion23.com\/?p=44999\" \/>\n<meta property=\"og:locale\" content=\"es_ES\" \/>\n<meta property=\"og:type\" content=\"article\" \/>\n<meta property=\"og:title\" content=\"Tributan reconocimiento a director de la polic\u00eda nacional en el Seibo - Conexi\u00f3n 23\" \/>\n<meta property=\"og:description\" content=\"El director de la Polic\u00eda Nacional, encabez\u00f3 el pasado s\u00e1bado, dos actividades en esta ciudad que incluyeron la entrega de uniformes del Licey y Escogido a dos equipos del de b\u00e9isbol amateur y un Encuentro Regional con Periodistas de la Regi\u00f3n Este. El Mayor general Ram\u00f3n Antonio Guzm\u00e1n Peralta, lanz\u00f3 la orimera bola en el [&hellip;]\" \/>\n<meta property=\"og:url\" content=\"https:\/\/conexion23.com\/?p=44999\" \/>\n<meta property=\"og:site_name\" content=\"Conexi\u00f3n 23\" \/>\n<meta property=\"article:publisher\" content=\"https:\/\/www.facebook.com\/conexion23com\" \/>\n<meta property=\"article:published_time\" content=\"2025-09-17T12:20:59+00:00\" \/>\n<meta property=\"og:image\" content=\"https:\/\/conexion23.com\/wp-content\/uploads\/2025\/09\/descarga-56.jpg\" \/>\n\t<meta property=\"og:image:width\" content=\"168\" \/>\n\t<meta property=\"og:image:height\" content=\"299\" \/>\n\t<meta property=\"og:image:type\" content=\"image\/jpeg\" \/>\n<meta name=\"author\" content=\"Raffy Ben\u00edtez\" \/>\n<meta name=\"twitter:card\" content=\"summary_large_image\" \/>\n<meta name=\"twitter:label1\" content=\"Escrito por\" \/>\n\t<meta name=\"twitter:data1\" content=\"Raffy Ben\u00edtez\" \/>\n\t<meta name=\"twitter:label2\" content=\"Tiempo de lectura\" \/>\n\t<meta name=\"twitter:data2\" content=\"3 minutos\" \/>\n<script type=\"application\/ld+json\" class=\"yoast-schema-graph\">{\"@context\":\"https:\\\/\\\/schema.org\",\"@graph\":[{\"@type\":\"Article\",\"@id\":\"https:\\\/\\\/conexion23.com\\\/?p=44999#article\",\"isPartOf\":{\"@id\":\"https:\\\/\\\/conexion23.com\\\/?p=44999\"},\"author\":{\"name\":\"Raffy Ben\u00edtez\",\"@id\":\"http:\\\/\\\/conexion23.com\\\/#\\\/schema\\\/person\\\/03e36043331117e97a373299bbcd30a6\"},\"headline\":\"Tributan reconocimiento a director de la polic\u00eda nacional en el Seibo\",\"datePublished\":\"2025-09-17T12:20:59+00:00\",\"mainEntityOfPage\":{\"@id\":\"https:\\\/\\\/conexion23.com\\\/?p=44999\"},\"wordCount\":573,\"commentCount\":0,\"publisher\":{\"@id\":\"http:\\\/\\\/conexion23.com\\\/#organization\"},\"image\":{\"@id\":\"https:\\\/\\\/conexion23.com\\\/?p=44999#primaryimage\"},\"thumbnailUrl\":\"https:\\\/\\\/conexion23.com\\\/wp-content\\\/uploads\\\/2025\\\/09\\\/descarga-56.jpg\",\"articleSection\":[\"Nacionales\"],\"inLanguage\":\"es\",\"potentialAction\":[{\"@type\":\"CommentAction\",\"name\":\"Comment\",\"target\":[\"https:\\\/\\\/conexion23.com\\\/?p=44999#respond\"]}]},{\"@type\":\"WebPage\",\"@id\":\"https:\\\/\\\/conexion23.com\\\/?p=44999\",\"url\":\"https:\\\/\\\/conexion23.com\\\/?p=44999\",\"name\":\"Tributan reconocimiento a director de la polic\u00eda nacional en el Seibo - Conexi\u00f3n 23\",\"isPartOf\":{\"@id\":\"http:\\\/\\\/conexion23.com\\\/#website\"},\"primaryImageOfPage\":{\"@id\":\"https:\\\/\\\/conexion23.com\\\/?p=44999#primaryimage\"},\"image\":{\"@id\":\"https:\\\/\\\/conexion23.com\\\/?p=44999#primaryimage\"},\"thumbnailUrl\":\"https:\\\/\\\/conexion23.com\\\/wp-content\\\/uploads\\\/2025\\\/09\\\/descarga-56.jpg\",\"datePublished\":\"2025-09-17T12:20:59+00:00\",\"breadcrumb\":{\"@id\":\"https:\\\/\\\/conexion23.com\\\/?p=44999#breadcrumb\"},\"inLanguage\":\"es\",\"potentialAction\":[{\"@type\":\"ReadAction\",\"target\":[\"https:\\\/\\\/conexion23.com\\\/?p=44999\"]}]},{\"@type\":\"ImageObject\",\"inLanguage\":\"es\",\"@id\":\"https:\\\/\\\/conexion23.com\\\/?p=44999#primaryimage\",\"url\":\"https:\\\/\\\/conexion23.com\\\/wp-content\\\/uploads\\\/2025\\\/09\\\/descarga-56.jpg\",\"contentUrl\":\"https:\\\/\\\/conexion23.com\\\/wp-content\\\/uploads\\\/2025\\\/09\\\/descarga-56.jpg\",\"width\":168,\"height\":299},{\"@type\":\"BreadcrumbList\",\"@id\":\"https:\\\/\\\/conexion23.com\\\/?p=44999#breadcrumb\",\"itemListElement\":[{\"@type\":\"ListItem\",\"position\":1,\"name\":\"Portada\",\"item\":\"http:\\\/\\\/conexion23.com\\\/\"},{\"@type\":\"ListItem\",\"position\":2,\"name\":\"Tributan reconocimiento a director de la polic\u00eda nacional en el Seibo\"}]},{\"@type\":\"WebSite\",\"@id\":\"http:\\\/\\\/conexion23.com\\\/#website\",\"url\":\"http:\\\/\\\/conexion23.com\\\/\",\"name\":\"Conexi\u00f3n 23\",\"description\":\"Peri\u00f3dico 100% Petromacorisano\",\"publisher\":{\"@id\":\"http:\\\/\\\/conexion23.com\\\/#organization\"},\"potentialAction\":[{\"@type\":\"SearchAction\",\"target\":{\"@type\":\"EntryPoint\",\"urlTemplate\":\"http:\\\/\\\/conexion23.com\\\/?s={search_term_string}\"},\"query-input\":{\"@type\":\"PropertyValueSpecification\",\"valueRequired\":true,\"valueName\":\"search_term_string\"}}],\"inLanguage\":\"es\"},{\"@type\":\"Organization\",\"@id\":\"http:\\\/\\\/conexion23.com\\\/#organization\",\"name\":\"Conexion 23\",\"url\":\"http:\\\/\\\/conexion23.com\\\/\",\"logo\":{\"@type\":\"ImageObject\",\"inLanguage\":\"es\",\"@id\":\"http:\\\/\\\/conexion23.com\\\/#\\\/schema\\\/logo\\\/image\\\/\",\"url\":\"https:\\\/\\\/conexion23.com\\\/wp-content\\\/uploads\\\/2021\\\/11\\\/Diseno-sin-titulo-2.png\",\"contentUrl\":\"https:\\\/\\\/conexion23.com\\\/wp-content\\\/uploads\\\/2021\\\/11\\\/Diseno-sin-titulo-2.png\",\"width\":541,\"height\":90,\"caption\":\"Conexion 23\"},\"image\":{\"@id\":\"http:\\\/\\\/conexion23.com\\\/#\\\/schema\\\/logo\\\/image\\\/\"},\"sameAs\":[\"https:\\\/\\\/www.facebook.com\\\/conexion23com\",\"https:\\\/\\\/www.instagram.com\\\/conexion23com\\\/\",\"https:\\\/\\\/www.youtube.com\\\/channel\\\/UCYc7vxxFZMYLIHNsHHxPZ3Q\"]},{\"@type\":\"Person\",\"@id\":\"http:\\\/\\\/conexion23.com\\\/#\\\/schema\\\/person\\\/03e36043331117e97a373299bbcd30a6\",\"name\":\"Raffy Ben\u00edtez\",\"image\":{\"@type\":\"ImageObject\",\"inLanguage\":\"es\",\"@id\":\"https:\\\/\\\/secure.gravatar.com\\\/avatar\\\/3190a6a6c5e1b0327500f7d6c56b6242472ee6cb974cf09b401ee6b3b0798f23?s=96&d=mm&r=g\",\"url\":\"https:\\\/\\\/secure.gravatar.com\\\/avatar\\\/3190a6a6c5e1b0327500f7d6c56b6242472ee6cb974cf09b401ee6b3b0798f23?s=96&d=mm&r=g\",\"contentUrl\":\"https:\\\/\\\/secure.gravatar.com\\\/avatar\\\/3190a6a6c5e1b0327500f7d6c56b6242472ee6cb974cf09b401ee6b3b0798f23?s=96&d=mm&r=g\",\"caption\":\"Raffy Ben\u00edtez\"},\"url\":\"https:\\\/\\\/conexion23.com\\\/?author=15\"}]}<\/script>\n<!-- \/ Yoast SEO plugin. -->","yoast_head_json":{"title":"Tributan reconocimiento a director de la polic\u00eda nacional en el Seibo - Conexi\u00f3n 23","robots":{"index":"index","follow":"follow","max-snippet":"max-snippet:-1","max-image-preview":"max-image-preview:large","max-video-preview":"max-video-preview:-1"},"canonical":"https:\/\/conexion23.com\/?p=44999","og_locale":"es_ES","og_type":"article","og_title":"Tributan reconocimiento a director de la polic\u00eda nacional en el Seibo - Conexi\u00f3n 23","og_description":"El director de la Polic\u00eda Nacional, encabez\u00f3 el pasado s\u00e1bado, dos actividades en esta ciudad que incluyeron la entrega de uniformes del Licey y Escogido a dos equipos del de b\u00e9isbol amateur y un Encuentro Regional con Periodistas de la Regi\u00f3n Este. El Mayor general Ram\u00f3n Antonio Guzm\u00e1n Peralta, lanz\u00f3 la orimera bola en el [&hellip;]","og_url":"https:\/\/conexion23.com\/?p=44999","og_site_name":"Conexi\u00f3n 23","article_publisher":"https:\/\/www.facebook.com\/conexion23com","article_published_time":"2025-09-17T12:20:59+00:00","og_image":[{"width":168,"height":299,"url":"https:\/\/conexion23.com\/wp-content\/uploads\/2025\/09\/descarga-56.jpg","type":"image\/jpeg"}],"author":"Raffy Ben\u00edtez","twitter_card":"summary_large_image","twitter_misc":{"Escrito por":"Raffy Ben\u00edtez","Tiempo de lectura":"3 minutos"},"schema":{"@context":"https:\/\/schema.org","@graph":[{"@type":"Article","@id":"https:\/\/conexion23.com\/?p=44999#article","isPartOf":{"@id":"https:\/\/conexion23.com\/?p=44999"},"author":{"name":"Raffy Ben\u00edtez","@id":"http:\/\/conexion23.com\/#\/schema\/person\/03e36043331117e97a373299bbcd30a6"},"headline":"Tributan reconocimiento a director de la polic\u00eda nacional en el Seibo","datePublished":"2025-09-17T12:20:59+00:00","mainEntityOfPage":{"@id":"https:\/\/conexion23.com\/?p=44999"},"wordCount":573,"commentCount":0,"publisher":{"@id":"http:\/\/conexion23.com\/#organization"},"image":{"@id":"https:\/\/conexion23.com\/?p=44999#primaryimage"},"thumbnailUrl":"https:\/\/conexion23.com\/wp-content\/uploads\/2025\/09\/descarga-56.jpg","articleSection":["Nacionales"],"inLanguage":"es","potentialAction":[{"@type":"CommentAction","name":"Comment","target":["https:\/\/conexion23.com\/?p=44999#respond"]}]},{"@type":"WebPage","@id":"https:\/\/conexion23.com\/?p=44999","url":"https:\/\/conexion23.com\/?p=44999","name":"Tributan reconocimiento a director de la polic\u00eda nacional en el Seibo - Conexi\u00f3n 23","isPartOf":{"@id":"http:\/\/conexion23.com\/#website"},"primaryImageOfPage":{"@id":"https:\/\/conexion23.com\/?p=44999#primaryimage"},"image":{"@id":"https:\/\/conexion23.com\/?p=44999#primaryimage"},"thumbnailUrl":"https:\/\/conexion23.com\/wp-content\/uploads\/2025\/09\/descarga-56.jpg","datePublished":"2025-09-17T12:20:59+00:00","breadcrumb":{"@id":"https:\/\/conexion23.com\/?p=44999#breadcrumb"},"inLanguage":"es","potentialAction":[{"@type":"ReadAction","target":["https:\/\/conexion23.com\/?p=44999"]}]},{"@type":"ImageObject","inLanguage":"es","@id":"https:\/\/conexion23.com\/?p=44999#primaryimage","url":"https:\/\/conexion23.com\/wp-content\/uploads\/2025\/09\/descarga-56.jpg","contentUrl":"https:\/\/conexion23.com\/wp-content\/uploads\/2025\/09\/descarga-56.jpg","width":168,"height":299},{"@type":"BreadcrumbList","@id":"https:\/\/conexion23.com\/?p=44999#breadcrumb","itemListElement":[{"@type":"ListItem","position":1,"name":"Portada","item":"http:\/\/conexion23.com\/"},{"@type":"ListItem","position":2,"name":"Tributan reconocimiento a director de la polic\u00eda nacional en el Seibo"}]},{"@type":"WebSite","@id":"http:\/\/conexion23.com\/#website","url":"http:\/\/conexion23.com\/","name":"Conexi\u00f3n 23","description":"Peri\u00f3dico 100% Petromacorisano","publisher":{"@id":"http:\/\/conexion23.com\/#organization"},"potentialAction":[{"@type":"SearchAction","target":{"@type":"EntryPoint","urlTemplate":"http:\/\/conexion23.com\/?s={search_term_string}"},"query-input":{"@type":"PropertyValueSpecification","valueRequired":true,"valueName":"search_term_string"}}],"inLanguage":"es"},{"@type":"Organization","@id":"http:\/\/conexion23.com\/#organization","name":"Conexion 23","url":"http:\/\/conexion23.com\/","logo":{"@type":"ImageObject","inLanguage":"es","@id":"http:\/\/conexion23.com\/#\/schema\/logo\/image\/","url":"https:\/\/conexion23.com\/wp-content\/uploads\/2021\/11\/Diseno-sin-titulo-2.png","contentUrl":"https:\/\/conexion23.com\/wp-content\/uploads\/2021\/11\/Diseno-sin-titulo-2.png","width":541,"height":90,"caption":"Conexion 23"},"image":{"@id":"http:\/\/conexion23.com\/#\/schema\/logo\/image\/"},"sameAs":["https:\/\/www.facebook.com\/conexion23com","https:\/\/www.instagram.com\/conexion23com\/","https:\/\/www.youtube.com\/channel\/UCYc7vxxFZMYLIHNsHHxPZ3Q"]},{"@type":"Person","@id":"http:\/\/conexion23.com\/#\/schema\/person\/03e36043331117e97a373299bbcd30a6","name":"Raffy Ben\u00edtez","image":{"@type":"ImageObject","inLanguage":"es","@id":"https:\/\/secure.gravatar.com\/avatar\/3190a6a6c5e1b0327500f7d6c56b6242472ee6cb974cf09b401ee6b3b0798f23?s=96&d=mm&r=g","url":"https:\/\/secure.gravatar.com\/avatar\/3190a6a6c5e1b0327500f7d6c56b6242472ee6cb974cf09b401ee6b3b0798f23?s=96&d=mm&r=g","contentUrl":"https:\/\/secure.gravatar.com\/avatar\/3190a6a6c5e1b0327500f7d6c56b6242472ee6cb974cf09b401ee6b3b0798f23?s=96&d=mm&r=g","caption":"Raffy Ben\u00edtez"},"url":"https:\/\/conexion23.com\/?author=15"}]}},"_links":{"self":[{"href":"https:\/\/conexion23.com\/index.php?rest_route=\/wp\/v2\/posts\/44999","targetHints":{"allow":["GET"]}}],"collection":[{"href":"https:\/\/conexion23.com\/index.php?rest_route=\/wp\/v2\/posts"}],"about":[{"href":"https:\/\/conexion23.com\/index.php?rest_route=\/wp\/v2\/types\/post"}],"author":[{"embeddable":true,"href":"https:\/\/conexion23.com\/index.php?rest_route=\/wp\/v2\/users\/15"}],"replies":[{"embeddable":true,"href":"https:\/\/conexion23.com\/index.php?rest_route=%2Fwp%2Fv2%2Fcomments&post=44999"}],"version-history":[{"count":1,"href":"https:\/\/conexion23.com\/index.php?rest_route=\/wp\/v2\/posts\/44999\/revisions"}],"predecessor-version":[{"id":45001,"href":"https:\/\/conexion23.com\/index.php?rest_route=\/wp\/v2\/posts\/44999\/revisions\/45001"}],"wp:featuredmedia":[{"embeddable":true,"href":"https:\/\/conexion23.com\/index.php?rest_route=\/wp\/v2\/media\/45000"}],"wp:attachment":[{"href":"https:\/\/conexion23.com\/index.php?rest_route=%2Fwp%2Fv2%2Fmedia&parent=44999"}],"wp:term":[{"taxonomy":"category","embeddable":true,"href":"https:\/\/conexion23.com\/index.php?rest_route=%2Fwp%2Fv2%2Fcategories&post=44999"},{"taxonomy":"post_tag","embeddable":true,"href":"https:\/\/conexion23.com\/index.php?rest_route=%2Fwp%2Fv2%2Ftags&post=44999"}],"curies":[{"name":"wp","href":"https:\/\/api.w.org\/{rel}","templated":true}]}}