{"id":45396,"date":"2025-09-25T19:21:20","date_gmt":"2025-09-25T23:21:20","guid":{"rendered":"https:\/\/conexion23.com\/?p=45396"},"modified":"2025-09-25T19:21:20","modified_gmt":"2025-09-25T23:21:20","slug":"fallece-conductor-de-camion-tras-colapso-de-puente-en-don-juan-en-monte-plata","status":"publish","type":"post","link":"https:\/\/conexion23.com\/?p=45396","title":{"rendered":"Fallece conductor de cami\u00f3n tras colapso de puente en Don Juan en Monte Plata"},"content":{"rendered":"<p style=\"text-align: justify;\"><strong>El conductor del cami\u00f3n que cay\u00f3 al r\u00edo tras el colapso del puente que conecta el municipio de Yamas\u00e1 con el distrito municipal de Don Juan, en la provincia Monte Plata, falleci\u00f3 en el acto.<\/strong><\/p>\n<p style=\"text-align: justify;\">Miembros de la Defensa Civil recuperaron el cuerpo de Pablito D\u00edaz de las aguas pasadas las 2:30 de la tarde de este jueves.<\/p>\n<p style=\"text-align: justify;\">En el lugar permanecen rescatistas y miembros del Sistema Nacional de Emergencias 9-1-1, quienes contin\u00faan las labores de asistencia.<\/p>\n<p style=\"text-align: justify;\">El derrumbe de esta importante v\u00eda mantiene incomunicadas a varias comunidades de la zona, generando gran preocupaci\u00f3n entre los residentes que dependen de este puente para trasladarse hacia distintos puntos de la provincia.<\/p>\n","protected":false},"excerpt":{"rendered":"<p>El conductor del cami\u00f3n que cay\u00f3 al r\u00edo tras el colapso del puente que conecta el municipio de Yamas\u00e1 con el distrito municipal de Don Juan, en la provincia Monte Plata, falleci\u00f3 en el acto. Miembros de la Defensa Civil recuperaron el cuerpo de Pablito D\u00edaz de las aguas pasadas las 2:30 de la tarde [&hellip;]<\/p>\n","protected":false},"author":18,"featured_media":45397,"comment_status":"open","ping_status":"open","sticky":false,"template":"","format":"standard","meta":{"footnotes":""},"categories":[12],"tags":[4173,4171,4172],"class_list":{"0":"post-45396","1":"post","2":"type-post","3":"status-publish","4":"format-standard","5":"has-post-thumbnail","7":"category-municipales","8":"tag-colpso-de-puente","9":"tag-don-juan","10":"tag-monte-plata"},"yoast_head":"<!-- This site is optimized with the Yoast SEO plugin v27.1.1 - https:\/\/yoast.com\/product\/yoast-seo-wordpress\/ -->\n<title>Fallece conductor de cami\u00f3n tras colapso de puente en Don Juan en Monte Plata - Conexi\u00f3n 23<\/title>\n<meta name=\"robots\" content=\"index, follow, max-snippet:-1, max-image-preview:large, max-video-preview:-1\" \/>\n<link rel=\"canonical\" href=\"https:\/\/conexion23.com\/?p=45396\" \/>\n<meta property=\"og:locale\" content=\"es_ES\" \/>\n<meta property=\"og:type\" content=\"article\" \/>\n<meta property=\"og:title\" content=\"Fallece conductor de cami\u00f3n tras colapso de puente en Don Juan en Monte Plata - Conexi\u00f3n 23\" \/>\n<meta property=\"og:description\" content=\"El conductor del cami\u00f3n que cay\u00f3 al r\u00edo tras el colapso del puente que conecta el municipio de Yamas\u00e1 con el distrito municipal de Don Juan, en la provincia Monte Plata, falleci\u00f3 en el acto. Miembros de la Defensa Civil recuperaron el cuerpo de Pablito D\u00edaz de las aguas pasadas las 2:30 de la tarde [&hellip;]\" \/>\n<meta property=\"og:url\" content=\"https:\/\/conexion23.com\/?p=45396\" \/>\n<meta property=\"og:site_name\" content=\"Conexi\u00f3n 23\" \/>\n<meta property=\"article:publisher\" content=\"https:\/\/www.facebook.com\/conexion23com\" \/>\n<meta property=\"article:published_time\" content=\"2025-09-25T23:21:20+00:00\" \/>\n<meta property=\"og:image\" content=\"https:\/\/conexion23.com\/wp-content\/uploads\/2025\/09\/Fallece-conductor-de-camion-tras-colapso-de-puente-entre-Yamasa-y-Don-Juan-en-Monte-Plata.webp\" \/>\n\t<meta property=\"og:image:width\" content=\"1280\" \/>\n\t<meta property=\"og:image:height\" content=\"770\" \/>\n\t<meta property=\"og:image:type\" content=\"image\/webp\" \/>\n<meta name=\"author\" content=\"Redacci\u00f3n\" \/>\n<meta name=\"twitter:card\" content=\"summary_large_image\" \/>\n<meta name=\"twitter:label1\" content=\"Escrito por\" \/>\n\t<meta name=\"twitter:data1\" content=\"Redacci\u00f3n\" \/>\n\t<meta name=\"twitter:label2\" content=\"Tiempo de lectura\" \/>\n\t<meta name=\"twitter:data2\" content=\"1 minuto\" \/>\n<script type=\"application\/ld+json\" class=\"yoast-schema-graph\">{\"@context\":\"https:\/\/schema.org\",\"@graph\":[{\"@type\":\"Article\",\"@id\":\"https:\/\/conexion23.com\/?p=45396#article\",\"isPartOf\":{\"@id\":\"https:\/\/conexion23.com\/?p=45396\"},\"author\":{\"name\":\"Redacci\u00f3n\",\"@id\":\"https:\/\/conexion23.com\/#\/schema\/person\/0a860802b17d01ad2a278f53c507c296\"},\"headline\":\"Fallece conductor de cami\u00f3n tras colapso de puente en Don Juan en Monte Plata\",\"datePublished\":\"2025-09-25T23:21:20+00:00\",\"mainEntityOfPage\":{\"@id\":\"https:\/\/conexion23.com\/?p=45396\"},\"wordCount\":131,\"commentCount\":0,\"publisher\":{\"@id\":\"https:\/\/conexion23.com\/#organization\"},\"image\":{\"@id\":\"https:\/\/conexion23.com\/?p=45396#primaryimage\"},\"thumbnailUrl\":\"https:\/\/conexion23.com\/wp-content\/uploads\/2025\/09\/Fallece-conductor-de-camion-tras-colapso-de-puente-entre-Yamasa-y-Don-Juan-en-Monte-Plata.webp\",\"keywords\":[\"colpso de puente\",\"Don Juan\",\"Monte Plata\"],\"articleSection\":[\"Municipales\"],\"inLanguage\":\"es\",\"potentialAction\":[{\"@type\":\"CommentAction\",\"name\":\"Comment\",\"target\":[\"https:\/\/conexion23.com\/?p=45396#respond\"]}]},{\"@type\":\"WebPage\",\"@id\":\"https:\/\/conexion23.com\/?p=45396\",\"url\":\"https:\/\/conexion23.com\/?p=45396\",\"name\":\"Fallece conductor de cami\u00f3n tras colapso de puente en Don Juan en Monte Plata - Conexi\u00f3n 23\",\"isPartOf\":{\"@id\":\"https:\/\/conexion23.com\/#website\"},\"primaryImageOfPage\":{\"@id\":\"https:\/\/conexion23.com\/?p=45396#primaryimage\"},\"image\":{\"@id\":\"https:\/\/conexion23.com\/?p=45396#primaryimage\"},\"thumbnailUrl\":\"https:\/\/conexion23.com\/wp-content\/uploads\/2025\/09\/Fallece-conductor-de-camion-tras-colapso-de-puente-entre-Yamasa-y-Don-Juan-en-Monte-Plata.webp\",\"datePublished\":\"2025-09-25T23:21:20+00:00\",\"breadcrumb\":{\"@id\":\"https:\/\/conexion23.com\/?p=45396#breadcrumb\"},\"inLanguage\":\"es\",\"potentialAction\":[{\"@type\":\"ReadAction\",\"target\":[\"https:\/\/conexion23.com\/?p=45396\"]}]},{\"@type\":\"ImageObject\",\"inLanguage\":\"es\",\"@id\":\"https:\/\/conexion23.com\/?p=45396#primaryimage\",\"url\":\"https:\/\/conexion23.com\/wp-content\/uploads\/2025\/09\/Fallece-conductor-de-camion-tras-colapso-de-puente-entre-Yamasa-y-Don-Juan-en-Monte-Plata.webp\",\"contentUrl\":\"https:\/\/conexion23.com\/wp-content\/uploads\/2025\/09\/Fallece-conductor-de-camion-tras-colapso-de-puente-entre-Yamasa-y-Don-Juan-en-Monte-Plata.webp\",\"width\":1280,\"height\":770},{\"@type\":\"BreadcrumbList\",\"@id\":\"https:\/\/conexion23.com\/?p=45396#breadcrumb\",\"itemListElement\":[{\"@type\":\"ListItem\",\"position\":1,\"name\":\"Portada\",\"item\":\"https:\/\/conexion23.com\/\"},{\"@type\":\"ListItem\",\"position\":2,\"name\":\"Fallece conductor de cami\u00f3n tras colapso de puente en Don Juan en Monte Plata\"}]},{\"@type\":\"WebSite\",\"@id\":\"https:\/\/conexion23.com\/#website\",\"url\":\"https:\/\/conexion23.com\/\",\"name\":\"Conexi\u00f3n 23\",\"description\":\"Peri\u00f3dico 100% Petromacorisano\",\"publisher\":{\"@id\":\"https:\/\/conexion23.com\/#organization\"},\"potentialAction\":[{\"@type\":\"SearchAction\",\"target\":{\"@type\":\"EntryPoint\",\"urlTemplate\":\"https:\/\/conexion23.com\/?s={search_term_string}\"},\"query-input\":{\"@type\":\"PropertyValueSpecification\",\"valueRequired\":true,\"valueName\":\"search_term_string\"}}],\"inLanguage\":\"es\"},{\"@type\":\"Organization\",\"@id\":\"https:\/\/conexion23.com\/#organization\",\"name\":\"Conexion 23\",\"url\":\"https:\/\/conexion23.com\/\",\"logo\":{\"@type\":\"ImageObject\",\"inLanguage\":\"es\",\"@id\":\"https:\/\/conexion23.com\/#\/schema\/logo\/image\/\",\"url\":\"https:\/\/conexion23.com\/wp-content\/uploads\/2021\/11\/Diseno-sin-titulo-2.png\",\"contentUrl\":\"https:\/\/conexion23.com\/wp-content\/uploads\/2021\/11\/Diseno-sin-titulo-2.png\",\"width\":541,\"height\":90,\"caption\":\"Conexion 23\"},\"image\":{\"@id\":\"https:\/\/conexion23.com\/#\/schema\/logo\/image\/\"},\"sameAs\":[\"https:\/\/www.facebook.com\/conexion23com\",\"https:\/\/www.instagram.com\/conexion23com\/\",\"https:\/\/www.youtube.com\/channel\/UCYc7vxxFZMYLIHNsHHxPZ3Q\"]},{\"@type\":\"Person\",\"@id\":\"https:\/\/conexion23.com\/#\/schema\/person\/0a860802b17d01ad2a278f53c507c296\",\"name\":\"Redacci\u00f3n\",\"image\":{\"@type\":\"ImageObject\",\"inLanguage\":\"es\",\"@id\":\"https:\/\/conexion23.com\/#\/schema\/person\/image\/\",\"url\":\"https:\/\/secure.gravatar.com\/avatar\/ec9d84b79c776aa1994e5893944465db9974b17b884155623da51b7b62c02845?s=96&d=mm&r=g\",\"contentUrl\":\"https:\/\/secure.gravatar.com\/avatar\/ec9d84b79c776aa1994e5893944465db9974b17b884155623da51b7b62c02845?s=96&d=mm&r=g\",\"caption\":\"Redacci\u00f3n\"},\"url\":\"https:\/\/conexion23.com\/?author=18\"}]}<\/script>\n<!-- \/ Yoast SEO plugin. -->","yoast_head_json":{"title":"Fallece conductor de cami\u00f3n tras colapso de puente en Don Juan en Monte Plata - Conexi\u00f3n 23","robots":{"index":"index","follow":"follow","max-snippet":"max-snippet:-1","max-image-preview":"max-image-preview:large","max-video-preview":"max-video-preview:-1"},"canonical":"https:\/\/conexion23.com\/?p=45396","og_locale":"es_ES","og_type":"article","og_title":"Fallece conductor de cami\u00f3n tras colapso de puente en Don Juan en Monte Plata - Conexi\u00f3n 23","og_description":"El conductor del cami\u00f3n que cay\u00f3 al r\u00edo tras el colapso del puente que conecta el municipio de Yamas\u00e1 con el distrito municipal de Don Juan, en la provincia Monte Plata, falleci\u00f3 en el acto. Miembros de la Defensa Civil recuperaron el cuerpo de Pablito D\u00edaz de las aguas pasadas las 2:30 de la tarde [&hellip;]","og_url":"https:\/\/conexion23.com\/?p=45396","og_site_name":"Conexi\u00f3n 23","article_publisher":"https:\/\/www.facebook.com\/conexion23com","article_published_time":"2025-09-25T23:21:20+00:00","og_image":[{"width":1280,"height":770,"url":"https:\/\/conexion23.com\/wp-content\/uploads\/2025\/09\/Fallece-conductor-de-camion-tras-colapso-de-puente-entre-Yamasa-y-Don-Juan-en-Monte-Plata.webp","type":"image\/webp"}],"author":"Redacci\u00f3n","twitter_card":"summary_large_image","twitter_misc":{"Escrito por":"Redacci\u00f3n","Tiempo de lectura":"1 minuto"},"schema":{"@context":"https:\/\/schema.org","@graph":[{"@type":"Article","@id":"https:\/\/conexion23.com\/?p=45396#article","isPartOf":{"@id":"https:\/\/conexion23.com\/?p=45396"},"author":{"name":"Redacci\u00f3n","@id":"https:\/\/conexion23.com\/#\/schema\/person\/0a860802b17d01ad2a278f53c507c296"},"headline":"Fallece conductor de cami\u00f3n tras colapso de puente en Don Juan en Monte Plata","datePublished":"2025-09-25T23:21:20+00:00","mainEntityOfPage":{"@id":"https:\/\/conexion23.com\/?p=45396"},"wordCount":131,"commentCount":0,"publisher":{"@id":"https:\/\/conexion23.com\/#organization"},"image":{"@id":"https:\/\/conexion23.com\/?p=45396#primaryimage"},"thumbnailUrl":"https:\/\/conexion23.com\/wp-content\/uploads\/2025\/09\/Fallece-conductor-de-camion-tras-colapso-de-puente-entre-Yamasa-y-Don-Juan-en-Monte-Plata.webp","keywords":["colpso de puente","Don Juan","Monte Plata"],"articleSection":["Municipales"],"inLanguage":"es","potentialAction":[{"@type":"CommentAction","name":"Comment","target":["https:\/\/conexion23.com\/?p=45396#respond"]}]},{"@type":"WebPage","@id":"https:\/\/conexion23.com\/?p=45396","url":"https:\/\/conexion23.com\/?p=45396","name":"Fallece conductor de cami\u00f3n tras colapso de puente en Don Juan en Monte Plata - Conexi\u00f3n 23","isPartOf":{"@id":"https:\/\/conexion23.com\/#website"},"primaryImageOfPage":{"@id":"https:\/\/conexion23.com\/?p=45396#primaryimage"},"image":{"@id":"https:\/\/conexion23.com\/?p=45396#primaryimage"},"thumbnailUrl":"https:\/\/conexion23.com\/wp-content\/uploads\/2025\/09\/Fallece-conductor-de-camion-tras-colapso-de-puente-entre-Yamasa-y-Don-Juan-en-Monte-Plata.webp","datePublished":"2025-09-25T23:21:20+00:00","breadcrumb":{"@id":"https:\/\/conexion23.com\/?p=45396#breadcrumb"},"inLanguage":"es","potentialAction":[{"@type":"ReadAction","target":["https:\/\/conexion23.com\/?p=45396"]}]},{"@type":"ImageObject","inLanguage":"es","@id":"https:\/\/conexion23.com\/?p=45396#primaryimage","url":"https:\/\/conexion23.com\/wp-content\/uploads\/2025\/09\/Fallece-conductor-de-camion-tras-colapso-de-puente-entre-Yamasa-y-Don-Juan-en-Monte-Plata.webp","contentUrl":"https:\/\/conexion23.com\/wp-content\/uploads\/2025\/09\/Fallece-conductor-de-camion-tras-colapso-de-puente-entre-Yamasa-y-Don-Juan-en-Monte-Plata.webp","width":1280,"height":770},{"@type":"BreadcrumbList","@id":"https:\/\/conexion23.com\/?p=45396#breadcrumb","itemListElement":[{"@type":"ListItem","position":1,"name":"Portada","item":"https:\/\/conexion23.com\/"},{"@type":"ListItem","position":2,"name":"Fallece conductor de cami\u00f3n tras colapso de puente en Don Juan en Monte Plata"}]},{"@type":"WebSite","@id":"https:\/\/conexion23.com\/#website","url":"https:\/\/conexion23.com\/","name":"Conexi\u00f3n 23","description":"Peri\u00f3dico 100% Petromacorisano","publisher":{"@id":"https:\/\/conexion23.com\/#organization"},"potentialAction":[{"@type":"SearchAction","target":{"@type":"EntryPoint","urlTemplate":"https:\/\/conexion23.com\/?s={search_term_string}"},"query-input":{"@type":"PropertyValueSpecification","valueRequired":true,"valueName":"search_term_string"}}],"inLanguage":"es"},{"@type":"Organization","@id":"https:\/\/conexion23.com\/#organization","name":"Conexion 23","url":"https:\/\/conexion23.com\/","logo":{"@type":"ImageObject","inLanguage":"es","@id":"https:\/\/conexion23.com\/#\/schema\/logo\/image\/","url":"https:\/\/conexion23.com\/wp-content\/uploads\/2021\/11\/Diseno-sin-titulo-2.png","contentUrl":"https:\/\/conexion23.com\/wp-content\/uploads\/2021\/11\/Diseno-sin-titulo-2.png","width":541,"height":90,"caption":"Conexion 23"},"image":{"@id":"https:\/\/conexion23.com\/#\/schema\/logo\/image\/"},"sameAs":["https:\/\/www.facebook.com\/conexion23com","https:\/\/www.instagram.com\/conexion23com\/","https:\/\/www.youtube.com\/channel\/UCYc7vxxFZMYLIHNsHHxPZ3Q"]},{"@type":"Person","@id":"https:\/\/conexion23.com\/#\/schema\/person\/0a860802b17d01ad2a278f53c507c296","name":"Redacci\u00f3n","image":{"@type":"ImageObject","inLanguage":"es","@id":"https:\/\/conexion23.com\/#\/schema\/person\/image\/","url":"https:\/\/secure.gravatar.com\/avatar\/ec9d84b79c776aa1994e5893944465db9974b17b884155623da51b7b62c02845?s=96&d=mm&r=g","contentUrl":"https:\/\/secure.gravatar.com\/avatar\/ec9d84b79c776aa1994e5893944465db9974b17b884155623da51b7b62c02845?s=96&d=mm&r=g","caption":"Redacci\u00f3n"},"url":"https:\/\/conexion23.com\/?author=18"}]}},"_links":{"self":[{"href":"https:\/\/conexion23.com\/index.php?rest_route=\/wp\/v2\/posts\/45396","targetHints":{"allow":["GET"]}}],"collection":[{"href":"https:\/\/conexion23.com\/index.php?rest_route=\/wp\/v2\/posts"}],"about":[{"href":"https:\/\/conexion23.com\/index.php?rest_route=\/wp\/v2\/types\/post"}],"author":[{"embeddable":true,"href":"https:\/\/conexion23.com\/index.php?rest_route=\/wp\/v2\/users\/18"}],"replies":[{"embeddable":true,"href":"https:\/\/conexion23.com\/index.php?rest_route=%2Fwp%2Fv2%2Fcomments&post=45396"}],"version-history":[{"count":1,"href":"https:\/\/conexion23.com\/index.php?rest_route=\/wp\/v2\/posts\/45396\/revisions"}],"predecessor-version":[{"id":45398,"href":"https:\/\/conexion23.com\/index.php?rest_route=\/wp\/v2\/posts\/45396\/revisions\/45398"}],"wp:featuredmedia":[{"embeddable":true,"href":"https:\/\/conexion23.com\/index.php?rest_route=\/wp\/v2\/media\/45397"}],"wp:attachment":[{"href":"https:\/\/conexion23.com\/index.php?rest_route=%2Fwp%2Fv2%2Fmedia&parent=45396"}],"wp:term":[{"taxonomy":"category","embeddable":true,"href":"https:\/\/conexion23.com\/index.php?rest_route=%2Fwp%2Fv2%2Fcategories&post=45396"},{"taxonomy":"post_tag","embeddable":true,"href":"https:\/\/conexion23.com\/index.php?rest_route=%2Fwp%2Fv2%2Ftags&post=45396"}],"curies":[{"name":"wp","href":"https:\/\/api.w.org\/{rel}","templated":true}]}}