{"id":45419,"date":"2025-09-26T07:35:03","date_gmt":"2025-09-26T11:35:03","guid":{"rendered":"https:\/\/conexion23.com\/?p=45419"},"modified":"2025-09-26T07:35:03","modified_gmt":"2025-09-26T11:35:03","slug":"julio-cesar-franco-sera-exaltado-al-salon-de-la-fama-del-beisbol-latino","status":"publish","type":"post","link":"https:\/\/conexion23.com\/?p=45419","title":{"rendered":"Julio Cesar Franco ser\u00e1 exaltado al sal\u00f3n de la fama del B\u00e9isbol Latino"},"content":{"rendered":"<p style=\"text-align: justify;\">El Sal\u00f3n de la Fama del B\u00e9isbol Latino confirm\u00f3 la exaltaci\u00f3n del exjugador dominicano Julio C\u00e9sar Franco, quien pasar\u00e1 a formar parte de la duod\u00e9cima clase de inmortales en el a\u00f1o 2025.<\/p>\n<p style=\"text-align: justify;\">Franco jug\u00f3 23 temporadas en las Grandes Ligas, donde acumul\u00f3 2,586 imparables, gan\u00f3 un t\u00edtulo de bateo en 1991 con promedio de .341, particip\u00f3 en tres Juegos de Estrellas, obtuvo cinco Bates de Plata y fue reconocido como Jugador M\u00e1s Valioso del Juego de Estrellas.<\/p>\n<p style=\"text-align: justify;\">A lo largo de sus 32 a\u00f1os de carrera profesional en distintos niveles, conect\u00f3 un total de 4,008 hits, dejando una marca imborrable en la historia del b\u00e9isbol.<\/p>\n<p style=\"text-align: justify;\">La ceremonia de exaltaci\u00f3n se llevar\u00e1 a cabo en Punta Cana, escenario que servir\u00e1 de marco para homenajear a una de las grandes figuras del deporte latinoamericano.<\/p>\n","protected":false},"excerpt":{"rendered":"<p>El Sal\u00f3n de la Fama del B\u00e9isbol Latino confirm\u00f3 la exaltaci\u00f3n del exjugador dominicano Julio C\u00e9sar Franco, quien pasar\u00e1 a formar parte de la duod\u00e9cima clase de inmortales en el a\u00f1o 2025. Franco jug\u00f3 23 temporadas en las Grandes Ligas, donde acumul\u00f3 2,586 imparables, gan\u00f3 un t\u00edtulo de bateo en 1991 con promedio de .341, [&hellip;]<\/p>\n","protected":false},"author":15,"featured_media":45420,"comment_status":"open","ping_status":"open","sticky":false,"template":"","format":"standard","meta":{"footnotes":""},"categories":[6],"tags":[],"class_list":["post-45419","post","type-post","status-publish","format-standard","has-post-thumbnail","category-deportes"],"yoast_head":"<!-- This site is optimized with the Yoast SEO plugin v27.6 - https:\/\/yoast.com\/product\/yoast-seo-wordpress\/ -->\n<title>Julio Cesar Franco ser\u00e1 exaltado al sal\u00f3n de la fama del B\u00e9isbol Latino - Conexi\u00f3n 23<\/title>\n<meta name=\"robots\" content=\"index, follow, max-snippet:-1, max-image-preview:large, max-video-preview:-1\" \/>\n<link rel=\"canonical\" href=\"https:\/\/conexion23.com\/?p=45419\" \/>\n<meta property=\"og:locale\" content=\"es_ES\" \/>\n<meta property=\"og:type\" content=\"article\" \/>\n<meta property=\"og:title\" content=\"Julio Cesar Franco ser\u00e1 exaltado al sal\u00f3n de la fama del B\u00e9isbol Latino - Conexi\u00f3n 23\" \/>\n<meta property=\"og:description\" content=\"El Sal\u00f3n de la Fama del B\u00e9isbol Latino confirm\u00f3 la exaltaci\u00f3n del exjugador dominicano Julio C\u00e9sar Franco, quien pasar\u00e1 a formar parte de la duod\u00e9cima clase de inmortales en el a\u00f1o 2025. Franco jug\u00f3 23 temporadas en las Grandes Ligas, donde acumul\u00f3 2,586 imparables, gan\u00f3 un t\u00edtulo de bateo en 1991 con promedio de .341, [&hellip;]\" \/>\n<meta property=\"og:url\" content=\"https:\/\/conexion23.com\/?p=45419\" \/>\n<meta property=\"og:site_name\" content=\"Conexi\u00f3n 23\" \/>\n<meta property=\"article:publisher\" content=\"https:\/\/www.facebook.com\/conexion23com\" \/>\n<meta property=\"article:published_time\" content=\"2025-09-26T11:35:03+00:00\" \/>\n<meta property=\"og:image\" content=\"https:\/\/conexion23.com\/wp-content\/uploads\/2025\/09\/images-21.jpg\" \/>\n\t<meta property=\"og:image:width\" content=\"225\" \/>\n\t<meta property=\"og:image:height\" content=\"225\" \/>\n\t<meta property=\"og:image:type\" content=\"image\/jpeg\" \/>\n<meta name=\"author\" content=\"Raffy Ben\u00edtez\" \/>\n<meta name=\"twitter:card\" content=\"summary_large_image\" \/>\n<meta name=\"twitter:label1\" content=\"Escrito por\" \/>\n\t<meta name=\"twitter:data1\" content=\"Raffy Ben\u00edtez\" \/>\n\t<meta name=\"twitter:label2\" content=\"Tiempo de lectura\" \/>\n\t<meta name=\"twitter:data2\" content=\"1 minuto\" \/>\n<script type=\"application\/ld+json\" class=\"yoast-schema-graph\">{\"@context\":\"https:\\\/\\\/schema.org\",\"@graph\":[{\"@type\":\"Article\",\"@id\":\"https:\\\/\\\/conexion23.com\\\/?p=45419#article\",\"isPartOf\":{\"@id\":\"https:\\\/\\\/conexion23.com\\\/?p=45419\"},\"author\":{\"name\":\"Raffy Ben\u00edtez\",\"@id\":\"https:\\\/\\\/conexion23.com\\\/#\\\/schema\\\/person\\\/03e36043331117e97a373299bbcd30a6\"},\"headline\":\"Julio Cesar Franco ser\u00e1 exaltado al sal\u00f3n de la fama del B\u00e9isbol Latino\",\"datePublished\":\"2025-09-26T11:35:03+00:00\",\"mainEntityOfPage\":{\"@id\":\"https:\\\/\\\/conexion23.com\\\/?p=45419\"},\"wordCount\":151,\"commentCount\":0,\"publisher\":{\"@id\":\"https:\\\/\\\/conexion23.com\\\/#organization\"},\"image\":{\"@id\":\"https:\\\/\\\/conexion23.com\\\/?p=45419#primaryimage\"},\"thumbnailUrl\":\"https:\\\/\\\/conexion23.com\\\/wp-content\\\/uploads\\\/2025\\\/09\\\/images-21.jpg\",\"articleSection\":[\"Deportes\"],\"inLanguage\":\"es\",\"potentialAction\":[{\"@type\":\"CommentAction\",\"name\":\"Comment\",\"target\":[\"https:\\\/\\\/conexion23.com\\\/?p=45419#respond\"]}]},{\"@type\":\"WebPage\",\"@id\":\"https:\\\/\\\/conexion23.com\\\/?p=45419\",\"url\":\"https:\\\/\\\/conexion23.com\\\/?p=45419\",\"name\":\"Julio Cesar Franco ser\u00e1 exaltado al sal\u00f3n de la fama del B\u00e9isbol Latino - Conexi\u00f3n 23\",\"isPartOf\":{\"@id\":\"https:\\\/\\\/conexion23.com\\\/#website\"},\"primaryImageOfPage\":{\"@id\":\"https:\\\/\\\/conexion23.com\\\/?p=45419#primaryimage\"},\"image\":{\"@id\":\"https:\\\/\\\/conexion23.com\\\/?p=45419#primaryimage\"},\"thumbnailUrl\":\"https:\\\/\\\/conexion23.com\\\/wp-content\\\/uploads\\\/2025\\\/09\\\/images-21.jpg\",\"datePublished\":\"2025-09-26T11:35:03+00:00\",\"breadcrumb\":{\"@id\":\"https:\\\/\\\/conexion23.com\\\/?p=45419#breadcrumb\"},\"inLanguage\":\"es\",\"potentialAction\":[{\"@type\":\"ReadAction\",\"target\":[\"https:\\\/\\\/conexion23.com\\\/?p=45419\"]}]},{\"@type\":\"ImageObject\",\"inLanguage\":\"es\",\"@id\":\"https:\\\/\\\/conexion23.com\\\/?p=45419#primaryimage\",\"url\":\"https:\\\/\\\/conexion23.com\\\/wp-content\\\/uploads\\\/2025\\\/09\\\/images-21.jpg\",\"contentUrl\":\"https:\\\/\\\/conexion23.com\\\/wp-content\\\/uploads\\\/2025\\\/09\\\/images-21.jpg\",\"width\":225,\"height\":225},{\"@type\":\"BreadcrumbList\",\"@id\":\"https:\\\/\\\/conexion23.com\\\/?p=45419#breadcrumb\",\"itemListElement\":[{\"@type\":\"ListItem\",\"position\":1,\"name\":\"Portada\",\"item\":\"https:\\\/\\\/conexion23.com\\\/\"},{\"@type\":\"ListItem\",\"position\":2,\"name\":\"Julio Cesar Franco ser\u00e1 exaltado al sal\u00f3n de la fama del B\u00e9isbol Latino\"}]},{\"@type\":\"WebSite\",\"@id\":\"https:\\\/\\\/conexion23.com\\\/#website\",\"url\":\"https:\\\/\\\/conexion23.com\\\/\",\"name\":\"Conexi\u00f3n 23\",\"description\":\"Peri\u00f3dico 100% Petromacorisano\",\"publisher\":{\"@id\":\"https:\\\/\\\/conexion23.com\\\/#organization\"},\"potentialAction\":[{\"@type\":\"SearchAction\",\"target\":{\"@type\":\"EntryPoint\",\"urlTemplate\":\"https:\\\/\\\/conexion23.com\\\/?s={search_term_string}\"},\"query-input\":{\"@type\":\"PropertyValueSpecification\",\"valueRequired\":true,\"valueName\":\"search_term_string\"}}],\"inLanguage\":\"es\"},{\"@type\":\"Organization\",\"@id\":\"https:\\\/\\\/conexion23.com\\\/#organization\",\"name\":\"Conexion 23\",\"url\":\"https:\\\/\\\/conexion23.com\\\/\",\"logo\":{\"@type\":\"ImageObject\",\"inLanguage\":\"es\",\"@id\":\"https:\\\/\\\/conexion23.com\\\/#\\\/schema\\\/logo\\\/image\\\/\",\"url\":\"https:\\\/\\\/conexion23.com\\\/wp-content\\\/uploads\\\/2021\\\/11\\\/Diseno-sin-titulo-2.png\",\"contentUrl\":\"https:\\\/\\\/conexion23.com\\\/wp-content\\\/uploads\\\/2021\\\/11\\\/Diseno-sin-titulo-2.png\",\"width\":541,\"height\":90,\"caption\":\"Conexion 23\"},\"image\":{\"@id\":\"https:\\\/\\\/conexion23.com\\\/#\\\/schema\\\/logo\\\/image\\\/\"},\"sameAs\":[\"https:\\\/\\\/www.facebook.com\\\/conexion23com\",\"https:\\\/\\\/www.instagram.com\\\/conexion23com\\\/\",\"https:\\\/\\\/www.youtube.com\\\/channel\\\/UCYc7vxxFZMYLIHNsHHxPZ3Q\"]},{\"@type\":\"Person\",\"@id\":\"https:\\\/\\\/conexion23.com\\\/#\\\/schema\\\/person\\\/03e36043331117e97a373299bbcd30a6\",\"name\":\"Raffy Ben\u00edtez\",\"image\":{\"@type\":\"ImageObject\",\"inLanguage\":\"es\",\"@id\":\"https:\\\/\\\/secure.gravatar.com\\\/avatar\\\/3190a6a6c5e1b0327500f7d6c56b6242472ee6cb974cf09b401ee6b3b0798f23?s=96&d=mm&r=g\",\"url\":\"https:\\\/\\\/secure.gravatar.com\\\/avatar\\\/3190a6a6c5e1b0327500f7d6c56b6242472ee6cb974cf09b401ee6b3b0798f23?s=96&d=mm&r=g\",\"contentUrl\":\"https:\\\/\\\/secure.gravatar.com\\\/avatar\\\/3190a6a6c5e1b0327500f7d6c56b6242472ee6cb974cf09b401ee6b3b0798f23?s=96&d=mm&r=g\",\"caption\":\"Raffy Ben\u00edtez\"},\"url\":\"https:\\\/\\\/conexion23.com\\\/?author=15\"}]}<\/script>\n<!-- \/ Yoast SEO plugin. -->","yoast_head_json":{"title":"Julio Cesar Franco ser\u00e1 exaltado al sal\u00f3n de la fama del B\u00e9isbol Latino - Conexi\u00f3n 23","robots":{"index":"index","follow":"follow","max-snippet":"max-snippet:-1","max-image-preview":"max-image-preview:large","max-video-preview":"max-video-preview:-1"},"canonical":"https:\/\/conexion23.com\/?p=45419","og_locale":"es_ES","og_type":"article","og_title":"Julio Cesar Franco ser\u00e1 exaltado al sal\u00f3n de la fama del B\u00e9isbol Latino - Conexi\u00f3n 23","og_description":"El Sal\u00f3n de la Fama del B\u00e9isbol Latino confirm\u00f3 la exaltaci\u00f3n del exjugador dominicano Julio C\u00e9sar Franco, quien pasar\u00e1 a formar parte de la duod\u00e9cima clase de inmortales en el a\u00f1o 2025. Franco jug\u00f3 23 temporadas en las Grandes Ligas, donde acumul\u00f3 2,586 imparables, gan\u00f3 un t\u00edtulo de bateo en 1991 con promedio de .341, [&hellip;]","og_url":"https:\/\/conexion23.com\/?p=45419","og_site_name":"Conexi\u00f3n 23","article_publisher":"https:\/\/www.facebook.com\/conexion23com","article_published_time":"2025-09-26T11:35:03+00:00","og_image":[{"width":225,"height":225,"url":"https:\/\/conexion23.com\/wp-content\/uploads\/2025\/09\/images-21.jpg","type":"image\/jpeg"}],"author":"Raffy Ben\u00edtez","twitter_card":"summary_large_image","twitter_misc":{"Escrito por":"Raffy Ben\u00edtez","Tiempo de lectura":"1 minuto"},"schema":{"@context":"https:\/\/schema.org","@graph":[{"@type":"Article","@id":"https:\/\/conexion23.com\/?p=45419#article","isPartOf":{"@id":"https:\/\/conexion23.com\/?p=45419"},"author":{"name":"Raffy Ben\u00edtez","@id":"https:\/\/conexion23.com\/#\/schema\/person\/03e36043331117e97a373299bbcd30a6"},"headline":"Julio Cesar Franco ser\u00e1 exaltado al sal\u00f3n de la fama del B\u00e9isbol Latino","datePublished":"2025-09-26T11:35:03+00:00","mainEntityOfPage":{"@id":"https:\/\/conexion23.com\/?p=45419"},"wordCount":151,"commentCount":0,"publisher":{"@id":"https:\/\/conexion23.com\/#organization"},"image":{"@id":"https:\/\/conexion23.com\/?p=45419#primaryimage"},"thumbnailUrl":"https:\/\/conexion23.com\/wp-content\/uploads\/2025\/09\/images-21.jpg","articleSection":["Deportes"],"inLanguage":"es","potentialAction":[{"@type":"CommentAction","name":"Comment","target":["https:\/\/conexion23.com\/?p=45419#respond"]}]},{"@type":"WebPage","@id":"https:\/\/conexion23.com\/?p=45419","url":"https:\/\/conexion23.com\/?p=45419","name":"Julio Cesar Franco ser\u00e1 exaltado al sal\u00f3n de la fama del B\u00e9isbol Latino - Conexi\u00f3n 23","isPartOf":{"@id":"https:\/\/conexion23.com\/#website"},"primaryImageOfPage":{"@id":"https:\/\/conexion23.com\/?p=45419#primaryimage"},"image":{"@id":"https:\/\/conexion23.com\/?p=45419#primaryimage"},"thumbnailUrl":"https:\/\/conexion23.com\/wp-content\/uploads\/2025\/09\/images-21.jpg","datePublished":"2025-09-26T11:35:03+00:00","breadcrumb":{"@id":"https:\/\/conexion23.com\/?p=45419#breadcrumb"},"inLanguage":"es","potentialAction":[{"@type":"ReadAction","target":["https:\/\/conexion23.com\/?p=45419"]}]},{"@type":"ImageObject","inLanguage":"es","@id":"https:\/\/conexion23.com\/?p=45419#primaryimage","url":"https:\/\/conexion23.com\/wp-content\/uploads\/2025\/09\/images-21.jpg","contentUrl":"https:\/\/conexion23.com\/wp-content\/uploads\/2025\/09\/images-21.jpg","width":225,"height":225},{"@type":"BreadcrumbList","@id":"https:\/\/conexion23.com\/?p=45419#breadcrumb","itemListElement":[{"@type":"ListItem","position":1,"name":"Portada","item":"https:\/\/conexion23.com\/"},{"@type":"ListItem","position":2,"name":"Julio Cesar Franco ser\u00e1 exaltado al sal\u00f3n de la fama del B\u00e9isbol Latino"}]},{"@type":"WebSite","@id":"https:\/\/conexion23.com\/#website","url":"https:\/\/conexion23.com\/","name":"Conexi\u00f3n 23","description":"Peri\u00f3dico 100% Petromacorisano","publisher":{"@id":"https:\/\/conexion23.com\/#organization"},"potentialAction":[{"@type":"SearchAction","target":{"@type":"EntryPoint","urlTemplate":"https:\/\/conexion23.com\/?s={search_term_string}"},"query-input":{"@type":"PropertyValueSpecification","valueRequired":true,"valueName":"search_term_string"}}],"inLanguage":"es"},{"@type":"Organization","@id":"https:\/\/conexion23.com\/#organization","name":"Conexion 23","url":"https:\/\/conexion23.com\/","logo":{"@type":"ImageObject","inLanguage":"es","@id":"https:\/\/conexion23.com\/#\/schema\/logo\/image\/","url":"https:\/\/conexion23.com\/wp-content\/uploads\/2021\/11\/Diseno-sin-titulo-2.png","contentUrl":"https:\/\/conexion23.com\/wp-content\/uploads\/2021\/11\/Diseno-sin-titulo-2.png","width":541,"height":90,"caption":"Conexion 23"},"image":{"@id":"https:\/\/conexion23.com\/#\/schema\/logo\/image\/"},"sameAs":["https:\/\/www.facebook.com\/conexion23com","https:\/\/www.instagram.com\/conexion23com\/","https:\/\/www.youtube.com\/channel\/UCYc7vxxFZMYLIHNsHHxPZ3Q"]},{"@type":"Person","@id":"https:\/\/conexion23.com\/#\/schema\/person\/03e36043331117e97a373299bbcd30a6","name":"Raffy Ben\u00edtez","image":{"@type":"ImageObject","inLanguage":"es","@id":"https:\/\/secure.gravatar.com\/avatar\/3190a6a6c5e1b0327500f7d6c56b6242472ee6cb974cf09b401ee6b3b0798f23?s=96&d=mm&r=g","url":"https:\/\/secure.gravatar.com\/avatar\/3190a6a6c5e1b0327500f7d6c56b6242472ee6cb974cf09b401ee6b3b0798f23?s=96&d=mm&r=g","contentUrl":"https:\/\/secure.gravatar.com\/avatar\/3190a6a6c5e1b0327500f7d6c56b6242472ee6cb974cf09b401ee6b3b0798f23?s=96&d=mm&r=g","caption":"Raffy Ben\u00edtez"},"url":"https:\/\/conexion23.com\/?author=15"}]}},"_links":{"self":[{"href":"https:\/\/conexion23.com\/index.php?rest_route=\/wp\/v2\/posts\/45419","targetHints":{"allow":["GET"]}}],"collection":[{"href":"https:\/\/conexion23.com\/index.php?rest_route=\/wp\/v2\/posts"}],"about":[{"href":"https:\/\/conexion23.com\/index.php?rest_route=\/wp\/v2\/types\/post"}],"author":[{"embeddable":true,"href":"https:\/\/conexion23.com\/index.php?rest_route=\/wp\/v2\/users\/15"}],"replies":[{"embeddable":true,"href":"https:\/\/conexion23.com\/index.php?rest_route=%2Fwp%2Fv2%2Fcomments&post=45419"}],"version-history":[{"count":1,"href":"https:\/\/conexion23.com\/index.php?rest_route=\/wp\/v2\/posts\/45419\/revisions"}],"predecessor-version":[{"id":45421,"href":"https:\/\/conexion23.com\/index.php?rest_route=\/wp\/v2\/posts\/45419\/revisions\/45421"}],"wp:featuredmedia":[{"embeddable":true,"href":"https:\/\/conexion23.com\/index.php?rest_route=\/wp\/v2\/media\/45420"}],"wp:attachment":[{"href":"https:\/\/conexion23.com\/index.php?rest_route=%2Fwp%2Fv2%2Fmedia&parent=45419"}],"wp:term":[{"taxonomy":"category","embeddable":true,"href":"https:\/\/conexion23.com\/index.php?rest_route=%2Fwp%2Fv2%2Fcategories&post=45419"},{"taxonomy":"post_tag","embeddable":true,"href":"https:\/\/conexion23.com\/index.php?rest_route=%2Fwp%2Fv2%2Ftags&post=45419"}],"curies":[{"name":"wp","href":"https:\/\/api.w.org\/{rel}","templated":true}]}}