{"id":45435,"date":"2025-09-26T08:54:59","date_gmt":"2025-09-26T12:54:59","guid":{"rendered":"https:\/\/conexion23.com\/?p=45435"},"modified":"2025-09-26T09:05:24","modified_gmt":"2025-09-26T13:05:24","slug":"buscan-a-nina-de-12-anos-que-salio-con-hombre-de-45-en-sfm","status":"publish","type":"post","link":"https:\/\/conexion23.com\/?p=45435","title":{"rendered":"La desaparici\u00f3n de una ni\u00f1a de 12 a\u00f1os que sali\u00f3 de su hogar con un hombre de 45"},"content":{"rendered":"<p style=\"text-align: justify;\">La desaparici\u00f3n de una\u00a0ni\u00f1a de 12 a\u00f1os\u00a0que sali\u00f3 de su hogar con un\u00a0hombre de 45, identificado como\u00a0V\u00edctor Ure\u00f1a, mantiene en vilo a la\u00a0comunidad\u00a0de San Francisco de Macor\u00eds y ha generado un\u00a0debate nacional\u00a0sobre la\u00a0protecci\u00f3n de menores\u00a0y la\u00a0responsabilidad de los tutores.<\/p>\n<p style=\"text-align: justify;\">De acuerdo con los\u00a0familiares, la\u00a0menor\u00a0habr\u00eda sostenido una\u00a0relaci\u00f3n\u00a0con el\u00a0adulto\u00a0desde hace un tiempo, supuestamente bajo el\u00a0consentimiento de su madre, lo que ha provocado fuertes\u00a0cr\u00edticas\u00a0y\u00a0cuestionamientos.<\/p>\n<p style=\"text-align: justify;\">\u201cEstamos\u00a0desesperados. Queremos que nos ayuden a\u00a0encontrarla\u00a0y que este\u00a0hombre\u00a0responda por lo que ha hecho. Lo importante es que regrese\u00a0sana y salva\u201d, expres\u00f3 uno de los\u00a0parientes visiblemente afectado.<\/p>\n<h3 class=\"wp-block-heading\" style=\"text-align: justify;\">Denuncias y reclamos a las autoridades<\/h3>\n<p style=\"text-align: justify;\">Los\u00a0familiares\u00a0han solicitado la intervenci\u00f3n inmediata de la\u00a0Polic\u00eda Nacional\u00a0y del\u00a0Ministerio P\u00fablico\u00a0para activar los\u00a0protocolos de b\u00fasqueda\u00a0y ubicar tanto a la\u00a0menor\u00a0como al\u00a0hombre\u00a0que la acompa\u00f1a. Asimismo, pidieron que se\u00a0investigue\u00a0a la\u00a0madre\u00a0de la ni\u00f1a por su presunta\u00a0permisividad en la relaci\u00f3n.<\/p>\n<p style=\"text-align: justify;\">Organizaciones\u00a0de defensa de los\u00a0derechos de la ni\u00f1ez\u00a0tambi\u00e9n han exigido que se garantice la\u00a0integridad\u00a0de la\u00a0adolescente\u00a0y que se apliquen\u00a0sanciones ejemplares\u00a0en caso de confirmarse violaciones a la\u00a0ley.<\/p>\n<h3 class=\"wp-block-heading\" style=\"text-align: justify;\">La versi\u00f3n del se\u00f1alado<\/h3>\n<p style=\"text-align: justify;\">En conversaci\u00f3n con el medio\u00a0El Pregonero,\u00a0V\u00edctor Ure\u00f1a\u00a0neg\u00f3 las\u00a0acusaciones\u00a0y afirm\u00f3 que no ha cometido ning\u00fan\u00a0delito. Aunque evit\u00f3 precisar el\u00a0paradero\u00a0de la\u00a0menor, sostuvo que su\u00a0relaci\u00f3n\u00a0con ella no es\u00a0forzada\u00a0y manifest\u00f3 disposici\u00f3n a\u00a0colaborar\u00a0con las\u00a0autoridades.<\/p>\n<h3 class=\"wp-block-heading\" style=\"text-align: justify;\">Un hecho que enciende las alarmas<\/h3>\n<p style=\"text-align: justify;\">El\u00a0caso\u00a0ha generado\u00a0consternaci\u00f3n\u00a0y\u00a0repudio\u00a0en la\u00a0opini\u00f3n p\u00fablica, al poner en evidencia las\u00a0vulnerabilidades\u00a0en la\u00a0protecci\u00f3n de ni\u00f1as y adolescentes\u00a0en la\u00a0Rep\u00fablica Dominicana. Especialistas en\u00a0derecho de familia\u00a0y\u00a0activistas sociales\u00a0advierten que hechos como este constituyen un grave\u00a0atentado\u00a0contra los\u00a0derechos de la ni\u00f1ez\u00a0y exigen\u00a0respuestas inmediatas\u00a0del\u00a0Estado.<\/p>\n<p style=\"text-align: justify;\">Por el momento, la\u00a0comunidad\u00a0de\u00a0San Francisco de Macor\u00eds\u00a0permanece en\u00a0expectativa, mientras los\u00a0familiares\u00a0esperan que la\u00a0menor\u00a0sea\u00a0localizada\u00a0sana y salva, y que se determinen las\u00a0responsabilidades legales\u00a0correspondientes.<\/p>\n","protected":false},"excerpt":{"rendered":"<p>La desaparici\u00f3n de una\u00a0ni\u00f1a de 12 a\u00f1os\u00a0que sali\u00f3 de su hogar con un\u00a0hombre de 45, identificado como\u00a0V\u00edctor Ure\u00f1a, mantiene en vilo a la\u00a0comunidad\u00a0de San Francisco de Macor\u00eds y ha generado un\u00a0debate nacional\u00a0sobre la\u00a0protecci\u00f3n de menores\u00a0y la\u00a0responsabilidad de los tutores. De acuerdo con los\u00a0familiares, la\u00a0menor\u00a0habr\u00eda sostenido una\u00a0relaci\u00f3n\u00a0con el\u00a0adulto\u00a0desde hace un tiempo, supuestamente bajo el\u00a0consentimiento de su [&hellip;]<\/p>\n","protected":false},"author":15,"featured_media":45440,"comment_status":"open","ping_status":"open","sticky":false,"template":"","format":"standard","meta":{"footnotes":""},"categories":[3913],"tags":[],"class_list":["post-45435","post","type-post","status-publish","format-standard","has-post-thumbnail","category-nacionales"],"yoast_head":"<!-- This site is optimized with the Yoast SEO plugin v27.6 - https:\/\/yoast.com\/product\/yoast-seo-wordpress\/ -->\n<title>La desaparici\u00f3n de una ni\u00f1a de 12 a\u00f1os que sali\u00f3 de su hogar con un hombre de 45 - Conexi\u00f3n 23<\/title>\n<meta name=\"robots\" content=\"index, follow, max-snippet:-1, max-image-preview:large, max-video-preview:-1\" \/>\n<link rel=\"canonical\" href=\"https:\/\/conexion23.com\/?p=45435\" \/>\n<meta property=\"og:locale\" content=\"es_ES\" \/>\n<meta property=\"og:type\" content=\"article\" \/>\n<meta property=\"og:title\" content=\"La desaparici\u00f3n de una ni\u00f1a de 12 a\u00f1os que sali\u00f3 de su hogar con un hombre de 45 - Conexi\u00f3n 23\" \/>\n<meta property=\"og:description\" content=\"La desaparici\u00f3n de una\u00a0ni\u00f1a de 12 a\u00f1os\u00a0que sali\u00f3 de su hogar con un\u00a0hombre de 45, identificado como\u00a0V\u00edctor Ure\u00f1a, mantiene en vilo a la\u00a0comunidad\u00a0de San Francisco de Macor\u00eds y ha generado un\u00a0debate nacional\u00a0sobre la\u00a0protecci\u00f3n de menores\u00a0y la\u00a0responsabilidad de los tutores. De acuerdo con los\u00a0familiares, la\u00a0menor\u00a0habr\u00eda sostenido una\u00a0relaci\u00f3n\u00a0con el\u00a0adulto\u00a0desde hace un tiempo, supuestamente bajo el\u00a0consentimiento de su [&hellip;]\" \/>\n<meta property=\"og:url\" content=\"https:\/\/conexion23.com\/?p=45435\" \/>\n<meta property=\"og:site_name\" content=\"Conexi\u00f3n 23\" \/>\n<meta property=\"article:publisher\" content=\"https:\/\/www.facebook.com\/conexion23com\" \/>\n<meta property=\"article:published_time\" content=\"2025-09-26T12:54:59+00:00\" \/>\n<meta property=\"article:modified_time\" content=\"2025-09-26T13:05:24+00:00\" \/>\n<meta property=\"og:image\" content=\"https:\/\/conexion23.com\/wp-content\/uploads\/2025\/09\/descarga-73.jpg\" \/>\n\t<meta property=\"og:image:width\" content=\"300\" \/>\n\t<meta property=\"og:image:height\" content=\"168\" \/>\n\t<meta property=\"og:image:type\" content=\"image\/jpeg\" \/>\n<meta name=\"author\" content=\"Raffy Ben\u00edtez\" \/>\n<meta name=\"twitter:card\" content=\"summary_large_image\" \/>\n<meta name=\"twitter:label1\" content=\"Escrito por\" \/>\n\t<meta name=\"twitter:data1\" content=\"Raffy Ben\u00edtez\" \/>\n\t<meta name=\"twitter:label2\" content=\"Tiempo de lectura\" \/>\n\t<meta name=\"twitter:data2\" content=\"2 minutos\" \/>\n<script type=\"application\/ld+json\" class=\"yoast-schema-graph\">{\"@context\":\"https:\\\/\\\/schema.org\",\"@graph\":[{\"@type\":\"Article\",\"@id\":\"https:\\\/\\\/conexion23.com\\\/?p=45435#article\",\"isPartOf\":{\"@id\":\"https:\\\/\\\/conexion23.com\\\/?p=45435\"},\"author\":{\"name\":\"Raffy Ben\u00edtez\",\"@id\":\"https:\\\/\\\/conexion23.com\\\/#\\\/schema\\\/person\\\/03e36043331117e97a373299bbcd30a6\"},\"headline\":\"La desaparici\u00f3n de una ni\u00f1a de 12 a\u00f1os que sali\u00f3 de su hogar con un hombre de 45\",\"datePublished\":\"2025-09-26T12:54:59+00:00\",\"dateModified\":\"2025-09-26T13:05:24+00:00\",\"mainEntityOfPage\":{\"@id\":\"https:\\\/\\\/conexion23.com\\\/?p=45435\"},\"wordCount\":404,\"commentCount\":0,\"publisher\":{\"@id\":\"https:\\\/\\\/conexion23.com\\\/#organization\"},\"image\":{\"@id\":\"https:\\\/\\\/conexion23.com\\\/?p=45435#primaryimage\"},\"thumbnailUrl\":\"https:\\\/\\\/conexion23.com\\\/wp-content\\\/uploads\\\/2025\\\/09\\\/descarga-73.jpg\",\"articleSection\":[\"Nacionales\"],\"inLanguage\":\"es\",\"potentialAction\":[{\"@type\":\"CommentAction\",\"name\":\"Comment\",\"target\":[\"https:\\\/\\\/conexion23.com\\\/?p=45435#respond\"]}]},{\"@type\":\"WebPage\",\"@id\":\"https:\\\/\\\/conexion23.com\\\/?p=45435\",\"url\":\"https:\\\/\\\/conexion23.com\\\/?p=45435\",\"name\":\"La desaparici\u00f3n de una ni\u00f1a de 12 a\u00f1os que sali\u00f3 de su hogar con un hombre de 45 - Conexi\u00f3n 23\",\"isPartOf\":{\"@id\":\"https:\\\/\\\/conexion23.com\\\/#website\"},\"primaryImageOfPage\":{\"@id\":\"https:\\\/\\\/conexion23.com\\\/?p=45435#primaryimage\"},\"image\":{\"@id\":\"https:\\\/\\\/conexion23.com\\\/?p=45435#primaryimage\"},\"thumbnailUrl\":\"https:\\\/\\\/conexion23.com\\\/wp-content\\\/uploads\\\/2025\\\/09\\\/descarga-73.jpg\",\"datePublished\":\"2025-09-26T12:54:59+00:00\",\"dateModified\":\"2025-09-26T13:05:24+00:00\",\"breadcrumb\":{\"@id\":\"https:\\\/\\\/conexion23.com\\\/?p=45435#breadcrumb\"},\"inLanguage\":\"es\",\"potentialAction\":[{\"@type\":\"ReadAction\",\"target\":[\"https:\\\/\\\/conexion23.com\\\/?p=45435\"]}]},{\"@type\":\"ImageObject\",\"inLanguage\":\"es\",\"@id\":\"https:\\\/\\\/conexion23.com\\\/?p=45435#primaryimage\",\"url\":\"https:\\\/\\\/conexion23.com\\\/wp-content\\\/uploads\\\/2025\\\/09\\\/descarga-73.jpg\",\"contentUrl\":\"https:\\\/\\\/conexion23.com\\\/wp-content\\\/uploads\\\/2025\\\/09\\\/descarga-73.jpg\",\"width\":300,\"height\":168},{\"@type\":\"BreadcrumbList\",\"@id\":\"https:\\\/\\\/conexion23.com\\\/?p=45435#breadcrumb\",\"itemListElement\":[{\"@type\":\"ListItem\",\"position\":1,\"name\":\"Portada\",\"item\":\"https:\\\/\\\/conexion23.com\\\/\"},{\"@type\":\"ListItem\",\"position\":2,\"name\":\"La desaparici\u00f3n de una ni\u00f1a de 12 a\u00f1os que sali\u00f3 de su hogar con un hombre de 45\"}]},{\"@type\":\"WebSite\",\"@id\":\"https:\\\/\\\/conexion23.com\\\/#website\",\"url\":\"https:\\\/\\\/conexion23.com\\\/\",\"name\":\"Conexi\u00f3n 23\",\"description\":\"Peri\u00f3dico 100% Petromacorisano\",\"publisher\":{\"@id\":\"https:\\\/\\\/conexion23.com\\\/#organization\"},\"potentialAction\":[{\"@type\":\"SearchAction\",\"target\":{\"@type\":\"EntryPoint\",\"urlTemplate\":\"https:\\\/\\\/conexion23.com\\\/?s={search_term_string}\"},\"query-input\":{\"@type\":\"PropertyValueSpecification\",\"valueRequired\":true,\"valueName\":\"search_term_string\"}}],\"inLanguage\":\"es\"},{\"@type\":\"Organization\",\"@id\":\"https:\\\/\\\/conexion23.com\\\/#organization\",\"name\":\"Conexion 23\",\"url\":\"https:\\\/\\\/conexion23.com\\\/\",\"logo\":{\"@type\":\"ImageObject\",\"inLanguage\":\"es\",\"@id\":\"https:\\\/\\\/conexion23.com\\\/#\\\/schema\\\/logo\\\/image\\\/\",\"url\":\"https:\\\/\\\/conexion23.com\\\/wp-content\\\/uploads\\\/2021\\\/11\\\/Diseno-sin-titulo-2.png\",\"contentUrl\":\"https:\\\/\\\/conexion23.com\\\/wp-content\\\/uploads\\\/2021\\\/11\\\/Diseno-sin-titulo-2.png\",\"width\":541,\"height\":90,\"caption\":\"Conexion 23\"},\"image\":{\"@id\":\"https:\\\/\\\/conexion23.com\\\/#\\\/schema\\\/logo\\\/image\\\/\"},\"sameAs\":[\"https:\\\/\\\/www.facebook.com\\\/conexion23com\",\"https:\\\/\\\/www.instagram.com\\\/conexion23com\\\/\",\"https:\\\/\\\/www.youtube.com\\\/channel\\\/UCYc7vxxFZMYLIHNsHHxPZ3Q\"]},{\"@type\":\"Person\",\"@id\":\"https:\\\/\\\/conexion23.com\\\/#\\\/schema\\\/person\\\/03e36043331117e97a373299bbcd30a6\",\"name\":\"Raffy Ben\u00edtez\",\"image\":{\"@type\":\"ImageObject\",\"inLanguage\":\"es\",\"@id\":\"https:\\\/\\\/secure.gravatar.com\\\/avatar\\\/3190a6a6c5e1b0327500f7d6c56b6242472ee6cb974cf09b401ee6b3b0798f23?s=96&d=mm&r=g\",\"url\":\"https:\\\/\\\/secure.gravatar.com\\\/avatar\\\/3190a6a6c5e1b0327500f7d6c56b6242472ee6cb974cf09b401ee6b3b0798f23?s=96&d=mm&r=g\",\"contentUrl\":\"https:\\\/\\\/secure.gravatar.com\\\/avatar\\\/3190a6a6c5e1b0327500f7d6c56b6242472ee6cb974cf09b401ee6b3b0798f23?s=96&d=mm&r=g\",\"caption\":\"Raffy Ben\u00edtez\"},\"url\":\"https:\\\/\\\/conexion23.com\\\/?author=15\"}]}<\/script>\n<!-- \/ Yoast SEO plugin. -->","yoast_head_json":{"title":"La desaparici\u00f3n de una ni\u00f1a de 12 a\u00f1os que sali\u00f3 de su hogar con un hombre de 45 - Conexi\u00f3n 23","robots":{"index":"index","follow":"follow","max-snippet":"max-snippet:-1","max-image-preview":"max-image-preview:large","max-video-preview":"max-video-preview:-1"},"canonical":"https:\/\/conexion23.com\/?p=45435","og_locale":"es_ES","og_type":"article","og_title":"La desaparici\u00f3n de una ni\u00f1a de 12 a\u00f1os que sali\u00f3 de su hogar con un hombre de 45 - Conexi\u00f3n 23","og_description":"La desaparici\u00f3n de una\u00a0ni\u00f1a de 12 a\u00f1os\u00a0que sali\u00f3 de su hogar con un\u00a0hombre de 45, identificado como\u00a0V\u00edctor Ure\u00f1a, mantiene en vilo a la\u00a0comunidad\u00a0de San Francisco de Macor\u00eds y ha generado un\u00a0debate nacional\u00a0sobre la\u00a0protecci\u00f3n de menores\u00a0y la\u00a0responsabilidad de los tutores. De acuerdo con los\u00a0familiares, la\u00a0menor\u00a0habr\u00eda sostenido una\u00a0relaci\u00f3n\u00a0con el\u00a0adulto\u00a0desde hace un tiempo, supuestamente bajo el\u00a0consentimiento de su [&hellip;]","og_url":"https:\/\/conexion23.com\/?p=45435","og_site_name":"Conexi\u00f3n 23","article_publisher":"https:\/\/www.facebook.com\/conexion23com","article_published_time":"2025-09-26T12:54:59+00:00","article_modified_time":"2025-09-26T13:05:24+00:00","og_image":[{"width":300,"height":168,"url":"https:\/\/conexion23.com\/wp-content\/uploads\/2025\/09\/descarga-73.jpg","type":"image\/jpeg"}],"author":"Raffy Ben\u00edtez","twitter_card":"summary_large_image","twitter_misc":{"Escrito por":"Raffy Ben\u00edtez","Tiempo de lectura":"2 minutos"},"schema":{"@context":"https:\/\/schema.org","@graph":[{"@type":"Article","@id":"https:\/\/conexion23.com\/?p=45435#article","isPartOf":{"@id":"https:\/\/conexion23.com\/?p=45435"},"author":{"name":"Raffy Ben\u00edtez","@id":"https:\/\/conexion23.com\/#\/schema\/person\/03e36043331117e97a373299bbcd30a6"},"headline":"La desaparici\u00f3n de una ni\u00f1a de 12 a\u00f1os que sali\u00f3 de su hogar con un hombre de 45","datePublished":"2025-09-26T12:54:59+00:00","dateModified":"2025-09-26T13:05:24+00:00","mainEntityOfPage":{"@id":"https:\/\/conexion23.com\/?p=45435"},"wordCount":404,"commentCount":0,"publisher":{"@id":"https:\/\/conexion23.com\/#organization"},"image":{"@id":"https:\/\/conexion23.com\/?p=45435#primaryimage"},"thumbnailUrl":"https:\/\/conexion23.com\/wp-content\/uploads\/2025\/09\/descarga-73.jpg","articleSection":["Nacionales"],"inLanguage":"es","potentialAction":[{"@type":"CommentAction","name":"Comment","target":["https:\/\/conexion23.com\/?p=45435#respond"]}]},{"@type":"WebPage","@id":"https:\/\/conexion23.com\/?p=45435","url":"https:\/\/conexion23.com\/?p=45435","name":"La desaparici\u00f3n de una ni\u00f1a de 12 a\u00f1os que sali\u00f3 de su hogar con un hombre de 45 - Conexi\u00f3n 23","isPartOf":{"@id":"https:\/\/conexion23.com\/#website"},"primaryImageOfPage":{"@id":"https:\/\/conexion23.com\/?p=45435#primaryimage"},"image":{"@id":"https:\/\/conexion23.com\/?p=45435#primaryimage"},"thumbnailUrl":"https:\/\/conexion23.com\/wp-content\/uploads\/2025\/09\/descarga-73.jpg","datePublished":"2025-09-26T12:54:59+00:00","dateModified":"2025-09-26T13:05:24+00:00","breadcrumb":{"@id":"https:\/\/conexion23.com\/?p=45435#breadcrumb"},"inLanguage":"es","potentialAction":[{"@type":"ReadAction","target":["https:\/\/conexion23.com\/?p=45435"]}]},{"@type":"ImageObject","inLanguage":"es","@id":"https:\/\/conexion23.com\/?p=45435#primaryimage","url":"https:\/\/conexion23.com\/wp-content\/uploads\/2025\/09\/descarga-73.jpg","contentUrl":"https:\/\/conexion23.com\/wp-content\/uploads\/2025\/09\/descarga-73.jpg","width":300,"height":168},{"@type":"BreadcrumbList","@id":"https:\/\/conexion23.com\/?p=45435#breadcrumb","itemListElement":[{"@type":"ListItem","position":1,"name":"Portada","item":"https:\/\/conexion23.com\/"},{"@type":"ListItem","position":2,"name":"La desaparici\u00f3n de una ni\u00f1a de 12 a\u00f1os que sali\u00f3 de su hogar con un hombre de 45"}]},{"@type":"WebSite","@id":"https:\/\/conexion23.com\/#website","url":"https:\/\/conexion23.com\/","name":"Conexi\u00f3n 23","description":"Peri\u00f3dico 100% Petromacorisano","publisher":{"@id":"https:\/\/conexion23.com\/#organization"},"potentialAction":[{"@type":"SearchAction","target":{"@type":"EntryPoint","urlTemplate":"https:\/\/conexion23.com\/?s={search_term_string}"},"query-input":{"@type":"PropertyValueSpecification","valueRequired":true,"valueName":"search_term_string"}}],"inLanguage":"es"},{"@type":"Organization","@id":"https:\/\/conexion23.com\/#organization","name":"Conexion 23","url":"https:\/\/conexion23.com\/","logo":{"@type":"ImageObject","inLanguage":"es","@id":"https:\/\/conexion23.com\/#\/schema\/logo\/image\/","url":"https:\/\/conexion23.com\/wp-content\/uploads\/2021\/11\/Diseno-sin-titulo-2.png","contentUrl":"https:\/\/conexion23.com\/wp-content\/uploads\/2021\/11\/Diseno-sin-titulo-2.png","width":541,"height":90,"caption":"Conexion 23"},"image":{"@id":"https:\/\/conexion23.com\/#\/schema\/logo\/image\/"},"sameAs":["https:\/\/www.facebook.com\/conexion23com","https:\/\/www.instagram.com\/conexion23com\/","https:\/\/www.youtube.com\/channel\/UCYc7vxxFZMYLIHNsHHxPZ3Q"]},{"@type":"Person","@id":"https:\/\/conexion23.com\/#\/schema\/person\/03e36043331117e97a373299bbcd30a6","name":"Raffy Ben\u00edtez","image":{"@type":"ImageObject","inLanguage":"es","@id":"https:\/\/secure.gravatar.com\/avatar\/3190a6a6c5e1b0327500f7d6c56b6242472ee6cb974cf09b401ee6b3b0798f23?s=96&d=mm&r=g","url":"https:\/\/secure.gravatar.com\/avatar\/3190a6a6c5e1b0327500f7d6c56b6242472ee6cb974cf09b401ee6b3b0798f23?s=96&d=mm&r=g","contentUrl":"https:\/\/secure.gravatar.com\/avatar\/3190a6a6c5e1b0327500f7d6c56b6242472ee6cb974cf09b401ee6b3b0798f23?s=96&d=mm&r=g","caption":"Raffy Ben\u00edtez"},"url":"https:\/\/conexion23.com\/?author=15"}]}},"_links":{"self":[{"href":"https:\/\/conexion23.com\/index.php?rest_route=\/wp\/v2\/posts\/45435","targetHints":{"allow":["GET"]}}],"collection":[{"href":"https:\/\/conexion23.com\/index.php?rest_route=\/wp\/v2\/posts"}],"about":[{"href":"https:\/\/conexion23.com\/index.php?rest_route=\/wp\/v2\/types\/post"}],"author":[{"embeddable":true,"href":"https:\/\/conexion23.com\/index.php?rest_route=\/wp\/v2\/users\/15"}],"replies":[{"embeddable":true,"href":"https:\/\/conexion23.com\/index.php?rest_route=%2Fwp%2Fv2%2Fcomments&post=45435"}],"version-history":[{"count":4,"href":"https:\/\/conexion23.com\/index.php?rest_route=\/wp\/v2\/posts\/45435\/revisions"}],"predecessor-version":[{"id":45442,"href":"https:\/\/conexion23.com\/index.php?rest_route=\/wp\/v2\/posts\/45435\/revisions\/45442"}],"wp:featuredmedia":[{"embeddable":true,"href":"https:\/\/conexion23.com\/index.php?rest_route=\/wp\/v2\/media\/45440"}],"wp:attachment":[{"href":"https:\/\/conexion23.com\/index.php?rest_route=%2Fwp%2Fv2%2Fmedia&parent=45435"}],"wp:term":[{"taxonomy":"category","embeddable":true,"href":"https:\/\/conexion23.com\/index.php?rest_route=%2Fwp%2Fv2%2Fcategories&post=45435"},{"taxonomy":"post_tag","embeddable":true,"href":"https:\/\/conexion23.com\/index.php?rest_route=%2Fwp%2Fv2%2Ftags&post=45435"}],"curies":[{"name":"wp","href":"https:\/\/api.w.org\/{rel}","templated":true}]}}