{"id":4556,"date":"2022-03-21T09:49:21","date_gmt":"2022-03-21T13:49:21","guid":{"rendered":"https:\/\/conexion23.com\/?p=4556"},"modified":"2022-03-21T09:49:27","modified_gmt":"2022-03-21T13:49:27","slug":"los-millones-que-recibiria-pepe-goico-por-indemnizacion-de-ser-reintegrado","status":"publish","type":"post","link":"https:\/\/conexion23.com\/?p=4556","title":{"rendered":"Los millones que recibir\u00eda Pepe Goico por indemnizaci\u00f3n de ser reintegrado"},"content":{"rendered":"\n<p>Si las Fuerzas Armadas dan curso a la sentencia del Tribunal Superior Administrativo (TSA) que ordena el reintegro del excoronel Pedro Julio- Pepe- Goico Guerrera al Ej\u00e9rcito, \u00e9ste recibir\u00eda una compensaci\u00f3n econ\u00f3mica de casi 8 millones de pesos por los sueldos dejados de percibir desde su desvinculaci\u00f3n.<\/p>\n\n\n\n<p>El dictamen dispone que el Ministerio de Defensa autorice el pago de los salarios dejados de recibir desde el 2004, cuando se produjo su retiro, hasta el d\u00eda de la ejecuci\u00f3n de la sentencia.<\/p>\n\n\n\n<p>Los salarios no pagados el exoficial en 18 a\u00f1os que lleva fuera de la instituci\u00f3n militar, suman RD$ 7,927, 200 calculado al sueldo actual que devenga un coronel activo de 36,700 pesos.<\/p>\n\n\n\n<p>Pero si el Estado Mayor General de las Fuerzas Armadas decide reintegrarlo y ponerlo autom\u00e1ticamente en retiro con el mismo rango de coronel, entonces recibir\u00eda otra compensaci\u00f3n por concepto de \u201csueldo por a\u00f1o\u201d que asciende RD$ 1,394,600.<\/p>\n\n\n\n<p>Este \u00faltimo fondo es pagado por el Instituto de Seguridad Social de las Fuerzas Armadas (Issffaa) a trav\u00e9s del programa Sueldo por A\u00f1o. En este caso al exoficial Pepe Goico le corresponder\u00e1 38 sueldos, si se acata la sentencia en la condiciones que indica el Tribunal Superior.<\/p>\n\n\n\n<p>De ser reintegrado, y al mismo tiempo puesto en retiro, entonces le pertenece una pensi\u00f3n por servicios 70 mil pesos aproximadamente, esto porque ocup\u00f3 la subdirecci\u00f3n de la Sexta Brigada de Infanter\u00eda del Ej\u00e9rcito de la Rep\u00fablica Dominicana.<\/p>\n","protected":false},"excerpt":{"rendered":"<p>Si las Fuerzas Armadas dan curso a la sentencia del Tribunal Superior Administrativo (TSA) que ordena el reintegro del excoronel Pedro Julio- Pepe- Goico Guerrera al Ej\u00e9rcito, \u00e9ste recibir\u00eda una compensaci\u00f3n econ\u00f3mica de casi 8 millones de pesos por los sueldos dejados de percibir desde su desvinculaci\u00f3n. El dictamen dispone que el Ministerio de Defensa [&hellip;]<\/p>\n","protected":false},"author":7,"featured_media":0,"comment_status":"open","ping_status":"open","sticky":false,"template":"","format":"standard","meta":{"footnotes":""},"categories":[1],"tags":[1272,1275,1273,1274],"class_list":{"0":"post-4556","1":"post","2":"type-post","3":"status-publish","4":"format-standard","6":"category-uncategorized","7":"tag-ffaa","8":"tag-militar","9":"tag-pepegoico","10":"tag-reintegrado"},"yoast_head":"<!-- This site is optimized with the Yoast SEO plugin v27.1.1 - https:\/\/yoast.com\/product\/yoast-seo-wordpress\/ -->\n<title>Los millones que recibir\u00eda Pepe Goico por indemnizaci\u00f3n de ser reintegrado - Conexi\u00f3n 23<\/title>\n<meta name=\"description\" content=\"Si las Fuerzas Armadas dan curso a la sentencia del Tribunal Superior Administrativo (TSA) que ordena el reintegro del excoronel Pedro Julio- Pepe- Goico Guerrera al Ej\u00e9rcito, \u00e9ste recibir\u00eda una compensaci\u00f3n econ\u00f3mica de casi 8 millones de pesos por los sueldos dejados de percibir desde su desvinculaci\u00f3n.\" \/>\n<meta name=\"robots\" content=\"index, follow, max-snippet:-1, max-image-preview:large, max-video-preview:-1\" \/>\n<link rel=\"canonical\" href=\"https:\/\/conexion23.com\/?p=4556\" \/>\n<meta property=\"og:locale\" content=\"es_ES\" \/>\n<meta property=\"og:type\" content=\"article\" \/>\n<meta property=\"og:title\" content=\"Los millones que recibir\u00eda Pepe Goico por indemnizaci\u00f3n de ser reintegrado - Conexi\u00f3n 23\" \/>\n<meta property=\"og:description\" content=\"Si las Fuerzas Armadas dan curso a la sentencia del Tribunal Superior Administrativo (TSA) que ordena el reintegro del excoronel Pedro Julio- Pepe- Goico Guerrera al Ej\u00e9rcito, \u00e9ste recibir\u00eda una compensaci\u00f3n econ\u00f3mica de casi 8 millones de pesos por los sueldos dejados de percibir desde su desvinculaci\u00f3n.\" \/>\n<meta property=\"og:url\" content=\"https:\/\/conexion23.com\/?p=4556\" \/>\n<meta property=\"og:site_name\" content=\"Conexi\u00f3n 23\" \/>\n<meta property=\"article:publisher\" content=\"https:\/\/www.facebook.com\/conexion23com\" \/>\n<meta property=\"article:published_time\" content=\"2022-03-21T13:49:21+00:00\" \/>\n<meta property=\"article:modified_time\" content=\"2022-03-21T13:49:27+00:00\" \/>\n<meta name=\"author\" content=\"Benjam\u00edn Rosario\" \/>\n<meta name=\"twitter:card\" content=\"summary_large_image\" \/>\n<meta name=\"twitter:label1\" content=\"Escrito por\" \/>\n\t<meta name=\"twitter:data1\" content=\"Benjam\u00edn Rosario\" \/>\n\t<meta name=\"twitter:label2\" content=\"Tiempo de lectura\" \/>\n\t<meta name=\"twitter:data2\" content=\"2 minutos\" \/>\n<script type=\"application\/ld+json\" class=\"yoast-schema-graph\">{\"@context\":\"https:\/\/schema.org\",\"@graph\":[{\"@type\":\"Article\",\"@id\":\"https:\/\/conexion23.com\/?p=4556#article\",\"isPartOf\":{\"@id\":\"https:\/\/conexion23.com\/?p=4556\"},\"author\":{\"name\":\"Benjam\u00edn Rosario\",\"@id\":\"https:\/\/conexion23.com\/#\/schema\/person\/c0b7ce1f0e7a915d08fa289072b8353a\"},\"headline\":\"Los millones que recibir\u00eda Pepe Goico por indemnizaci\u00f3n de ser reintegrado\",\"datePublished\":\"2022-03-21T13:49:21+00:00\",\"dateModified\":\"2022-03-21T13:49:27+00:00\",\"mainEntityOfPage\":{\"@id\":\"https:\/\/conexion23.com\/?p=4556\"},\"wordCount\":259,\"commentCount\":0,\"publisher\":{\"@id\":\"https:\/\/conexion23.com\/#organization\"},\"keywords\":[\"FFAA\",\"militar\",\"pepegoico\",\"reintegrado\"],\"articleSection\":[\"Uncategorized\"],\"inLanguage\":\"es\",\"potentialAction\":[{\"@type\":\"CommentAction\",\"name\":\"Comment\",\"target\":[\"https:\/\/conexion23.com\/?p=4556#respond\"]}]},{\"@type\":\"WebPage\",\"@id\":\"https:\/\/conexion23.com\/?p=4556\",\"url\":\"https:\/\/conexion23.com\/?p=4556\",\"name\":\"Los millones que recibir\u00eda Pepe Goico por indemnizaci\u00f3n de ser reintegrado - Conexi\u00f3n 23\",\"isPartOf\":{\"@id\":\"https:\/\/conexion23.com\/#website\"},\"datePublished\":\"2022-03-21T13:49:21+00:00\",\"dateModified\":\"2022-03-21T13:49:27+00:00\",\"description\":\"Si las Fuerzas Armadas dan curso a la sentencia del Tribunal Superior Administrativo (TSA) que ordena el reintegro del excoronel Pedro Julio- Pepe- Goico Guerrera al Ej\u00e9rcito, \u00e9ste recibir\u00eda una compensaci\u00f3n econ\u00f3mica de casi 8 millones de pesos por los sueldos dejados de percibir desde su desvinculaci\u00f3n.\",\"breadcrumb\":{\"@id\":\"https:\/\/conexion23.com\/?p=4556#breadcrumb\"},\"inLanguage\":\"es\",\"potentialAction\":[{\"@type\":\"ReadAction\",\"target\":[\"https:\/\/conexion23.com\/?p=4556\"]}]},{\"@type\":\"BreadcrumbList\",\"@id\":\"https:\/\/conexion23.com\/?p=4556#breadcrumb\",\"itemListElement\":[{\"@type\":\"ListItem\",\"position\":1,\"name\":\"Portada\",\"item\":\"https:\/\/conexion23.com\/\"},{\"@type\":\"ListItem\",\"position\":2,\"name\":\"Los millones que recibir\u00eda Pepe Goico por indemnizaci\u00f3n de ser reintegrado\"}]},{\"@type\":\"WebSite\",\"@id\":\"https:\/\/conexion23.com\/#website\",\"url\":\"https:\/\/conexion23.com\/\",\"name\":\"Conexi\u00f3n 23\",\"description\":\"Peri\u00f3dico 100% Petromacorisano\",\"publisher\":{\"@id\":\"https:\/\/conexion23.com\/#organization\"},\"potentialAction\":[{\"@type\":\"SearchAction\",\"target\":{\"@type\":\"EntryPoint\",\"urlTemplate\":\"https:\/\/conexion23.com\/?s={search_term_string}\"},\"query-input\":{\"@type\":\"PropertyValueSpecification\",\"valueRequired\":true,\"valueName\":\"search_term_string\"}}],\"inLanguage\":\"es\"},{\"@type\":\"Organization\",\"@id\":\"https:\/\/conexion23.com\/#organization\",\"name\":\"Conexion 23\",\"url\":\"https:\/\/conexion23.com\/\",\"logo\":{\"@type\":\"ImageObject\",\"inLanguage\":\"es\",\"@id\":\"https:\/\/conexion23.com\/#\/schema\/logo\/image\/\",\"url\":\"https:\/\/conexion23.com\/wp-content\/uploads\/2021\/11\/Diseno-sin-titulo-2.png\",\"contentUrl\":\"https:\/\/conexion23.com\/wp-content\/uploads\/2021\/11\/Diseno-sin-titulo-2.png\",\"width\":541,\"height\":90,\"caption\":\"Conexion 23\"},\"image\":{\"@id\":\"https:\/\/conexion23.com\/#\/schema\/logo\/image\/\"},\"sameAs\":[\"https:\/\/www.facebook.com\/conexion23com\",\"https:\/\/www.instagram.com\/conexion23com\/\",\"https:\/\/www.youtube.com\/channel\/UCYc7vxxFZMYLIHNsHHxPZ3Q\"]},{\"@type\":\"Person\",\"@id\":\"https:\/\/conexion23.com\/#\/schema\/person\/c0b7ce1f0e7a915d08fa289072b8353a\",\"name\":\"Benjam\u00edn Rosario\",\"image\":{\"@type\":\"ImageObject\",\"inLanguage\":\"es\",\"@id\":\"https:\/\/conexion23.com\/#\/schema\/person\/image\/\",\"url\":\"https:\/\/secure.gravatar.com\/avatar\/62e1b2539b49cdeb50ee302e2a5f2bd31dc7fdba412bbac67e2a2a6e0c89bb2a?s=96&d=mm&r=g\",\"contentUrl\":\"https:\/\/secure.gravatar.com\/avatar\/62e1b2539b49cdeb50ee302e2a5f2bd31dc7fdba412bbac67e2a2a6e0c89bb2a?s=96&d=mm&r=g\",\"caption\":\"Benjam\u00edn Rosario\"},\"url\":\"https:\/\/conexion23.com\/?author=7\"}]}<\/script>\n<!-- \/ Yoast SEO plugin. -->","yoast_head_json":{"title":"Los millones que recibir\u00eda Pepe Goico por indemnizaci\u00f3n de ser reintegrado - Conexi\u00f3n 23","description":"Si las Fuerzas Armadas dan curso a la sentencia del Tribunal Superior Administrativo (TSA) que ordena el reintegro del excoronel Pedro Julio- Pepe- Goico Guerrera al Ej\u00e9rcito, \u00e9ste recibir\u00eda una compensaci\u00f3n econ\u00f3mica de casi 8 millones de pesos por los sueldos dejados de percibir desde su desvinculaci\u00f3n.","robots":{"index":"index","follow":"follow","max-snippet":"max-snippet:-1","max-image-preview":"max-image-preview:large","max-video-preview":"max-video-preview:-1"},"canonical":"https:\/\/conexion23.com\/?p=4556","og_locale":"es_ES","og_type":"article","og_title":"Los millones que recibir\u00eda Pepe Goico por indemnizaci\u00f3n de ser reintegrado - Conexi\u00f3n 23","og_description":"Si las Fuerzas Armadas dan curso a la sentencia del Tribunal Superior Administrativo (TSA) que ordena el reintegro del excoronel Pedro Julio- Pepe- Goico Guerrera al Ej\u00e9rcito, \u00e9ste recibir\u00eda una compensaci\u00f3n econ\u00f3mica de casi 8 millones de pesos por los sueldos dejados de percibir desde su desvinculaci\u00f3n.","og_url":"https:\/\/conexion23.com\/?p=4556","og_site_name":"Conexi\u00f3n 23","article_publisher":"https:\/\/www.facebook.com\/conexion23com","article_published_time":"2022-03-21T13:49:21+00:00","article_modified_time":"2022-03-21T13:49:27+00:00","author":"Benjam\u00edn Rosario","twitter_card":"summary_large_image","twitter_misc":{"Escrito por":"Benjam\u00edn Rosario","Tiempo de lectura":"2 minutos"},"schema":{"@context":"https:\/\/schema.org","@graph":[{"@type":"Article","@id":"https:\/\/conexion23.com\/?p=4556#article","isPartOf":{"@id":"https:\/\/conexion23.com\/?p=4556"},"author":{"name":"Benjam\u00edn Rosario","@id":"https:\/\/conexion23.com\/#\/schema\/person\/c0b7ce1f0e7a915d08fa289072b8353a"},"headline":"Los millones que recibir\u00eda Pepe Goico por indemnizaci\u00f3n de ser reintegrado","datePublished":"2022-03-21T13:49:21+00:00","dateModified":"2022-03-21T13:49:27+00:00","mainEntityOfPage":{"@id":"https:\/\/conexion23.com\/?p=4556"},"wordCount":259,"commentCount":0,"publisher":{"@id":"https:\/\/conexion23.com\/#organization"},"keywords":["FFAA","militar","pepegoico","reintegrado"],"articleSection":["Uncategorized"],"inLanguage":"es","potentialAction":[{"@type":"CommentAction","name":"Comment","target":["https:\/\/conexion23.com\/?p=4556#respond"]}]},{"@type":"WebPage","@id":"https:\/\/conexion23.com\/?p=4556","url":"https:\/\/conexion23.com\/?p=4556","name":"Los millones que recibir\u00eda Pepe Goico por indemnizaci\u00f3n de ser reintegrado - Conexi\u00f3n 23","isPartOf":{"@id":"https:\/\/conexion23.com\/#website"},"datePublished":"2022-03-21T13:49:21+00:00","dateModified":"2022-03-21T13:49:27+00:00","description":"Si las Fuerzas Armadas dan curso a la sentencia del Tribunal Superior Administrativo (TSA) que ordena el reintegro del excoronel Pedro Julio- Pepe- Goico Guerrera al Ej\u00e9rcito, \u00e9ste recibir\u00eda una compensaci\u00f3n econ\u00f3mica de casi 8 millones de pesos por los sueldos dejados de percibir desde su desvinculaci\u00f3n.","breadcrumb":{"@id":"https:\/\/conexion23.com\/?p=4556#breadcrumb"},"inLanguage":"es","potentialAction":[{"@type":"ReadAction","target":["https:\/\/conexion23.com\/?p=4556"]}]},{"@type":"BreadcrumbList","@id":"https:\/\/conexion23.com\/?p=4556#breadcrumb","itemListElement":[{"@type":"ListItem","position":1,"name":"Portada","item":"https:\/\/conexion23.com\/"},{"@type":"ListItem","position":2,"name":"Los millones que recibir\u00eda Pepe Goico por indemnizaci\u00f3n de ser reintegrado"}]},{"@type":"WebSite","@id":"https:\/\/conexion23.com\/#website","url":"https:\/\/conexion23.com\/","name":"Conexi\u00f3n 23","description":"Peri\u00f3dico 100% Petromacorisano","publisher":{"@id":"https:\/\/conexion23.com\/#organization"},"potentialAction":[{"@type":"SearchAction","target":{"@type":"EntryPoint","urlTemplate":"https:\/\/conexion23.com\/?s={search_term_string}"},"query-input":{"@type":"PropertyValueSpecification","valueRequired":true,"valueName":"search_term_string"}}],"inLanguage":"es"},{"@type":"Organization","@id":"https:\/\/conexion23.com\/#organization","name":"Conexion 23","url":"https:\/\/conexion23.com\/","logo":{"@type":"ImageObject","inLanguage":"es","@id":"https:\/\/conexion23.com\/#\/schema\/logo\/image\/","url":"https:\/\/conexion23.com\/wp-content\/uploads\/2021\/11\/Diseno-sin-titulo-2.png","contentUrl":"https:\/\/conexion23.com\/wp-content\/uploads\/2021\/11\/Diseno-sin-titulo-2.png","width":541,"height":90,"caption":"Conexion 23"},"image":{"@id":"https:\/\/conexion23.com\/#\/schema\/logo\/image\/"},"sameAs":["https:\/\/www.facebook.com\/conexion23com","https:\/\/www.instagram.com\/conexion23com\/","https:\/\/www.youtube.com\/channel\/UCYc7vxxFZMYLIHNsHHxPZ3Q"]},{"@type":"Person","@id":"https:\/\/conexion23.com\/#\/schema\/person\/c0b7ce1f0e7a915d08fa289072b8353a","name":"Benjam\u00edn Rosario","image":{"@type":"ImageObject","inLanguage":"es","@id":"https:\/\/conexion23.com\/#\/schema\/person\/image\/","url":"https:\/\/secure.gravatar.com\/avatar\/62e1b2539b49cdeb50ee302e2a5f2bd31dc7fdba412bbac67e2a2a6e0c89bb2a?s=96&d=mm&r=g","contentUrl":"https:\/\/secure.gravatar.com\/avatar\/62e1b2539b49cdeb50ee302e2a5f2bd31dc7fdba412bbac67e2a2a6e0c89bb2a?s=96&d=mm&r=g","caption":"Benjam\u00edn Rosario"},"url":"https:\/\/conexion23.com\/?author=7"}]}},"_links":{"self":[{"href":"https:\/\/conexion23.com\/index.php?rest_route=\/wp\/v2\/posts\/4556","targetHints":{"allow":["GET"]}}],"collection":[{"href":"https:\/\/conexion23.com\/index.php?rest_route=\/wp\/v2\/posts"}],"about":[{"href":"https:\/\/conexion23.com\/index.php?rest_route=\/wp\/v2\/types\/post"}],"author":[{"embeddable":true,"href":"https:\/\/conexion23.com\/index.php?rest_route=\/wp\/v2\/users\/7"}],"replies":[{"embeddable":true,"href":"https:\/\/conexion23.com\/index.php?rest_route=%2Fwp%2Fv2%2Fcomments&post=4556"}],"version-history":[{"count":1,"href":"https:\/\/conexion23.com\/index.php?rest_route=\/wp\/v2\/posts\/4556\/revisions"}],"predecessor-version":[{"id":4558,"href":"https:\/\/conexion23.com\/index.php?rest_route=\/wp\/v2\/posts\/4556\/revisions\/4558"}],"wp:attachment":[{"href":"https:\/\/conexion23.com\/index.php?rest_route=%2Fwp%2Fv2%2Fmedia&parent=4556"}],"wp:term":[{"taxonomy":"category","embeddable":true,"href":"https:\/\/conexion23.com\/index.php?rest_route=%2Fwp%2Fv2%2Fcategories&post=4556"},{"taxonomy":"post_tag","embeddable":true,"href":"https:\/\/conexion23.com\/index.php?rest_route=%2Fwp%2Fv2%2Ftags&post=4556"}],"curies":[{"name":"wp","href":"https:\/\/api.w.org\/{rel}","templated":true}]}}