{"id":46066,"date":"2025-10-10T07:16:49","date_gmt":"2025-10-10T11:16:49","guid":{"rendered":"https:\/\/conexion23.com\/?p=46066"},"modified":"2025-10-10T07:16:49","modified_gmt":"2025-10-10T11:16:49","slug":"pro-dominicana-presenta-estudio-sobre-la-industria-de-la-moda-en-rd","status":"publish","type":"post","link":"https:\/\/conexion23.com\/?p=46066","title":{"rendered":"Pro Dominicana presenta estudio sobre la industria de la moda en RD"},"content":{"rendered":"<p class=\"p1\" style=\"text-align: justify;\">El Centro de Exportaci\u00f3n e Inversi\u00f3n de la Rep\u00fablica Dominicana (ProDominicana) present\u00f3 la quinta edici\u00f3n del estudio \u201cSituaci\u00f3n de la Industria de la Moda en Rep\u00fablica Dominicana 2025\u201d, en el marco del RD Fashion Week celebrado en el hotel Marriott Piantini.<\/p>\n<p class=\"p1\" style=\"text-align: justify;\">El informe revel\u00f3 que las exportaciones de moda alcanzaron USD 862 millones entre enero y julio de 2025, representando el 10 % del total de las exportaciones nacionales, mientras que en 2024 el valor super\u00f3 los USD 1,581 millones.<\/p>\n<p class=\"p1\" style=\"text-align: justify;\">M\u00e1s de 470 empresas dominicanas colocaron sus productos en 80 mercados internacionales, siendo Estados Unidos, Hait\u00ed, Pa\u00edses Bajos, Reino Unido y B\u00e9lgica los principales destinos. Entre 2016 y 2024, el comercio mundial de bienes de moda pas\u00f3 de USD 1.30 billones a USD 1.78 billones, reflejando resiliencia ante crisis y adapt\u00e1ndose a nuevas tendencias como la moda circular y la digitalizaci\u00f3n.<\/p>\n<p class=\"p1\" style=\"text-align: justify;\">La directora ejecutiva de ProDominicana,\u00a0<strong>Biviana Riveiro Dislaha<\/strong>, ha impulsado una estrategia de diversificaci\u00f3n de exportaciones, priorizando sectores no tradicionales con alto potencial internacional, incluyendo la industria de la moda como un componente clave de la oferta exportable del pa\u00eds.<\/p>\n<p class=\"p1\" style=\"text-align: justify;\">Durante la presentaci\u00f3n, Carolina P\u00e9rez, directora del departamento de Inteligencia de Mercados de ProDominicana, destac\u00f3 la importancia de la formaci\u00f3n t\u00e9cnica para fortalecer la competitividad del sector. En 2024, Infotep capacit\u00f3 a m\u00e1s de 8,500 personas en \u00e1reas relacionadas con la moda y la confecci\u00f3n, de las cuales el 73 % fueron mujeres, consolidando as\u00ed la participaci\u00f3n femenina y el desarrollo de mano de obra especializada en la industria.<\/p>\n","protected":false},"excerpt":{"rendered":"<p>El Centro de Exportaci\u00f3n e Inversi\u00f3n de la Rep\u00fablica Dominicana (ProDominicana) present\u00f3 la quinta edici\u00f3n del estudio \u201cSituaci\u00f3n de la Industria de la Moda en Rep\u00fablica Dominicana 2025\u201d, en el marco del RD Fashion Week celebrado en el hotel Marriott Piantini. El informe revel\u00f3 que las exportaciones de moda alcanzaron USD 862 millones entre enero [&hellip;]<\/p>\n","protected":false},"author":15,"featured_media":46067,"comment_status":"open","ping_status":"open","sticky":false,"template":"","format":"standard","meta":{"footnotes":""},"categories":[20,3913],"tags":[],"class_list":["post-46066","post","type-post","status-publish","format-standard","has-post-thumbnail","category-arte-y-cultura-urbana","category-nacionales"],"yoast_head":"<!-- This site is optimized with the Yoast SEO plugin v27.6 - https:\/\/yoast.com\/product\/yoast-seo-wordpress\/ -->\n<title>Pro Dominicana presenta estudio sobre la industria de la moda en RD - Conexi\u00f3n 23<\/title>\n<meta name=\"robots\" content=\"index, follow, max-snippet:-1, max-image-preview:large, max-video-preview:-1\" \/>\n<link rel=\"canonical\" href=\"https:\/\/conexion23.com\/?p=46066\" \/>\n<meta property=\"og:locale\" content=\"es_ES\" \/>\n<meta property=\"og:type\" content=\"article\" \/>\n<meta property=\"og:title\" content=\"Pro Dominicana presenta estudio sobre la industria de la moda en RD - Conexi\u00f3n 23\" \/>\n<meta property=\"og:description\" content=\"El Centro de Exportaci\u00f3n e Inversi\u00f3n de la Rep\u00fablica Dominicana (ProDominicana) present\u00f3 la quinta edici\u00f3n del estudio \u201cSituaci\u00f3n de la Industria de la Moda en Rep\u00fablica Dominicana 2025\u201d, en el marco del RD Fashion Week celebrado en el hotel Marriott Piantini. El informe revel\u00f3 que las exportaciones de moda alcanzaron USD 862 millones entre enero [&hellip;]\" \/>\n<meta property=\"og:url\" content=\"https:\/\/conexion23.com\/?p=46066\" \/>\n<meta property=\"og:site_name\" content=\"Conexi\u00f3n 23\" \/>\n<meta property=\"article:publisher\" content=\"https:\/\/www.facebook.com\/conexion23com\" \/>\n<meta property=\"article:published_time\" content=\"2025-10-10T11:16:49+00:00\" \/>\n<meta property=\"og:image\" content=\"https:\/\/conexion23.com\/wp-content\/uploads\/2025\/10\/img_6431.jpg\" \/>\n\t<meta property=\"og:image:width\" content=\"1600\" \/>\n\t<meta property=\"og:image:height\" content=\"1066\" \/>\n\t<meta property=\"og:image:type\" content=\"image\/jpeg\" \/>\n<meta name=\"author\" content=\"Raffy Ben\u00edtez\" \/>\n<meta name=\"twitter:card\" content=\"summary_large_image\" \/>\n<meta name=\"twitter:label1\" content=\"Escrito por\" \/>\n\t<meta name=\"twitter:data1\" content=\"Raffy Ben\u00edtez\" \/>\n\t<meta name=\"twitter:label2\" content=\"Tiempo de lectura\" \/>\n\t<meta name=\"twitter:data2\" content=\"2 minutos\" \/>\n<script type=\"application\/ld+json\" class=\"yoast-schema-graph\">{\"@context\":\"https:\\\/\\\/schema.org\",\"@graph\":[{\"@type\":\"Article\",\"@id\":\"https:\\\/\\\/conexion23.com\\\/?p=46066#article\",\"isPartOf\":{\"@id\":\"https:\\\/\\\/conexion23.com\\\/?p=46066\"},\"author\":{\"name\":\"Raffy Ben\u00edtez\",\"@id\":\"https:\\\/\\\/conexion23.com\\\/#\\\/schema\\\/person\\\/03e36043331117e97a373299bbcd30a6\"},\"headline\":\"Pro Dominicana presenta estudio sobre la industria de la moda en RD\",\"datePublished\":\"2025-10-10T11:16:49+00:00\",\"mainEntityOfPage\":{\"@id\":\"https:\\\/\\\/conexion23.com\\\/?p=46066\"},\"wordCount\":265,\"commentCount\":0,\"publisher\":{\"@id\":\"https:\\\/\\\/conexion23.com\\\/#organization\"},\"image\":{\"@id\":\"https:\\\/\\\/conexion23.com\\\/?p=46066#primaryimage\"},\"thumbnailUrl\":\"https:\\\/\\\/conexion23.com\\\/wp-content\\\/uploads\\\/2025\\\/10\\\/img_6431.jpg\",\"articleSection\":[\"Arte y cultura urbana\",\"Nacionales\"],\"inLanguage\":\"es\",\"potentialAction\":[{\"@type\":\"CommentAction\",\"name\":\"Comment\",\"target\":[\"https:\\\/\\\/conexion23.com\\\/?p=46066#respond\"]}]},{\"@type\":\"WebPage\",\"@id\":\"https:\\\/\\\/conexion23.com\\\/?p=46066\",\"url\":\"https:\\\/\\\/conexion23.com\\\/?p=46066\",\"name\":\"Pro Dominicana presenta estudio sobre la industria de la moda en RD - Conexi\u00f3n 23\",\"isPartOf\":{\"@id\":\"https:\\\/\\\/conexion23.com\\\/#website\"},\"primaryImageOfPage\":{\"@id\":\"https:\\\/\\\/conexion23.com\\\/?p=46066#primaryimage\"},\"image\":{\"@id\":\"https:\\\/\\\/conexion23.com\\\/?p=46066#primaryimage\"},\"thumbnailUrl\":\"https:\\\/\\\/conexion23.com\\\/wp-content\\\/uploads\\\/2025\\\/10\\\/img_6431.jpg\",\"datePublished\":\"2025-10-10T11:16:49+00:00\",\"breadcrumb\":{\"@id\":\"https:\\\/\\\/conexion23.com\\\/?p=46066#breadcrumb\"},\"inLanguage\":\"es\",\"potentialAction\":[{\"@type\":\"ReadAction\",\"target\":[\"https:\\\/\\\/conexion23.com\\\/?p=46066\"]}]},{\"@type\":\"ImageObject\",\"inLanguage\":\"es\",\"@id\":\"https:\\\/\\\/conexion23.com\\\/?p=46066#primaryimage\",\"url\":\"https:\\\/\\\/conexion23.com\\\/wp-content\\\/uploads\\\/2025\\\/10\\\/img_6431.jpg\",\"contentUrl\":\"https:\\\/\\\/conexion23.com\\\/wp-content\\\/uploads\\\/2025\\\/10\\\/img_6431.jpg\",\"width\":1600,\"height\":1066},{\"@type\":\"BreadcrumbList\",\"@id\":\"https:\\\/\\\/conexion23.com\\\/?p=46066#breadcrumb\",\"itemListElement\":[{\"@type\":\"ListItem\",\"position\":1,\"name\":\"Portada\",\"item\":\"https:\\\/\\\/conexion23.com\\\/\"},{\"@type\":\"ListItem\",\"position\":2,\"name\":\"Pro Dominicana presenta estudio sobre la industria de la moda en RD\"}]},{\"@type\":\"WebSite\",\"@id\":\"https:\\\/\\\/conexion23.com\\\/#website\",\"url\":\"https:\\\/\\\/conexion23.com\\\/\",\"name\":\"Conexi\u00f3n 23\",\"description\":\"Peri\u00f3dico 100% Petromacorisano\",\"publisher\":{\"@id\":\"https:\\\/\\\/conexion23.com\\\/#organization\"},\"potentialAction\":[{\"@type\":\"SearchAction\",\"target\":{\"@type\":\"EntryPoint\",\"urlTemplate\":\"https:\\\/\\\/conexion23.com\\\/?s={search_term_string}\"},\"query-input\":{\"@type\":\"PropertyValueSpecification\",\"valueRequired\":true,\"valueName\":\"search_term_string\"}}],\"inLanguage\":\"es\"},{\"@type\":\"Organization\",\"@id\":\"https:\\\/\\\/conexion23.com\\\/#organization\",\"name\":\"Conexion 23\",\"url\":\"https:\\\/\\\/conexion23.com\\\/\",\"logo\":{\"@type\":\"ImageObject\",\"inLanguage\":\"es\",\"@id\":\"https:\\\/\\\/conexion23.com\\\/#\\\/schema\\\/logo\\\/image\\\/\",\"url\":\"https:\\\/\\\/conexion23.com\\\/wp-content\\\/uploads\\\/2021\\\/11\\\/Diseno-sin-titulo-2.png\",\"contentUrl\":\"https:\\\/\\\/conexion23.com\\\/wp-content\\\/uploads\\\/2021\\\/11\\\/Diseno-sin-titulo-2.png\",\"width\":541,\"height\":90,\"caption\":\"Conexion 23\"},\"image\":{\"@id\":\"https:\\\/\\\/conexion23.com\\\/#\\\/schema\\\/logo\\\/image\\\/\"},\"sameAs\":[\"https:\\\/\\\/www.facebook.com\\\/conexion23com\",\"https:\\\/\\\/www.instagram.com\\\/conexion23com\\\/\",\"https:\\\/\\\/www.youtube.com\\\/channel\\\/UCYc7vxxFZMYLIHNsHHxPZ3Q\"]},{\"@type\":\"Person\",\"@id\":\"https:\\\/\\\/conexion23.com\\\/#\\\/schema\\\/person\\\/03e36043331117e97a373299bbcd30a6\",\"name\":\"Raffy Ben\u00edtez\",\"image\":{\"@type\":\"ImageObject\",\"inLanguage\":\"es\",\"@id\":\"https:\\\/\\\/secure.gravatar.com\\\/avatar\\\/3190a6a6c5e1b0327500f7d6c56b6242472ee6cb974cf09b401ee6b3b0798f23?s=96&d=mm&r=g\",\"url\":\"https:\\\/\\\/secure.gravatar.com\\\/avatar\\\/3190a6a6c5e1b0327500f7d6c56b6242472ee6cb974cf09b401ee6b3b0798f23?s=96&d=mm&r=g\",\"contentUrl\":\"https:\\\/\\\/secure.gravatar.com\\\/avatar\\\/3190a6a6c5e1b0327500f7d6c56b6242472ee6cb974cf09b401ee6b3b0798f23?s=96&d=mm&r=g\",\"caption\":\"Raffy Ben\u00edtez\"},\"url\":\"https:\\\/\\\/conexion23.com\\\/?author=15\"}]}<\/script>\n<!-- \/ Yoast SEO plugin. -->","yoast_head_json":{"title":"Pro Dominicana presenta estudio sobre la industria de la moda en RD - Conexi\u00f3n 23","robots":{"index":"index","follow":"follow","max-snippet":"max-snippet:-1","max-image-preview":"max-image-preview:large","max-video-preview":"max-video-preview:-1"},"canonical":"https:\/\/conexion23.com\/?p=46066","og_locale":"es_ES","og_type":"article","og_title":"Pro Dominicana presenta estudio sobre la industria de la moda en RD - Conexi\u00f3n 23","og_description":"El Centro de Exportaci\u00f3n e Inversi\u00f3n de la Rep\u00fablica Dominicana (ProDominicana) present\u00f3 la quinta edici\u00f3n del estudio \u201cSituaci\u00f3n de la Industria de la Moda en Rep\u00fablica Dominicana 2025\u201d, en el marco del RD Fashion Week celebrado en el hotel Marriott Piantini. El informe revel\u00f3 que las exportaciones de moda alcanzaron USD 862 millones entre enero [&hellip;]","og_url":"https:\/\/conexion23.com\/?p=46066","og_site_name":"Conexi\u00f3n 23","article_publisher":"https:\/\/www.facebook.com\/conexion23com","article_published_time":"2025-10-10T11:16:49+00:00","og_image":[{"width":1600,"height":1066,"url":"https:\/\/conexion23.com\/wp-content\/uploads\/2025\/10\/img_6431.jpg","type":"image\/jpeg"}],"author":"Raffy Ben\u00edtez","twitter_card":"summary_large_image","twitter_misc":{"Escrito por":"Raffy Ben\u00edtez","Tiempo de lectura":"2 minutos"},"schema":{"@context":"https:\/\/schema.org","@graph":[{"@type":"Article","@id":"https:\/\/conexion23.com\/?p=46066#article","isPartOf":{"@id":"https:\/\/conexion23.com\/?p=46066"},"author":{"name":"Raffy Ben\u00edtez","@id":"https:\/\/conexion23.com\/#\/schema\/person\/03e36043331117e97a373299bbcd30a6"},"headline":"Pro Dominicana presenta estudio sobre la industria de la moda en RD","datePublished":"2025-10-10T11:16:49+00:00","mainEntityOfPage":{"@id":"https:\/\/conexion23.com\/?p=46066"},"wordCount":265,"commentCount":0,"publisher":{"@id":"https:\/\/conexion23.com\/#organization"},"image":{"@id":"https:\/\/conexion23.com\/?p=46066#primaryimage"},"thumbnailUrl":"https:\/\/conexion23.com\/wp-content\/uploads\/2025\/10\/img_6431.jpg","articleSection":["Arte y cultura urbana","Nacionales"],"inLanguage":"es","potentialAction":[{"@type":"CommentAction","name":"Comment","target":["https:\/\/conexion23.com\/?p=46066#respond"]}]},{"@type":"WebPage","@id":"https:\/\/conexion23.com\/?p=46066","url":"https:\/\/conexion23.com\/?p=46066","name":"Pro Dominicana presenta estudio sobre la industria de la moda en RD - Conexi\u00f3n 23","isPartOf":{"@id":"https:\/\/conexion23.com\/#website"},"primaryImageOfPage":{"@id":"https:\/\/conexion23.com\/?p=46066#primaryimage"},"image":{"@id":"https:\/\/conexion23.com\/?p=46066#primaryimage"},"thumbnailUrl":"https:\/\/conexion23.com\/wp-content\/uploads\/2025\/10\/img_6431.jpg","datePublished":"2025-10-10T11:16:49+00:00","breadcrumb":{"@id":"https:\/\/conexion23.com\/?p=46066#breadcrumb"},"inLanguage":"es","potentialAction":[{"@type":"ReadAction","target":["https:\/\/conexion23.com\/?p=46066"]}]},{"@type":"ImageObject","inLanguage":"es","@id":"https:\/\/conexion23.com\/?p=46066#primaryimage","url":"https:\/\/conexion23.com\/wp-content\/uploads\/2025\/10\/img_6431.jpg","contentUrl":"https:\/\/conexion23.com\/wp-content\/uploads\/2025\/10\/img_6431.jpg","width":1600,"height":1066},{"@type":"BreadcrumbList","@id":"https:\/\/conexion23.com\/?p=46066#breadcrumb","itemListElement":[{"@type":"ListItem","position":1,"name":"Portada","item":"https:\/\/conexion23.com\/"},{"@type":"ListItem","position":2,"name":"Pro Dominicana presenta estudio sobre la industria de la moda en RD"}]},{"@type":"WebSite","@id":"https:\/\/conexion23.com\/#website","url":"https:\/\/conexion23.com\/","name":"Conexi\u00f3n 23","description":"Peri\u00f3dico 100% Petromacorisano","publisher":{"@id":"https:\/\/conexion23.com\/#organization"},"potentialAction":[{"@type":"SearchAction","target":{"@type":"EntryPoint","urlTemplate":"https:\/\/conexion23.com\/?s={search_term_string}"},"query-input":{"@type":"PropertyValueSpecification","valueRequired":true,"valueName":"search_term_string"}}],"inLanguage":"es"},{"@type":"Organization","@id":"https:\/\/conexion23.com\/#organization","name":"Conexion 23","url":"https:\/\/conexion23.com\/","logo":{"@type":"ImageObject","inLanguage":"es","@id":"https:\/\/conexion23.com\/#\/schema\/logo\/image\/","url":"https:\/\/conexion23.com\/wp-content\/uploads\/2021\/11\/Diseno-sin-titulo-2.png","contentUrl":"https:\/\/conexion23.com\/wp-content\/uploads\/2021\/11\/Diseno-sin-titulo-2.png","width":541,"height":90,"caption":"Conexion 23"},"image":{"@id":"https:\/\/conexion23.com\/#\/schema\/logo\/image\/"},"sameAs":["https:\/\/www.facebook.com\/conexion23com","https:\/\/www.instagram.com\/conexion23com\/","https:\/\/www.youtube.com\/channel\/UCYc7vxxFZMYLIHNsHHxPZ3Q"]},{"@type":"Person","@id":"https:\/\/conexion23.com\/#\/schema\/person\/03e36043331117e97a373299bbcd30a6","name":"Raffy Ben\u00edtez","image":{"@type":"ImageObject","inLanguage":"es","@id":"https:\/\/secure.gravatar.com\/avatar\/3190a6a6c5e1b0327500f7d6c56b6242472ee6cb974cf09b401ee6b3b0798f23?s=96&d=mm&r=g","url":"https:\/\/secure.gravatar.com\/avatar\/3190a6a6c5e1b0327500f7d6c56b6242472ee6cb974cf09b401ee6b3b0798f23?s=96&d=mm&r=g","contentUrl":"https:\/\/secure.gravatar.com\/avatar\/3190a6a6c5e1b0327500f7d6c56b6242472ee6cb974cf09b401ee6b3b0798f23?s=96&d=mm&r=g","caption":"Raffy Ben\u00edtez"},"url":"https:\/\/conexion23.com\/?author=15"}]}},"_links":{"self":[{"href":"https:\/\/conexion23.com\/index.php?rest_route=\/wp\/v2\/posts\/46066","targetHints":{"allow":["GET"]}}],"collection":[{"href":"https:\/\/conexion23.com\/index.php?rest_route=\/wp\/v2\/posts"}],"about":[{"href":"https:\/\/conexion23.com\/index.php?rest_route=\/wp\/v2\/types\/post"}],"author":[{"embeddable":true,"href":"https:\/\/conexion23.com\/index.php?rest_route=\/wp\/v2\/users\/15"}],"replies":[{"embeddable":true,"href":"https:\/\/conexion23.com\/index.php?rest_route=%2Fwp%2Fv2%2Fcomments&post=46066"}],"version-history":[{"count":1,"href":"https:\/\/conexion23.com\/index.php?rest_route=\/wp\/v2\/posts\/46066\/revisions"}],"predecessor-version":[{"id":46068,"href":"https:\/\/conexion23.com\/index.php?rest_route=\/wp\/v2\/posts\/46066\/revisions\/46068"}],"wp:featuredmedia":[{"embeddable":true,"href":"https:\/\/conexion23.com\/index.php?rest_route=\/wp\/v2\/media\/46067"}],"wp:attachment":[{"href":"https:\/\/conexion23.com\/index.php?rest_route=%2Fwp%2Fv2%2Fmedia&parent=46066"}],"wp:term":[{"taxonomy":"category","embeddable":true,"href":"https:\/\/conexion23.com\/index.php?rest_route=%2Fwp%2Fv2%2Fcategories&post=46066"},{"taxonomy":"post_tag","embeddable":true,"href":"https:\/\/conexion23.com\/index.php?rest_route=%2Fwp%2Fv2%2Ftags&post=46066"}],"curies":[{"name":"wp","href":"https:\/\/api.w.org\/{rel}","templated":true}]}}