{"id":46078,"date":"2025-10-10T08:16:44","date_gmt":"2025-10-10T12:16:44","guid":{"rendered":"https:\/\/conexion23.com\/?p=46078"},"modified":"2025-10-10T08:16:44","modified_gmt":"2025-10-10T12:16:44","slug":"rd-se-consolida-como-potencia-minera-en-medio-del-auge-del-oro","status":"publish","type":"post","link":"https:\/\/conexion23.com\/?p=46078","title":{"rendered":"RD se consolida como potencia minera en medio del auge del oro"},"content":{"rendered":"<p style=\"text-align: justify;\">Rep\u00fablica Dominicana se consolida como uno de los principales\u00a0<strong>e<\/strong><a href=\"https:\/\/eldia.com.do\/record-historico-del-oro-impulsa-las-exportaciones\/\" target=\"_blank\" rel=\"noopener\"><strong>xportadores\u00a0<\/strong>de\u00a0<strong>oro\u00a0<\/strong>en la regi\u00f3n<\/a>, debido a una producci\u00f3n sostenida en\u00a0<strong>minas de alto rendimiento<\/strong> y un entorno internacional favorable, marcado por tensiones geopol\u00edticas, incertidumbre econ\u00f3mica global y un alza hist\u00f3rica en el precio del metal precioso.<\/p>\n<p style=\"text-align: justify;\">Seg\u00fan el<strong>\u00a0director general de Miner\u00eda, Rolando Mu\u00f1oz<\/strong>, el pa\u00eds cuenta con\u00a0<strong>Pueblo Viejo,<\/strong> una de las minas de oro a cielo abierto m\u00e1s importantes del mundo, operada por la empresa Barrick.<\/p>\n<p style=\"text-align: justify;\">Destaca que esta mina ha mantenido una producci\u00f3n constante desde 2013, alcanzando entre\u00a0<strong>650 mil y 700 mil onzas de oro anualmente,<\/strong>\u00a0con reservas proyectadas para mantener una producci\u00f3n de<strong>\u00a0750 mil onzas por a\u00f1o<\/strong>\u00a0durante los pr\u00f3ximos 25 a\u00f1os.<\/p>\n<p style=\"text-align: justify;\">Adem\u00e1s de Pueblo Viejo, Mu\u00f1oz destac\u00f3 la operaci\u00f3n de<strong>\u00a0Cormidom<\/strong>, una mina que aunque se enfoca principalmente en\u00a0<strong>cobre y zinc<\/strong>, tambi\u00e9n aporta una modesta cantidad de<strong>\u00a0oro<\/strong>\u00a0al pa\u00eds.<\/p>\n<p style=\"text-align: justify;\">\u201cEsta producci\u00f3n adicional representa entre\u00a0<strong>10 mil y 15 mil onzas al a\u00f1o<\/strong>, aprovechada debido a los altos precios actuales del mercado\u201d, apunt\u00f3 a El D\u00eda.<\/p>\n<p style=\"text-align: justify;\"><strong>Nuevos proyectos mineros en evaluaci\u00f3n<\/strong><\/p>\n<p style=\"text-align: justify;\">De cara al futuro, la Direcci\u00f3n General de Miner\u00eda inform\u00f3 que hay\u00a0<strong>dos grandes proyectos<\/strong>\u00a0que podr\u00edan incorporarse al mapa productivo del pa\u00eds como es\u00a0<strong>Romero de GoldQuest,<\/strong>\u00a0ubicado en San Juan, que actualmente elabora su estudio de impacto ambiental.<\/p>\n<p style=\"text-align: justify;\">Explic\u00f3 que si se aprueba este se podr\u00eda sumar unas\u00a0<strong>150 mil onzas adicionales<\/strong>\u00a0a la producci\u00f3n anual.<\/p>\n<p style=\"text-align: justify;\">Tambi\u00e9n subray\u00f3 el\u00a0<strong>proyecto de Unigold<\/strong>, en Restauraci\u00f3n, provincia Dajab\u00f3n, que igualmente est\u00e1 a la espera de los t\u00e9rminos de referencia para iniciar su evaluaci\u00f3n ambiental. Esta futura mina explotar\u00eda oro, cobre y plata.<\/p>\n<p style=\"text-align: justify;\">Mu\u00f1oz recalc\u00f3 que mientras no se concluyan los\u00a0<strong>estudios ambientales<\/strong>, no se puede definir con precisi\u00f3n el nivel de producci\u00f3n futura de estos proyectos.<\/p>\n<p style=\"text-align: justify;\">No obstante, dijo que se espera que ambos impacten significativamente la<strong>\u00a0econom\u00eda nacional<\/strong>, especialmente si los precios del oro se mantienen elevados.<\/p>\n<p style=\"text-align: justify;\"><strong>Extracci\u00f3n artesanal: oro aluvial en peque\u00f1a escala<\/strong><\/p>\n<p style=\"text-align: justify;\">Rolando Mu\u00f1oz expres\u00f3 que en paralelo a la miner\u00eda, el pa\u00eds registra actividades de\u00a0<strong>extracci\u00f3n de oro aluvial\u00a0<\/strong>en tres comunidades como\u00a0<strong>Miches<\/strong>,\u00a0<strong>Villa Altagracia<\/strong>\u00a0y<strong>\u00a0San Jos\u00e9 de las Matas<\/strong>.<\/p>\n<div class=\"w-100 h-auto\" style=\"text-align: justify;\"><\/div>\n<p style=\"text-align: justify;\"><strong>Rolando Mu\u00f1oz, director de Miner\u00eda.<\/strong><\/p>\n<p style=\"text-align: justify;\">Se\u00f1al\u00f3 que esta actividad artesanal, no tecnificada y de subsistencia, involucra entre<strong>\u00a080 y 100 personas,\u00a0<\/strong>registrando una producci\u00f3n total en el a\u00f1o de mayor actividad de apenas dos kilogramos.<\/p>\n<p style=\"text-align: justify;\">Aclar\u00f3 que el<strong>\u00a0oro<\/strong>\u00a0obtenido de forma artesanal se vende principalmente a<strong>\u00a0joyeros locales,<\/strong>\u00a0quienes lo transforman en piezas para el mercado interno o exportaci\u00f3n.<\/p>\n<p style=\"text-align: justify;\">Mu\u00f1oz resalt\u00f3 que el\u00a0<strong>oro<\/strong>\u00a0es el principal producto d<strong>e exportaci\u00f3n<\/strong>\u00a0unitario del pa\u00eds, con una participaci\u00f3n del 20% al 21% del total exportado.<\/p>\n<p style=\"text-align: justify;\"><strong>R\u00e9cord hist\u00f3rico del oro impulsa las exportaciones<\/strong><\/p>\n<p style=\"text-align: justify;\">En un contexto global vol\u00e1til, el\u00a0<strong>oro<\/strong>\u00a0ha emergido nuevamente como refugio seguro para inversionistas, y su precio ha alcanzado niveles hist\u00f3ricos.<\/p>\n<p style=\"text-align: justify;\">De acuerdo con Bloomberg, la onza troy de oro lleg\u00f3 recientemente a\u00a0<strong>US$4,079.10,<\/strong>\u00a0impulsada por la incertidumbre pol\u00edtica en Estados Unidos, marcada por un cierre parcial del Gobierno federal y Francia, donde el presidente Emmanuel Macron busca destrabar una crisis pol\u00edtica.<\/p>\n<p style=\"text-align: justify;\">Dicha situaci\u00f3n ha reforzado la demanda del<strong>\u00a0oro<\/strong>\u00a0como activo refugio, llevando su revalorizaci\u00f3n anual a un 49%, seg\u00fan datos de la agencia EFE.<\/p>\n<p style=\"text-align: justify;\">Las causas detr\u00e1s de esta alza incluyen la debilidad del d\u00f3lar, compras masivas por parte de bancos centrales y un clima geopol\u00edtico tenso.<\/p>\n<p style=\"text-align: justify;\">Este auge en los precios ha impactado directamente las<strong>\u00a0exportaciones dominicanas<\/strong>. En los primeros ocho meses de 2025, Rep\u00fablica Dominicana export\u00f3 oro por un valor de\u00a0<strong>US$1,383.0 millones.<\/strong><\/p>\n<p style=\"text-align: justify;\">De acuerdo con el Centro de Exportaci\u00f3n e Inversi\u00f3n de la Rep\u00fablica Dominicana (Pro Dominicana), esto representa un crecimiento interanual del\u00a0<strong>58.9%<\/strong>, lo que equivale a una variaci\u00f3n absoluta de US$512.7 millones.<\/p>\n<p style=\"text-align: justify;\"><strong>Mercados clave<\/strong><\/p>\n<p style=\"text-align: justify;\">El mercado internacional del<strong>\u00a0oro dominicano\u00a0<\/strong>est\u00e1 concentrado en cinco destinos clave.\u00a0<strong>India<\/strong>\u00a0se posiciona como el principal comprador, con importaciones por US$947.5 millones y un crecimiento interanual de 140.8 %, indica Pro Dominicana.<\/p>\n<p style=\"text-align: justify;\"><strong>Canad\u00e1\u00a0<\/strong>ocupa el segundo lugar, con compras de oro dominicano por US$359.4 millones. Adem\u00e1s destaca que sigue\u00a0<strong>Estados Unidos<\/strong>, el cual import\u00f3 oro por un valor de US$40.6 millones.<\/p>\n<p style=\"text-align: justify;\">Esto representa un notable crecimiento de 446.0 % para una variaci\u00f3n absoluta de US$33.2 millones. Le siguen\u00a0<strong>Suiza<\/strong>, con US$32.5 millones, lo que representa una variaci\u00f3n de US$435.6 millones, aunque con una ca\u00edda de 93.1%.\u00a0<strong>Italia<\/strong>\u00a0con US$3.0 millones, lo que representa un incremento del 135.5 %.<\/p>\n<p style=\"text-align: justify;\"><strong>Proyecciones<\/strong><\/p>\n<p style=\"text-align: justify;\">El Gobierno dominicano prev\u00e9 que los<strong>\u00a0precios del<\/strong>\u00a0<strong>oro\u00a0<\/strong>se mantendr\u00e1n elevados durante los pr\u00f3ximos a\u00f1os.<\/p>\n<p style=\"text-align: justify;\">Las proyecciones macroecon\u00f3micas incluidas en el Presupuesto General del Estado para 2025\u20132029 estiman que la onza se cotizar\u00e1 en promedio a\u00a0<strong>US$3,363.6 en 2025<\/strong>, seg\u00fan el Ministerio de Hacienda y Econom\u00eda.<\/p>\n","protected":false},"excerpt":{"rendered":"<p>Rep\u00fablica Dominicana se consolida como uno de los principales\u00a0exportadores\u00a0de\u00a0oro\u00a0en la regi\u00f3n, debido a una producci\u00f3n sostenida en\u00a0minas de alto rendimiento y un entorno internacional favorable, marcado por tensiones geopol\u00edticas, incertidumbre econ\u00f3mica global y un alza hist\u00f3rica en el precio del metal precioso. Seg\u00fan el\u00a0director general de Miner\u00eda, Rolando Mu\u00f1oz, el pa\u00eds cuenta con\u00a0Pueblo Viejo, una [&hellip;]<\/p>\n","protected":false},"author":15,"featured_media":46079,"comment_status":"open","ping_status":"open","sticky":false,"template":"","format":"standard","meta":{"footnotes":""},"categories":[3913],"tags":[],"class_list":["post-46078","post","type-post","status-publish","format-standard","has-post-thumbnail","category-nacionales"],"yoast_head":"<!-- This site is optimized with the Yoast SEO plugin v27.6 - https:\/\/yoast.com\/product\/yoast-seo-wordpress\/ -->\n<title>RD se consolida como potencia minera en medio del auge del oro - Conexi\u00f3n 23<\/title>\n<meta name=\"robots\" content=\"index, follow, max-snippet:-1, max-image-preview:large, max-video-preview:-1\" \/>\n<link rel=\"canonical\" href=\"https:\/\/conexion23.com\/?p=46078\" \/>\n<meta property=\"og:locale\" content=\"es_ES\" \/>\n<meta property=\"og:type\" content=\"article\" \/>\n<meta property=\"og:title\" content=\"RD se consolida como potencia minera en medio del auge del oro - Conexi\u00f3n 23\" \/>\n<meta property=\"og:description\" content=\"Rep\u00fablica Dominicana se consolida como uno de los principales\u00a0exportadores\u00a0de\u00a0oro\u00a0en la regi\u00f3n, debido a una producci\u00f3n sostenida en\u00a0minas de alto rendimiento y un entorno internacional favorable, marcado por tensiones geopol\u00edticas, incertidumbre econ\u00f3mica global y un alza hist\u00f3rica en el precio del metal precioso. Seg\u00fan el\u00a0director general de Miner\u00eda, Rolando Mu\u00f1oz, el pa\u00eds cuenta con\u00a0Pueblo Viejo, una [&hellip;]\" \/>\n<meta property=\"og:url\" content=\"https:\/\/conexion23.com\/?p=46078\" \/>\n<meta property=\"og:site_name\" content=\"Conexi\u00f3n 23\" \/>\n<meta property=\"article:publisher\" content=\"https:\/\/www.facebook.com\/conexion23com\" \/>\n<meta property=\"article:published_time\" content=\"2025-10-10T12:16:44+00:00\" \/>\n<meta property=\"og:image\" content=\"https:\/\/conexion23.com\/wp-content\/uploads\/2025\/10\/13_Econo_11_1p01-750x375-2.webp\" \/>\n\t<meta property=\"og:image:width\" content=\"750\" \/>\n\t<meta property=\"og:image:height\" content=\"375\" \/>\n\t<meta property=\"og:image:type\" content=\"image\/webp\" \/>\n<meta name=\"author\" content=\"Raffy Ben\u00edtez\" \/>\n<meta name=\"twitter:card\" content=\"summary_large_image\" \/>\n<meta name=\"twitter:label1\" content=\"Escrito por\" \/>\n\t<meta name=\"twitter:data1\" content=\"Raffy Ben\u00edtez\" \/>\n\t<meta name=\"twitter:label2\" content=\"Tiempo de lectura\" \/>\n\t<meta name=\"twitter:data2\" content=\"4 minutos\" \/>\n<script type=\"application\/ld+json\" class=\"yoast-schema-graph\">{\"@context\":\"https:\\\/\\\/schema.org\",\"@graph\":[{\"@type\":\"Article\",\"@id\":\"https:\\\/\\\/conexion23.com\\\/?p=46078#article\",\"isPartOf\":{\"@id\":\"https:\\\/\\\/conexion23.com\\\/?p=46078\"},\"author\":{\"name\":\"Raffy Ben\u00edtez\",\"@id\":\"https:\\\/\\\/conexion23.com\\\/#\\\/schema\\\/person\\\/03e36043331117e97a373299bbcd30a6\"},\"headline\":\"RD se consolida como potencia minera en medio del auge del oro\",\"datePublished\":\"2025-10-10T12:16:44+00:00\",\"mainEntityOfPage\":{\"@id\":\"https:\\\/\\\/conexion23.com\\\/?p=46078\"},\"wordCount\":850,\"commentCount\":0,\"publisher\":{\"@id\":\"https:\\\/\\\/conexion23.com\\\/#organization\"},\"image\":{\"@id\":\"https:\\\/\\\/conexion23.com\\\/?p=46078#primaryimage\"},\"thumbnailUrl\":\"https:\\\/\\\/conexion23.com\\\/wp-content\\\/uploads\\\/2025\\\/10\\\/13_Econo_11_1p01-750x375-2.webp\",\"articleSection\":[\"Nacionales\"],\"inLanguage\":\"es\",\"potentialAction\":[{\"@type\":\"CommentAction\",\"name\":\"Comment\",\"target\":[\"https:\\\/\\\/conexion23.com\\\/?p=46078#respond\"]}]},{\"@type\":\"WebPage\",\"@id\":\"https:\\\/\\\/conexion23.com\\\/?p=46078\",\"url\":\"https:\\\/\\\/conexion23.com\\\/?p=46078\",\"name\":\"RD se consolida como potencia minera en medio del auge del oro - Conexi\u00f3n 23\",\"isPartOf\":{\"@id\":\"https:\\\/\\\/conexion23.com\\\/#website\"},\"primaryImageOfPage\":{\"@id\":\"https:\\\/\\\/conexion23.com\\\/?p=46078#primaryimage\"},\"image\":{\"@id\":\"https:\\\/\\\/conexion23.com\\\/?p=46078#primaryimage\"},\"thumbnailUrl\":\"https:\\\/\\\/conexion23.com\\\/wp-content\\\/uploads\\\/2025\\\/10\\\/13_Econo_11_1p01-750x375-2.webp\",\"datePublished\":\"2025-10-10T12:16:44+00:00\",\"breadcrumb\":{\"@id\":\"https:\\\/\\\/conexion23.com\\\/?p=46078#breadcrumb\"},\"inLanguage\":\"es\",\"potentialAction\":[{\"@type\":\"ReadAction\",\"target\":[\"https:\\\/\\\/conexion23.com\\\/?p=46078\"]}]},{\"@type\":\"ImageObject\",\"inLanguage\":\"es\",\"@id\":\"https:\\\/\\\/conexion23.com\\\/?p=46078#primaryimage\",\"url\":\"https:\\\/\\\/conexion23.com\\\/wp-content\\\/uploads\\\/2025\\\/10\\\/13_Econo_11_1p01-750x375-2.webp\",\"contentUrl\":\"https:\\\/\\\/conexion23.com\\\/wp-content\\\/uploads\\\/2025\\\/10\\\/13_Econo_11_1p01-750x375-2.webp\",\"width\":750,\"height\":375},{\"@type\":\"BreadcrumbList\",\"@id\":\"https:\\\/\\\/conexion23.com\\\/?p=46078#breadcrumb\",\"itemListElement\":[{\"@type\":\"ListItem\",\"position\":1,\"name\":\"Portada\",\"item\":\"https:\\\/\\\/conexion23.com\\\/\"},{\"@type\":\"ListItem\",\"position\":2,\"name\":\"RD se consolida como potencia minera en medio del auge del oro\"}]},{\"@type\":\"WebSite\",\"@id\":\"https:\\\/\\\/conexion23.com\\\/#website\",\"url\":\"https:\\\/\\\/conexion23.com\\\/\",\"name\":\"Conexi\u00f3n 23\",\"description\":\"Peri\u00f3dico 100% Petromacorisano\",\"publisher\":{\"@id\":\"https:\\\/\\\/conexion23.com\\\/#organization\"},\"potentialAction\":[{\"@type\":\"SearchAction\",\"target\":{\"@type\":\"EntryPoint\",\"urlTemplate\":\"https:\\\/\\\/conexion23.com\\\/?s={search_term_string}\"},\"query-input\":{\"@type\":\"PropertyValueSpecification\",\"valueRequired\":true,\"valueName\":\"search_term_string\"}}],\"inLanguage\":\"es\"},{\"@type\":\"Organization\",\"@id\":\"https:\\\/\\\/conexion23.com\\\/#organization\",\"name\":\"Conexion 23\",\"url\":\"https:\\\/\\\/conexion23.com\\\/\",\"logo\":{\"@type\":\"ImageObject\",\"inLanguage\":\"es\",\"@id\":\"https:\\\/\\\/conexion23.com\\\/#\\\/schema\\\/logo\\\/image\\\/\",\"url\":\"https:\\\/\\\/conexion23.com\\\/wp-content\\\/uploads\\\/2021\\\/11\\\/Diseno-sin-titulo-2.png\",\"contentUrl\":\"https:\\\/\\\/conexion23.com\\\/wp-content\\\/uploads\\\/2021\\\/11\\\/Diseno-sin-titulo-2.png\",\"width\":541,\"height\":90,\"caption\":\"Conexion 23\"},\"image\":{\"@id\":\"https:\\\/\\\/conexion23.com\\\/#\\\/schema\\\/logo\\\/image\\\/\"},\"sameAs\":[\"https:\\\/\\\/www.facebook.com\\\/conexion23com\",\"https:\\\/\\\/www.instagram.com\\\/conexion23com\\\/\",\"https:\\\/\\\/www.youtube.com\\\/channel\\\/UCYc7vxxFZMYLIHNsHHxPZ3Q\"]},{\"@type\":\"Person\",\"@id\":\"https:\\\/\\\/conexion23.com\\\/#\\\/schema\\\/person\\\/03e36043331117e97a373299bbcd30a6\",\"name\":\"Raffy Ben\u00edtez\",\"image\":{\"@type\":\"ImageObject\",\"inLanguage\":\"es\",\"@id\":\"https:\\\/\\\/secure.gravatar.com\\\/avatar\\\/3190a6a6c5e1b0327500f7d6c56b6242472ee6cb974cf09b401ee6b3b0798f23?s=96&d=mm&r=g\",\"url\":\"https:\\\/\\\/secure.gravatar.com\\\/avatar\\\/3190a6a6c5e1b0327500f7d6c56b6242472ee6cb974cf09b401ee6b3b0798f23?s=96&d=mm&r=g\",\"contentUrl\":\"https:\\\/\\\/secure.gravatar.com\\\/avatar\\\/3190a6a6c5e1b0327500f7d6c56b6242472ee6cb974cf09b401ee6b3b0798f23?s=96&d=mm&r=g\",\"caption\":\"Raffy Ben\u00edtez\"},\"url\":\"https:\\\/\\\/conexion23.com\\\/?author=15\"}]}<\/script>\n<!-- \/ Yoast SEO plugin. -->","yoast_head_json":{"title":"RD se consolida como potencia minera en medio del auge del oro - Conexi\u00f3n 23","robots":{"index":"index","follow":"follow","max-snippet":"max-snippet:-1","max-image-preview":"max-image-preview:large","max-video-preview":"max-video-preview:-1"},"canonical":"https:\/\/conexion23.com\/?p=46078","og_locale":"es_ES","og_type":"article","og_title":"RD se consolida como potencia minera en medio del auge del oro - Conexi\u00f3n 23","og_description":"Rep\u00fablica Dominicana se consolida como uno de los principales\u00a0exportadores\u00a0de\u00a0oro\u00a0en la regi\u00f3n, debido a una producci\u00f3n sostenida en\u00a0minas de alto rendimiento y un entorno internacional favorable, marcado por tensiones geopol\u00edticas, incertidumbre econ\u00f3mica global y un alza hist\u00f3rica en el precio del metal precioso. Seg\u00fan el\u00a0director general de Miner\u00eda, Rolando Mu\u00f1oz, el pa\u00eds cuenta con\u00a0Pueblo Viejo, una [&hellip;]","og_url":"https:\/\/conexion23.com\/?p=46078","og_site_name":"Conexi\u00f3n 23","article_publisher":"https:\/\/www.facebook.com\/conexion23com","article_published_time":"2025-10-10T12:16:44+00:00","og_image":[{"width":750,"height":375,"url":"https:\/\/conexion23.com\/wp-content\/uploads\/2025\/10\/13_Econo_11_1p01-750x375-2.webp","type":"image\/webp"}],"author":"Raffy Ben\u00edtez","twitter_card":"summary_large_image","twitter_misc":{"Escrito por":"Raffy Ben\u00edtez","Tiempo de lectura":"4 minutos"},"schema":{"@context":"https:\/\/schema.org","@graph":[{"@type":"Article","@id":"https:\/\/conexion23.com\/?p=46078#article","isPartOf":{"@id":"https:\/\/conexion23.com\/?p=46078"},"author":{"name":"Raffy Ben\u00edtez","@id":"https:\/\/conexion23.com\/#\/schema\/person\/03e36043331117e97a373299bbcd30a6"},"headline":"RD se consolida como potencia minera en medio del auge del oro","datePublished":"2025-10-10T12:16:44+00:00","mainEntityOfPage":{"@id":"https:\/\/conexion23.com\/?p=46078"},"wordCount":850,"commentCount":0,"publisher":{"@id":"https:\/\/conexion23.com\/#organization"},"image":{"@id":"https:\/\/conexion23.com\/?p=46078#primaryimage"},"thumbnailUrl":"https:\/\/conexion23.com\/wp-content\/uploads\/2025\/10\/13_Econo_11_1p01-750x375-2.webp","articleSection":["Nacionales"],"inLanguage":"es","potentialAction":[{"@type":"CommentAction","name":"Comment","target":["https:\/\/conexion23.com\/?p=46078#respond"]}]},{"@type":"WebPage","@id":"https:\/\/conexion23.com\/?p=46078","url":"https:\/\/conexion23.com\/?p=46078","name":"RD se consolida como potencia minera en medio del auge del oro - Conexi\u00f3n 23","isPartOf":{"@id":"https:\/\/conexion23.com\/#website"},"primaryImageOfPage":{"@id":"https:\/\/conexion23.com\/?p=46078#primaryimage"},"image":{"@id":"https:\/\/conexion23.com\/?p=46078#primaryimage"},"thumbnailUrl":"https:\/\/conexion23.com\/wp-content\/uploads\/2025\/10\/13_Econo_11_1p01-750x375-2.webp","datePublished":"2025-10-10T12:16:44+00:00","breadcrumb":{"@id":"https:\/\/conexion23.com\/?p=46078#breadcrumb"},"inLanguage":"es","potentialAction":[{"@type":"ReadAction","target":["https:\/\/conexion23.com\/?p=46078"]}]},{"@type":"ImageObject","inLanguage":"es","@id":"https:\/\/conexion23.com\/?p=46078#primaryimage","url":"https:\/\/conexion23.com\/wp-content\/uploads\/2025\/10\/13_Econo_11_1p01-750x375-2.webp","contentUrl":"https:\/\/conexion23.com\/wp-content\/uploads\/2025\/10\/13_Econo_11_1p01-750x375-2.webp","width":750,"height":375},{"@type":"BreadcrumbList","@id":"https:\/\/conexion23.com\/?p=46078#breadcrumb","itemListElement":[{"@type":"ListItem","position":1,"name":"Portada","item":"https:\/\/conexion23.com\/"},{"@type":"ListItem","position":2,"name":"RD se consolida como potencia minera en medio del auge del oro"}]},{"@type":"WebSite","@id":"https:\/\/conexion23.com\/#website","url":"https:\/\/conexion23.com\/","name":"Conexi\u00f3n 23","description":"Peri\u00f3dico 100% Petromacorisano","publisher":{"@id":"https:\/\/conexion23.com\/#organization"},"potentialAction":[{"@type":"SearchAction","target":{"@type":"EntryPoint","urlTemplate":"https:\/\/conexion23.com\/?s={search_term_string}"},"query-input":{"@type":"PropertyValueSpecification","valueRequired":true,"valueName":"search_term_string"}}],"inLanguage":"es"},{"@type":"Organization","@id":"https:\/\/conexion23.com\/#organization","name":"Conexion 23","url":"https:\/\/conexion23.com\/","logo":{"@type":"ImageObject","inLanguage":"es","@id":"https:\/\/conexion23.com\/#\/schema\/logo\/image\/","url":"https:\/\/conexion23.com\/wp-content\/uploads\/2021\/11\/Diseno-sin-titulo-2.png","contentUrl":"https:\/\/conexion23.com\/wp-content\/uploads\/2021\/11\/Diseno-sin-titulo-2.png","width":541,"height":90,"caption":"Conexion 23"},"image":{"@id":"https:\/\/conexion23.com\/#\/schema\/logo\/image\/"},"sameAs":["https:\/\/www.facebook.com\/conexion23com","https:\/\/www.instagram.com\/conexion23com\/","https:\/\/www.youtube.com\/channel\/UCYc7vxxFZMYLIHNsHHxPZ3Q"]},{"@type":"Person","@id":"https:\/\/conexion23.com\/#\/schema\/person\/03e36043331117e97a373299bbcd30a6","name":"Raffy Ben\u00edtez","image":{"@type":"ImageObject","inLanguage":"es","@id":"https:\/\/secure.gravatar.com\/avatar\/3190a6a6c5e1b0327500f7d6c56b6242472ee6cb974cf09b401ee6b3b0798f23?s=96&d=mm&r=g","url":"https:\/\/secure.gravatar.com\/avatar\/3190a6a6c5e1b0327500f7d6c56b6242472ee6cb974cf09b401ee6b3b0798f23?s=96&d=mm&r=g","contentUrl":"https:\/\/secure.gravatar.com\/avatar\/3190a6a6c5e1b0327500f7d6c56b6242472ee6cb974cf09b401ee6b3b0798f23?s=96&d=mm&r=g","caption":"Raffy Ben\u00edtez"},"url":"https:\/\/conexion23.com\/?author=15"}]}},"_links":{"self":[{"href":"https:\/\/conexion23.com\/index.php?rest_route=\/wp\/v2\/posts\/46078","targetHints":{"allow":["GET"]}}],"collection":[{"href":"https:\/\/conexion23.com\/index.php?rest_route=\/wp\/v2\/posts"}],"about":[{"href":"https:\/\/conexion23.com\/index.php?rest_route=\/wp\/v2\/types\/post"}],"author":[{"embeddable":true,"href":"https:\/\/conexion23.com\/index.php?rest_route=\/wp\/v2\/users\/15"}],"replies":[{"embeddable":true,"href":"https:\/\/conexion23.com\/index.php?rest_route=%2Fwp%2Fv2%2Fcomments&post=46078"}],"version-history":[{"count":1,"href":"https:\/\/conexion23.com\/index.php?rest_route=\/wp\/v2\/posts\/46078\/revisions"}],"predecessor-version":[{"id":46080,"href":"https:\/\/conexion23.com\/index.php?rest_route=\/wp\/v2\/posts\/46078\/revisions\/46080"}],"wp:featuredmedia":[{"embeddable":true,"href":"https:\/\/conexion23.com\/index.php?rest_route=\/wp\/v2\/media\/46079"}],"wp:attachment":[{"href":"https:\/\/conexion23.com\/index.php?rest_route=%2Fwp%2Fv2%2Fmedia&parent=46078"}],"wp:term":[{"taxonomy":"category","embeddable":true,"href":"https:\/\/conexion23.com\/index.php?rest_route=%2Fwp%2Fv2%2Fcategories&post=46078"},{"taxonomy":"post_tag","embeddable":true,"href":"https:\/\/conexion23.com\/index.php?rest_route=%2Fwp%2Fv2%2Ftags&post=46078"}],"curies":[{"name":"wp","href":"https:\/\/api.w.org\/{rel}","templated":true}]}}