{"id":46484,"date":"2025-10-16T09:00:52","date_gmt":"2025-10-16T13:00:52","guid":{"rendered":"https:\/\/conexion23.com\/?p=46484"},"modified":"2025-10-16T08:38:55","modified_gmt":"2025-10-16T12:38:55","slug":"rd-vial-anuncia-plan-de-modernizacion-y-embellecimiento-del-boulevard-turistico-del-este","status":"publish","type":"post","link":"https:\/\/conexion23.com\/?p=46484","title":{"rendered":"RD Vial anuncia plan de modernizaci\u00f3n y embellecimiento del Boulevard Tur\u00edstico del Este"},"content":{"rendered":"<p style=\"text-align: justify;\"><strong>El director general del Fideicomiso RD Vial, Hostos Rizik Lugo, present\u00f3 un ambicioso plan de intervenci\u00f3n y mejora del\u00a0Boulevard Tur\u00edstico del Este, que contempla la ampliaci\u00f3n de la v\u00eda, el fortalecimiento de la seguridad vial y un programa de embellecimiento ambiental que incluye la siembra de m\u00e1s de\u00a070 mil plantas. La inversi\u00f3n total estimada asciende a\u00a010 millones de d\u00f3lares.<\/strong><\/p>\n<p style=\"text-align: justify;\">Rizik ofreci\u00f3 los detalles del proyecto tras las recientes denuncias sobre el deterioro de esta importante arteria vial del principal destino tur\u00edstico del pa\u00eds. Explic\u00f3 que la iniciativa forma parte de un\u00a0<strong>plan integral de transformaci\u00f3n<\/strong>, cuyo objetivo es modernizar la infraestructura y mejorar la experiencia de quienes transitan por la zona.<\/p>\n<p style=\"text-align: justify;\">El proyecto contempla la\u00a0<strong>ampliaci\u00f3n del tramo entre Macao y Uvero Alto<\/strong>, con la construcci\u00f3n de\u00a0<strong>13 kil\u00f3metros adicionales<\/strong>\u00a0y\u00a0<strong>cuatro nuevos carriles<\/strong>, lo que permitir\u00e1 una mayor fluidez en el tr\u00e1nsito. De acuerdo con el funcionario, el plan cuenta con una inversi\u00f3n de alrededor de\u00a0<strong>300 mil millones de pesos<\/strong>, financiados a trav\u00e9s del sistema nacional de peajes.<\/p>\n<p style=\"text-align: justify;\">Entre las acciones en materia de\u00a0<strong>seguridad vial<\/strong>, se incluyen la\u00a0<strong>instalaci\u00f3n de nuevas se\u00f1alizaciones horizontales y verticales<\/strong>, adem\u00e1s de la\u00a0<strong>sustituci\u00f3n de barandas de seguridad<\/strong>\u00a0por modelos m\u00e1s resistentes y de mayor durabilidad. Estas mejoras tambi\u00e9n beneficiar\u00e1n las v\u00edas internas de la zona, como la\u00a0<strong>Avenida B\u00e1varo<\/strong>, la\u00a0<strong>Avenida Espa\u00f1a<\/strong>\u00a0y la\u00a0<strong>Avenida Francia<\/strong>.<\/p>\n<p style=\"text-align: justify;\">En cuanto al\u00a0<strong>embellecimiento y mantenimiento<\/strong>, el titular de RD Vial inform\u00f3 que ya se iniciaron las labores de\u00a0<strong>recuperaci\u00f3n y pintura de barandas<\/strong>\u00a0y limpieza general en todo el corredor, dentro del programa \u201c<strong>Carreteras Limpias<\/strong>\u201d, que se desarrolla desde la\u00a0<strong>Avenida Las Am\u00e9ricas hasta la rotonda de Punta Cana<\/strong>.<\/p>\n<p style=\"text-align: justify;\">Asimismo, Rizik adelant\u00f3 que RD Vial trabaja en conjunto con el\u00a0<strong>Jard\u00edn Bot\u00e1nico Nacional<\/strong>, el\u00a0<strong>Grupo Puntacana<\/strong>\u00a0y la\u00a0<strong>Direcci\u00f3n de Embellecimiento<\/strong>\u00a0en un\u00a0<strong>plan de reforestaci\u00f3n urbana<\/strong>. Este incluir\u00e1 la siembra de\u00a0<strong>m\u00e1s de 70 mil plantas ornamentales y nativas<\/strong>, con el prop\u00f3sito de revitalizar el entorno paisaj\u00edstico y contribuir a la sostenibilidad ambiental del destino tur\u00edstico m\u00e1s visitado del pa\u00eds.<\/p>\n","protected":false},"excerpt":{"rendered":"<p>El director general del Fideicomiso RD Vial, Hostos Rizik Lugo, present\u00f3 un ambicioso plan de intervenci\u00f3n y mejora del\u00a0Boulevard Tur\u00edstico del Este, que contempla la ampliaci\u00f3n de la v\u00eda, el fortalecimiento de la seguridad vial y un programa de embellecimiento ambiental que incluye la siembra de m\u00e1s de\u00a070 mil plantas. La inversi\u00f3n total estimada asciende [&hellip;]<\/p>\n","protected":false},"author":18,"featured_media":46485,"comment_status":"open","ping_status":"open","sticky":false,"template":"","format":"standard","meta":{"footnotes":""},"categories":[3773],"tags":[4278,4279,4281,4280],"class_list":["post-46484","post","type-post","status-publish","format-standard","has-post-thumbnail","category-portada","tag-fideicomiso-rd-vial","tag-hostos-rizik-lugo","tag-jardin-botanico","tag-rd-vial"],"yoast_head":"<!-- This site is optimized with the Yoast SEO plugin v27.6 - https:\/\/yoast.com\/product\/yoast-seo-wordpress\/ -->\n<title>RD Vial anuncia plan de modernizaci\u00f3n y embellecimiento del Boulevard Tur\u00edstico del Este - Conexi\u00f3n 23<\/title>\n<meta name=\"robots\" content=\"index, follow, max-snippet:-1, max-image-preview:large, max-video-preview:-1\" \/>\n<link rel=\"canonical\" href=\"https:\/\/conexion23.com\/?p=46484\" \/>\n<meta property=\"og:locale\" content=\"es_ES\" \/>\n<meta property=\"og:type\" content=\"article\" \/>\n<meta property=\"og:title\" content=\"RD Vial anuncia plan de modernizaci\u00f3n y embellecimiento del Boulevard Tur\u00edstico del Este - Conexi\u00f3n 23\" \/>\n<meta property=\"og:description\" content=\"El director general del Fideicomiso RD Vial, Hostos Rizik Lugo, present\u00f3 un ambicioso plan de intervenci\u00f3n y mejora del\u00a0Boulevard Tur\u00edstico del Este, que contempla la ampliaci\u00f3n de la v\u00eda, el fortalecimiento de la seguridad vial y un programa de embellecimiento ambiental que incluye la siembra de m\u00e1s de\u00a070 mil plantas. La inversi\u00f3n total estimada asciende [&hellip;]\" \/>\n<meta property=\"og:url\" content=\"https:\/\/conexion23.com\/?p=46484\" \/>\n<meta property=\"og:site_name\" content=\"Conexi\u00f3n 23\" \/>\n<meta property=\"article:publisher\" content=\"https:\/\/www.facebook.com\/conexion23com\" \/>\n<meta property=\"article:published_time\" content=\"2025-10-16T13:00:52+00:00\" \/>\n<meta property=\"og:image\" content=\"https:\/\/conexion23.com\/wp-content\/uploads\/2025\/10\/RD-Vial-anuncia-plan-de-modernizacion-y-embellecimiento-del-Boulevard-Turistico-del-Este.jpeg\" \/>\n\t<meta property=\"og:image:width\" content=\"1395\" \/>\n\t<meta property=\"og:image:height\" content=\"875\" \/>\n\t<meta property=\"og:image:type\" content=\"image\/jpeg\" \/>\n<meta name=\"author\" content=\"Redacci\u00f3n\" \/>\n<meta name=\"twitter:card\" content=\"summary_large_image\" \/>\n<meta name=\"twitter:label1\" content=\"Escrito por\" \/>\n\t<meta name=\"twitter:data1\" content=\"Redacci\u00f3n\" \/>\n\t<meta name=\"twitter:label2\" content=\"Tiempo de lectura\" \/>\n\t<meta name=\"twitter:data2\" content=\"2 minutos\" \/>\n<script type=\"application\/ld+json\" class=\"yoast-schema-graph\">{\"@context\":\"https:\\\/\\\/schema.org\",\"@graph\":[{\"@type\":\"Article\",\"@id\":\"https:\\\/\\\/conexion23.com\\\/?p=46484#article\",\"isPartOf\":{\"@id\":\"https:\\\/\\\/conexion23.com\\\/?p=46484\"},\"author\":{\"name\":\"Redacci\u00f3n\",\"@id\":\"https:\\\/\\\/conexion23.com\\\/#\\\/schema\\\/person\\\/0a860802b17d01ad2a278f53c507c296\"},\"headline\":\"RD Vial anuncia plan de modernizaci\u00f3n y embellecimiento del Boulevard Tur\u00edstico del Este\",\"datePublished\":\"2025-10-16T13:00:52+00:00\",\"mainEntityOfPage\":{\"@id\":\"https:\\\/\\\/conexion23.com\\\/?p=46484\"},\"wordCount\":388,\"commentCount\":0,\"publisher\":{\"@id\":\"https:\\\/\\\/conexion23.com\\\/#organization\"},\"image\":{\"@id\":\"https:\\\/\\\/conexion23.com\\\/?p=46484#primaryimage\"},\"thumbnailUrl\":\"https:\\\/\\\/conexion23.com\\\/wp-content\\\/uploads\\\/2025\\\/10\\\/RD-Vial-anuncia-plan-de-modernizacion-y-embellecimiento-del-Boulevard-Turistico-del-Este.jpeg\",\"keywords\":[\"Fideicomiso RD Vial\",\"Hostos Rizik Lugo\",\"Jard\u00edn Bot\u00e1nico\",\"rd vial\"],\"articleSection\":[\"Portada\"],\"inLanguage\":\"es\",\"potentialAction\":[{\"@type\":\"CommentAction\",\"name\":\"Comment\",\"target\":[\"https:\\\/\\\/conexion23.com\\\/?p=46484#respond\"]}]},{\"@type\":\"WebPage\",\"@id\":\"https:\\\/\\\/conexion23.com\\\/?p=46484\",\"url\":\"https:\\\/\\\/conexion23.com\\\/?p=46484\",\"name\":\"RD Vial anuncia plan de modernizaci\u00f3n y embellecimiento del Boulevard Tur\u00edstico del Este - Conexi\u00f3n 23\",\"isPartOf\":{\"@id\":\"https:\\\/\\\/conexion23.com\\\/#website\"},\"primaryImageOfPage\":{\"@id\":\"https:\\\/\\\/conexion23.com\\\/?p=46484#primaryimage\"},\"image\":{\"@id\":\"https:\\\/\\\/conexion23.com\\\/?p=46484#primaryimage\"},\"thumbnailUrl\":\"https:\\\/\\\/conexion23.com\\\/wp-content\\\/uploads\\\/2025\\\/10\\\/RD-Vial-anuncia-plan-de-modernizacion-y-embellecimiento-del-Boulevard-Turistico-del-Este.jpeg\",\"datePublished\":\"2025-10-16T13:00:52+00:00\",\"breadcrumb\":{\"@id\":\"https:\\\/\\\/conexion23.com\\\/?p=46484#breadcrumb\"},\"inLanguage\":\"es\",\"potentialAction\":[{\"@type\":\"ReadAction\",\"target\":[\"https:\\\/\\\/conexion23.com\\\/?p=46484\"]}]},{\"@type\":\"ImageObject\",\"inLanguage\":\"es\",\"@id\":\"https:\\\/\\\/conexion23.com\\\/?p=46484#primaryimage\",\"url\":\"https:\\\/\\\/conexion23.com\\\/wp-content\\\/uploads\\\/2025\\\/10\\\/RD-Vial-anuncia-plan-de-modernizacion-y-embellecimiento-del-Boulevard-Turistico-del-Este.jpeg\",\"contentUrl\":\"https:\\\/\\\/conexion23.com\\\/wp-content\\\/uploads\\\/2025\\\/10\\\/RD-Vial-anuncia-plan-de-modernizacion-y-embellecimiento-del-Boulevard-Turistico-del-Este.jpeg\",\"width\":1395,\"height\":875},{\"@type\":\"BreadcrumbList\",\"@id\":\"https:\\\/\\\/conexion23.com\\\/?p=46484#breadcrumb\",\"itemListElement\":[{\"@type\":\"ListItem\",\"position\":1,\"name\":\"Portada\",\"item\":\"https:\\\/\\\/conexion23.com\\\/\"},{\"@type\":\"ListItem\",\"position\":2,\"name\":\"RD Vial anuncia plan de modernizaci\u00f3n y embellecimiento del Boulevard Tur\u00edstico del Este\"}]},{\"@type\":\"WebSite\",\"@id\":\"https:\\\/\\\/conexion23.com\\\/#website\",\"url\":\"https:\\\/\\\/conexion23.com\\\/\",\"name\":\"Conexi\u00f3n 23\",\"description\":\"Peri\u00f3dico 100% Petromacorisano\",\"publisher\":{\"@id\":\"https:\\\/\\\/conexion23.com\\\/#organization\"},\"potentialAction\":[{\"@type\":\"SearchAction\",\"target\":{\"@type\":\"EntryPoint\",\"urlTemplate\":\"https:\\\/\\\/conexion23.com\\\/?s={search_term_string}\"},\"query-input\":{\"@type\":\"PropertyValueSpecification\",\"valueRequired\":true,\"valueName\":\"search_term_string\"}}],\"inLanguage\":\"es\"},{\"@type\":\"Organization\",\"@id\":\"https:\\\/\\\/conexion23.com\\\/#organization\",\"name\":\"Conexion 23\",\"url\":\"https:\\\/\\\/conexion23.com\\\/\",\"logo\":{\"@type\":\"ImageObject\",\"inLanguage\":\"es\",\"@id\":\"https:\\\/\\\/conexion23.com\\\/#\\\/schema\\\/logo\\\/image\\\/\",\"url\":\"https:\\\/\\\/conexion23.com\\\/wp-content\\\/uploads\\\/2021\\\/11\\\/Diseno-sin-titulo-2.png\",\"contentUrl\":\"https:\\\/\\\/conexion23.com\\\/wp-content\\\/uploads\\\/2021\\\/11\\\/Diseno-sin-titulo-2.png\",\"width\":541,\"height\":90,\"caption\":\"Conexion 23\"},\"image\":{\"@id\":\"https:\\\/\\\/conexion23.com\\\/#\\\/schema\\\/logo\\\/image\\\/\"},\"sameAs\":[\"https:\\\/\\\/www.facebook.com\\\/conexion23com\",\"https:\\\/\\\/www.instagram.com\\\/conexion23com\\\/\",\"https:\\\/\\\/www.youtube.com\\\/channel\\\/UCYc7vxxFZMYLIHNsHHxPZ3Q\"]},{\"@type\":\"Person\",\"@id\":\"https:\\\/\\\/conexion23.com\\\/#\\\/schema\\\/person\\\/0a860802b17d01ad2a278f53c507c296\",\"name\":\"Redacci\u00f3n\",\"image\":{\"@type\":\"ImageObject\",\"inLanguage\":\"es\",\"@id\":\"https:\\\/\\\/secure.gravatar.com\\\/avatar\\\/ec9d84b79c776aa1994e5893944465db9974b17b884155623da51b7b62c02845?s=96&d=mm&r=g\",\"url\":\"https:\\\/\\\/secure.gravatar.com\\\/avatar\\\/ec9d84b79c776aa1994e5893944465db9974b17b884155623da51b7b62c02845?s=96&d=mm&r=g\",\"contentUrl\":\"https:\\\/\\\/secure.gravatar.com\\\/avatar\\\/ec9d84b79c776aa1994e5893944465db9974b17b884155623da51b7b62c02845?s=96&d=mm&r=g\",\"caption\":\"Redacci\u00f3n\"},\"url\":\"https:\\\/\\\/conexion23.com\\\/?author=18\"}]}<\/script>\n<!-- \/ Yoast SEO plugin. -->","yoast_head_json":{"title":"RD Vial anuncia plan de modernizaci\u00f3n y embellecimiento del Boulevard Tur\u00edstico del Este - Conexi\u00f3n 23","robots":{"index":"index","follow":"follow","max-snippet":"max-snippet:-1","max-image-preview":"max-image-preview:large","max-video-preview":"max-video-preview:-1"},"canonical":"https:\/\/conexion23.com\/?p=46484","og_locale":"es_ES","og_type":"article","og_title":"RD Vial anuncia plan de modernizaci\u00f3n y embellecimiento del Boulevard Tur\u00edstico del Este - Conexi\u00f3n 23","og_description":"El director general del Fideicomiso RD Vial, Hostos Rizik Lugo, present\u00f3 un ambicioso plan de intervenci\u00f3n y mejora del\u00a0Boulevard Tur\u00edstico del Este, que contempla la ampliaci\u00f3n de la v\u00eda, el fortalecimiento de la seguridad vial y un programa de embellecimiento ambiental que incluye la siembra de m\u00e1s de\u00a070 mil plantas. La inversi\u00f3n total estimada asciende [&hellip;]","og_url":"https:\/\/conexion23.com\/?p=46484","og_site_name":"Conexi\u00f3n 23","article_publisher":"https:\/\/www.facebook.com\/conexion23com","article_published_time":"2025-10-16T13:00:52+00:00","og_image":[{"width":1395,"height":875,"url":"https:\/\/conexion23.com\/wp-content\/uploads\/2025\/10\/RD-Vial-anuncia-plan-de-modernizacion-y-embellecimiento-del-Boulevard-Turistico-del-Este.jpeg","type":"image\/jpeg"}],"author":"Redacci\u00f3n","twitter_card":"summary_large_image","twitter_misc":{"Escrito por":"Redacci\u00f3n","Tiempo de lectura":"2 minutos"},"schema":{"@context":"https:\/\/schema.org","@graph":[{"@type":"Article","@id":"https:\/\/conexion23.com\/?p=46484#article","isPartOf":{"@id":"https:\/\/conexion23.com\/?p=46484"},"author":{"name":"Redacci\u00f3n","@id":"https:\/\/conexion23.com\/#\/schema\/person\/0a860802b17d01ad2a278f53c507c296"},"headline":"RD Vial anuncia plan de modernizaci\u00f3n y embellecimiento del Boulevard Tur\u00edstico del Este","datePublished":"2025-10-16T13:00:52+00:00","mainEntityOfPage":{"@id":"https:\/\/conexion23.com\/?p=46484"},"wordCount":388,"commentCount":0,"publisher":{"@id":"https:\/\/conexion23.com\/#organization"},"image":{"@id":"https:\/\/conexion23.com\/?p=46484#primaryimage"},"thumbnailUrl":"https:\/\/conexion23.com\/wp-content\/uploads\/2025\/10\/RD-Vial-anuncia-plan-de-modernizacion-y-embellecimiento-del-Boulevard-Turistico-del-Este.jpeg","keywords":["Fideicomiso RD Vial","Hostos Rizik Lugo","Jard\u00edn Bot\u00e1nico","rd vial"],"articleSection":["Portada"],"inLanguage":"es","potentialAction":[{"@type":"CommentAction","name":"Comment","target":["https:\/\/conexion23.com\/?p=46484#respond"]}]},{"@type":"WebPage","@id":"https:\/\/conexion23.com\/?p=46484","url":"https:\/\/conexion23.com\/?p=46484","name":"RD Vial anuncia plan de modernizaci\u00f3n y embellecimiento del Boulevard Tur\u00edstico del Este - Conexi\u00f3n 23","isPartOf":{"@id":"https:\/\/conexion23.com\/#website"},"primaryImageOfPage":{"@id":"https:\/\/conexion23.com\/?p=46484#primaryimage"},"image":{"@id":"https:\/\/conexion23.com\/?p=46484#primaryimage"},"thumbnailUrl":"https:\/\/conexion23.com\/wp-content\/uploads\/2025\/10\/RD-Vial-anuncia-plan-de-modernizacion-y-embellecimiento-del-Boulevard-Turistico-del-Este.jpeg","datePublished":"2025-10-16T13:00:52+00:00","breadcrumb":{"@id":"https:\/\/conexion23.com\/?p=46484#breadcrumb"},"inLanguage":"es","potentialAction":[{"@type":"ReadAction","target":["https:\/\/conexion23.com\/?p=46484"]}]},{"@type":"ImageObject","inLanguage":"es","@id":"https:\/\/conexion23.com\/?p=46484#primaryimage","url":"https:\/\/conexion23.com\/wp-content\/uploads\/2025\/10\/RD-Vial-anuncia-plan-de-modernizacion-y-embellecimiento-del-Boulevard-Turistico-del-Este.jpeg","contentUrl":"https:\/\/conexion23.com\/wp-content\/uploads\/2025\/10\/RD-Vial-anuncia-plan-de-modernizacion-y-embellecimiento-del-Boulevard-Turistico-del-Este.jpeg","width":1395,"height":875},{"@type":"BreadcrumbList","@id":"https:\/\/conexion23.com\/?p=46484#breadcrumb","itemListElement":[{"@type":"ListItem","position":1,"name":"Portada","item":"https:\/\/conexion23.com\/"},{"@type":"ListItem","position":2,"name":"RD Vial anuncia plan de modernizaci\u00f3n y embellecimiento del Boulevard Tur\u00edstico del Este"}]},{"@type":"WebSite","@id":"https:\/\/conexion23.com\/#website","url":"https:\/\/conexion23.com\/","name":"Conexi\u00f3n 23","description":"Peri\u00f3dico 100% Petromacorisano","publisher":{"@id":"https:\/\/conexion23.com\/#organization"},"potentialAction":[{"@type":"SearchAction","target":{"@type":"EntryPoint","urlTemplate":"https:\/\/conexion23.com\/?s={search_term_string}"},"query-input":{"@type":"PropertyValueSpecification","valueRequired":true,"valueName":"search_term_string"}}],"inLanguage":"es"},{"@type":"Organization","@id":"https:\/\/conexion23.com\/#organization","name":"Conexion 23","url":"https:\/\/conexion23.com\/","logo":{"@type":"ImageObject","inLanguage":"es","@id":"https:\/\/conexion23.com\/#\/schema\/logo\/image\/","url":"https:\/\/conexion23.com\/wp-content\/uploads\/2021\/11\/Diseno-sin-titulo-2.png","contentUrl":"https:\/\/conexion23.com\/wp-content\/uploads\/2021\/11\/Diseno-sin-titulo-2.png","width":541,"height":90,"caption":"Conexion 23"},"image":{"@id":"https:\/\/conexion23.com\/#\/schema\/logo\/image\/"},"sameAs":["https:\/\/www.facebook.com\/conexion23com","https:\/\/www.instagram.com\/conexion23com\/","https:\/\/www.youtube.com\/channel\/UCYc7vxxFZMYLIHNsHHxPZ3Q"]},{"@type":"Person","@id":"https:\/\/conexion23.com\/#\/schema\/person\/0a860802b17d01ad2a278f53c507c296","name":"Redacci\u00f3n","image":{"@type":"ImageObject","inLanguage":"es","@id":"https:\/\/secure.gravatar.com\/avatar\/ec9d84b79c776aa1994e5893944465db9974b17b884155623da51b7b62c02845?s=96&d=mm&r=g","url":"https:\/\/secure.gravatar.com\/avatar\/ec9d84b79c776aa1994e5893944465db9974b17b884155623da51b7b62c02845?s=96&d=mm&r=g","contentUrl":"https:\/\/secure.gravatar.com\/avatar\/ec9d84b79c776aa1994e5893944465db9974b17b884155623da51b7b62c02845?s=96&d=mm&r=g","caption":"Redacci\u00f3n"},"url":"https:\/\/conexion23.com\/?author=18"}]}},"_links":{"self":[{"href":"https:\/\/conexion23.com\/index.php?rest_route=\/wp\/v2\/posts\/46484","targetHints":{"allow":["GET"]}}],"collection":[{"href":"https:\/\/conexion23.com\/index.php?rest_route=\/wp\/v2\/posts"}],"about":[{"href":"https:\/\/conexion23.com\/index.php?rest_route=\/wp\/v2\/types\/post"}],"author":[{"embeddable":true,"href":"https:\/\/conexion23.com\/index.php?rest_route=\/wp\/v2\/users\/18"}],"replies":[{"embeddable":true,"href":"https:\/\/conexion23.com\/index.php?rest_route=%2Fwp%2Fv2%2Fcomments&post=46484"}],"version-history":[{"count":1,"href":"https:\/\/conexion23.com\/index.php?rest_route=\/wp\/v2\/posts\/46484\/revisions"}],"predecessor-version":[{"id":46486,"href":"https:\/\/conexion23.com\/index.php?rest_route=\/wp\/v2\/posts\/46484\/revisions\/46486"}],"wp:featuredmedia":[{"embeddable":true,"href":"https:\/\/conexion23.com\/index.php?rest_route=\/wp\/v2\/media\/46485"}],"wp:attachment":[{"href":"https:\/\/conexion23.com\/index.php?rest_route=%2Fwp%2Fv2%2Fmedia&parent=46484"}],"wp:term":[{"taxonomy":"category","embeddable":true,"href":"https:\/\/conexion23.com\/index.php?rest_route=%2Fwp%2Fv2%2Fcategories&post=46484"},{"taxonomy":"post_tag","embeddable":true,"href":"https:\/\/conexion23.com\/index.php?rest_route=%2Fwp%2Fv2%2Ftags&post=46484"}],"curies":[{"name":"wp","href":"https:\/\/api.w.org\/{rel}","templated":true}]}}