{"id":46578,"date":"2025-10-17T17:35:42","date_gmt":"2025-10-17T21:35:42","guid":{"rendered":"https:\/\/conexion23.com\/?p=46578"},"modified":"2025-10-17T17:35:42","modified_gmt":"2025-10-17T21:35:42","slug":"periodista-haitiano-denuncia-ante-la-sip-que-miembros-del-gobierno-apoyan-a-las-bandas-criminales","status":"publish","type":"post","link":"https:\/\/conexion23.com\/?p=46578","title":{"rendered":"Periodista haitiano denuncia ante la SIP que miembros del Gobierno apoyan a las bandas criminales"},"content":{"rendered":"<p style=\"text-align: justify;\" data-start=\"107\" data-end=\"485\">El secretario general de\u00a0SOS Journalistes en Hait\u00ed,\u00a0Joseph Guyler Delva, denunci\u00f3 este viernes durante la\u00a081\u00aa Asamblea General de la Sociedad Interamericana de Prensa (SIP)\u00a0que la situaci\u00f3n en su pa\u00eds es \u201cindescriptible\u201d y que existen\u00a0funcionarios del Gobierno que respaldan a las bandas criminales\u00a0que mantienen el control del territorio.<\/p>\n<p style=\"text-align: justify;\" data-start=\"487\" data-end=\"861\">Delva relat\u00f3 uno de los episodios m\u00e1s estremecedores de la violencia: \u201cUn beb\u00e9 fue arrebatado de los brazos de su madre y lanzado a las llamas por una banda armada\u201d. El periodista asegur\u00f3 que muchos medios locales\u00a0no pueden reportar los hechos por miedo a represalias, y afirm\u00f3 que \u201clas bandas no act\u00faan solas, hay personas dentro del Gobierno que las apoyan\u201d.<\/p>\n<p style=\"text-align: justify;\" data-start=\"863\" data-end=\"1137\">\u201cHait\u00ed es el lugar m\u00e1s peligroso del mundo para ser periodista. Cuando las bandas son quienes dirigen el pa\u00eds, si sigues vivo es por su voluntad\u201d, expres\u00f3 Delva, quien revel\u00f3 que\u00a0ha sobrevivido a intentos de asesinato y actualmente se encuentra refugiado en Miami.<\/p>\n<p style=\"text-align: justify;\" data-start=\"1139\" data-end=\"1466\">Durante su intervenci\u00f3n, el comunicador denunci\u00f3 la\u00a0inacci\u00f3n del Gobierno haitiano\u00a0ante el caos que vive el pa\u00eds, donde\u00a0m\u00e1s de 4.000 personas han sido asesinadas\u00a0en lo que va de a\u00f1o y\u00a01,4 millones han sido desplazadas\u00a0por la violencia, seg\u00fan cifras de la\u00a0Organizaci\u00f3n Internacional para las Migraciones (OIM).<\/p>\n<p style=\"text-align: justify;\" data-start=\"1468\" data-end=\"1766\">El periodista habl\u00f3 en el marco del encuentro que la SIP celebra en\u00a0Punta Cana, Rep\u00fablica Dominicana, junto a comunicadores de toda la regi\u00f3n, donde advirti\u00f3 que la\u00a0libertad de prensa en Hait\u00ed se encuentra al borde del colapso, en medio de un pa\u00eds \u201cabandonado en manos de las bandas\u201d.<\/p>\n","protected":false},"excerpt":{"rendered":"<p>El secretario general de\u00a0SOS Journalistes en Hait\u00ed,\u00a0Joseph Guyler Delva, denunci\u00f3 este viernes durante la\u00a081\u00aa Asamblea General de la Sociedad Interamericana de Prensa (SIP)\u00a0que la situaci\u00f3n en su pa\u00eds es \u201cindescriptible\u201d y que existen\u00a0funcionarios del Gobierno que respaldan a las bandas criminales\u00a0que mantienen el control del territorio. Delva relat\u00f3 uno de los episodios m\u00e1s estremecedores de [&hellip;]<\/p>\n","protected":false},"author":15,"featured_media":46579,"comment_status":"open","ping_status":"open","sticky":false,"template":"","format":"standard","meta":{"footnotes":""},"categories":[3881],"tags":[],"class_list":["post-46578","post","type-post","status-publish","format-standard","has-post-thumbnail","category-internacionales"],"yoast_head":"<!-- This site is optimized with the Yoast SEO plugin v27.6 - https:\/\/yoast.com\/product\/yoast-seo-wordpress\/ -->\n<title>Periodista haitiano denuncia ante la SIP que miembros del Gobierno apoyan a las bandas criminales - Conexi\u00f3n 23<\/title>\n<meta name=\"robots\" content=\"index, follow, max-snippet:-1, max-image-preview:large, max-video-preview:-1\" \/>\n<link rel=\"canonical\" href=\"https:\/\/conexion23.com\/?p=46578\" \/>\n<meta property=\"og:locale\" content=\"es_ES\" \/>\n<meta property=\"og:type\" content=\"article\" \/>\n<meta property=\"og:title\" content=\"Periodista haitiano denuncia ante la SIP que miembros del Gobierno apoyan a las bandas criminales - Conexi\u00f3n 23\" \/>\n<meta property=\"og:description\" content=\"El secretario general de\u00a0SOS Journalistes en Hait\u00ed,\u00a0Joseph Guyler Delva, denunci\u00f3 este viernes durante la\u00a081\u00aa Asamblea General de la Sociedad Interamericana de Prensa (SIP)\u00a0que la situaci\u00f3n en su pa\u00eds es \u201cindescriptible\u201d y que existen\u00a0funcionarios del Gobierno que respaldan a las bandas criminales\u00a0que mantienen el control del territorio. Delva relat\u00f3 uno de los episodios m\u00e1s estremecedores de [&hellip;]\" \/>\n<meta property=\"og:url\" content=\"https:\/\/conexion23.com\/?p=46578\" \/>\n<meta property=\"og:site_name\" content=\"Conexi\u00f3n 23\" \/>\n<meta property=\"article:publisher\" content=\"https:\/\/www.facebook.com\/conexion23com\" \/>\n<meta property=\"article:published_time\" content=\"2025-10-17T21:35:42+00:00\" \/>\n<meta property=\"og:image\" content=\"https:\/\/conexion23.com\/wp-content\/uploads\/2025\/10\/descarga-38.jpg\" \/>\n\t<meta property=\"og:image:width\" content=\"275\" \/>\n\t<meta property=\"og:image:height\" content=\"183\" \/>\n\t<meta property=\"og:image:type\" content=\"image\/jpeg\" \/>\n<meta name=\"author\" content=\"Raffy Ben\u00edtez\" \/>\n<meta name=\"twitter:card\" content=\"summary_large_image\" \/>\n<meta name=\"twitter:label1\" content=\"Escrito por\" \/>\n\t<meta name=\"twitter:data1\" content=\"Raffy Ben\u00edtez\" \/>\n\t<meta name=\"twitter:label2\" content=\"Tiempo de lectura\" \/>\n\t<meta name=\"twitter:data2\" content=\"2 minutos\" \/>\n<script type=\"application\/ld+json\" class=\"yoast-schema-graph\">{\"@context\":\"https:\\\/\\\/schema.org\",\"@graph\":[{\"@type\":\"Article\",\"@id\":\"https:\\\/\\\/conexion23.com\\\/?p=46578#article\",\"isPartOf\":{\"@id\":\"https:\\\/\\\/conexion23.com\\\/?p=46578\"},\"author\":{\"name\":\"Raffy Ben\u00edtez\",\"@id\":\"https:\\\/\\\/conexion23.com\\\/#\\\/schema\\\/person\\\/03e36043331117e97a373299bbcd30a6\"},\"headline\":\"Periodista haitiano denuncia ante la SIP que miembros del Gobierno apoyan a las bandas criminales\",\"datePublished\":\"2025-10-17T21:35:42+00:00\",\"mainEntityOfPage\":{\"@id\":\"https:\\\/\\\/conexion23.com\\\/?p=46578\"},\"wordCount\":287,\"commentCount\":0,\"publisher\":{\"@id\":\"https:\\\/\\\/conexion23.com\\\/#organization\"},\"image\":{\"@id\":\"https:\\\/\\\/conexion23.com\\\/?p=46578#primaryimage\"},\"thumbnailUrl\":\"https:\\\/\\\/conexion23.com\\\/wp-content\\\/uploads\\\/2025\\\/10\\\/descarga-38.jpg\",\"articleSection\":[\"Internacionales\"],\"inLanguage\":\"es\",\"potentialAction\":[{\"@type\":\"CommentAction\",\"name\":\"Comment\",\"target\":[\"https:\\\/\\\/conexion23.com\\\/?p=46578#respond\"]}]},{\"@type\":\"WebPage\",\"@id\":\"https:\\\/\\\/conexion23.com\\\/?p=46578\",\"url\":\"https:\\\/\\\/conexion23.com\\\/?p=46578\",\"name\":\"Periodista haitiano denuncia ante la SIP que miembros del Gobierno apoyan a las bandas criminales - Conexi\u00f3n 23\",\"isPartOf\":{\"@id\":\"https:\\\/\\\/conexion23.com\\\/#website\"},\"primaryImageOfPage\":{\"@id\":\"https:\\\/\\\/conexion23.com\\\/?p=46578#primaryimage\"},\"image\":{\"@id\":\"https:\\\/\\\/conexion23.com\\\/?p=46578#primaryimage\"},\"thumbnailUrl\":\"https:\\\/\\\/conexion23.com\\\/wp-content\\\/uploads\\\/2025\\\/10\\\/descarga-38.jpg\",\"datePublished\":\"2025-10-17T21:35:42+00:00\",\"breadcrumb\":{\"@id\":\"https:\\\/\\\/conexion23.com\\\/?p=46578#breadcrumb\"},\"inLanguage\":\"es\",\"potentialAction\":[{\"@type\":\"ReadAction\",\"target\":[\"https:\\\/\\\/conexion23.com\\\/?p=46578\"]}]},{\"@type\":\"ImageObject\",\"inLanguage\":\"es\",\"@id\":\"https:\\\/\\\/conexion23.com\\\/?p=46578#primaryimage\",\"url\":\"https:\\\/\\\/conexion23.com\\\/wp-content\\\/uploads\\\/2025\\\/10\\\/descarga-38.jpg\",\"contentUrl\":\"https:\\\/\\\/conexion23.com\\\/wp-content\\\/uploads\\\/2025\\\/10\\\/descarga-38.jpg\",\"width\":275,\"height\":183},{\"@type\":\"BreadcrumbList\",\"@id\":\"https:\\\/\\\/conexion23.com\\\/?p=46578#breadcrumb\",\"itemListElement\":[{\"@type\":\"ListItem\",\"position\":1,\"name\":\"Portada\",\"item\":\"https:\\\/\\\/conexion23.com\\\/\"},{\"@type\":\"ListItem\",\"position\":2,\"name\":\"Periodista haitiano denuncia ante la SIP que miembros del Gobierno apoyan a las bandas criminales\"}]},{\"@type\":\"WebSite\",\"@id\":\"https:\\\/\\\/conexion23.com\\\/#website\",\"url\":\"https:\\\/\\\/conexion23.com\\\/\",\"name\":\"Conexi\u00f3n 23\",\"description\":\"Peri\u00f3dico 100% Petromacorisano\",\"publisher\":{\"@id\":\"https:\\\/\\\/conexion23.com\\\/#organization\"},\"potentialAction\":[{\"@type\":\"SearchAction\",\"target\":{\"@type\":\"EntryPoint\",\"urlTemplate\":\"https:\\\/\\\/conexion23.com\\\/?s={search_term_string}\"},\"query-input\":{\"@type\":\"PropertyValueSpecification\",\"valueRequired\":true,\"valueName\":\"search_term_string\"}}],\"inLanguage\":\"es\"},{\"@type\":\"Organization\",\"@id\":\"https:\\\/\\\/conexion23.com\\\/#organization\",\"name\":\"Conexion 23\",\"url\":\"https:\\\/\\\/conexion23.com\\\/\",\"logo\":{\"@type\":\"ImageObject\",\"inLanguage\":\"es\",\"@id\":\"https:\\\/\\\/conexion23.com\\\/#\\\/schema\\\/logo\\\/image\\\/\",\"url\":\"https:\\\/\\\/conexion23.com\\\/wp-content\\\/uploads\\\/2021\\\/11\\\/Diseno-sin-titulo-2.png\",\"contentUrl\":\"https:\\\/\\\/conexion23.com\\\/wp-content\\\/uploads\\\/2021\\\/11\\\/Diseno-sin-titulo-2.png\",\"width\":541,\"height\":90,\"caption\":\"Conexion 23\"},\"image\":{\"@id\":\"https:\\\/\\\/conexion23.com\\\/#\\\/schema\\\/logo\\\/image\\\/\"},\"sameAs\":[\"https:\\\/\\\/www.facebook.com\\\/conexion23com\",\"https:\\\/\\\/www.instagram.com\\\/conexion23com\\\/\",\"https:\\\/\\\/www.youtube.com\\\/channel\\\/UCYc7vxxFZMYLIHNsHHxPZ3Q\"]},{\"@type\":\"Person\",\"@id\":\"https:\\\/\\\/conexion23.com\\\/#\\\/schema\\\/person\\\/03e36043331117e97a373299bbcd30a6\",\"name\":\"Raffy Ben\u00edtez\",\"image\":{\"@type\":\"ImageObject\",\"inLanguage\":\"es\",\"@id\":\"https:\\\/\\\/secure.gravatar.com\\\/avatar\\\/3190a6a6c5e1b0327500f7d6c56b6242472ee6cb974cf09b401ee6b3b0798f23?s=96&d=mm&r=g\",\"url\":\"https:\\\/\\\/secure.gravatar.com\\\/avatar\\\/3190a6a6c5e1b0327500f7d6c56b6242472ee6cb974cf09b401ee6b3b0798f23?s=96&d=mm&r=g\",\"contentUrl\":\"https:\\\/\\\/secure.gravatar.com\\\/avatar\\\/3190a6a6c5e1b0327500f7d6c56b6242472ee6cb974cf09b401ee6b3b0798f23?s=96&d=mm&r=g\",\"caption\":\"Raffy Ben\u00edtez\"},\"url\":\"https:\\\/\\\/conexion23.com\\\/?author=15\"}]}<\/script>\n<!-- \/ Yoast SEO plugin. -->","yoast_head_json":{"title":"Periodista haitiano denuncia ante la SIP que miembros del Gobierno apoyan a las bandas criminales - Conexi\u00f3n 23","robots":{"index":"index","follow":"follow","max-snippet":"max-snippet:-1","max-image-preview":"max-image-preview:large","max-video-preview":"max-video-preview:-1"},"canonical":"https:\/\/conexion23.com\/?p=46578","og_locale":"es_ES","og_type":"article","og_title":"Periodista haitiano denuncia ante la SIP que miembros del Gobierno apoyan a las bandas criminales - Conexi\u00f3n 23","og_description":"El secretario general de\u00a0SOS Journalistes en Hait\u00ed,\u00a0Joseph Guyler Delva, denunci\u00f3 este viernes durante la\u00a081\u00aa Asamblea General de la Sociedad Interamericana de Prensa (SIP)\u00a0que la situaci\u00f3n en su pa\u00eds es \u201cindescriptible\u201d y que existen\u00a0funcionarios del Gobierno que respaldan a las bandas criminales\u00a0que mantienen el control del territorio. Delva relat\u00f3 uno de los episodios m\u00e1s estremecedores de [&hellip;]","og_url":"https:\/\/conexion23.com\/?p=46578","og_site_name":"Conexi\u00f3n 23","article_publisher":"https:\/\/www.facebook.com\/conexion23com","article_published_time":"2025-10-17T21:35:42+00:00","og_image":[{"width":275,"height":183,"url":"https:\/\/conexion23.com\/wp-content\/uploads\/2025\/10\/descarga-38.jpg","type":"image\/jpeg"}],"author":"Raffy Ben\u00edtez","twitter_card":"summary_large_image","twitter_misc":{"Escrito por":"Raffy Ben\u00edtez","Tiempo de lectura":"2 minutos"},"schema":{"@context":"https:\/\/schema.org","@graph":[{"@type":"Article","@id":"https:\/\/conexion23.com\/?p=46578#article","isPartOf":{"@id":"https:\/\/conexion23.com\/?p=46578"},"author":{"name":"Raffy Ben\u00edtez","@id":"https:\/\/conexion23.com\/#\/schema\/person\/03e36043331117e97a373299bbcd30a6"},"headline":"Periodista haitiano denuncia ante la SIP que miembros del Gobierno apoyan a las bandas criminales","datePublished":"2025-10-17T21:35:42+00:00","mainEntityOfPage":{"@id":"https:\/\/conexion23.com\/?p=46578"},"wordCount":287,"commentCount":0,"publisher":{"@id":"https:\/\/conexion23.com\/#organization"},"image":{"@id":"https:\/\/conexion23.com\/?p=46578#primaryimage"},"thumbnailUrl":"https:\/\/conexion23.com\/wp-content\/uploads\/2025\/10\/descarga-38.jpg","articleSection":["Internacionales"],"inLanguage":"es","potentialAction":[{"@type":"CommentAction","name":"Comment","target":["https:\/\/conexion23.com\/?p=46578#respond"]}]},{"@type":"WebPage","@id":"https:\/\/conexion23.com\/?p=46578","url":"https:\/\/conexion23.com\/?p=46578","name":"Periodista haitiano denuncia ante la SIP que miembros del Gobierno apoyan a las bandas criminales - Conexi\u00f3n 23","isPartOf":{"@id":"https:\/\/conexion23.com\/#website"},"primaryImageOfPage":{"@id":"https:\/\/conexion23.com\/?p=46578#primaryimage"},"image":{"@id":"https:\/\/conexion23.com\/?p=46578#primaryimage"},"thumbnailUrl":"https:\/\/conexion23.com\/wp-content\/uploads\/2025\/10\/descarga-38.jpg","datePublished":"2025-10-17T21:35:42+00:00","breadcrumb":{"@id":"https:\/\/conexion23.com\/?p=46578#breadcrumb"},"inLanguage":"es","potentialAction":[{"@type":"ReadAction","target":["https:\/\/conexion23.com\/?p=46578"]}]},{"@type":"ImageObject","inLanguage":"es","@id":"https:\/\/conexion23.com\/?p=46578#primaryimage","url":"https:\/\/conexion23.com\/wp-content\/uploads\/2025\/10\/descarga-38.jpg","contentUrl":"https:\/\/conexion23.com\/wp-content\/uploads\/2025\/10\/descarga-38.jpg","width":275,"height":183},{"@type":"BreadcrumbList","@id":"https:\/\/conexion23.com\/?p=46578#breadcrumb","itemListElement":[{"@type":"ListItem","position":1,"name":"Portada","item":"https:\/\/conexion23.com\/"},{"@type":"ListItem","position":2,"name":"Periodista haitiano denuncia ante la SIP que miembros del Gobierno apoyan a las bandas criminales"}]},{"@type":"WebSite","@id":"https:\/\/conexion23.com\/#website","url":"https:\/\/conexion23.com\/","name":"Conexi\u00f3n 23","description":"Peri\u00f3dico 100% Petromacorisano","publisher":{"@id":"https:\/\/conexion23.com\/#organization"},"potentialAction":[{"@type":"SearchAction","target":{"@type":"EntryPoint","urlTemplate":"https:\/\/conexion23.com\/?s={search_term_string}"},"query-input":{"@type":"PropertyValueSpecification","valueRequired":true,"valueName":"search_term_string"}}],"inLanguage":"es"},{"@type":"Organization","@id":"https:\/\/conexion23.com\/#organization","name":"Conexion 23","url":"https:\/\/conexion23.com\/","logo":{"@type":"ImageObject","inLanguage":"es","@id":"https:\/\/conexion23.com\/#\/schema\/logo\/image\/","url":"https:\/\/conexion23.com\/wp-content\/uploads\/2021\/11\/Diseno-sin-titulo-2.png","contentUrl":"https:\/\/conexion23.com\/wp-content\/uploads\/2021\/11\/Diseno-sin-titulo-2.png","width":541,"height":90,"caption":"Conexion 23"},"image":{"@id":"https:\/\/conexion23.com\/#\/schema\/logo\/image\/"},"sameAs":["https:\/\/www.facebook.com\/conexion23com","https:\/\/www.instagram.com\/conexion23com\/","https:\/\/www.youtube.com\/channel\/UCYc7vxxFZMYLIHNsHHxPZ3Q"]},{"@type":"Person","@id":"https:\/\/conexion23.com\/#\/schema\/person\/03e36043331117e97a373299bbcd30a6","name":"Raffy Ben\u00edtez","image":{"@type":"ImageObject","inLanguage":"es","@id":"https:\/\/secure.gravatar.com\/avatar\/3190a6a6c5e1b0327500f7d6c56b6242472ee6cb974cf09b401ee6b3b0798f23?s=96&d=mm&r=g","url":"https:\/\/secure.gravatar.com\/avatar\/3190a6a6c5e1b0327500f7d6c56b6242472ee6cb974cf09b401ee6b3b0798f23?s=96&d=mm&r=g","contentUrl":"https:\/\/secure.gravatar.com\/avatar\/3190a6a6c5e1b0327500f7d6c56b6242472ee6cb974cf09b401ee6b3b0798f23?s=96&d=mm&r=g","caption":"Raffy Ben\u00edtez"},"url":"https:\/\/conexion23.com\/?author=15"}]}},"_links":{"self":[{"href":"https:\/\/conexion23.com\/index.php?rest_route=\/wp\/v2\/posts\/46578","targetHints":{"allow":["GET"]}}],"collection":[{"href":"https:\/\/conexion23.com\/index.php?rest_route=\/wp\/v2\/posts"}],"about":[{"href":"https:\/\/conexion23.com\/index.php?rest_route=\/wp\/v2\/types\/post"}],"author":[{"embeddable":true,"href":"https:\/\/conexion23.com\/index.php?rest_route=\/wp\/v2\/users\/15"}],"replies":[{"embeddable":true,"href":"https:\/\/conexion23.com\/index.php?rest_route=%2Fwp%2Fv2%2Fcomments&post=46578"}],"version-history":[{"count":1,"href":"https:\/\/conexion23.com\/index.php?rest_route=\/wp\/v2\/posts\/46578\/revisions"}],"predecessor-version":[{"id":46580,"href":"https:\/\/conexion23.com\/index.php?rest_route=\/wp\/v2\/posts\/46578\/revisions\/46580"}],"wp:featuredmedia":[{"embeddable":true,"href":"https:\/\/conexion23.com\/index.php?rest_route=\/wp\/v2\/media\/46579"}],"wp:attachment":[{"href":"https:\/\/conexion23.com\/index.php?rest_route=%2Fwp%2Fv2%2Fmedia&parent=46578"}],"wp:term":[{"taxonomy":"category","embeddable":true,"href":"https:\/\/conexion23.com\/index.php?rest_route=%2Fwp%2Fv2%2Fcategories&post=46578"},{"taxonomy":"post_tag","embeddable":true,"href":"https:\/\/conexion23.com\/index.php?rest_route=%2Fwp%2Fv2%2Ftags&post=46578"}],"curies":[{"name":"wp","href":"https:\/\/api.w.org\/{rel}","templated":true}]}}