{"id":46705,"date":"2025-10-20T11:30:22","date_gmt":"2025-10-20T15:30:22","guid":{"rendered":"https:\/\/conexion23.com\/?p=46705"},"modified":"2025-10-20T08:35:18","modified_gmt":"2025-10-20T12:35:18","slug":"marchan-por-la-vida-y-el-agua-al-palacio-nacional","status":"publish","type":"post","link":"https:\/\/conexion23.com\/?p=46705","title":{"rendered":"Marchan por la vida y el agua al Palacio Nacional"},"content":{"rendered":"<p style=\"text-align: justify;\">Una concentraci\u00f3n de m\u00e1s de un centenar de personas y m\u00e1s de 50 organizaciones sociales, gremiales y populares de diferentes provincias del pa\u00eds marcharon este domingo por el derecho a la vida, el agua y otros derechos fundamentales consignados en la\u00a0Constituci\u00f3n\u00a0dominicana.<\/p>\n<p style=\"text-align: justify;\">Desde las 10:00 de la ma\u00f1ana los manifestantes se dieron cita en el Parque Enriquillo, recorriendo la calle Jos\u00e9 Mart\u00ed, la avenida Juan Pablo Duarte y la 27 de Febrero hasta llegar al Palacio Nacional.<\/p>\n<p style=\"text-align: justify;\">Con banderas, camisetas con enunciados que expresaban su sentir, tambores, trompetas, cornetas y pancartas, los protestantes se\u00f1alaron frente al Palacio Presidencial que \u201cla poblaci\u00f3n dominicana no aguanta m\u00e1s abusos\u201d.<\/p>\n<p style=\"text-align: justify;\">\u201cExigimos medios de vida conformes a las leyes nacionales y a las normas internacionales\u201d; \u201cel agua es un tesoro, que vale m\u00e1s que el oro\u201d; \u201cno a la presa de Cotu\u00ed en Cotu\u00ed\u201d; \u201cel pueblo unido, jam\u00e1s ser\u00e1 vencido\u201d; \u201cfuera, fuera,\u00a0Barrick Gold\u201d;\u00a0\u201cLoma Miranda, parque nacional\u201d; \u201cno queremos mina en Loma de San Juan\u201d; \u201cno a la presa de cola\u201d; \u201cagua s\u00ed, oro no\u201d, fueron algunas de las frases que vociferaban los manifestantes.<\/p>\n<p style=\"text-align: justify;\">Las organizaciones exigieron al\u00a0Gobierno\u00a0detener el Proyecto Romero en San Juan y la explotaci\u00f3n minera en la Cordillera Central.<\/p>\n<p style=\"text-align: justify;\">De igual forma, denunciaron algunos casos que han sido motivo de protestas anteriormente, como las barcazas en Los Negros de Azua; la generadora el\u00e9ctrica\u00a0Punta Catalina, que aseguran es un \u201ccontaminante en Ban\u00ed\u201d; el proyecto Neita en Restauraci\u00f3n, provincia Dajab\u00f3n; Las Placetas en San Jos\u00e9 de Las Matas; la presa Dos Bocas en Santiago Rodr\u00edguez y la \u201cdestrucci\u00f3n\u201d de Las Cuevas del Pomier.<\/p>\n<p style=\"text-align: justify;\">Adem\u00e1s, se\u00f1alaron que\u00a0Loma Miranda\u00a0se encuentra \u201cdesprotegida legalmente\u201d.<\/p>\n<p style=\"text-align: justify;\">\u201cLos ciudadanos nos negamos a seguir pagando impuestos, altos salarios a funcionarios y legisladores para que estos se compongan con corporaciones multinacionales y \u00e9lites corruptas, quienes nos imponen proyectos y pol\u00edticas que conducen a la destrucci\u00f3n moral y f\u00edsica del pa\u00eds\u201d, expres\u00f3 el\u00a0Movimiento Suroeste Unido por el Agua y la Vida.<\/p>\n<p style=\"text-align: justify;\">\u201cBasta de abusos, no m\u00e1s corrupci\u00f3n, privatizaciones, desalojos, ejecuciones policiales, violencia, feminicidios, contaminaci\u00f3n, apagones, exclusiones y privilegios para unos pocos\u201d, agreg\u00f3.<\/p>\n<p style=\"text-align: justify;\">La\u00a0Comisi\u00f3n Nacional de los Derechos Humanos\u00a0tambi\u00e9n se pronunci\u00f3 por el \u201calto costo de la vida\u201d; la escasez de medicamentos y la \u201cdestrucci\u00f3n\u201d de los recursos naturales en la regi\u00f3n suroeste del pa\u00eds.<\/p>\n<p style=\"text-align: justify;\">\u201cEstamos aqu\u00ed para decirle al Palacio y al presidente Luis Abinader que el agua vale m\u00e1s que el oro, que el agua es un derecho fundamental que el Estado debe garantizar, pero adem\u00e1s, tambi\u00e9n exigirle al Gobierno la no explotaci\u00f3n de la mina\u00a0Los Romeros en San Juan de la Maguana\u201d, expres\u00f3\u00a0Manuel Mar\u00eda Mercedes,\u00a0presidente de la Comisi\u00f3n Nacional de los Derechos Humanos.<\/p>\n<p style=\"text-align: justify;\">\u201cHoy que el pueblo dominicano est\u00e9 dando RD$35 por una libra de yuca, y una libra de batata cueste RD$30, es como el resultado de las pol\u00edticas deficientes que el\u00a0Gobierno de Abinader\u00a0est\u00e1 ejecutando en la parte del sector agropecuario. El costo de la vida, de la medicina; hay gente que est\u00e1 muriendo porque no tiene acceso a la medicina\u201d, agreg\u00f3.<\/p>\n","protected":false},"excerpt":{"rendered":"<p>Una concentraci\u00f3n de m\u00e1s de un centenar de personas y m\u00e1s de 50 organizaciones sociales, gremiales y populares de diferentes provincias del pa\u00eds marcharon este domingo por el derecho a la vida, el agua y otros derechos fundamentales consignados en la\u00a0Constituci\u00f3n\u00a0dominicana. Desde las 10:00 de la ma\u00f1ana los manifestantes se dieron cita en el Parque [&hellip;]<\/p>\n","protected":false},"author":15,"featured_media":46706,"comment_status":"open","ping_status":"open","sticky":false,"template":"","format":"standard","meta":{"footnotes":""},"categories":[3913,3773],"tags":[],"class_list":["post-46705","post","type-post","status-publish","format-standard","has-post-thumbnail","category-nacionales","category-portada"],"yoast_head":"<!-- This site is optimized with the Yoast SEO plugin v27.6 - https:\/\/yoast.com\/product\/yoast-seo-wordpress\/ -->\n<title>Marchan por la vida y el agua al Palacio Nacional - Conexi\u00f3n 23<\/title>\n<meta name=\"robots\" content=\"index, follow, max-snippet:-1, max-image-preview:large, max-video-preview:-1\" \/>\n<link rel=\"canonical\" href=\"https:\/\/conexion23.com\/?p=46705\" \/>\n<meta property=\"og:locale\" content=\"es_ES\" \/>\n<meta property=\"og:type\" content=\"article\" \/>\n<meta property=\"og:title\" content=\"Marchan por la vida y el agua al Palacio Nacional - Conexi\u00f3n 23\" \/>\n<meta property=\"og:description\" content=\"Una concentraci\u00f3n de m\u00e1s de un centenar de personas y m\u00e1s de 50 organizaciones sociales, gremiales y populares de diferentes provincias del pa\u00eds marcharon este domingo por el derecho a la vida, el agua y otros derechos fundamentales consignados en la\u00a0Constituci\u00f3n\u00a0dominicana. Desde las 10:00 de la ma\u00f1ana los manifestantes se dieron cita en el Parque [&hellip;]\" \/>\n<meta property=\"og:url\" content=\"https:\/\/conexion23.com\/?p=46705\" \/>\n<meta property=\"og:site_name\" content=\"Conexi\u00f3n 23\" \/>\n<meta property=\"article:publisher\" content=\"https:\/\/www.facebook.com\/conexion23com\" \/>\n<meta property=\"article:published_time\" content=\"2025-10-20T15:30:22+00:00\" \/>\n<meta property=\"og:image\" content=\"https:\/\/conexion23.com\/wp-content\/uploads\/2025\/10\/68f59846b4a7c.jpeg\" \/>\n\t<meta property=\"og:image:width\" content=\"800\" \/>\n\t<meta property=\"og:image:height\" content=\"565\" \/>\n\t<meta property=\"og:image:type\" content=\"image\/jpeg\" \/>\n<meta name=\"author\" content=\"Raffy Ben\u00edtez\" \/>\n<meta name=\"twitter:card\" content=\"summary_large_image\" \/>\n<meta name=\"twitter:label1\" content=\"Escrito por\" \/>\n\t<meta name=\"twitter:data1\" content=\"Raffy Ben\u00edtez\" \/>\n\t<meta name=\"twitter:label2\" content=\"Tiempo de lectura\" \/>\n\t<meta name=\"twitter:data2\" content=\"3 minutos\" \/>\n<script type=\"application\/ld+json\" class=\"yoast-schema-graph\">{\"@context\":\"https:\\\/\\\/schema.org\",\"@graph\":[{\"@type\":\"Article\",\"@id\":\"https:\\\/\\\/conexion23.com\\\/?p=46705#article\",\"isPartOf\":{\"@id\":\"https:\\\/\\\/conexion23.com\\\/?p=46705\"},\"author\":{\"name\":\"Raffy Ben\u00edtez\",\"@id\":\"http:\\\/\\\/conexion23.com\\\/#\\\/schema\\\/person\\\/03e36043331117e97a373299bbcd30a6\"},\"headline\":\"Marchan por la vida y el agua al Palacio Nacional\",\"datePublished\":\"2025-10-20T15:30:22+00:00\",\"mainEntityOfPage\":{\"@id\":\"https:\\\/\\\/conexion23.com\\\/?p=46705\"},\"wordCount\":551,\"commentCount\":0,\"publisher\":{\"@id\":\"http:\\\/\\\/conexion23.com\\\/#organization\"},\"image\":{\"@id\":\"https:\\\/\\\/conexion23.com\\\/?p=46705#primaryimage\"},\"thumbnailUrl\":\"https:\\\/\\\/conexion23.com\\\/wp-content\\\/uploads\\\/2025\\\/10\\\/68f59846b4a7c.jpeg\",\"articleSection\":[\"Nacionales\",\"Portada\"],\"inLanguage\":\"es\",\"potentialAction\":[{\"@type\":\"CommentAction\",\"name\":\"Comment\",\"target\":[\"https:\\\/\\\/conexion23.com\\\/?p=46705#respond\"]}]},{\"@type\":\"WebPage\",\"@id\":\"https:\\\/\\\/conexion23.com\\\/?p=46705\",\"url\":\"https:\\\/\\\/conexion23.com\\\/?p=46705\",\"name\":\"Marchan por la vida y el agua al Palacio Nacional - Conexi\u00f3n 23\",\"isPartOf\":{\"@id\":\"http:\\\/\\\/conexion23.com\\\/#website\"},\"primaryImageOfPage\":{\"@id\":\"https:\\\/\\\/conexion23.com\\\/?p=46705#primaryimage\"},\"image\":{\"@id\":\"https:\\\/\\\/conexion23.com\\\/?p=46705#primaryimage\"},\"thumbnailUrl\":\"https:\\\/\\\/conexion23.com\\\/wp-content\\\/uploads\\\/2025\\\/10\\\/68f59846b4a7c.jpeg\",\"datePublished\":\"2025-10-20T15:30:22+00:00\",\"breadcrumb\":{\"@id\":\"https:\\\/\\\/conexion23.com\\\/?p=46705#breadcrumb\"},\"inLanguage\":\"es\",\"potentialAction\":[{\"@type\":\"ReadAction\",\"target\":[\"https:\\\/\\\/conexion23.com\\\/?p=46705\"]}]},{\"@type\":\"ImageObject\",\"inLanguage\":\"es\",\"@id\":\"https:\\\/\\\/conexion23.com\\\/?p=46705#primaryimage\",\"url\":\"https:\\\/\\\/conexion23.com\\\/wp-content\\\/uploads\\\/2025\\\/10\\\/68f59846b4a7c.jpeg\",\"contentUrl\":\"https:\\\/\\\/conexion23.com\\\/wp-content\\\/uploads\\\/2025\\\/10\\\/68f59846b4a7c.jpeg\",\"width\":800,\"height\":565},{\"@type\":\"BreadcrumbList\",\"@id\":\"https:\\\/\\\/conexion23.com\\\/?p=46705#breadcrumb\",\"itemListElement\":[{\"@type\":\"ListItem\",\"position\":1,\"name\":\"Portada\",\"item\":\"http:\\\/\\\/conexion23.com\\\/\"},{\"@type\":\"ListItem\",\"position\":2,\"name\":\"Marchan por la vida y el agua al Palacio Nacional\"}]},{\"@type\":\"WebSite\",\"@id\":\"http:\\\/\\\/conexion23.com\\\/#website\",\"url\":\"http:\\\/\\\/conexion23.com\\\/\",\"name\":\"Conexi\u00f3n 23\",\"description\":\"Peri\u00f3dico 100% Petromacorisano\",\"publisher\":{\"@id\":\"http:\\\/\\\/conexion23.com\\\/#organization\"},\"potentialAction\":[{\"@type\":\"SearchAction\",\"target\":{\"@type\":\"EntryPoint\",\"urlTemplate\":\"http:\\\/\\\/conexion23.com\\\/?s={search_term_string}\"},\"query-input\":{\"@type\":\"PropertyValueSpecification\",\"valueRequired\":true,\"valueName\":\"search_term_string\"}}],\"inLanguage\":\"es\"},{\"@type\":\"Organization\",\"@id\":\"http:\\\/\\\/conexion23.com\\\/#organization\",\"name\":\"Conexion 23\",\"url\":\"http:\\\/\\\/conexion23.com\\\/\",\"logo\":{\"@type\":\"ImageObject\",\"inLanguage\":\"es\",\"@id\":\"http:\\\/\\\/conexion23.com\\\/#\\\/schema\\\/logo\\\/image\\\/\",\"url\":\"https:\\\/\\\/conexion23.com\\\/wp-content\\\/uploads\\\/2021\\\/11\\\/Diseno-sin-titulo-2.png\",\"contentUrl\":\"https:\\\/\\\/conexion23.com\\\/wp-content\\\/uploads\\\/2021\\\/11\\\/Diseno-sin-titulo-2.png\",\"width\":541,\"height\":90,\"caption\":\"Conexion 23\"},\"image\":{\"@id\":\"http:\\\/\\\/conexion23.com\\\/#\\\/schema\\\/logo\\\/image\\\/\"},\"sameAs\":[\"https:\\\/\\\/www.facebook.com\\\/conexion23com\",\"https:\\\/\\\/www.instagram.com\\\/conexion23com\\\/\",\"https:\\\/\\\/www.youtube.com\\\/channel\\\/UCYc7vxxFZMYLIHNsHHxPZ3Q\"]},{\"@type\":\"Person\",\"@id\":\"http:\\\/\\\/conexion23.com\\\/#\\\/schema\\\/person\\\/03e36043331117e97a373299bbcd30a6\",\"name\":\"Raffy Ben\u00edtez\",\"image\":{\"@type\":\"ImageObject\",\"inLanguage\":\"es\",\"@id\":\"https:\\\/\\\/secure.gravatar.com\\\/avatar\\\/3190a6a6c5e1b0327500f7d6c56b6242472ee6cb974cf09b401ee6b3b0798f23?s=96&d=mm&r=g\",\"url\":\"https:\\\/\\\/secure.gravatar.com\\\/avatar\\\/3190a6a6c5e1b0327500f7d6c56b6242472ee6cb974cf09b401ee6b3b0798f23?s=96&d=mm&r=g\",\"contentUrl\":\"https:\\\/\\\/secure.gravatar.com\\\/avatar\\\/3190a6a6c5e1b0327500f7d6c56b6242472ee6cb974cf09b401ee6b3b0798f23?s=96&d=mm&r=g\",\"caption\":\"Raffy Ben\u00edtez\"},\"url\":\"https:\\\/\\\/conexion23.com\\\/?author=15\"}]}<\/script>\n<!-- \/ Yoast SEO plugin. -->","yoast_head_json":{"title":"Marchan por la vida y el agua al Palacio Nacional - Conexi\u00f3n 23","robots":{"index":"index","follow":"follow","max-snippet":"max-snippet:-1","max-image-preview":"max-image-preview:large","max-video-preview":"max-video-preview:-1"},"canonical":"https:\/\/conexion23.com\/?p=46705","og_locale":"es_ES","og_type":"article","og_title":"Marchan por la vida y el agua al Palacio Nacional - Conexi\u00f3n 23","og_description":"Una concentraci\u00f3n de m\u00e1s de un centenar de personas y m\u00e1s de 50 organizaciones sociales, gremiales y populares de diferentes provincias del pa\u00eds marcharon este domingo por el derecho a la vida, el agua y otros derechos fundamentales consignados en la\u00a0Constituci\u00f3n\u00a0dominicana. Desde las 10:00 de la ma\u00f1ana los manifestantes se dieron cita en el Parque [&hellip;]","og_url":"https:\/\/conexion23.com\/?p=46705","og_site_name":"Conexi\u00f3n 23","article_publisher":"https:\/\/www.facebook.com\/conexion23com","article_published_time":"2025-10-20T15:30:22+00:00","og_image":[{"width":800,"height":565,"url":"https:\/\/conexion23.com\/wp-content\/uploads\/2025\/10\/68f59846b4a7c.jpeg","type":"image\/jpeg"}],"author":"Raffy Ben\u00edtez","twitter_card":"summary_large_image","twitter_misc":{"Escrito por":"Raffy Ben\u00edtez","Tiempo de lectura":"3 minutos"},"schema":{"@context":"https:\/\/schema.org","@graph":[{"@type":"Article","@id":"https:\/\/conexion23.com\/?p=46705#article","isPartOf":{"@id":"https:\/\/conexion23.com\/?p=46705"},"author":{"name":"Raffy Ben\u00edtez","@id":"http:\/\/conexion23.com\/#\/schema\/person\/03e36043331117e97a373299bbcd30a6"},"headline":"Marchan por la vida y el agua al Palacio Nacional","datePublished":"2025-10-20T15:30:22+00:00","mainEntityOfPage":{"@id":"https:\/\/conexion23.com\/?p=46705"},"wordCount":551,"commentCount":0,"publisher":{"@id":"http:\/\/conexion23.com\/#organization"},"image":{"@id":"https:\/\/conexion23.com\/?p=46705#primaryimage"},"thumbnailUrl":"https:\/\/conexion23.com\/wp-content\/uploads\/2025\/10\/68f59846b4a7c.jpeg","articleSection":["Nacionales","Portada"],"inLanguage":"es","potentialAction":[{"@type":"CommentAction","name":"Comment","target":["https:\/\/conexion23.com\/?p=46705#respond"]}]},{"@type":"WebPage","@id":"https:\/\/conexion23.com\/?p=46705","url":"https:\/\/conexion23.com\/?p=46705","name":"Marchan por la vida y el agua al Palacio Nacional - Conexi\u00f3n 23","isPartOf":{"@id":"http:\/\/conexion23.com\/#website"},"primaryImageOfPage":{"@id":"https:\/\/conexion23.com\/?p=46705#primaryimage"},"image":{"@id":"https:\/\/conexion23.com\/?p=46705#primaryimage"},"thumbnailUrl":"https:\/\/conexion23.com\/wp-content\/uploads\/2025\/10\/68f59846b4a7c.jpeg","datePublished":"2025-10-20T15:30:22+00:00","breadcrumb":{"@id":"https:\/\/conexion23.com\/?p=46705#breadcrumb"},"inLanguage":"es","potentialAction":[{"@type":"ReadAction","target":["https:\/\/conexion23.com\/?p=46705"]}]},{"@type":"ImageObject","inLanguage":"es","@id":"https:\/\/conexion23.com\/?p=46705#primaryimage","url":"https:\/\/conexion23.com\/wp-content\/uploads\/2025\/10\/68f59846b4a7c.jpeg","contentUrl":"https:\/\/conexion23.com\/wp-content\/uploads\/2025\/10\/68f59846b4a7c.jpeg","width":800,"height":565},{"@type":"BreadcrumbList","@id":"https:\/\/conexion23.com\/?p=46705#breadcrumb","itemListElement":[{"@type":"ListItem","position":1,"name":"Portada","item":"http:\/\/conexion23.com\/"},{"@type":"ListItem","position":2,"name":"Marchan por la vida y el agua al Palacio Nacional"}]},{"@type":"WebSite","@id":"http:\/\/conexion23.com\/#website","url":"http:\/\/conexion23.com\/","name":"Conexi\u00f3n 23","description":"Peri\u00f3dico 100% Petromacorisano","publisher":{"@id":"http:\/\/conexion23.com\/#organization"},"potentialAction":[{"@type":"SearchAction","target":{"@type":"EntryPoint","urlTemplate":"http:\/\/conexion23.com\/?s={search_term_string}"},"query-input":{"@type":"PropertyValueSpecification","valueRequired":true,"valueName":"search_term_string"}}],"inLanguage":"es"},{"@type":"Organization","@id":"http:\/\/conexion23.com\/#organization","name":"Conexion 23","url":"http:\/\/conexion23.com\/","logo":{"@type":"ImageObject","inLanguage":"es","@id":"http:\/\/conexion23.com\/#\/schema\/logo\/image\/","url":"https:\/\/conexion23.com\/wp-content\/uploads\/2021\/11\/Diseno-sin-titulo-2.png","contentUrl":"https:\/\/conexion23.com\/wp-content\/uploads\/2021\/11\/Diseno-sin-titulo-2.png","width":541,"height":90,"caption":"Conexion 23"},"image":{"@id":"http:\/\/conexion23.com\/#\/schema\/logo\/image\/"},"sameAs":["https:\/\/www.facebook.com\/conexion23com","https:\/\/www.instagram.com\/conexion23com\/","https:\/\/www.youtube.com\/channel\/UCYc7vxxFZMYLIHNsHHxPZ3Q"]},{"@type":"Person","@id":"http:\/\/conexion23.com\/#\/schema\/person\/03e36043331117e97a373299bbcd30a6","name":"Raffy Ben\u00edtez","image":{"@type":"ImageObject","inLanguage":"es","@id":"https:\/\/secure.gravatar.com\/avatar\/3190a6a6c5e1b0327500f7d6c56b6242472ee6cb974cf09b401ee6b3b0798f23?s=96&d=mm&r=g","url":"https:\/\/secure.gravatar.com\/avatar\/3190a6a6c5e1b0327500f7d6c56b6242472ee6cb974cf09b401ee6b3b0798f23?s=96&d=mm&r=g","contentUrl":"https:\/\/secure.gravatar.com\/avatar\/3190a6a6c5e1b0327500f7d6c56b6242472ee6cb974cf09b401ee6b3b0798f23?s=96&d=mm&r=g","caption":"Raffy Ben\u00edtez"},"url":"https:\/\/conexion23.com\/?author=15"}]}},"_links":{"self":[{"href":"https:\/\/conexion23.com\/index.php?rest_route=\/wp\/v2\/posts\/46705","targetHints":{"allow":["GET"]}}],"collection":[{"href":"https:\/\/conexion23.com\/index.php?rest_route=\/wp\/v2\/posts"}],"about":[{"href":"https:\/\/conexion23.com\/index.php?rest_route=\/wp\/v2\/types\/post"}],"author":[{"embeddable":true,"href":"https:\/\/conexion23.com\/index.php?rest_route=\/wp\/v2\/users\/15"}],"replies":[{"embeddable":true,"href":"https:\/\/conexion23.com\/index.php?rest_route=%2Fwp%2Fv2%2Fcomments&post=46705"}],"version-history":[{"count":1,"href":"https:\/\/conexion23.com\/index.php?rest_route=\/wp\/v2\/posts\/46705\/revisions"}],"predecessor-version":[{"id":46707,"href":"https:\/\/conexion23.com\/index.php?rest_route=\/wp\/v2\/posts\/46705\/revisions\/46707"}],"wp:featuredmedia":[{"embeddable":true,"href":"https:\/\/conexion23.com\/index.php?rest_route=\/wp\/v2\/media\/46706"}],"wp:attachment":[{"href":"https:\/\/conexion23.com\/index.php?rest_route=%2Fwp%2Fv2%2Fmedia&parent=46705"}],"wp:term":[{"taxonomy":"category","embeddable":true,"href":"https:\/\/conexion23.com\/index.php?rest_route=%2Fwp%2Fv2%2Fcategories&post=46705"},{"taxonomy":"post_tag","embeddable":true,"href":"https:\/\/conexion23.com\/index.php?rest_route=%2Fwp%2Fv2%2Ftags&post=46705"}],"curies":[{"name":"wp","href":"https:\/\/api.w.org\/{rel}","templated":true}]}}