{"id":46964,"date":"2025-10-24T06:59:44","date_gmt":"2025-10-24T10:59:44","guid":{"rendered":"https:\/\/conexion23.com\/?p=46964"},"modified":"2025-10-24T06:59:44","modified_gmt":"2025-10-24T10:59:44","slug":"liberan-bajo-fianza-a-exfuncionario-rd-polanco-virella","status":"publish","type":"post","link":"https:\/\/conexion23.com\/?p=46964","title":{"rendered":"Liberan bajo fianza a exfuncionario RD Polanco Virella"},"content":{"rendered":"<p style=\"text-align: justify;\">Fue puesto en libertad bajo fianza el dominicano Gaspar Antonio Polanco Virella, alias \u201cEl Grande\u201d, acusado por autoridades federales estadounidenses de integrar una red internacional de narcotr\u00e1fico, luego de que una magistrada federal aprobara su excarcelaci\u00f3n bajo estrictas condiciones.<\/p>\n<p style=\"text-align: justify;\">Polanco deber\u00e1 pagar US$200,000, divididos en dos bonos garantizados: uno de US$150,000 y otro de US$50,000, ambos sujetos a un 10 % de PSB Bond.<\/p>\n<p style=\"text-align: justify;\">Seg\u00fan los documentos judiciales, la medida se otorg\u00f3 bajo vigilancia y con condiciones de liberaci\u00f3n controladas por la Oficina de Servicios Previos al Juicio, impuestas por la magistrada Lauren Fleischer Louis, del Distrito Sur de Florida.<\/p>\n<p style=\"text-align: justify;\">Entre las condiciones impuestas figuran la prohibici\u00f3n de salir del Distrito Sur de Florida sin autorizaci\u00f3n judicial, la entrega de todos sus pasaportes, el uso de un dispositivo de monitoreo electr\u00f3nico, restricciones de movimiento y reportes peri\u00f3dicos a las autoridades federales.<\/p>\n<p style=\"text-align: justify;\">Polanco deber\u00e1 abstenerse de consumir sustancias controladas, no podr\u00e1 acercarse a testigos vinculados al caso y tendr\u00e1 limitaciones estrictas para visitar puertos, aeropuertos u otras instalaciones de transporte comercial.<\/p>\n<p style=\"text-align: justify;\">El exfuncionario del actual Gobierno est\u00e1 se\u00f1alado de formar parte de una red internacional de narcotr\u00e1fico junto al exasesor honor\u00edfico para las Zonas Francas, Fabio Augusto Jorge Puras.<\/p>\n<p style=\"text-align: justify;\">De acuerdo con las investigaciones, las operaciones il\u00edcitas se habr\u00edan realizado entre 2003 y 2019. Jorge Puras fue desvinculado de su cargo mediante el decreto 273-25, emitido el 23 de mayo, luego de que las autoridades estadounidenses notificaran a la Direcci\u00f3n Nacional de Control de Drogas (DNCD) sobre la investigaci\u00f3n.<\/p>\n","protected":false},"excerpt":{"rendered":"<p>Fue puesto en libertad bajo fianza el dominicano Gaspar Antonio Polanco Virella, alias \u201cEl Grande\u201d, acusado por autoridades federales estadounidenses de integrar una red internacional de narcotr\u00e1fico, luego de que una magistrada federal aprobara su excarcelaci\u00f3n bajo estrictas condiciones. Polanco deber\u00e1 pagar US$200,000, divididos en dos bonos garantizados: uno de US$150,000 y otro de US$50,000, [&hellip;]<\/p>\n","protected":false},"author":15,"featured_media":46965,"comment_status":"open","ping_status":"open","sticky":false,"template":"","format":"standard","meta":{"footnotes":""},"categories":[3881],"tags":[],"class_list":["post-46964","post","type-post","status-publish","format-standard","has-post-thumbnail","category-internacionales"],"yoast_head":"<!-- This site is optimized with the Yoast SEO plugin v27.6 - https:\/\/yoast.com\/product\/yoast-seo-wordpress\/ -->\n<title>Liberan bajo fianza a exfuncionario RD Polanco Virella - Conexi\u00f3n 23<\/title>\n<meta name=\"robots\" content=\"index, follow, max-snippet:-1, max-image-preview:large, max-video-preview:-1\" \/>\n<link rel=\"canonical\" href=\"https:\/\/conexion23.com\/?p=46964\" \/>\n<meta property=\"og:locale\" content=\"es_ES\" \/>\n<meta property=\"og:type\" content=\"article\" \/>\n<meta property=\"og:title\" content=\"Liberan bajo fianza a exfuncionario RD Polanco Virella - Conexi\u00f3n 23\" \/>\n<meta property=\"og:description\" content=\"Fue puesto en libertad bajo fianza el dominicano Gaspar Antonio Polanco Virella, alias \u201cEl Grande\u201d, acusado por autoridades federales estadounidenses de integrar una red internacional de narcotr\u00e1fico, luego de que una magistrada federal aprobara su excarcelaci\u00f3n bajo estrictas condiciones. Polanco deber\u00e1 pagar US$200,000, divididos en dos bonos garantizados: uno de US$150,000 y otro de US$50,000, [&hellip;]\" \/>\n<meta property=\"og:url\" content=\"https:\/\/conexion23.com\/?p=46964\" \/>\n<meta property=\"og:site_name\" content=\"Conexi\u00f3n 23\" \/>\n<meta property=\"article:publisher\" content=\"https:\/\/www.facebook.com\/conexion23com\" \/>\n<meta property=\"article:published_time\" content=\"2025-10-24T10:59:44+00:00\" \/>\n<meta property=\"og:image\" content=\"https:\/\/conexion23.com\/wp-content\/uploads\/2025\/10\/gaspar-antonio-polanco-virella-se-entrega-en-miami-por-acusaciones-de-40a9c5b9-1.jpg\" \/>\n\t<meta property=\"og:image:width\" content=\"600\" \/>\n\t<meta property=\"og:image:height\" content=\"400\" \/>\n\t<meta property=\"og:image:type\" content=\"image\/jpeg\" \/>\n<meta name=\"author\" content=\"Raffy Ben\u00edtez\" \/>\n<meta name=\"twitter:card\" content=\"summary_large_image\" \/>\n<meta name=\"twitter:label1\" content=\"Escrito por\" \/>\n\t<meta name=\"twitter:data1\" content=\"Raffy Ben\u00edtez\" \/>\n\t<meta name=\"twitter:label2\" content=\"Tiempo de lectura\" \/>\n\t<meta name=\"twitter:data2\" content=\"2 minutos\" \/>\n<script type=\"application\/ld+json\" class=\"yoast-schema-graph\">{\"@context\":\"https:\\\/\\\/schema.org\",\"@graph\":[{\"@type\":\"Article\",\"@id\":\"https:\\\/\\\/conexion23.com\\\/?p=46964#article\",\"isPartOf\":{\"@id\":\"https:\\\/\\\/conexion23.com\\\/?p=46964\"},\"author\":{\"name\":\"Raffy Ben\u00edtez\",\"@id\":\"http:\\\/\\\/conexion23.com\\\/#\\\/schema\\\/person\\\/03e36043331117e97a373299bbcd30a6\"},\"headline\":\"Liberan bajo fianza a exfuncionario RD Polanco Virella\",\"datePublished\":\"2025-10-24T10:59:44+00:00\",\"mainEntityOfPage\":{\"@id\":\"https:\\\/\\\/conexion23.com\\\/?p=46964\"},\"wordCount\":266,\"commentCount\":0,\"publisher\":{\"@id\":\"http:\\\/\\\/conexion23.com\\\/#organization\"},\"image\":{\"@id\":\"https:\\\/\\\/conexion23.com\\\/?p=46964#primaryimage\"},\"thumbnailUrl\":\"https:\\\/\\\/conexion23.com\\\/wp-content\\\/uploads\\\/2025\\\/10\\\/gaspar-antonio-polanco-virella-se-entrega-en-miami-por-acusaciones-de-40a9c5b9-1.jpg\",\"articleSection\":[\"Internacionales\"],\"inLanguage\":\"es\",\"potentialAction\":[{\"@type\":\"CommentAction\",\"name\":\"Comment\",\"target\":[\"https:\\\/\\\/conexion23.com\\\/?p=46964#respond\"]}]},{\"@type\":\"WebPage\",\"@id\":\"https:\\\/\\\/conexion23.com\\\/?p=46964\",\"url\":\"https:\\\/\\\/conexion23.com\\\/?p=46964\",\"name\":\"Liberan bajo fianza a exfuncionario RD Polanco Virella - Conexi\u00f3n 23\",\"isPartOf\":{\"@id\":\"http:\\\/\\\/conexion23.com\\\/#website\"},\"primaryImageOfPage\":{\"@id\":\"https:\\\/\\\/conexion23.com\\\/?p=46964#primaryimage\"},\"image\":{\"@id\":\"https:\\\/\\\/conexion23.com\\\/?p=46964#primaryimage\"},\"thumbnailUrl\":\"https:\\\/\\\/conexion23.com\\\/wp-content\\\/uploads\\\/2025\\\/10\\\/gaspar-antonio-polanco-virella-se-entrega-en-miami-por-acusaciones-de-40a9c5b9-1.jpg\",\"datePublished\":\"2025-10-24T10:59:44+00:00\",\"breadcrumb\":{\"@id\":\"https:\\\/\\\/conexion23.com\\\/?p=46964#breadcrumb\"},\"inLanguage\":\"es\",\"potentialAction\":[{\"@type\":\"ReadAction\",\"target\":[\"https:\\\/\\\/conexion23.com\\\/?p=46964\"]}]},{\"@type\":\"ImageObject\",\"inLanguage\":\"es\",\"@id\":\"https:\\\/\\\/conexion23.com\\\/?p=46964#primaryimage\",\"url\":\"https:\\\/\\\/conexion23.com\\\/wp-content\\\/uploads\\\/2025\\\/10\\\/gaspar-antonio-polanco-virella-se-entrega-en-miami-por-acusaciones-de-40a9c5b9-1.jpg\",\"contentUrl\":\"https:\\\/\\\/conexion23.com\\\/wp-content\\\/uploads\\\/2025\\\/10\\\/gaspar-antonio-polanco-virella-se-entrega-en-miami-por-acusaciones-de-40a9c5b9-1.jpg\",\"width\":600,\"height\":400},{\"@type\":\"BreadcrumbList\",\"@id\":\"https:\\\/\\\/conexion23.com\\\/?p=46964#breadcrumb\",\"itemListElement\":[{\"@type\":\"ListItem\",\"position\":1,\"name\":\"Portada\",\"item\":\"http:\\\/\\\/conexion23.com\\\/\"},{\"@type\":\"ListItem\",\"position\":2,\"name\":\"Liberan bajo fianza a exfuncionario RD Polanco Virella\"}]},{\"@type\":\"WebSite\",\"@id\":\"http:\\\/\\\/conexion23.com\\\/#website\",\"url\":\"http:\\\/\\\/conexion23.com\\\/\",\"name\":\"Conexi\u00f3n 23\",\"description\":\"Peri\u00f3dico 100% Petromacorisano\",\"publisher\":{\"@id\":\"http:\\\/\\\/conexion23.com\\\/#organization\"},\"potentialAction\":[{\"@type\":\"SearchAction\",\"target\":{\"@type\":\"EntryPoint\",\"urlTemplate\":\"http:\\\/\\\/conexion23.com\\\/?s={search_term_string}\"},\"query-input\":{\"@type\":\"PropertyValueSpecification\",\"valueRequired\":true,\"valueName\":\"search_term_string\"}}],\"inLanguage\":\"es\"},{\"@type\":\"Organization\",\"@id\":\"http:\\\/\\\/conexion23.com\\\/#organization\",\"name\":\"Conexion 23\",\"url\":\"http:\\\/\\\/conexion23.com\\\/\",\"logo\":{\"@type\":\"ImageObject\",\"inLanguage\":\"es\",\"@id\":\"http:\\\/\\\/conexion23.com\\\/#\\\/schema\\\/logo\\\/image\\\/\",\"url\":\"https:\\\/\\\/conexion23.com\\\/wp-content\\\/uploads\\\/2021\\\/11\\\/Diseno-sin-titulo-2.png\",\"contentUrl\":\"https:\\\/\\\/conexion23.com\\\/wp-content\\\/uploads\\\/2021\\\/11\\\/Diseno-sin-titulo-2.png\",\"width\":541,\"height\":90,\"caption\":\"Conexion 23\"},\"image\":{\"@id\":\"http:\\\/\\\/conexion23.com\\\/#\\\/schema\\\/logo\\\/image\\\/\"},\"sameAs\":[\"https:\\\/\\\/www.facebook.com\\\/conexion23com\",\"https:\\\/\\\/www.instagram.com\\\/conexion23com\\\/\",\"https:\\\/\\\/www.youtube.com\\\/channel\\\/UCYc7vxxFZMYLIHNsHHxPZ3Q\"]},{\"@type\":\"Person\",\"@id\":\"http:\\\/\\\/conexion23.com\\\/#\\\/schema\\\/person\\\/03e36043331117e97a373299bbcd30a6\",\"name\":\"Raffy Ben\u00edtez\",\"image\":{\"@type\":\"ImageObject\",\"inLanguage\":\"es\",\"@id\":\"https:\\\/\\\/secure.gravatar.com\\\/avatar\\\/3190a6a6c5e1b0327500f7d6c56b6242472ee6cb974cf09b401ee6b3b0798f23?s=96&d=mm&r=g\",\"url\":\"https:\\\/\\\/secure.gravatar.com\\\/avatar\\\/3190a6a6c5e1b0327500f7d6c56b6242472ee6cb974cf09b401ee6b3b0798f23?s=96&d=mm&r=g\",\"contentUrl\":\"https:\\\/\\\/secure.gravatar.com\\\/avatar\\\/3190a6a6c5e1b0327500f7d6c56b6242472ee6cb974cf09b401ee6b3b0798f23?s=96&d=mm&r=g\",\"caption\":\"Raffy Ben\u00edtez\"},\"url\":\"https:\\\/\\\/conexion23.com\\\/?author=15\"}]}<\/script>\n<!-- \/ Yoast SEO plugin. -->","yoast_head_json":{"title":"Liberan bajo fianza a exfuncionario RD Polanco Virella - Conexi\u00f3n 23","robots":{"index":"index","follow":"follow","max-snippet":"max-snippet:-1","max-image-preview":"max-image-preview:large","max-video-preview":"max-video-preview:-1"},"canonical":"https:\/\/conexion23.com\/?p=46964","og_locale":"es_ES","og_type":"article","og_title":"Liberan bajo fianza a exfuncionario RD Polanco Virella - Conexi\u00f3n 23","og_description":"Fue puesto en libertad bajo fianza el dominicano Gaspar Antonio Polanco Virella, alias \u201cEl Grande\u201d, acusado por autoridades federales estadounidenses de integrar una red internacional de narcotr\u00e1fico, luego de que una magistrada federal aprobara su excarcelaci\u00f3n bajo estrictas condiciones. Polanco deber\u00e1 pagar US$200,000, divididos en dos bonos garantizados: uno de US$150,000 y otro de US$50,000, [&hellip;]","og_url":"https:\/\/conexion23.com\/?p=46964","og_site_name":"Conexi\u00f3n 23","article_publisher":"https:\/\/www.facebook.com\/conexion23com","article_published_time":"2025-10-24T10:59:44+00:00","og_image":[{"width":600,"height":400,"url":"https:\/\/conexion23.com\/wp-content\/uploads\/2025\/10\/gaspar-antonio-polanco-virella-se-entrega-en-miami-por-acusaciones-de-40a9c5b9-1.jpg","type":"image\/jpeg"}],"author":"Raffy Ben\u00edtez","twitter_card":"summary_large_image","twitter_misc":{"Escrito por":"Raffy Ben\u00edtez","Tiempo de lectura":"2 minutos"},"schema":{"@context":"https:\/\/schema.org","@graph":[{"@type":"Article","@id":"https:\/\/conexion23.com\/?p=46964#article","isPartOf":{"@id":"https:\/\/conexion23.com\/?p=46964"},"author":{"name":"Raffy Ben\u00edtez","@id":"http:\/\/conexion23.com\/#\/schema\/person\/03e36043331117e97a373299bbcd30a6"},"headline":"Liberan bajo fianza a exfuncionario RD Polanco Virella","datePublished":"2025-10-24T10:59:44+00:00","mainEntityOfPage":{"@id":"https:\/\/conexion23.com\/?p=46964"},"wordCount":266,"commentCount":0,"publisher":{"@id":"http:\/\/conexion23.com\/#organization"},"image":{"@id":"https:\/\/conexion23.com\/?p=46964#primaryimage"},"thumbnailUrl":"https:\/\/conexion23.com\/wp-content\/uploads\/2025\/10\/gaspar-antonio-polanco-virella-se-entrega-en-miami-por-acusaciones-de-40a9c5b9-1.jpg","articleSection":["Internacionales"],"inLanguage":"es","potentialAction":[{"@type":"CommentAction","name":"Comment","target":["https:\/\/conexion23.com\/?p=46964#respond"]}]},{"@type":"WebPage","@id":"https:\/\/conexion23.com\/?p=46964","url":"https:\/\/conexion23.com\/?p=46964","name":"Liberan bajo fianza a exfuncionario RD Polanco Virella - Conexi\u00f3n 23","isPartOf":{"@id":"http:\/\/conexion23.com\/#website"},"primaryImageOfPage":{"@id":"https:\/\/conexion23.com\/?p=46964#primaryimage"},"image":{"@id":"https:\/\/conexion23.com\/?p=46964#primaryimage"},"thumbnailUrl":"https:\/\/conexion23.com\/wp-content\/uploads\/2025\/10\/gaspar-antonio-polanco-virella-se-entrega-en-miami-por-acusaciones-de-40a9c5b9-1.jpg","datePublished":"2025-10-24T10:59:44+00:00","breadcrumb":{"@id":"https:\/\/conexion23.com\/?p=46964#breadcrumb"},"inLanguage":"es","potentialAction":[{"@type":"ReadAction","target":["https:\/\/conexion23.com\/?p=46964"]}]},{"@type":"ImageObject","inLanguage":"es","@id":"https:\/\/conexion23.com\/?p=46964#primaryimage","url":"https:\/\/conexion23.com\/wp-content\/uploads\/2025\/10\/gaspar-antonio-polanco-virella-se-entrega-en-miami-por-acusaciones-de-40a9c5b9-1.jpg","contentUrl":"https:\/\/conexion23.com\/wp-content\/uploads\/2025\/10\/gaspar-antonio-polanco-virella-se-entrega-en-miami-por-acusaciones-de-40a9c5b9-1.jpg","width":600,"height":400},{"@type":"BreadcrumbList","@id":"https:\/\/conexion23.com\/?p=46964#breadcrumb","itemListElement":[{"@type":"ListItem","position":1,"name":"Portada","item":"http:\/\/conexion23.com\/"},{"@type":"ListItem","position":2,"name":"Liberan bajo fianza a exfuncionario RD Polanco Virella"}]},{"@type":"WebSite","@id":"http:\/\/conexion23.com\/#website","url":"http:\/\/conexion23.com\/","name":"Conexi\u00f3n 23","description":"Peri\u00f3dico 100% Petromacorisano","publisher":{"@id":"http:\/\/conexion23.com\/#organization"},"potentialAction":[{"@type":"SearchAction","target":{"@type":"EntryPoint","urlTemplate":"http:\/\/conexion23.com\/?s={search_term_string}"},"query-input":{"@type":"PropertyValueSpecification","valueRequired":true,"valueName":"search_term_string"}}],"inLanguage":"es"},{"@type":"Organization","@id":"http:\/\/conexion23.com\/#organization","name":"Conexion 23","url":"http:\/\/conexion23.com\/","logo":{"@type":"ImageObject","inLanguage":"es","@id":"http:\/\/conexion23.com\/#\/schema\/logo\/image\/","url":"https:\/\/conexion23.com\/wp-content\/uploads\/2021\/11\/Diseno-sin-titulo-2.png","contentUrl":"https:\/\/conexion23.com\/wp-content\/uploads\/2021\/11\/Diseno-sin-titulo-2.png","width":541,"height":90,"caption":"Conexion 23"},"image":{"@id":"http:\/\/conexion23.com\/#\/schema\/logo\/image\/"},"sameAs":["https:\/\/www.facebook.com\/conexion23com","https:\/\/www.instagram.com\/conexion23com\/","https:\/\/www.youtube.com\/channel\/UCYc7vxxFZMYLIHNsHHxPZ3Q"]},{"@type":"Person","@id":"http:\/\/conexion23.com\/#\/schema\/person\/03e36043331117e97a373299bbcd30a6","name":"Raffy Ben\u00edtez","image":{"@type":"ImageObject","inLanguage":"es","@id":"https:\/\/secure.gravatar.com\/avatar\/3190a6a6c5e1b0327500f7d6c56b6242472ee6cb974cf09b401ee6b3b0798f23?s=96&d=mm&r=g","url":"https:\/\/secure.gravatar.com\/avatar\/3190a6a6c5e1b0327500f7d6c56b6242472ee6cb974cf09b401ee6b3b0798f23?s=96&d=mm&r=g","contentUrl":"https:\/\/secure.gravatar.com\/avatar\/3190a6a6c5e1b0327500f7d6c56b6242472ee6cb974cf09b401ee6b3b0798f23?s=96&d=mm&r=g","caption":"Raffy Ben\u00edtez"},"url":"https:\/\/conexion23.com\/?author=15"}]}},"_links":{"self":[{"href":"https:\/\/conexion23.com\/index.php?rest_route=\/wp\/v2\/posts\/46964","targetHints":{"allow":["GET"]}}],"collection":[{"href":"https:\/\/conexion23.com\/index.php?rest_route=\/wp\/v2\/posts"}],"about":[{"href":"https:\/\/conexion23.com\/index.php?rest_route=\/wp\/v2\/types\/post"}],"author":[{"embeddable":true,"href":"https:\/\/conexion23.com\/index.php?rest_route=\/wp\/v2\/users\/15"}],"replies":[{"embeddable":true,"href":"https:\/\/conexion23.com\/index.php?rest_route=%2Fwp%2Fv2%2Fcomments&post=46964"}],"version-history":[{"count":1,"href":"https:\/\/conexion23.com\/index.php?rest_route=\/wp\/v2\/posts\/46964\/revisions"}],"predecessor-version":[{"id":46966,"href":"https:\/\/conexion23.com\/index.php?rest_route=\/wp\/v2\/posts\/46964\/revisions\/46966"}],"wp:featuredmedia":[{"embeddable":true,"href":"https:\/\/conexion23.com\/index.php?rest_route=\/wp\/v2\/media\/46965"}],"wp:attachment":[{"href":"https:\/\/conexion23.com\/index.php?rest_route=%2Fwp%2Fv2%2Fmedia&parent=46964"}],"wp:term":[{"taxonomy":"category","embeddable":true,"href":"https:\/\/conexion23.com\/index.php?rest_route=%2Fwp%2Fv2%2Fcategories&post=46964"},{"taxonomy":"post_tag","embeddable":true,"href":"https:\/\/conexion23.com\/index.php?rest_route=%2Fwp%2Fv2%2Ftags&post=46964"}],"curies":[{"name":"wp","href":"https:\/\/api.w.org\/{rel}","templated":true}]}}