{"id":46976,"date":"2025-10-24T08:00:46","date_gmt":"2025-10-24T12:00:46","guid":{"rendered":"https:\/\/conexion23.com\/?p=46976"},"modified":"2025-10-24T07:26:49","modified_gmt":"2025-10-24T11:26:49","slug":"coe-aumenta-a-12-las-provincias-en-alerta-roja-por-efectos-de-la-tormenta-melissa","status":"publish","type":"post","link":"https:\/\/conexion23.com\/?p=46976","title":{"rendered":"COE aumenta a 12 las provincias en alerta roja por efectos de la tormenta Melissa"},"content":{"rendered":"<p style=\"text-align: justify;\">El Centro de Operaciones de Emergencias (COE) inform\u00f3 la noche de este jueves que aument\u00f3 a 11 y el Distrito Nacional las provincias en alerta roja, debido a las fuertes lluvias, tormentas el\u00e9ctricas e inundaciones provocadas por la tormenta tropical Melissa, que contin\u00faa incidiendo sobre gran parte del territorio nacional.<\/p>\n<p style=\"text-align: justify;\">El organismo ratific\u00f3 el nivel m\u00e1ximo de alerta para las provincias Santo Domingo, San Crist\u00f3bal, Peravia, San Jos\u00e9 de Ocoa, Azua, San Juan, Barahona y Pedernales, y a\u00f1adi\u00f3 a La Romana, San Pedro de Macor\u00eds y Monte Plata, ante el incremento de los acumulados de lluvia y el riesgo de desbordamientos de r\u00edos, ca\u00f1adas y deslizamientos de tierra.<\/p>\n","protected":false},"excerpt":{"rendered":"<p>El Centro de Operaciones de Emergencias (COE) inform\u00f3 la noche de este jueves que aument\u00f3 a 11 y el Distrito Nacional las provincias en alerta roja, debido a las fuertes lluvias, tormentas el\u00e9ctricas e inundaciones provocadas por la tormenta tropical Melissa, que contin\u00faa incidiendo sobre gran parte del territorio nacional. El organismo ratific\u00f3 el nivel [&hellip;]<\/p>\n","protected":false},"author":15,"featured_media":46977,"comment_status":"open","ping_status":"open","sticky":false,"template":"","format":"standard","meta":{"footnotes":""},"categories":[3913,3773],"tags":[],"class_list":["post-46976","post","type-post","status-publish","format-standard","has-post-thumbnail","category-nacionales","category-portada"],"yoast_head":"<!-- This site is optimized with the Yoast SEO plugin v27.6 - https:\/\/yoast.com\/product\/yoast-seo-wordpress\/ -->\n<title>COE aumenta a 12 las provincias en alerta roja por efectos de la tormenta Melissa - Conexi\u00f3n 23<\/title>\n<meta name=\"robots\" content=\"index, follow, max-snippet:-1, max-image-preview:large, max-video-preview:-1\" \/>\n<link rel=\"canonical\" href=\"https:\/\/conexion23.com\/?p=46976\" \/>\n<meta property=\"og:locale\" content=\"es_ES\" \/>\n<meta property=\"og:type\" content=\"article\" \/>\n<meta property=\"og:title\" content=\"COE aumenta a 12 las provincias en alerta roja por efectos de la tormenta Melissa - Conexi\u00f3n 23\" \/>\n<meta property=\"og:description\" content=\"El Centro de Operaciones de Emergencias (COE) inform\u00f3 la noche de este jueves que aument\u00f3 a 11 y el Distrito Nacional las provincias en alerta roja, debido a las fuertes lluvias, tormentas el\u00e9ctricas e inundaciones provocadas por la tormenta tropical Melissa, que contin\u00faa incidiendo sobre gran parte del territorio nacional. El organismo ratific\u00f3 el nivel [&hellip;]\" \/>\n<meta property=\"og:url\" content=\"https:\/\/conexion23.com\/?p=46976\" \/>\n<meta property=\"og:site_name\" content=\"Conexi\u00f3n 23\" \/>\n<meta property=\"article:publisher\" content=\"https:\/\/www.facebook.com\/conexion23com\" \/>\n<meta property=\"article:published_time\" content=\"2025-10-24T12:00:46+00:00\" \/>\n<meta property=\"og:image\" content=\"https:\/\/conexion23.com\/wp-content\/uploads\/2025\/10\/11f01fb2-d657-430e-a8a6-1b84564fda38.jpg\" \/>\n\t<meta property=\"og:image:width\" content=\"720\" \/>\n\t<meta property=\"og:image:height\" content=\"913\" \/>\n\t<meta property=\"og:image:type\" content=\"image\/jpeg\" \/>\n<meta name=\"author\" content=\"Raffy Ben\u00edtez\" \/>\n<meta name=\"twitter:card\" content=\"summary_large_image\" \/>\n<meta name=\"twitter:label1\" content=\"Escrito por\" \/>\n\t<meta name=\"twitter:data1\" content=\"Raffy Ben\u00edtez\" \/>\n\t<meta name=\"twitter:label2\" content=\"Tiempo de lectura\" \/>\n\t<meta name=\"twitter:data2\" content=\"1 minuto\" \/>\n<script type=\"application\/ld+json\" class=\"yoast-schema-graph\">{\"@context\":\"https:\\\/\\\/schema.org\",\"@graph\":[{\"@type\":\"Article\",\"@id\":\"https:\\\/\\\/conexion23.com\\\/?p=46976#article\",\"isPartOf\":{\"@id\":\"https:\\\/\\\/conexion23.com\\\/?p=46976\"},\"author\":{\"name\":\"Raffy Ben\u00edtez\",\"@id\":\"http:\\\/\\\/conexion23.com\\\/#\\\/schema\\\/person\\\/03e36043331117e97a373299bbcd30a6\"},\"headline\":\"COE aumenta a 12 las provincias en alerta roja por efectos de la tormenta Melissa\",\"datePublished\":\"2025-10-24T12:00:46+00:00\",\"mainEntityOfPage\":{\"@id\":\"https:\\\/\\\/conexion23.com\\\/?p=46976\"},\"wordCount\":129,\"commentCount\":0,\"publisher\":{\"@id\":\"http:\\\/\\\/conexion23.com\\\/#organization\"},\"image\":{\"@id\":\"https:\\\/\\\/conexion23.com\\\/?p=46976#primaryimage\"},\"thumbnailUrl\":\"https:\\\/\\\/conexion23.com\\\/wp-content\\\/uploads\\\/2025\\\/10\\\/11f01fb2-d657-430e-a8a6-1b84564fda38.jpg\",\"articleSection\":[\"Nacionales\",\"Portada\"],\"inLanguage\":\"es\",\"potentialAction\":[{\"@type\":\"CommentAction\",\"name\":\"Comment\",\"target\":[\"https:\\\/\\\/conexion23.com\\\/?p=46976#respond\"]}]},{\"@type\":\"WebPage\",\"@id\":\"https:\\\/\\\/conexion23.com\\\/?p=46976\",\"url\":\"https:\\\/\\\/conexion23.com\\\/?p=46976\",\"name\":\"COE aumenta a 12 las provincias en alerta roja por efectos de la tormenta Melissa - Conexi\u00f3n 23\",\"isPartOf\":{\"@id\":\"http:\\\/\\\/conexion23.com\\\/#website\"},\"primaryImageOfPage\":{\"@id\":\"https:\\\/\\\/conexion23.com\\\/?p=46976#primaryimage\"},\"image\":{\"@id\":\"https:\\\/\\\/conexion23.com\\\/?p=46976#primaryimage\"},\"thumbnailUrl\":\"https:\\\/\\\/conexion23.com\\\/wp-content\\\/uploads\\\/2025\\\/10\\\/11f01fb2-d657-430e-a8a6-1b84564fda38.jpg\",\"datePublished\":\"2025-10-24T12:00:46+00:00\",\"breadcrumb\":{\"@id\":\"https:\\\/\\\/conexion23.com\\\/?p=46976#breadcrumb\"},\"inLanguage\":\"es\",\"potentialAction\":[{\"@type\":\"ReadAction\",\"target\":[\"https:\\\/\\\/conexion23.com\\\/?p=46976\"]}]},{\"@type\":\"ImageObject\",\"inLanguage\":\"es\",\"@id\":\"https:\\\/\\\/conexion23.com\\\/?p=46976#primaryimage\",\"url\":\"https:\\\/\\\/conexion23.com\\\/wp-content\\\/uploads\\\/2025\\\/10\\\/11f01fb2-d657-430e-a8a6-1b84564fda38.jpg\",\"contentUrl\":\"https:\\\/\\\/conexion23.com\\\/wp-content\\\/uploads\\\/2025\\\/10\\\/11f01fb2-d657-430e-a8a6-1b84564fda38.jpg\",\"width\":720,\"height\":913},{\"@type\":\"BreadcrumbList\",\"@id\":\"https:\\\/\\\/conexion23.com\\\/?p=46976#breadcrumb\",\"itemListElement\":[{\"@type\":\"ListItem\",\"position\":1,\"name\":\"Portada\",\"item\":\"http:\\\/\\\/conexion23.com\\\/\"},{\"@type\":\"ListItem\",\"position\":2,\"name\":\"COE aumenta a 12 las provincias en alerta roja por efectos de la tormenta Melissa\"}]},{\"@type\":\"WebSite\",\"@id\":\"http:\\\/\\\/conexion23.com\\\/#website\",\"url\":\"http:\\\/\\\/conexion23.com\\\/\",\"name\":\"Conexi\u00f3n 23\",\"description\":\"Peri\u00f3dico 100% Petromacorisano\",\"publisher\":{\"@id\":\"http:\\\/\\\/conexion23.com\\\/#organization\"},\"potentialAction\":[{\"@type\":\"SearchAction\",\"target\":{\"@type\":\"EntryPoint\",\"urlTemplate\":\"http:\\\/\\\/conexion23.com\\\/?s={search_term_string}\"},\"query-input\":{\"@type\":\"PropertyValueSpecification\",\"valueRequired\":true,\"valueName\":\"search_term_string\"}}],\"inLanguage\":\"es\"},{\"@type\":\"Organization\",\"@id\":\"http:\\\/\\\/conexion23.com\\\/#organization\",\"name\":\"Conexion 23\",\"url\":\"http:\\\/\\\/conexion23.com\\\/\",\"logo\":{\"@type\":\"ImageObject\",\"inLanguage\":\"es\",\"@id\":\"http:\\\/\\\/conexion23.com\\\/#\\\/schema\\\/logo\\\/image\\\/\",\"url\":\"https:\\\/\\\/conexion23.com\\\/wp-content\\\/uploads\\\/2021\\\/11\\\/Diseno-sin-titulo-2.png\",\"contentUrl\":\"https:\\\/\\\/conexion23.com\\\/wp-content\\\/uploads\\\/2021\\\/11\\\/Diseno-sin-titulo-2.png\",\"width\":541,\"height\":90,\"caption\":\"Conexion 23\"},\"image\":{\"@id\":\"http:\\\/\\\/conexion23.com\\\/#\\\/schema\\\/logo\\\/image\\\/\"},\"sameAs\":[\"https:\\\/\\\/www.facebook.com\\\/conexion23com\",\"https:\\\/\\\/www.instagram.com\\\/conexion23com\\\/\",\"https:\\\/\\\/www.youtube.com\\\/channel\\\/UCYc7vxxFZMYLIHNsHHxPZ3Q\"]},{\"@type\":\"Person\",\"@id\":\"http:\\\/\\\/conexion23.com\\\/#\\\/schema\\\/person\\\/03e36043331117e97a373299bbcd30a6\",\"name\":\"Raffy Ben\u00edtez\",\"image\":{\"@type\":\"ImageObject\",\"inLanguage\":\"es\",\"@id\":\"https:\\\/\\\/secure.gravatar.com\\\/avatar\\\/3190a6a6c5e1b0327500f7d6c56b6242472ee6cb974cf09b401ee6b3b0798f23?s=96&d=mm&r=g\",\"url\":\"https:\\\/\\\/secure.gravatar.com\\\/avatar\\\/3190a6a6c5e1b0327500f7d6c56b6242472ee6cb974cf09b401ee6b3b0798f23?s=96&d=mm&r=g\",\"contentUrl\":\"https:\\\/\\\/secure.gravatar.com\\\/avatar\\\/3190a6a6c5e1b0327500f7d6c56b6242472ee6cb974cf09b401ee6b3b0798f23?s=96&d=mm&r=g\",\"caption\":\"Raffy Ben\u00edtez\"},\"url\":\"https:\\\/\\\/conexion23.com\\\/?author=15\"}]}<\/script>\n<!-- \/ Yoast SEO plugin. -->","yoast_head_json":{"title":"COE aumenta a 12 las provincias en alerta roja por efectos de la tormenta Melissa - Conexi\u00f3n 23","robots":{"index":"index","follow":"follow","max-snippet":"max-snippet:-1","max-image-preview":"max-image-preview:large","max-video-preview":"max-video-preview:-1"},"canonical":"https:\/\/conexion23.com\/?p=46976","og_locale":"es_ES","og_type":"article","og_title":"COE aumenta a 12 las provincias en alerta roja por efectos de la tormenta Melissa - Conexi\u00f3n 23","og_description":"El Centro de Operaciones de Emergencias (COE) inform\u00f3 la noche de este jueves que aument\u00f3 a 11 y el Distrito Nacional las provincias en alerta roja, debido a las fuertes lluvias, tormentas el\u00e9ctricas e inundaciones provocadas por la tormenta tropical Melissa, que contin\u00faa incidiendo sobre gran parte del territorio nacional. El organismo ratific\u00f3 el nivel [&hellip;]","og_url":"https:\/\/conexion23.com\/?p=46976","og_site_name":"Conexi\u00f3n 23","article_publisher":"https:\/\/www.facebook.com\/conexion23com","article_published_time":"2025-10-24T12:00:46+00:00","og_image":[{"width":720,"height":913,"url":"https:\/\/conexion23.com\/wp-content\/uploads\/2025\/10\/11f01fb2-d657-430e-a8a6-1b84564fda38.jpg","type":"image\/jpeg"}],"author":"Raffy Ben\u00edtez","twitter_card":"summary_large_image","twitter_misc":{"Escrito por":"Raffy Ben\u00edtez","Tiempo de lectura":"1 minuto"},"schema":{"@context":"https:\/\/schema.org","@graph":[{"@type":"Article","@id":"https:\/\/conexion23.com\/?p=46976#article","isPartOf":{"@id":"https:\/\/conexion23.com\/?p=46976"},"author":{"name":"Raffy Ben\u00edtez","@id":"http:\/\/conexion23.com\/#\/schema\/person\/03e36043331117e97a373299bbcd30a6"},"headline":"COE aumenta a 12 las provincias en alerta roja por efectos de la tormenta Melissa","datePublished":"2025-10-24T12:00:46+00:00","mainEntityOfPage":{"@id":"https:\/\/conexion23.com\/?p=46976"},"wordCount":129,"commentCount":0,"publisher":{"@id":"http:\/\/conexion23.com\/#organization"},"image":{"@id":"https:\/\/conexion23.com\/?p=46976#primaryimage"},"thumbnailUrl":"https:\/\/conexion23.com\/wp-content\/uploads\/2025\/10\/11f01fb2-d657-430e-a8a6-1b84564fda38.jpg","articleSection":["Nacionales","Portada"],"inLanguage":"es","potentialAction":[{"@type":"CommentAction","name":"Comment","target":["https:\/\/conexion23.com\/?p=46976#respond"]}]},{"@type":"WebPage","@id":"https:\/\/conexion23.com\/?p=46976","url":"https:\/\/conexion23.com\/?p=46976","name":"COE aumenta a 12 las provincias en alerta roja por efectos de la tormenta Melissa - Conexi\u00f3n 23","isPartOf":{"@id":"http:\/\/conexion23.com\/#website"},"primaryImageOfPage":{"@id":"https:\/\/conexion23.com\/?p=46976#primaryimage"},"image":{"@id":"https:\/\/conexion23.com\/?p=46976#primaryimage"},"thumbnailUrl":"https:\/\/conexion23.com\/wp-content\/uploads\/2025\/10\/11f01fb2-d657-430e-a8a6-1b84564fda38.jpg","datePublished":"2025-10-24T12:00:46+00:00","breadcrumb":{"@id":"https:\/\/conexion23.com\/?p=46976#breadcrumb"},"inLanguage":"es","potentialAction":[{"@type":"ReadAction","target":["https:\/\/conexion23.com\/?p=46976"]}]},{"@type":"ImageObject","inLanguage":"es","@id":"https:\/\/conexion23.com\/?p=46976#primaryimage","url":"https:\/\/conexion23.com\/wp-content\/uploads\/2025\/10\/11f01fb2-d657-430e-a8a6-1b84564fda38.jpg","contentUrl":"https:\/\/conexion23.com\/wp-content\/uploads\/2025\/10\/11f01fb2-d657-430e-a8a6-1b84564fda38.jpg","width":720,"height":913},{"@type":"BreadcrumbList","@id":"https:\/\/conexion23.com\/?p=46976#breadcrumb","itemListElement":[{"@type":"ListItem","position":1,"name":"Portada","item":"http:\/\/conexion23.com\/"},{"@type":"ListItem","position":2,"name":"COE aumenta a 12 las provincias en alerta roja por efectos de la tormenta Melissa"}]},{"@type":"WebSite","@id":"http:\/\/conexion23.com\/#website","url":"http:\/\/conexion23.com\/","name":"Conexi\u00f3n 23","description":"Peri\u00f3dico 100% Petromacorisano","publisher":{"@id":"http:\/\/conexion23.com\/#organization"},"potentialAction":[{"@type":"SearchAction","target":{"@type":"EntryPoint","urlTemplate":"http:\/\/conexion23.com\/?s={search_term_string}"},"query-input":{"@type":"PropertyValueSpecification","valueRequired":true,"valueName":"search_term_string"}}],"inLanguage":"es"},{"@type":"Organization","@id":"http:\/\/conexion23.com\/#organization","name":"Conexion 23","url":"http:\/\/conexion23.com\/","logo":{"@type":"ImageObject","inLanguage":"es","@id":"http:\/\/conexion23.com\/#\/schema\/logo\/image\/","url":"https:\/\/conexion23.com\/wp-content\/uploads\/2021\/11\/Diseno-sin-titulo-2.png","contentUrl":"https:\/\/conexion23.com\/wp-content\/uploads\/2021\/11\/Diseno-sin-titulo-2.png","width":541,"height":90,"caption":"Conexion 23"},"image":{"@id":"http:\/\/conexion23.com\/#\/schema\/logo\/image\/"},"sameAs":["https:\/\/www.facebook.com\/conexion23com","https:\/\/www.instagram.com\/conexion23com\/","https:\/\/www.youtube.com\/channel\/UCYc7vxxFZMYLIHNsHHxPZ3Q"]},{"@type":"Person","@id":"http:\/\/conexion23.com\/#\/schema\/person\/03e36043331117e97a373299bbcd30a6","name":"Raffy Ben\u00edtez","image":{"@type":"ImageObject","inLanguage":"es","@id":"https:\/\/secure.gravatar.com\/avatar\/3190a6a6c5e1b0327500f7d6c56b6242472ee6cb974cf09b401ee6b3b0798f23?s=96&d=mm&r=g","url":"https:\/\/secure.gravatar.com\/avatar\/3190a6a6c5e1b0327500f7d6c56b6242472ee6cb974cf09b401ee6b3b0798f23?s=96&d=mm&r=g","contentUrl":"https:\/\/secure.gravatar.com\/avatar\/3190a6a6c5e1b0327500f7d6c56b6242472ee6cb974cf09b401ee6b3b0798f23?s=96&d=mm&r=g","caption":"Raffy Ben\u00edtez"},"url":"https:\/\/conexion23.com\/?author=15"}]}},"_links":{"self":[{"href":"https:\/\/conexion23.com\/index.php?rest_route=\/wp\/v2\/posts\/46976","targetHints":{"allow":["GET"]}}],"collection":[{"href":"https:\/\/conexion23.com\/index.php?rest_route=\/wp\/v2\/posts"}],"about":[{"href":"https:\/\/conexion23.com\/index.php?rest_route=\/wp\/v2\/types\/post"}],"author":[{"embeddable":true,"href":"https:\/\/conexion23.com\/index.php?rest_route=\/wp\/v2\/users\/15"}],"replies":[{"embeddable":true,"href":"https:\/\/conexion23.com\/index.php?rest_route=%2Fwp%2Fv2%2Fcomments&post=46976"}],"version-history":[{"count":1,"href":"https:\/\/conexion23.com\/index.php?rest_route=\/wp\/v2\/posts\/46976\/revisions"}],"predecessor-version":[{"id":46978,"href":"https:\/\/conexion23.com\/index.php?rest_route=\/wp\/v2\/posts\/46976\/revisions\/46978"}],"wp:featuredmedia":[{"embeddable":true,"href":"https:\/\/conexion23.com\/index.php?rest_route=\/wp\/v2\/media\/46977"}],"wp:attachment":[{"href":"https:\/\/conexion23.com\/index.php?rest_route=%2Fwp%2Fv2%2Fmedia&parent=46976"}],"wp:term":[{"taxonomy":"category","embeddable":true,"href":"https:\/\/conexion23.com\/index.php?rest_route=%2Fwp%2Fv2%2Fcategories&post=46976"},{"taxonomy":"post_tag","embeddable":true,"href":"https:\/\/conexion23.com\/index.php?rest_route=%2Fwp%2Fv2%2Ftags&post=46976"}],"curies":[{"name":"wp","href":"https:\/\/api.w.org\/{rel}","templated":true}]}}