{"id":46995,"date":"2025-10-24T08:36:23","date_gmt":"2025-10-24T12:36:23","guid":{"rendered":"https:\/\/conexion23.com\/?p=46995"},"modified":"2025-10-24T08:36:23","modified_gmt":"2025-10-24T12:36:23","slug":"joven-resulta-herido-en-accidente-entre-yipeta-y-motocicleta-en-carretera-hato-mayor-sabana-de-la-mar","status":"publish","type":"post","link":"https:\/\/conexion23.com\/?p=46995","title":{"rendered":"Joven resulta herido en accidente entre yipeta y motocicleta en carretera Hato Mayor\u2013Sabana de la Mar"},"content":{"rendered":"<p style=\"text-align: justify;\">Un joven identificado como \u00abRainiel\u00bb result\u00f3 herido la ma\u00f1ana de este jueves tras verse involucrado en una colisi\u00f3n entre una motocicleta y una yipeta, en un hecho ocurrido pr\u00f3ximo al barrio Los Maestros, en la carretera Hato Mayor\u2013Sabana de la Mar.<\/p>\n<p style=\"text-align: justify;\">De acuerdo con versiones de testigos, el joven \u201cest\u00e1 vivo para contarlo\u201d luego de supuestamente salir expulsado tras ser impactado por una yipeta marca Kia, de color blanco.<\/p>\n<p style=\"text-align: justify;\">Rainiel fue auxiliado por param\u00e9dicos del Sistema Nacional de Emergencias 911, quienes le brindaron los primeros auxilios en el lugar del accidente y posteriormente lo trasladar\u00edan a un centro de salud para recibir atenci\u00f3n m\u00e9dica.<\/p>\n<p style=\"text-align: justify;\">Agentes de la Direcci\u00f3n General de Seguridad de Tr\u00e1nsito y Transporte Terrestre (Digesett) y de la Polic\u00eda Nacional se presentaron en la escena para realizar el levantamiento correspondiente y viabilizar el tr\u00e1nsito en la zona.<\/p>\n<p style=\"text-align: justify;\">Seg\u00fan se inform\u00f3, el lesionado se desplazaba en una motocicleta marca Brio, modelo 110, de color azul.<\/p>\n","protected":false},"excerpt":{"rendered":"<p>Un joven identificado como \u00abRainiel\u00bb result\u00f3 herido la ma\u00f1ana de este jueves tras verse involucrado en una colisi\u00f3n entre una motocicleta y una yipeta, en un hecho ocurrido pr\u00f3ximo al barrio Los Maestros, en la carretera Hato Mayor\u2013Sabana de la Mar. De acuerdo con versiones de testigos, el joven \u201cest\u00e1 vivo para contarlo\u201d luego de [&hellip;]<\/p>\n","protected":false},"author":15,"featured_media":46996,"comment_status":"open","ping_status":"open","sticky":false,"template":"","format":"standard","meta":{"footnotes":""},"categories":[2476,12,2472],"tags":[],"class_list":["post-46995","post","type-post","status-publish","format-standard","has-post-thumbnail","category-hato-mayor","category-municipales","category-provincias-del-este"],"yoast_head":"<!-- This site is optimized with the Yoast SEO plugin v27.6 - https:\/\/yoast.com\/product\/yoast-seo-wordpress\/ -->\n<title>Joven resulta herido en accidente entre yipeta y motocicleta en carretera Hato Mayor\u2013Sabana de la Mar - Conexi\u00f3n 23<\/title>\n<meta name=\"robots\" content=\"index, follow, max-snippet:-1, max-image-preview:large, max-video-preview:-1\" \/>\n<link rel=\"canonical\" href=\"https:\/\/conexion23.com\/?p=46995\" \/>\n<meta property=\"og:locale\" content=\"es_ES\" \/>\n<meta property=\"og:type\" content=\"article\" \/>\n<meta property=\"og:title\" content=\"Joven resulta herido en accidente entre yipeta y motocicleta en carretera Hato Mayor\u2013Sabana de la Mar - Conexi\u00f3n 23\" \/>\n<meta property=\"og:description\" content=\"Un joven identificado como \u00abRainiel\u00bb result\u00f3 herido la ma\u00f1ana de este jueves tras verse involucrado en una colisi\u00f3n entre una motocicleta y una yipeta, en un hecho ocurrido pr\u00f3ximo al barrio Los Maestros, en la carretera Hato Mayor\u2013Sabana de la Mar. De acuerdo con versiones de testigos, el joven \u201cest\u00e1 vivo para contarlo\u201d luego de [&hellip;]\" \/>\n<meta property=\"og:url\" content=\"https:\/\/conexion23.com\/?p=46995\" \/>\n<meta property=\"og:site_name\" content=\"Conexi\u00f3n 23\" \/>\n<meta property=\"article:publisher\" content=\"https:\/\/www.facebook.com\/conexion23com\" \/>\n<meta property=\"article:published_time\" content=\"2025-10-24T12:36:23+00:00\" \/>\n<meta property=\"og:image\" content=\"https:\/\/conexion23.com\/wp-content\/uploads\/2025\/10\/descarga-1-13.jpg\" \/>\n\t<meta property=\"og:image:width\" content=\"203\" \/>\n\t<meta property=\"og:image:height\" content=\"248\" \/>\n\t<meta property=\"og:image:type\" content=\"image\/jpeg\" \/>\n<meta name=\"author\" content=\"Raffy Ben\u00edtez\" \/>\n<meta name=\"twitter:card\" content=\"summary_large_image\" \/>\n<meta name=\"twitter:label1\" content=\"Escrito por\" \/>\n\t<meta name=\"twitter:data1\" content=\"Raffy Ben\u00edtez\" \/>\n\t<meta name=\"twitter:label2\" content=\"Tiempo de lectura\" \/>\n\t<meta name=\"twitter:data2\" content=\"1 minuto\" \/>\n<script type=\"application\/ld+json\" class=\"yoast-schema-graph\">{\"@context\":\"https:\\\/\\\/schema.org\",\"@graph\":[{\"@type\":\"Article\",\"@id\":\"https:\\\/\\\/conexion23.com\\\/?p=46995#article\",\"isPartOf\":{\"@id\":\"https:\\\/\\\/conexion23.com\\\/?p=46995\"},\"author\":{\"name\":\"Raffy Ben\u00edtez\",\"@id\":\"http:\\\/\\\/conexion23.com\\\/#\\\/schema\\\/person\\\/03e36043331117e97a373299bbcd30a6\"},\"headline\":\"Joven resulta herido en accidente entre yipeta y motocicleta en carretera Hato Mayor\u2013Sabana de la Mar\",\"datePublished\":\"2025-10-24T12:36:23+00:00\",\"mainEntityOfPage\":{\"@id\":\"https:\\\/\\\/conexion23.com\\\/?p=46995\"},\"wordCount\":184,\"commentCount\":0,\"publisher\":{\"@id\":\"http:\\\/\\\/conexion23.com\\\/#organization\"},\"image\":{\"@id\":\"https:\\\/\\\/conexion23.com\\\/?p=46995#primaryimage\"},\"thumbnailUrl\":\"https:\\\/\\\/conexion23.com\\\/wp-content\\\/uploads\\\/2025\\\/10\\\/descarga-1-13.jpg\",\"articleSection\":[\"Hato Mayor\",\"Municipales\",\"Provincias del Este\"],\"inLanguage\":\"es\",\"potentialAction\":[{\"@type\":\"CommentAction\",\"name\":\"Comment\",\"target\":[\"https:\\\/\\\/conexion23.com\\\/?p=46995#respond\"]}]},{\"@type\":\"WebPage\",\"@id\":\"https:\\\/\\\/conexion23.com\\\/?p=46995\",\"url\":\"https:\\\/\\\/conexion23.com\\\/?p=46995\",\"name\":\"Joven resulta herido en accidente entre yipeta y motocicleta en carretera Hato Mayor\u2013Sabana de la Mar - Conexi\u00f3n 23\",\"isPartOf\":{\"@id\":\"http:\\\/\\\/conexion23.com\\\/#website\"},\"primaryImageOfPage\":{\"@id\":\"https:\\\/\\\/conexion23.com\\\/?p=46995#primaryimage\"},\"image\":{\"@id\":\"https:\\\/\\\/conexion23.com\\\/?p=46995#primaryimage\"},\"thumbnailUrl\":\"https:\\\/\\\/conexion23.com\\\/wp-content\\\/uploads\\\/2025\\\/10\\\/descarga-1-13.jpg\",\"datePublished\":\"2025-10-24T12:36:23+00:00\",\"breadcrumb\":{\"@id\":\"https:\\\/\\\/conexion23.com\\\/?p=46995#breadcrumb\"},\"inLanguage\":\"es\",\"potentialAction\":[{\"@type\":\"ReadAction\",\"target\":[\"https:\\\/\\\/conexion23.com\\\/?p=46995\"]}]},{\"@type\":\"ImageObject\",\"inLanguage\":\"es\",\"@id\":\"https:\\\/\\\/conexion23.com\\\/?p=46995#primaryimage\",\"url\":\"https:\\\/\\\/conexion23.com\\\/wp-content\\\/uploads\\\/2025\\\/10\\\/descarga-1-13.jpg\",\"contentUrl\":\"https:\\\/\\\/conexion23.com\\\/wp-content\\\/uploads\\\/2025\\\/10\\\/descarga-1-13.jpg\",\"width\":203,\"height\":248},{\"@type\":\"BreadcrumbList\",\"@id\":\"https:\\\/\\\/conexion23.com\\\/?p=46995#breadcrumb\",\"itemListElement\":[{\"@type\":\"ListItem\",\"position\":1,\"name\":\"Portada\",\"item\":\"http:\\\/\\\/conexion23.com\\\/\"},{\"@type\":\"ListItem\",\"position\":2,\"name\":\"Joven resulta herido en accidente entre yipeta y motocicleta en carretera Hato Mayor\u2013Sabana de la Mar\"}]},{\"@type\":\"WebSite\",\"@id\":\"http:\\\/\\\/conexion23.com\\\/#website\",\"url\":\"http:\\\/\\\/conexion23.com\\\/\",\"name\":\"Conexi\u00f3n 23\",\"description\":\"Peri\u00f3dico 100% Petromacorisano\",\"publisher\":{\"@id\":\"http:\\\/\\\/conexion23.com\\\/#organization\"},\"potentialAction\":[{\"@type\":\"SearchAction\",\"target\":{\"@type\":\"EntryPoint\",\"urlTemplate\":\"http:\\\/\\\/conexion23.com\\\/?s={search_term_string}\"},\"query-input\":{\"@type\":\"PropertyValueSpecification\",\"valueRequired\":true,\"valueName\":\"search_term_string\"}}],\"inLanguage\":\"es\"},{\"@type\":\"Organization\",\"@id\":\"http:\\\/\\\/conexion23.com\\\/#organization\",\"name\":\"Conexion 23\",\"url\":\"http:\\\/\\\/conexion23.com\\\/\",\"logo\":{\"@type\":\"ImageObject\",\"inLanguage\":\"es\",\"@id\":\"http:\\\/\\\/conexion23.com\\\/#\\\/schema\\\/logo\\\/image\\\/\",\"url\":\"https:\\\/\\\/conexion23.com\\\/wp-content\\\/uploads\\\/2021\\\/11\\\/Diseno-sin-titulo-2.png\",\"contentUrl\":\"https:\\\/\\\/conexion23.com\\\/wp-content\\\/uploads\\\/2021\\\/11\\\/Diseno-sin-titulo-2.png\",\"width\":541,\"height\":90,\"caption\":\"Conexion 23\"},\"image\":{\"@id\":\"http:\\\/\\\/conexion23.com\\\/#\\\/schema\\\/logo\\\/image\\\/\"},\"sameAs\":[\"https:\\\/\\\/www.facebook.com\\\/conexion23com\",\"https:\\\/\\\/www.instagram.com\\\/conexion23com\\\/\",\"https:\\\/\\\/www.youtube.com\\\/channel\\\/UCYc7vxxFZMYLIHNsHHxPZ3Q\"]},{\"@type\":\"Person\",\"@id\":\"http:\\\/\\\/conexion23.com\\\/#\\\/schema\\\/person\\\/03e36043331117e97a373299bbcd30a6\",\"name\":\"Raffy Ben\u00edtez\",\"image\":{\"@type\":\"ImageObject\",\"inLanguage\":\"es\",\"@id\":\"https:\\\/\\\/secure.gravatar.com\\\/avatar\\\/3190a6a6c5e1b0327500f7d6c56b6242472ee6cb974cf09b401ee6b3b0798f23?s=96&d=mm&r=g\",\"url\":\"https:\\\/\\\/secure.gravatar.com\\\/avatar\\\/3190a6a6c5e1b0327500f7d6c56b6242472ee6cb974cf09b401ee6b3b0798f23?s=96&d=mm&r=g\",\"contentUrl\":\"https:\\\/\\\/secure.gravatar.com\\\/avatar\\\/3190a6a6c5e1b0327500f7d6c56b6242472ee6cb974cf09b401ee6b3b0798f23?s=96&d=mm&r=g\",\"caption\":\"Raffy Ben\u00edtez\"},\"url\":\"https:\\\/\\\/conexion23.com\\\/?author=15\"}]}<\/script>\n<!-- \/ Yoast SEO plugin. -->","yoast_head_json":{"title":"Joven resulta herido en accidente entre yipeta y motocicleta en carretera Hato Mayor\u2013Sabana de la Mar - Conexi\u00f3n 23","robots":{"index":"index","follow":"follow","max-snippet":"max-snippet:-1","max-image-preview":"max-image-preview:large","max-video-preview":"max-video-preview:-1"},"canonical":"https:\/\/conexion23.com\/?p=46995","og_locale":"es_ES","og_type":"article","og_title":"Joven resulta herido en accidente entre yipeta y motocicleta en carretera Hato Mayor\u2013Sabana de la Mar - Conexi\u00f3n 23","og_description":"Un joven identificado como \u00abRainiel\u00bb result\u00f3 herido la ma\u00f1ana de este jueves tras verse involucrado en una colisi\u00f3n entre una motocicleta y una yipeta, en un hecho ocurrido pr\u00f3ximo al barrio Los Maestros, en la carretera Hato Mayor\u2013Sabana de la Mar. De acuerdo con versiones de testigos, el joven \u201cest\u00e1 vivo para contarlo\u201d luego de [&hellip;]","og_url":"https:\/\/conexion23.com\/?p=46995","og_site_name":"Conexi\u00f3n 23","article_publisher":"https:\/\/www.facebook.com\/conexion23com","article_published_time":"2025-10-24T12:36:23+00:00","og_image":[{"width":203,"height":248,"url":"https:\/\/conexion23.com\/wp-content\/uploads\/2025\/10\/descarga-1-13.jpg","type":"image\/jpeg"}],"author":"Raffy Ben\u00edtez","twitter_card":"summary_large_image","twitter_misc":{"Escrito por":"Raffy Ben\u00edtez","Tiempo de lectura":"1 minuto"},"schema":{"@context":"https:\/\/schema.org","@graph":[{"@type":"Article","@id":"https:\/\/conexion23.com\/?p=46995#article","isPartOf":{"@id":"https:\/\/conexion23.com\/?p=46995"},"author":{"name":"Raffy Ben\u00edtez","@id":"http:\/\/conexion23.com\/#\/schema\/person\/03e36043331117e97a373299bbcd30a6"},"headline":"Joven resulta herido en accidente entre yipeta y motocicleta en carretera Hato Mayor\u2013Sabana de la Mar","datePublished":"2025-10-24T12:36:23+00:00","mainEntityOfPage":{"@id":"https:\/\/conexion23.com\/?p=46995"},"wordCount":184,"commentCount":0,"publisher":{"@id":"http:\/\/conexion23.com\/#organization"},"image":{"@id":"https:\/\/conexion23.com\/?p=46995#primaryimage"},"thumbnailUrl":"https:\/\/conexion23.com\/wp-content\/uploads\/2025\/10\/descarga-1-13.jpg","articleSection":["Hato Mayor","Municipales","Provincias del Este"],"inLanguage":"es","potentialAction":[{"@type":"CommentAction","name":"Comment","target":["https:\/\/conexion23.com\/?p=46995#respond"]}]},{"@type":"WebPage","@id":"https:\/\/conexion23.com\/?p=46995","url":"https:\/\/conexion23.com\/?p=46995","name":"Joven resulta herido en accidente entre yipeta y motocicleta en carretera Hato Mayor\u2013Sabana de la Mar - Conexi\u00f3n 23","isPartOf":{"@id":"http:\/\/conexion23.com\/#website"},"primaryImageOfPage":{"@id":"https:\/\/conexion23.com\/?p=46995#primaryimage"},"image":{"@id":"https:\/\/conexion23.com\/?p=46995#primaryimage"},"thumbnailUrl":"https:\/\/conexion23.com\/wp-content\/uploads\/2025\/10\/descarga-1-13.jpg","datePublished":"2025-10-24T12:36:23+00:00","breadcrumb":{"@id":"https:\/\/conexion23.com\/?p=46995#breadcrumb"},"inLanguage":"es","potentialAction":[{"@type":"ReadAction","target":["https:\/\/conexion23.com\/?p=46995"]}]},{"@type":"ImageObject","inLanguage":"es","@id":"https:\/\/conexion23.com\/?p=46995#primaryimage","url":"https:\/\/conexion23.com\/wp-content\/uploads\/2025\/10\/descarga-1-13.jpg","contentUrl":"https:\/\/conexion23.com\/wp-content\/uploads\/2025\/10\/descarga-1-13.jpg","width":203,"height":248},{"@type":"BreadcrumbList","@id":"https:\/\/conexion23.com\/?p=46995#breadcrumb","itemListElement":[{"@type":"ListItem","position":1,"name":"Portada","item":"http:\/\/conexion23.com\/"},{"@type":"ListItem","position":2,"name":"Joven resulta herido en accidente entre yipeta y motocicleta en carretera Hato Mayor\u2013Sabana de la Mar"}]},{"@type":"WebSite","@id":"http:\/\/conexion23.com\/#website","url":"http:\/\/conexion23.com\/","name":"Conexi\u00f3n 23","description":"Peri\u00f3dico 100% Petromacorisano","publisher":{"@id":"http:\/\/conexion23.com\/#organization"},"potentialAction":[{"@type":"SearchAction","target":{"@type":"EntryPoint","urlTemplate":"http:\/\/conexion23.com\/?s={search_term_string}"},"query-input":{"@type":"PropertyValueSpecification","valueRequired":true,"valueName":"search_term_string"}}],"inLanguage":"es"},{"@type":"Organization","@id":"http:\/\/conexion23.com\/#organization","name":"Conexion 23","url":"http:\/\/conexion23.com\/","logo":{"@type":"ImageObject","inLanguage":"es","@id":"http:\/\/conexion23.com\/#\/schema\/logo\/image\/","url":"https:\/\/conexion23.com\/wp-content\/uploads\/2021\/11\/Diseno-sin-titulo-2.png","contentUrl":"https:\/\/conexion23.com\/wp-content\/uploads\/2021\/11\/Diseno-sin-titulo-2.png","width":541,"height":90,"caption":"Conexion 23"},"image":{"@id":"http:\/\/conexion23.com\/#\/schema\/logo\/image\/"},"sameAs":["https:\/\/www.facebook.com\/conexion23com","https:\/\/www.instagram.com\/conexion23com\/","https:\/\/www.youtube.com\/channel\/UCYc7vxxFZMYLIHNsHHxPZ3Q"]},{"@type":"Person","@id":"http:\/\/conexion23.com\/#\/schema\/person\/03e36043331117e97a373299bbcd30a6","name":"Raffy Ben\u00edtez","image":{"@type":"ImageObject","inLanguage":"es","@id":"https:\/\/secure.gravatar.com\/avatar\/3190a6a6c5e1b0327500f7d6c56b6242472ee6cb974cf09b401ee6b3b0798f23?s=96&d=mm&r=g","url":"https:\/\/secure.gravatar.com\/avatar\/3190a6a6c5e1b0327500f7d6c56b6242472ee6cb974cf09b401ee6b3b0798f23?s=96&d=mm&r=g","contentUrl":"https:\/\/secure.gravatar.com\/avatar\/3190a6a6c5e1b0327500f7d6c56b6242472ee6cb974cf09b401ee6b3b0798f23?s=96&d=mm&r=g","caption":"Raffy Ben\u00edtez"},"url":"https:\/\/conexion23.com\/?author=15"}]}},"_links":{"self":[{"href":"https:\/\/conexion23.com\/index.php?rest_route=\/wp\/v2\/posts\/46995","targetHints":{"allow":["GET"]}}],"collection":[{"href":"https:\/\/conexion23.com\/index.php?rest_route=\/wp\/v2\/posts"}],"about":[{"href":"https:\/\/conexion23.com\/index.php?rest_route=\/wp\/v2\/types\/post"}],"author":[{"embeddable":true,"href":"https:\/\/conexion23.com\/index.php?rest_route=\/wp\/v2\/users\/15"}],"replies":[{"embeddable":true,"href":"https:\/\/conexion23.com\/index.php?rest_route=%2Fwp%2Fv2%2Fcomments&post=46995"}],"version-history":[{"count":1,"href":"https:\/\/conexion23.com\/index.php?rest_route=\/wp\/v2\/posts\/46995\/revisions"}],"predecessor-version":[{"id":46997,"href":"https:\/\/conexion23.com\/index.php?rest_route=\/wp\/v2\/posts\/46995\/revisions\/46997"}],"wp:featuredmedia":[{"embeddable":true,"href":"https:\/\/conexion23.com\/index.php?rest_route=\/wp\/v2\/media\/46996"}],"wp:attachment":[{"href":"https:\/\/conexion23.com\/index.php?rest_route=%2Fwp%2Fv2%2Fmedia&parent=46995"}],"wp:term":[{"taxonomy":"category","embeddable":true,"href":"https:\/\/conexion23.com\/index.php?rest_route=%2Fwp%2Fv2%2Fcategories&post=46995"},{"taxonomy":"post_tag","embeddable":true,"href":"https:\/\/conexion23.com\/index.php?rest_route=%2Fwp%2Fv2%2Ftags&post=46995"}],"curies":[{"name":"wp","href":"https:\/\/api.w.org\/{rel}","templated":true}]}}