{"id":47011,"date":"2025-10-24T19:30:15","date_gmt":"2025-10-24T23:30:15","guid":{"rendered":"https:\/\/conexion23.com\/?p=47011"},"modified":"2025-10-24T18:28:54","modified_gmt":"2025-10-24T22:28:54","slug":"secuestro-masivo-de-religiosos-en-medio-de-una-tormenta-en-haiti","status":"publish","type":"post","link":"https:\/\/conexion23.com\/?p=47011","title":{"rendered":"Secuestro masivo de religiosos en medio de una tormenta en Hait\u00ed"},"content":{"rendered":"<p style=\"text-align: justify;\"><span dir=\"auto\">Se reanudan los casos de secuestro en Hait\u00ed, mientras el pa\u00eds es duramente azotado por la tormenta tropical<\/span><span dir=\"auto\">\u00a0M\u00e9lissa,<\/span><span dir=\"auto\">\u00a0que ya ha dejado 3 muertos y 6 heridos.<\/span><\/p>\n<p style=\"text-align: justify;\"><span dir=\"auto\">En efecto, cuatro personas fueron v\u00edctimas la noche del mi\u00e9rcoles en el municipio de Delmas, concretamente en Delmas 31, en el departamento Oeste de Hait\u00ed.<\/span><\/p>\n<p style=\"text-align: justify;\"><span dir=\"auto\">Los rehenes religiosos se llaman el reverendo padre Jean Julien Ladouceur, sus colegas Serfise Guillaume Charlot, Johanne Marcellus y Pierre Anddy Joseph, seg\u00fan fuentes cercanas.<\/span><\/p>\n<p style=\"text-align: justify;\"><span dir=\"auto\">Este informe colectivo llega mientras la Comisi\u00f3n Episcopal de Justicia y Paz (CE-JILAP) advierte sobre la reanudaci\u00f3n de las actividades de los secuestradores en la zona de Delmas y sus alrededores.<\/span><\/p>\n<p style=\"text-align: justify;\"><span dir=\"auto\">Hace una semana, un empresario de la familia Vorbe escap\u00f3 por poco de un intento de secuestro por parte de bandidos armados en un veh\u00edculo en Delmas 19. El ataque fue frustrado por sus agentes de seguridad.<\/span><\/p>\n<p style=\"text-align: justify;\"><em><strong><span dir=\"auto\">Cuatro personas, entre ellas el reverendo padre Jean Julien Ladouceur y tres de sus colegas, fueron secuestradas por desconocidos la noche del mi\u00e9rcoles 22 de octubre de 2025 en la comuna de Delmas. Fueron v\u00edctimas de un secuestro masivo, concretamente en Delmas 31, seg\u00fan varias fuentes cercanas a los rehenes.<\/span><\/strong><\/em><\/p>\n","protected":false},"excerpt":{"rendered":"<p>Se reanudan los casos de secuestro en Hait\u00ed, mientras el pa\u00eds es duramente azotado por la tormenta tropical\u00a0M\u00e9lissa,\u00a0que ya ha dejado 3 muertos y 6 heridos. En efecto, cuatro personas fueron v\u00edctimas la noche del mi\u00e9rcoles en el municipio de Delmas, concretamente en Delmas 31, en el departamento Oeste de Hait\u00ed. Los rehenes religiosos se [&hellip;]<\/p>\n","protected":false},"author":15,"featured_media":47013,"comment_status":"open","ping_status":"open","sticky":false,"template":"","format":"standard","meta":{"footnotes":""},"categories":[3881,3773],"tags":[],"class_list":["post-47011","post","type-post","status-publish","format-standard","has-post-thumbnail","category-internacionales","category-portada"],"yoast_head":"<!-- This site is optimized with the Yoast SEO plugin v27.6 - https:\/\/yoast.com\/product\/yoast-seo-wordpress\/ -->\n<title>Secuestro masivo de religiosos en medio de una tormenta en Hait\u00ed - Conexi\u00f3n 23<\/title>\n<meta name=\"robots\" content=\"index, follow, max-snippet:-1, max-image-preview:large, max-video-preview:-1\" \/>\n<link rel=\"canonical\" href=\"https:\/\/conexion23.com\/?p=47011\" \/>\n<meta property=\"og:locale\" content=\"es_ES\" \/>\n<meta property=\"og:type\" content=\"article\" \/>\n<meta property=\"og:title\" content=\"Secuestro masivo de religiosos en medio de una tormenta en Hait\u00ed - Conexi\u00f3n 23\" \/>\n<meta property=\"og:description\" content=\"Se reanudan los casos de secuestro en Hait\u00ed, mientras el pa\u00eds es duramente azotado por la tormenta tropical\u00a0M\u00e9lissa,\u00a0que ya ha dejado 3 muertos y 6 heridos. En efecto, cuatro personas fueron v\u00edctimas la noche del mi\u00e9rcoles en el municipio de Delmas, concretamente en Delmas 31, en el departamento Oeste de Hait\u00ed. Los rehenes religiosos se [&hellip;]\" \/>\n<meta property=\"og:url\" content=\"https:\/\/conexion23.com\/?p=47011\" \/>\n<meta property=\"og:site_name\" content=\"Conexi\u00f3n 23\" \/>\n<meta property=\"article:publisher\" content=\"https:\/\/www.facebook.com\/conexion23com\" \/>\n<meta property=\"article:published_time\" content=\"2025-10-24T23:30:15+00:00\" \/>\n<meta property=\"og:image\" content=\"https:\/\/conexion23.com\/wp-content\/uploads\/2025\/10\/haiti-christian-ministries-kidnapped-released-06.webp\" \/>\n\t<meta property=\"og:image:width\" content=\"450\" \/>\n\t<meta property=\"og:image:height\" content=\"300\" \/>\n\t<meta property=\"og:image:type\" content=\"image\/webp\" \/>\n<meta name=\"author\" content=\"Raffy Ben\u00edtez\" \/>\n<meta name=\"twitter:card\" content=\"summary_large_image\" \/>\n<meta name=\"twitter:label1\" content=\"Escrito por\" \/>\n\t<meta name=\"twitter:data1\" content=\"Raffy Ben\u00edtez\" \/>\n\t<meta name=\"twitter:label2\" content=\"Tiempo de lectura\" \/>\n\t<meta name=\"twitter:data2\" content=\"2 minutos\" \/>\n<script type=\"application\/ld+json\" class=\"yoast-schema-graph\">{\"@context\":\"https:\\\/\\\/schema.org\",\"@graph\":[{\"@type\":\"Article\",\"@id\":\"https:\\\/\\\/conexion23.com\\\/?p=47011#article\",\"isPartOf\":{\"@id\":\"https:\\\/\\\/conexion23.com\\\/?p=47011\"},\"author\":{\"name\":\"Raffy Ben\u00edtez\",\"@id\":\"http:\\\/\\\/conexion23.com\\\/#\\\/schema\\\/person\\\/03e36043331117e97a373299bbcd30a6\"},\"headline\":\"Secuestro masivo de religiosos en medio de una tormenta en Hait\u00ed\",\"datePublished\":\"2025-10-24T23:30:15+00:00\",\"mainEntityOfPage\":{\"@id\":\"https:\\\/\\\/conexion23.com\\\/?p=47011\"},\"wordCount\":211,\"commentCount\":0,\"publisher\":{\"@id\":\"http:\\\/\\\/conexion23.com\\\/#organization\"},\"image\":{\"@id\":\"https:\\\/\\\/conexion23.com\\\/?p=47011#primaryimage\"},\"thumbnailUrl\":\"https:\\\/\\\/conexion23.com\\\/wp-content\\\/uploads\\\/2025\\\/10\\\/haiti-christian-ministries-kidnapped-released-06.webp\",\"articleSection\":[\"Internacionales\",\"Portada\"],\"inLanguage\":\"es\",\"potentialAction\":[{\"@type\":\"CommentAction\",\"name\":\"Comment\",\"target\":[\"https:\\\/\\\/conexion23.com\\\/?p=47011#respond\"]}]},{\"@type\":\"WebPage\",\"@id\":\"https:\\\/\\\/conexion23.com\\\/?p=47011\",\"url\":\"https:\\\/\\\/conexion23.com\\\/?p=47011\",\"name\":\"Secuestro masivo de religiosos en medio de una tormenta en Hait\u00ed - Conexi\u00f3n 23\",\"isPartOf\":{\"@id\":\"http:\\\/\\\/conexion23.com\\\/#website\"},\"primaryImageOfPage\":{\"@id\":\"https:\\\/\\\/conexion23.com\\\/?p=47011#primaryimage\"},\"image\":{\"@id\":\"https:\\\/\\\/conexion23.com\\\/?p=47011#primaryimage\"},\"thumbnailUrl\":\"https:\\\/\\\/conexion23.com\\\/wp-content\\\/uploads\\\/2025\\\/10\\\/haiti-christian-ministries-kidnapped-released-06.webp\",\"datePublished\":\"2025-10-24T23:30:15+00:00\",\"breadcrumb\":{\"@id\":\"https:\\\/\\\/conexion23.com\\\/?p=47011#breadcrumb\"},\"inLanguage\":\"es\",\"potentialAction\":[{\"@type\":\"ReadAction\",\"target\":[\"https:\\\/\\\/conexion23.com\\\/?p=47011\"]}]},{\"@type\":\"ImageObject\",\"inLanguage\":\"es\",\"@id\":\"https:\\\/\\\/conexion23.com\\\/?p=47011#primaryimage\",\"url\":\"https:\\\/\\\/conexion23.com\\\/wp-content\\\/uploads\\\/2025\\\/10\\\/haiti-christian-ministries-kidnapped-released-06.webp\",\"contentUrl\":\"https:\\\/\\\/conexion23.com\\\/wp-content\\\/uploads\\\/2025\\\/10\\\/haiti-christian-ministries-kidnapped-released-06.webp\",\"width\":450,\"height\":300},{\"@type\":\"BreadcrumbList\",\"@id\":\"https:\\\/\\\/conexion23.com\\\/?p=47011#breadcrumb\",\"itemListElement\":[{\"@type\":\"ListItem\",\"position\":1,\"name\":\"Portada\",\"item\":\"http:\\\/\\\/conexion23.com\\\/\"},{\"@type\":\"ListItem\",\"position\":2,\"name\":\"Secuestro masivo de religiosos en medio de una tormenta en Hait\u00ed\"}]},{\"@type\":\"WebSite\",\"@id\":\"http:\\\/\\\/conexion23.com\\\/#website\",\"url\":\"http:\\\/\\\/conexion23.com\\\/\",\"name\":\"Conexi\u00f3n 23\",\"description\":\"Peri\u00f3dico 100% Petromacorisano\",\"publisher\":{\"@id\":\"http:\\\/\\\/conexion23.com\\\/#organization\"},\"potentialAction\":[{\"@type\":\"SearchAction\",\"target\":{\"@type\":\"EntryPoint\",\"urlTemplate\":\"http:\\\/\\\/conexion23.com\\\/?s={search_term_string}\"},\"query-input\":{\"@type\":\"PropertyValueSpecification\",\"valueRequired\":true,\"valueName\":\"search_term_string\"}}],\"inLanguage\":\"es\"},{\"@type\":\"Organization\",\"@id\":\"http:\\\/\\\/conexion23.com\\\/#organization\",\"name\":\"Conexion 23\",\"url\":\"http:\\\/\\\/conexion23.com\\\/\",\"logo\":{\"@type\":\"ImageObject\",\"inLanguage\":\"es\",\"@id\":\"http:\\\/\\\/conexion23.com\\\/#\\\/schema\\\/logo\\\/image\\\/\",\"url\":\"https:\\\/\\\/conexion23.com\\\/wp-content\\\/uploads\\\/2021\\\/11\\\/Diseno-sin-titulo-2.png\",\"contentUrl\":\"https:\\\/\\\/conexion23.com\\\/wp-content\\\/uploads\\\/2021\\\/11\\\/Diseno-sin-titulo-2.png\",\"width\":541,\"height\":90,\"caption\":\"Conexion 23\"},\"image\":{\"@id\":\"http:\\\/\\\/conexion23.com\\\/#\\\/schema\\\/logo\\\/image\\\/\"},\"sameAs\":[\"https:\\\/\\\/www.facebook.com\\\/conexion23com\",\"https:\\\/\\\/www.instagram.com\\\/conexion23com\\\/\",\"https:\\\/\\\/www.youtube.com\\\/channel\\\/UCYc7vxxFZMYLIHNsHHxPZ3Q\"]},{\"@type\":\"Person\",\"@id\":\"http:\\\/\\\/conexion23.com\\\/#\\\/schema\\\/person\\\/03e36043331117e97a373299bbcd30a6\",\"name\":\"Raffy Ben\u00edtez\",\"image\":{\"@type\":\"ImageObject\",\"inLanguage\":\"es\",\"@id\":\"https:\\\/\\\/secure.gravatar.com\\\/avatar\\\/3190a6a6c5e1b0327500f7d6c56b6242472ee6cb974cf09b401ee6b3b0798f23?s=96&d=mm&r=g\",\"url\":\"https:\\\/\\\/secure.gravatar.com\\\/avatar\\\/3190a6a6c5e1b0327500f7d6c56b6242472ee6cb974cf09b401ee6b3b0798f23?s=96&d=mm&r=g\",\"contentUrl\":\"https:\\\/\\\/secure.gravatar.com\\\/avatar\\\/3190a6a6c5e1b0327500f7d6c56b6242472ee6cb974cf09b401ee6b3b0798f23?s=96&d=mm&r=g\",\"caption\":\"Raffy Ben\u00edtez\"},\"url\":\"https:\\\/\\\/conexion23.com\\\/?author=15\"}]}<\/script>\n<!-- \/ Yoast SEO plugin. -->","yoast_head_json":{"title":"Secuestro masivo de religiosos en medio de una tormenta en Hait\u00ed - Conexi\u00f3n 23","robots":{"index":"index","follow":"follow","max-snippet":"max-snippet:-1","max-image-preview":"max-image-preview:large","max-video-preview":"max-video-preview:-1"},"canonical":"https:\/\/conexion23.com\/?p=47011","og_locale":"es_ES","og_type":"article","og_title":"Secuestro masivo de religiosos en medio de una tormenta en Hait\u00ed - Conexi\u00f3n 23","og_description":"Se reanudan los casos de secuestro en Hait\u00ed, mientras el pa\u00eds es duramente azotado por la tormenta tropical\u00a0M\u00e9lissa,\u00a0que ya ha dejado 3 muertos y 6 heridos. En efecto, cuatro personas fueron v\u00edctimas la noche del mi\u00e9rcoles en el municipio de Delmas, concretamente en Delmas 31, en el departamento Oeste de Hait\u00ed. Los rehenes religiosos se [&hellip;]","og_url":"https:\/\/conexion23.com\/?p=47011","og_site_name":"Conexi\u00f3n 23","article_publisher":"https:\/\/www.facebook.com\/conexion23com","article_published_time":"2025-10-24T23:30:15+00:00","og_image":[{"width":450,"height":300,"url":"https:\/\/conexion23.com\/wp-content\/uploads\/2025\/10\/haiti-christian-ministries-kidnapped-released-06.webp","type":"image\/webp"}],"author":"Raffy Ben\u00edtez","twitter_card":"summary_large_image","twitter_misc":{"Escrito por":"Raffy Ben\u00edtez","Tiempo de lectura":"2 minutos"},"schema":{"@context":"https:\/\/schema.org","@graph":[{"@type":"Article","@id":"https:\/\/conexion23.com\/?p=47011#article","isPartOf":{"@id":"https:\/\/conexion23.com\/?p=47011"},"author":{"name":"Raffy Ben\u00edtez","@id":"http:\/\/conexion23.com\/#\/schema\/person\/03e36043331117e97a373299bbcd30a6"},"headline":"Secuestro masivo de religiosos en medio de una tormenta en Hait\u00ed","datePublished":"2025-10-24T23:30:15+00:00","mainEntityOfPage":{"@id":"https:\/\/conexion23.com\/?p=47011"},"wordCount":211,"commentCount":0,"publisher":{"@id":"http:\/\/conexion23.com\/#organization"},"image":{"@id":"https:\/\/conexion23.com\/?p=47011#primaryimage"},"thumbnailUrl":"https:\/\/conexion23.com\/wp-content\/uploads\/2025\/10\/haiti-christian-ministries-kidnapped-released-06.webp","articleSection":["Internacionales","Portada"],"inLanguage":"es","potentialAction":[{"@type":"CommentAction","name":"Comment","target":["https:\/\/conexion23.com\/?p=47011#respond"]}]},{"@type":"WebPage","@id":"https:\/\/conexion23.com\/?p=47011","url":"https:\/\/conexion23.com\/?p=47011","name":"Secuestro masivo de religiosos en medio de una tormenta en Hait\u00ed - Conexi\u00f3n 23","isPartOf":{"@id":"http:\/\/conexion23.com\/#website"},"primaryImageOfPage":{"@id":"https:\/\/conexion23.com\/?p=47011#primaryimage"},"image":{"@id":"https:\/\/conexion23.com\/?p=47011#primaryimage"},"thumbnailUrl":"https:\/\/conexion23.com\/wp-content\/uploads\/2025\/10\/haiti-christian-ministries-kidnapped-released-06.webp","datePublished":"2025-10-24T23:30:15+00:00","breadcrumb":{"@id":"https:\/\/conexion23.com\/?p=47011#breadcrumb"},"inLanguage":"es","potentialAction":[{"@type":"ReadAction","target":["https:\/\/conexion23.com\/?p=47011"]}]},{"@type":"ImageObject","inLanguage":"es","@id":"https:\/\/conexion23.com\/?p=47011#primaryimage","url":"https:\/\/conexion23.com\/wp-content\/uploads\/2025\/10\/haiti-christian-ministries-kidnapped-released-06.webp","contentUrl":"https:\/\/conexion23.com\/wp-content\/uploads\/2025\/10\/haiti-christian-ministries-kidnapped-released-06.webp","width":450,"height":300},{"@type":"BreadcrumbList","@id":"https:\/\/conexion23.com\/?p=47011#breadcrumb","itemListElement":[{"@type":"ListItem","position":1,"name":"Portada","item":"http:\/\/conexion23.com\/"},{"@type":"ListItem","position":2,"name":"Secuestro masivo de religiosos en medio de una tormenta en Hait\u00ed"}]},{"@type":"WebSite","@id":"http:\/\/conexion23.com\/#website","url":"http:\/\/conexion23.com\/","name":"Conexi\u00f3n 23","description":"Peri\u00f3dico 100% Petromacorisano","publisher":{"@id":"http:\/\/conexion23.com\/#organization"},"potentialAction":[{"@type":"SearchAction","target":{"@type":"EntryPoint","urlTemplate":"http:\/\/conexion23.com\/?s={search_term_string}"},"query-input":{"@type":"PropertyValueSpecification","valueRequired":true,"valueName":"search_term_string"}}],"inLanguage":"es"},{"@type":"Organization","@id":"http:\/\/conexion23.com\/#organization","name":"Conexion 23","url":"http:\/\/conexion23.com\/","logo":{"@type":"ImageObject","inLanguage":"es","@id":"http:\/\/conexion23.com\/#\/schema\/logo\/image\/","url":"https:\/\/conexion23.com\/wp-content\/uploads\/2021\/11\/Diseno-sin-titulo-2.png","contentUrl":"https:\/\/conexion23.com\/wp-content\/uploads\/2021\/11\/Diseno-sin-titulo-2.png","width":541,"height":90,"caption":"Conexion 23"},"image":{"@id":"http:\/\/conexion23.com\/#\/schema\/logo\/image\/"},"sameAs":["https:\/\/www.facebook.com\/conexion23com","https:\/\/www.instagram.com\/conexion23com\/","https:\/\/www.youtube.com\/channel\/UCYc7vxxFZMYLIHNsHHxPZ3Q"]},{"@type":"Person","@id":"http:\/\/conexion23.com\/#\/schema\/person\/03e36043331117e97a373299bbcd30a6","name":"Raffy Ben\u00edtez","image":{"@type":"ImageObject","inLanguage":"es","@id":"https:\/\/secure.gravatar.com\/avatar\/3190a6a6c5e1b0327500f7d6c56b6242472ee6cb974cf09b401ee6b3b0798f23?s=96&d=mm&r=g","url":"https:\/\/secure.gravatar.com\/avatar\/3190a6a6c5e1b0327500f7d6c56b6242472ee6cb974cf09b401ee6b3b0798f23?s=96&d=mm&r=g","contentUrl":"https:\/\/secure.gravatar.com\/avatar\/3190a6a6c5e1b0327500f7d6c56b6242472ee6cb974cf09b401ee6b3b0798f23?s=96&d=mm&r=g","caption":"Raffy Ben\u00edtez"},"url":"https:\/\/conexion23.com\/?author=15"}]}},"_links":{"self":[{"href":"https:\/\/conexion23.com\/index.php?rest_route=\/wp\/v2\/posts\/47011","targetHints":{"allow":["GET"]}}],"collection":[{"href":"https:\/\/conexion23.com\/index.php?rest_route=\/wp\/v2\/posts"}],"about":[{"href":"https:\/\/conexion23.com\/index.php?rest_route=\/wp\/v2\/types\/post"}],"author":[{"embeddable":true,"href":"https:\/\/conexion23.com\/index.php?rest_route=\/wp\/v2\/users\/15"}],"replies":[{"embeddable":true,"href":"https:\/\/conexion23.com\/index.php?rest_route=%2Fwp%2Fv2%2Fcomments&post=47011"}],"version-history":[{"count":1,"href":"https:\/\/conexion23.com\/index.php?rest_route=\/wp\/v2\/posts\/47011\/revisions"}],"predecessor-version":[{"id":47015,"href":"https:\/\/conexion23.com\/index.php?rest_route=\/wp\/v2\/posts\/47011\/revisions\/47015"}],"wp:featuredmedia":[{"embeddable":true,"href":"https:\/\/conexion23.com\/index.php?rest_route=\/wp\/v2\/media\/47013"}],"wp:attachment":[{"href":"https:\/\/conexion23.com\/index.php?rest_route=%2Fwp%2Fv2%2Fmedia&parent=47011"}],"wp:term":[{"taxonomy":"category","embeddable":true,"href":"https:\/\/conexion23.com\/index.php?rest_route=%2Fwp%2Fv2%2Fcategories&post=47011"},{"taxonomy":"post_tag","embeddable":true,"href":"https:\/\/conexion23.com\/index.php?rest_route=%2Fwp%2Fv2%2Ftags&post=47011"}],"curies":[{"name":"wp","href":"https:\/\/api.w.org\/{rel}","templated":true}]}}