{"id":47206,"date":"2025-10-27T07:39:53","date_gmt":"2025-10-27T11:39:53","guid":{"rendered":"https:\/\/conexion23.com\/?p=47206"},"modified":"2025-10-27T07:39:53","modified_gmt":"2025-10-27T11:39:53","slug":"ministerio-de-educacion-llama-a-docencia-en-provincias-que-estan-en-alerta-verde-y-amarilla","status":"publish","type":"post","link":"https:\/\/conexion23.com\/?p=47206","title":{"rendered":"Ministerio de Educacion llama a docencia en provincias que estan en alerta verde y amarilla."},"content":{"rendered":"<p style=\"text-align: justify;\">El Ministerio de Educaci\u00f3n de la Rep\u00fablica Dominicana (MINERD) inform\u00f3 que las clases se reanudar\u00e1n este lunes en las provincias que se encuentran en alerta verde y amarilla.<\/p>\n<p style=\"text-align: justify;\">En tanto que mientras que en las zonas declaradas en alerta roja se mantendr\u00e1n suspendidas, debido a los efectos del hurac\u00e1n Melissa, que actualmente incide sobre el territorio nacional con lluvias y r\u00e1fagas de viento.<\/p>\n<p style=\"text-align: justify;\">De acuerdo con los reportes emitidos por el Centro de Operaciones de Emergencias (COE), las provincias en\u00a0alerta roja son Barahona, Pedernales, Independencia y Bahoruco,\u00a0donde las clases contin\u00faan suspendidas como medida preventiva para salvaguardar la integridad de los estudiantes, docentes y personal administrativo.<\/p>\n<p style=\"text-align: justify;\">Mientras que, en\u00a0alerta amarilla est\u00e1n: San Jos\u00e9 de Ocoa, Saman\u00e1, Dajab\u00f3n, Azua, Monte Plata, El\u00edas Pi\u00f1a, Peravia, La Altagracia, San Juan, Montecristi, Santo Domingo, San Crist\u00f3bal y el Distrito Nacional.<\/p>\n<p style=\"text-align: justify;\">En tanto que se mantienen\u00a0en alerta verde las provincias de Monse\u00f1or Nouel, Mar\u00eda Trinidad S\u00e1nchez, La Vega, Santiago, S\u00e1nchez Ram\u00edrez, Santiago Rodr\u00edguez, San Pedro de Macor\u00eds, Hermanas Mirabal, La Romana, Espaillat, Hato Mayor, El Seibo y Duarte.<\/p>\n<p style=\"text-align: justify;\">El MINERD explic\u00f3 que los equipos t\u00e9cnicos de los distritos escolares se mantienen en comunicaci\u00f3n constante con las autoridades locales, remitiendo reportes actualizados sobre el estado de los planteles educativos. Estas acciones forman parte de los protocolos de prevenci\u00f3n y seguimiento establecidos por la instituci\u00f3n para garantizar un entorno seguro en los centros educativos.<\/p>\n<p style=\"text-align: justify;\">Asimismo, el Ministerio indic\u00f3 que los casos que presentan afectaciones menores, como filtraciones, reparaciones de verjas o ajustes, est\u00e1n siendo atendidos de forma inmediata por la Direcci\u00f3n General de Infraestructura Escolar, dentro del plan de mantenimiento correctivo y preventivo.<\/p>\n<p style=\"text-align: justify;\">La instituci\u00f3n precis\u00f3 que, hasta el momento, no se han registrado da\u00f1os graves en las escuelas p\u00fablicas del pa\u00eds, y que las incidencias reportadas son de car\u00e1cter leve y se encuentran bajo control.<\/p>\n<p style=\"text-align: justify;\">El MINERD reiter\u00f3 que se mantiene en vigilancia permanente ante la evoluci\u00f3n del hurac\u00e1n Melissa y en coordinaci\u00f3n con los organismos de emergencia y protecci\u00f3n civil, con el prop\u00f3sito de adoptar oportunamente las medidas que sean necesarias si las condiciones meteorol\u00f3gicas as\u00ed lo requieren.<\/p>\n","protected":false},"excerpt":{"rendered":"<p>El Ministerio de Educaci\u00f3n de la Rep\u00fablica Dominicana (MINERD) inform\u00f3 que las clases se reanudar\u00e1n este lunes en las provincias que se encuentran en alerta verde y amarilla. En tanto que mientras que en las zonas declaradas en alerta roja se mantendr\u00e1n suspendidas, debido a los efectos del hurac\u00e1n Melissa, que actualmente incide sobre el [&hellip;]<\/p>\n","protected":false},"author":15,"featured_media":47207,"comment_status":"open","ping_status":"open","sticky":false,"template":"","format":"standard","meta":{"footnotes":""},"categories":[3913],"tags":[],"class_list":["post-47206","post","type-post","status-publish","format-standard","has-post-thumbnail","category-nacionales"],"yoast_head":"<!-- This site is optimized with the Yoast SEO plugin v27.6 - https:\/\/yoast.com\/product\/yoast-seo-wordpress\/ -->\n<title>Ministerio de Educacion llama a docencia en provincias que estan en alerta verde y amarilla. - Conexi\u00f3n 23<\/title>\n<meta name=\"robots\" content=\"index, follow, max-snippet:-1, max-image-preview:large, max-video-preview:-1\" \/>\n<link rel=\"canonical\" href=\"https:\/\/conexion23.com\/?p=47206\" \/>\n<meta property=\"og:locale\" content=\"es_ES\" \/>\n<meta property=\"og:type\" content=\"article\" \/>\n<meta property=\"og:title\" content=\"Ministerio de Educacion llama a docencia en provincias que estan en alerta verde y amarilla. - Conexi\u00f3n 23\" \/>\n<meta property=\"og:description\" content=\"El Ministerio de Educaci\u00f3n de la Rep\u00fablica Dominicana (MINERD) inform\u00f3 que las clases se reanudar\u00e1n este lunes en las provincias que se encuentran en alerta verde y amarilla. En tanto que mientras que en las zonas declaradas en alerta roja se mantendr\u00e1n suspendidas, debido a los efectos del hurac\u00e1n Melissa, que actualmente incide sobre el [&hellip;]\" \/>\n<meta property=\"og:url\" content=\"https:\/\/conexion23.com\/?p=47206\" \/>\n<meta property=\"og:site_name\" content=\"Conexi\u00f3n 23\" \/>\n<meta property=\"article:publisher\" content=\"https:\/\/www.facebook.com\/conexion23com\" \/>\n<meta property=\"article:published_time\" content=\"2025-10-27T11:39:53+00:00\" \/>\n<meta property=\"og:image\" content=\"https:\/\/conexion23.com\/wp-content\/uploads\/2025\/10\/Escuela.jpg\" \/>\n\t<meta property=\"og:image:width\" content=\"614\" \/>\n\t<meta property=\"og:image:height\" content=\"409\" \/>\n\t<meta property=\"og:image:type\" content=\"image\/jpeg\" \/>\n<meta name=\"author\" content=\"Raffy Ben\u00edtez\" \/>\n<meta name=\"twitter:card\" content=\"summary_large_image\" \/>\n<meta name=\"twitter:label1\" content=\"Escrito por\" \/>\n\t<meta name=\"twitter:data1\" content=\"Raffy Ben\u00edtez\" \/>\n\t<meta name=\"twitter:label2\" content=\"Tiempo de lectura\" \/>\n\t<meta name=\"twitter:data2\" content=\"2 minutos\" \/>\n<script type=\"application\/ld+json\" class=\"yoast-schema-graph\">{\"@context\":\"https:\\\/\\\/schema.org\",\"@graph\":[{\"@type\":\"Article\",\"@id\":\"https:\\\/\\\/conexion23.com\\\/?p=47206#article\",\"isPartOf\":{\"@id\":\"https:\\\/\\\/conexion23.com\\\/?p=47206\"},\"author\":{\"name\":\"Raffy Ben\u00edtez\",\"@id\":\"http:\\\/\\\/conexion23.com\\\/#\\\/schema\\\/person\\\/03e36043331117e97a373299bbcd30a6\"},\"headline\":\"Ministerio de Educacion llama a docencia en provincias que estan en alerta verde y amarilla.\",\"datePublished\":\"2025-10-27T11:39:53+00:00\",\"mainEntityOfPage\":{\"@id\":\"https:\\\/\\\/conexion23.com\\\/?p=47206\"},\"wordCount\":397,\"commentCount\":0,\"publisher\":{\"@id\":\"http:\\\/\\\/conexion23.com\\\/#organization\"},\"image\":{\"@id\":\"https:\\\/\\\/conexion23.com\\\/?p=47206#primaryimage\"},\"thumbnailUrl\":\"https:\\\/\\\/conexion23.com\\\/wp-content\\\/uploads\\\/2025\\\/10\\\/Escuela.jpg\",\"articleSection\":[\"Nacionales\"],\"inLanguage\":\"es\",\"potentialAction\":[{\"@type\":\"CommentAction\",\"name\":\"Comment\",\"target\":[\"https:\\\/\\\/conexion23.com\\\/?p=47206#respond\"]}]},{\"@type\":\"WebPage\",\"@id\":\"https:\\\/\\\/conexion23.com\\\/?p=47206\",\"url\":\"https:\\\/\\\/conexion23.com\\\/?p=47206\",\"name\":\"Ministerio de Educacion llama a docencia en provincias que estan en alerta verde y amarilla. - Conexi\u00f3n 23\",\"isPartOf\":{\"@id\":\"http:\\\/\\\/conexion23.com\\\/#website\"},\"primaryImageOfPage\":{\"@id\":\"https:\\\/\\\/conexion23.com\\\/?p=47206#primaryimage\"},\"image\":{\"@id\":\"https:\\\/\\\/conexion23.com\\\/?p=47206#primaryimage\"},\"thumbnailUrl\":\"https:\\\/\\\/conexion23.com\\\/wp-content\\\/uploads\\\/2025\\\/10\\\/Escuela.jpg\",\"datePublished\":\"2025-10-27T11:39:53+00:00\",\"breadcrumb\":{\"@id\":\"https:\\\/\\\/conexion23.com\\\/?p=47206#breadcrumb\"},\"inLanguage\":\"es\",\"potentialAction\":[{\"@type\":\"ReadAction\",\"target\":[\"https:\\\/\\\/conexion23.com\\\/?p=47206\"]}]},{\"@type\":\"ImageObject\",\"inLanguage\":\"es\",\"@id\":\"https:\\\/\\\/conexion23.com\\\/?p=47206#primaryimage\",\"url\":\"https:\\\/\\\/conexion23.com\\\/wp-content\\\/uploads\\\/2025\\\/10\\\/Escuela.jpg\",\"contentUrl\":\"https:\\\/\\\/conexion23.com\\\/wp-content\\\/uploads\\\/2025\\\/10\\\/Escuela.jpg\",\"width\":614,\"height\":409},{\"@type\":\"BreadcrumbList\",\"@id\":\"https:\\\/\\\/conexion23.com\\\/?p=47206#breadcrumb\",\"itemListElement\":[{\"@type\":\"ListItem\",\"position\":1,\"name\":\"Portada\",\"item\":\"http:\\\/\\\/conexion23.com\\\/\"},{\"@type\":\"ListItem\",\"position\":2,\"name\":\"Ministerio de Educacion llama a docencia en provincias que estan en alerta verde y amarilla.\"}]},{\"@type\":\"WebSite\",\"@id\":\"http:\\\/\\\/conexion23.com\\\/#website\",\"url\":\"http:\\\/\\\/conexion23.com\\\/\",\"name\":\"Conexi\u00f3n 23\",\"description\":\"Peri\u00f3dico 100% Petromacorisano\",\"publisher\":{\"@id\":\"http:\\\/\\\/conexion23.com\\\/#organization\"},\"potentialAction\":[{\"@type\":\"SearchAction\",\"target\":{\"@type\":\"EntryPoint\",\"urlTemplate\":\"http:\\\/\\\/conexion23.com\\\/?s={search_term_string}\"},\"query-input\":{\"@type\":\"PropertyValueSpecification\",\"valueRequired\":true,\"valueName\":\"search_term_string\"}}],\"inLanguage\":\"es\"},{\"@type\":\"Organization\",\"@id\":\"http:\\\/\\\/conexion23.com\\\/#organization\",\"name\":\"Conexion 23\",\"url\":\"http:\\\/\\\/conexion23.com\\\/\",\"logo\":{\"@type\":\"ImageObject\",\"inLanguage\":\"es\",\"@id\":\"http:\\\/\\\/conexion23.com\\\/#\\\/schema\\\/logo\\\/image\\\/\",\"url\":\"https:\\\/\\\/conexion23.com\\\/wp-content\\\/uploads\\\/2021\\\/11\\\/Diseno-sin-titulo-2.png\",\"contentUrl\":\"https:\\\/\\\/conexion23.com\\\/wp-content\\\/uploads\\\/2021\\\/11\\\/Diseno-sin-titulo-2.png\",\"width\":541,\"height\":90,\"caption\":\"Conexion 23\"},\"image\":{\"@id\":\"http:\\\/\\\/conexion23.com\\\/#\\\/schema\\\/logo\\\/image\\\/\"},\"sameAs\":[\"https:\\\/\\\/www.facebook.com\\\/conexion23com\",\"https:\\\/\\\/www.instagram.com\\\/conexion23com\\\/\",\"https:\\\/\\\/www.youtube.com\\\/channel\\\/UCYc7vxxFZMYLIHNsHHxPZ3Q\"]},{\"@type\":\"Person\",\"@id\":\"http:\\\/\\\/conexion23.com\\\/#\\\/schema\\\/person\\\/03e36043331117e97a373299bbcd30a6\",\"name\":\"Raffy Ben\u00edtez\",\"image\":{\"@type\":\"ImageObject\",\"inLanguage\":\"es\",\"@id\":\"https:\\\/\\\/secure.gravatar.com\\\/avatar\\\/3190a6a6c5e1b0327500f7d6c56b6242472ee6cb974cf09b401ee6b3b0798f23?s=96&d=mm&r=g\",\"url\":\"https:\\\/\\\/secure.gravatar.com\\\/avatar\\\/3190a6a6c5e1b0327500f7d6c56b6242472ee6cb974cf09b401ee6b3b0798f23?s=96&d=mm&r=g\",\"contentUrl\":\"https:\\\/\\\/secure.gravatar.com\\\/avatar\\\/3190a6a6c5e1b0327500f7d6c56b6242472ee6cb974cf09b401ee6b3b0798f23?s=96&d=mm&r=g\",\"caption\":\"Raffy Ben\u00edtez\"},\"url\":\"https:\\\/\\\/conexion23.com\\\/?author=15\"}]}<\/script>\n<!-- \/ Yoast SEO plugin. -->","yoast_head_json":{"title":"Ministerio de Educacion llama a docencia en provincias que estan en alerta verde y amarilla. - Conexi\u00f3n 23","robots":{"index":"index","follow":"follow","max-snippet":"max-snippet:-1","max-image-preview":"max-image-preview:large","max-video-preview":"max-video-preview:-1"},"canonical":"https:\/\/conexion23.com\/?p=47206","og_locale":"es_ES","og_type":"article","og_title":"Ministerio de Educacion llama a docencia en provincias que estan en alerta verde y amarilla. - Conexi\u00f3n 23","og_description":"El Ministerio de Educaci\u00f3n de la Rep\u00fablica Dominicana (MINERD) inform\u00f3 que las clases se reanudar\u00e1n este lunes en las provincias que se encuentran en alerta verde y amarilla. En tanto que mientras que en las zonas declaradas en alerta roja se mantendr\u00e1n suspendidas, debido a los efectos del hurac\u00e1n Melissa, que actualmente incide sobre el [&hellip;]","og_url":"https:\/\/conexion23.com\/?p=47206","og_site_name":"Conexi\u00f3n 23","article_publisher":"https:\/\/www.facebook.com\/conexion23com","article_published_time":"2025-10-27T11:39:53+00:00","og_image":[{"width":614,"height":409,"url":"https:\/\/conexion23.com\/wp-content\/uploads\/2025\/10\/Escuela.jpg","type":"image\/jpeg"}],"author":"Raffy Ben\u00edtez","twitter_card":"summary_large_image","twitter_misc":{"Escrito por":"Raffy Ben\u00edtez","Tiempo de lectura":"2 minutos"},"schema":{"@context":"https:\/\/schema.org","@graph":[{"@type":"Article","@id":"https:\/\/conexion23.com\/?p=47206#article","isPartOf":{"@id":"https:\/\/conexion23.com\/?p=47206"},"author":{"name":"Raffy Ben\u00edtez","@id":"http:\/\/conexion23.com\/#\/schema\/person\/03e36043331117e97a373299bbcd30a6"},"headline":"Ministerio de Educacion llama a docencia en provincias que estan en alerta verde y amarilla.","datePublished":"2025-10-27T11:39:53+00:00","mainEntityOfPage":{"@id":"https:\/\/conexion23.com\/?p=47206"},"wordCount":397,"commentCount":0,"publisher":{"@id":"http:\/\/conexion23.com\/#organization"},"image":{"@id":"https:\/\/conexion23.com\/?p=47206#primaryimage"},"thumbnailUrl":"https:\/\/conexion23.com\/wp-content\/uploads\/2025\/10\/Escuela.jpg","articleSection":["Nacionales"],"inLanguage":"es","potentialAction":[{"@type":"CommentAction","name":"Comment","target":["https:\/\/conexion23.com\/?p=47206#respond"]}]},{"@type":"WebPage","@id":"https:\/\/conexion23.com\/?p=47206","url":"https:\/\/conexion23.com\/?p=47206","name":"Ministerio de Educacion llama a docencia en provincias que estan en alerta verde y amarilla. - Conexi\u00f3n 23","isPartOf":{"@id":"http:\/\/conexion23.com\/#website"},"primaryImageOfPage":{"@id":"https:\/\/conexion23.com\/?p=47206#primaryimage"},"image":{"@id":"https:\/\/conexion23.com\/?p=47206#primaryimage"},"thumbnailUrl":"https:\/\/conexion23.com\/wp-content\/uploads\/2025\/10\/Escuela.jpg","datePublished":"2025-10-27T11:39:53+00:00","breadcrumb":{"@id":"https:\/\/conexion23.com\/?p=47206#breadcrumb"},"inLanguage":"es","potentialAction":[{"@type":"ReadAction","target":["https:\/\/conexion23.com\/?p=47206"]}]},{"@type":"ImageObject","inLanguage":"es","@id":"https:\/\/conexion23.com\/?p=47206#primaryimage","url":"https:\/\/conexion23.com\/wp-content\/uploads\/2025\/10\/Escuela.jpg","contentUrl":"https:\/\/conexion23.com\/wp-content\/uploads\/2025\/10\/Escuela.jpg","width":614,"height":409},{"@type":"BreadcrumbList","@id":"https:\/\/conexion23.com\/?p=47206#breadcrumb","itemListElement":[{"@type":"ListItem","position":1,"name":"Portada","item":"http:\/\/conexion23.com\/"},{"@type":"ListItem","position":2,"name":"Ministerio de Educacion llama a docencia en provincias que estan en alerta verde y amarilla."}]},{"@type":"WebSite","@id":"http:\/\/conexion23.com\/#website","url":"http:\/\/conexion23.com\/","name":"Conexi\u00f3n 23","description":"Peri\u00f3dico 100% Petromacorisano","publisher":{"@id":"http:\/\/conexion23.com\/#organization"},"potentialAction":[{"@type":"SearchAction","target":{"@type":"EntryPoint","urlTemplate":"http:\/\/conexion23.com\/?s={search_term_string}"},"query-input":{"@type":"PropertyValueSpecification","valueRequired":true,"valueName":"search_term_string"}}],"inLanguage":"es"},{"@type":"Organization","@id":"http:\/\/conexion23.com\/#organization","name":"Conexion 23","url":"http:\/\/conexion23.com\/","logo":{"@type":"ImageObject","inLanguage":"es","@id":"http:\/\/conexion23.com\/#\/schema\/logo\/image\/","url":"https:\/\/conexion23.com\/wp-content\/uploads\/2021\/11\/Diseno-sin-titulo-2.png","contentUrl":"https:\/\/conexion23.com\/wp-content\/uploads\/2021\/11\/Diseno-sin-titulo-2.png","width":541,"height":90,"caption":"Conexion 23"},"image":{"@id":"http:\/\/conexion23.com\/#\/schema\/logo\/image\/"},"sameAs":["https:\/\/www.facebook.com\/conexion23com","https:\/\/www.instagram.com\/conexion23com\/","https:\/\/www.youtube.com\/channel\/UCYc7vxxFZMYLIHNsHHxPZ3Q"]},{"@type":"Person","@id":"http:\/\/conexion23.com\/#\/schema\/person\/03e36043331117e97a373299bbcd30a6","name":"Raffy Ben\u00edtez","image":{"@type":"ImageObject","inLanguage":"es","@id":"https:\/\/secure.gravatar.com\/avatar\/3190a6a6c5e1b0327500f7d6c56b6242472ee6cb974cf09b401ee6b3b0798f23?s=96&d=mm&r=g","url":"https:\/\/secure.gravatar.com\/avatar\/3190a6a6c5e1b0327500f7d6c56b6242472ee6cb974cf09b401ee6b3b0798f23?s=96&d=mm&r=g","contentUrl":"https:\/\/secure.gravatar.com\/avatar\/3190a6a6c5e1b0327500f7d6c56b6242472ee6cb974cf09b401ee6b3b0798f23?s=96&d=mm&r=g","caption":"Raffy Ben\u00edtez"},"url":"https:\/\/conexion23.com\/?author=15"}]}},"_links":{"self":[{"href":"https:\/\/conexion23.com\/index.php?rest_route=\/wp\/v2\/posts\/47206","targetHints":{"allow":["GET"]}}],"collection":[{"href":"https:\/\/conexion23.com\/index.php?rest_route=\/wp\/v2\/posts"}],"about":[{"href":"https:\/\/conexion23.com\/index.php?rest_route=\/wp\/v2\/types\/post"}],"author":[{"embeddable":true,"href":"https:\/\/conexion23.com\/index.php?rest_route=\/wp\/v2\/users\/15"}],"replies":[{"embeddable":true,"href":"https:\/\/conexion23.com\/index.php?rest_route=%2Fwp%2Fv2%2Fcomments&post=47206"}],"version-history":[{"count":1,"href":"https:\/\/conexion23.com\/index.php?rest_route=\/wp\/v2\/posts\/47206\/revisions"}],"predecessor-version":[{"id":47208,"href":"https:\/\/conexion23.com\/index.php?rest_route=\/wp\/v2\/posts\/47206\/revisions\/47208"}],"wp:featuredmedia":[{"embeddable":true,"href":"https:\/\/conexion23.com\/index.php?rest_route=\/wp\/v2\/media\/47207"}],"wp:attachment":[{"href":"https:\/\/conexion23.com\/index.php?rest_route=%2Fwp%2Fv2%2Fmedia&parent=47206"}],"wp:term":[{"taxonomy":"category","embeddable":true,"href":"https:\/\/conexion23.com\/index.php?rest_route=%2Fwp%2Fv2%2Fcategories&post=47206"},{"taxonomy":"post_tag","embeddable":true,"href":"https:\/\/conexion23.com\/index.php?rest_route=%2Fwp%2Fv2%2Ftags&post=47206"}],"curies":[{"name":"wp","href":"https:\/\/api.w.org\/{rel}","templated":true}]}}