{"id":47260,"date":"2025-10-27T17:48:40","date_gmt":"2025-10-27T21:48:40","guid":{"rendered":"https:\/\/conexion23.com\/?p=47260"},"modified":"2025-10-27T17:48:40","modified_gmt":"2025-10-27T21:48:40","slug":"mas-de-700-viviendas-inundadas-y-medio-millon-de-personas-sin-agua-por-los-efectos-del-huracan-melissa","status":"publish","type":"post","link":"https:\/\/conexion23.com\/?p=47260","title":{"rendered":"M\u00e1s de 700 viviendas inundadas y medio mill\u00f3n de personas sin agua por los efectos del hurac\u00e1n Melissa"},"content":{"rendered":"<p style=\"text-align: justify;\" data-mrf-recirculation=\"Links p\u00e1rrafos\">El\u00a0hurac\u00e1n Melissa\u00a0ha dejado un rastro de severas\u00a0afectaciones\u00a0en la\u00a0Rep\u00fablica Dominicana, seg\u00fan el m\u00e1s reciente Informe de Situaci\u00f3n del Centro de Operaciones de Emergencias (COE), emitido a las 7:30 a.m.<\/p>\n<p style=\"text-align: justify;\" data-mrf-recirculation=\"Links p\u00e1rrafos\">El reporte detalla\u00a0da\u00f1os\u00a0en\u00a0viviendas,\u00a0carreteras, puentes y\u00a0sistemas de agua\u00a0potable en diversas provincias del pa\u00eds.<\/p>\n<p style=\"text-align: justify;\" data-mrf-recirculation=\"Links p\u00e1rrafos\">De acuerdo con el\u00a0Ministerio de la Vivienda y Edificaciones\u00a0(MIVED), 757\u00a0viviendas\u00a0resultaron afectadas, de las cuales 737 quedaron inundadas, 18 sufrieron\u00a0da\u00f1os\u00a0parciales y 2 fueron destruidas por completo. Las precipitaciones y desbordamientos provocados por el fen\u00f3meno impactaron de manera especial a comunidades vulnerables, obligando a la evacuaci\u00f3n de cientos de familias.<\/p>\n<div class=\"p-5 text-center\" style=\"text-align: justify;\">\n<div class=\"flex items-center justify-center  border-gray-200 rounded\">El\u00a0Ministerio de Obras P\u00fablicas y Comunicaciones\u00a0(MOPC) inform\u00f3 que cuatro\u00a0carreteras, dos puentes, una calle y un camino vecinal se encuentran afectados.<\/div>\n<\/div>\n<h2 style=\"text-align: justify;\">Da\u00f1os reportados por MOPC<\/h2>\n<p style=\"text-align: justify;\" data-mrf-recirculation=\"Links p\u00e1rrafos\">Entre los puntos m\u00e1s cr\u00edticos se destaca la socavaci\u00f3n de la antigua carretera Francisco del Rosario S\u00e1nchez, en Haina, provincia San Crist\u00f3bal, y el deslizamiento de tierra en la\u00a0Circunvalaci\u00f3n de Ban\u00ed (Peravia).\u00a0En Monte Plata, el desbordamiento del r\u00edo Ozama mantiene incomunicadas varias comunidades.<\/p>\n<p style=\"text-align: justify;\" data-mrf-recirculation=\"Links p\u00e1rrafos\">Por su parte, el\u00a0Instituto Nacional de Aguas Potables y Alcantarillados\u00a0(INAPA) report\u00f3 que 52 acueductos est\u00e1n fuera de servicio total o parcial, afectando a m\u00e1s de 501 mil usuarios en todo el pa\u00eds.<\/p>\n<p style=\"text-align: justify;\" data-mrf-recirculation=\"Links p\u00e1rrafos\">El informe tambi\u00e9n registra\u00a03,785 personas desplazadas\u00a0y evacuadas, con 38 alojadas en un albergue activo en el Distrito Nacional, y\u00a048 comunidades incomunicadas\u00a0a nivel nacional.<\/p>\n<p style=\"text-align: justify;\" data-mrf-recirculation=\"Links p\u00e1rrafos\">Ante la persistencia de\u00a0condiciones adversas, las autoridades mantienen recomendaciones para que las embarcaciones peque\u00f1as y medianas permanezcan en puerto desde Cabo Beata (Pedernales) hasta Punta Salinas (Ban\u00ed). Asimismo, se realizan operaciones de regulaci\u00f3n en el complejo de presas Jig\u00fcey-Aguacate-Valdesia-Las Barias, debido al aumento del caudal por las lluvias continuas.<\/p>\n<p style=\"text-align: justify;\" data-mrf-recirculation=\"Links p\u00e1rrafos\">Como medida preventiva adicional, la Armada de\u00a0Rep\u00fablica Dominicana\u00a0evacu\u00f3 a 98 personas en la Isla Saona, garantizando su seguridad ante el peligro de aislamiento por las condiciones mar\u00edtimas.<\/p>\n","protected":false},"excerpt":{"rendered":"<p>El\u00a0hurac\u00e1n Melissa\u00a0ha dejado un rastro de severas\u00a0afectaciones\u00a0en la\u00a0Rep\u00fablica Dominicana, seg\u00fan el m\u00e1s reciente Informe de Situaci\u00f3n del Centro de Operaciones de Emergencias (COE), emitido a las 7:30 a.m. El reporte detalla\u00a0da\u00f1os\u00a0en\u00a0viviendas,\u00a0carreteras, puentes y\u00a0sistemas de agua\u00a0potable en diversas provincias del pa\u00eds. De acuerdo con el\u00a0Ministerio de la Vivienda y Edificaciones\u00a0(MIVED), 757\u00a0viviendas\u00a0resultaron afectadas, de las cuales 737 [&hellip;]<\/p>\n","protected":false},"author":15,"featured_media":47261,"comment_status":"open","ping_status":"open","sticky":false,"template":"","format":"standard","meta":{"footnotes":""},"categories":[3913,3773],"tags":[],"class_list":{"0":"post-47260","1":"post","2":"type-post","3":"status-publish","4":"format-standard","5":"has-post-thumbnail","7":"category-nacionales","8":"category-portada"},"yoast_head":"<!-- This site is optimized with the Yoast SEO plugin v27.1.1 - https:\/\/yoast.com\/product\/yoast-seo-wordpress\/ -->\n<title>M\u00e1s de 700 viviendas inundadas y medio mill\u00f3n de personas sin agua por los efectos del hurac\u00e1n Melissa - Conexi\u00f3n 23<\/title>\n<meta name=\"robots\" content=\"index, follow, max-snippet:-1, max-image-preview:large, max-video-preview:-1\" \/>\n<link rel=\"canonical\" href=\"https:\/\/conexion23.com\/?p=47260\" \/>\n<meta property=\"og:locale\" content=\"es_ES\" \/>\n<meta property=\"og:type\" content=\"article\" \/>\n<meta property=\"og:title\" content=\"M\u00e1s de 700 viviendas inundadas y medio mill\u00f3n de personas sin agua por los efectos del hurac\u00e1n Melissa - Conexi\u00f3n 23\" \/>\n<meta property=\"og:description\" content=\"El\u00a0hurac\u00e1n Melissa\u00a0ha dejado un rastro de severas\u00a0afectaciones\u00a0en la\u00a0Rep\u00fablica Dominicana, seg\u00fan el m\u00e1s reciente Informe de Situaci\u00f3n del Centro de Operaciones de Emergencias (COE), emitido a las 7:30 a.m. El reporte detalla\u00a0da\u00f1os\u00a0en\u00a0viviendas,\u00a0carreteras, puentes y\u00a0sistemas de agua\u00a0potable en diversas provincias del pa\u00eds. De acuerdo con el\u00a0Ministerio de la Vivienda y Edificaciones\u00a0(MIVED), 757\u00a0viviendas\u00a0resultaron afectadas, de las cuales 737 [&hellip;]\" \/>\n<meta property=\"og:url\" content=\"https:\/\/conexion23.com\/?p=47260\" \/>\n<meta property=\"og:site_name\" content=\"Conexi\u00f3n 23\" \/>\n<meta property=\"article:publisher\" content=\"https:\/\/www.facebook.com\/conexion23com\" \/>\n<meta property=\"article:published_time\" content=\"2025-10-27T21:48:40+00:00\" \/>\n<meta property=\"og:image\" content=\"https:\/\/conexion23.com\/wp-content\/uploads\/2025\/10\/veronica-plantilla-youtube51-focus-0-0-1200-675.webp\" \/>\n\t<meta property=\"og:image:width\" content=\"1200\" \/>\n\t<meta property=\"og:image:height\" content=\"675\" \/>\n\t<meta property=\"og:image:type\" content=\"image\/webp\" \/>\n<meta name=\"author\" content=\"Raffy Ben\u00edtez\" \/>\n<meta name=\"twitter:card\" content=\"summary_large_image\" \/>\n<meta name=\"twitter:label1\" content=\"Escrito por\" \/>\n\t<meta name=\"twitter:data1\" content=\"Raffy Ben\u00edtez\" \/>\n\t<meta name=\"twitter:label2\" content=\"Tiempo de lectura\" \/>\n\t<meta name=\"twitter:data2\" content=\"2 minutos\" \/>\n<script type=\"application\/ld+json\" class=\"yoast-schema-graph\">{\"@context\":\"https:\/\/schema.org\",\"@graph\":[{\"@type\":\"Article\",\"@id\":\"https:\/\/conexion23.com\/?p=47260#article\",\"isPartOf\":{\"@id\":\"https:\/\/conexion23.com\/?p=47260\"},\"author\":{\"name\":\"Raffy Ben\u00edtez\",\"@id\":\"https:\/\/conexion23.com\/#\/schema\/person\/03e36043331117e97a373299bbcd30a6\"},\"headline\":\"M\u00e1s de 700 viviendas inundadas y medio mill\u00f3n de personas sin agua por los efectos del hurac\u00e1n Melissa\",\"datePublished\":\"2025-10-27T21:48:40+00:00\",\"mainEntityOfPage\":{\"@id\":\"https:\/\/conexion23.com\/?p=47260\"},\"wordCount\":355,\"commentCount\":0,\"publisher\":{\"@id\":\"https:\/\/conexion23.com\/#organization\"},\"image\":{\"@id\":\"https:\/\/conexion23.com\/?p=47260#primaryimage\"},\"thumbnailUrl\":\"https:\/\/conexion23.com\/wp-content\/uploads\/2025\/10\/veronica-plantilla-youtube51-focus-0-0-1200-675.webp\",\"articleSection\":[\"Nacionales\",\"Portada\"],\"inLanguage\":\"es\",\"potentialAction\":[{\"@type\":\"CommentAction\",\"name\":\"Comment\",\"target\":[\"https:\/\/conexion23.com\/?p=47260#respond\"]}]},{\"@type\":\"WebPage\",\"@id\":\"https:\/\/conexion23.com\/?p=47260\",\"url\":\"https:\/\/conexion23.com\/?p=47260\",\"name\":\"M\u00e1s de 700 viviendas inundadas y medio mill\u00f3n de personas sin agua por los efectos del hurac\u00e1n Melissa - Conexi\u00f3n 23\",\"isPartOf\":{\"@id\":\"https:\/\/conexion23.com\/#website\"},\"primaryImageOfPage\":{\"@id\":\"https:\/\/conexion23.com\/?p=47260#primaryimage\"},\"image\":{\"@id\":\"https:\/\/conexion23.com\/?p=47260#primaryimage\"},\"thumbnailUrl\":\"https:\/\/conexion23.com\/wp-content\/uploads\/2025\/10\/veronica-plantilla-youtube51-focus-0-0-1200-675.webp\",\"datePublished\":\"2025-10-27T21:48:40+00:00\",\"breadcrumb\":{\"@id\":\"https:\/\/conexion23.com\/?p=47260#breadcrumb\"},\"inLanguage\":\"es\",\"potentialAction\":[{\"@type\":\"ReadAction\",\"target\":[\"https:\/\/conexion23.com\/?p=47260\"]}]},{\"@type\":\"ImageObject\",\"inLanguage\":\"es\",\"@id\":\"https:\/\/conexion23.com\/?p=47260#primaryimage\",\"url\":\"https:\/\/conexion23.com\/wp-content\/uploads\/2025\/10\/veronica-plantilla-youtube51-focus-0-0-1200-675.webp\",\"contentUrl\":\"https:\/\/conexion23.com\/wp-content\/uploads\/2025\/10\/veronica-plantilla-youtube51-focus-0-0-1200-675.webp\",\"width\":1200,\"height\":675},{\"@type\":\"BreadcrumbList\",\"@id\":\"https:\/\/conexion23.com\/?p=47260#breadcrumb\",\"itemListElement\":[{\"@type\":\"ListItem\",\"position\":1,\"name\":\"Portada\",\"item\":\"https:\/\/conexion23.com\/\"},{\"@type\":\"ListItem\",\"position\":2,\"name\":\"M\u00e1s de 700 viviendas inundadas y medio mill\u00f3n de personas sin agua por los efectos del hurac\u00e1n Melissa\"}]},{\"@type\":\"WebSite\",\"@id\":\"https:\/\/conexion23.com\/#website\",\"url\":\"https:\/\/conexion23.com\/\",\"name\":\"Conexi\u00f3n 23\",\"description\":\"Peri\u00f3dico 100% Petromacorisano\",\"publisher\":{\"@id\":\"https:\/\/conexion23.com\/#organization\"},\"potentialAction\":[{\"@type\":\"SearchAction\",\"target\":{\"@type\":\"EntryPoint\",\"urlTemplate\":\"https:\/\/conexion23.com\/?s={search_term_string}\"},\"query-input\":{\"@type\":\"PropertyValueSpecification\",\"valueRequired\":true,\"valueName\":\"search_term_string\"}}],\"inLanguage\":\"es\"},{\"@type\":\"Organization\",\"@id\":\"https:\/\/conexion23.com\/#organization\",\"name\":\"Conexion 23\",\"url\":\"https:\/\/conexion23.com\/\",\"logo\":{\"@type\":\"ImageObject\",\"inLanguage\":\"es\",\"@id\":\"https:\/\/conexion23.com\/#\/schema\/logo\/image\/\",\"url\":\"https:\/\/conexion23.com\/wp-content\/uploads\/2021\/11\/Diseno-sin-titulo-2.png\",\"contentUrl\":\"https:\/\/conexion23.com\/wp-content\/uploads\/2021\/11\/Diseno-sin-titulo-2.png\",\"width\":541,\"height\":90,\"caption\":\"Conexion 23\"},\"image\":{\"@id\":\"https:\/\/conexion23.com\/#\/schema\/logo\/image\/\"},\"sameAs\":[\"https:\/\/www.facebook.com\/conexion23com\",\"https:\/\/www.instagram.com\/conexion23com\/\",\"https:\/\/www.youtube.com\/channel\/UCYc7vxxFZMYLIHNsHHxPZ3Q\"]},{\"@type\":\"Person\",\"@id\":\"https:\/\/conexion23.com\/#\/schema\/person\/03e36043331117e97a373299bbcd30a6\",\"name\":\"Raffy Ben\u00edtez\",\"image\":{\"@type\":\"ImageObject\",\"inLanguage\":\"es\",\"@id\":\"https:\/\/conexion23.com\/#\/schema\/person\/image\/\",\"url\":\"https:\/\/secure.gravatar.com\/avatar\/3190a6a6c5e1b0327500f7d6c56b6242472ee6cb974cf09b401ee6b3b0798f23?s=96&d=mm&r=g\",\"contentUrl\":\"https:\/\/secure.gravatar.com\/avatar\/3190a6a6c5e1b0327500f7d6c56b6242472ee6cb974cf09b401ee6b3b0798f23?s=96&d=mm&r=g\",\"caption\":\"Raffy Ben\u00edtez\"},\"url\":\"https:\/\/conexion23.com\/?author=15\"}]}<\/script>\n<!-- \/ Yoast SEO plugin. -->","yoast_head_json":{"title":"M\u00e1s de 700 viviendas inundadas y medio mill\u00f3n de personas sin agua por los efectos del hurac\u00e1n Melissa - Conexi\u00f3n 23","robots":{"index":"index","follow":"follow","max-snippet":"max-snippet:-1","max-image-preview":"max-image-preview:large","max-video-preview":"max-video-preview:-1"},"canonical":"https:\/\/conexion23.com\/?p=47260","og_locale":"es_ES","og_type":"article","og_title":"M\u00e1s de 700 viviendas inundadas y medio mill\u00f3n de personas sin agua por los efectos del hurac\u00e1n Melissa - Conexi\u00f3n 23","og_description":"El\u00a0hurac\u00e1n Melissa\u00a0ha dejado un rastro de severas\u00a0afectaciones\u00a0en la\u00a0Rep\u00fablica Dominicana, seg\u00fan el m\u00e1s reciente Informe de Situaci\u00f3n del Centro de Operaciones de Emergencias (COE), emitido a las 7:30 a.m. El reporte detalla\u00a0da\u00f1os\u00a0en\u00a0viviendas,\u00a0carreteras, puentes y\u00a0sistemas de agua\u00a0potable en diversas provincias del pa\u00eds. De acuerdo con el\u00a0Ministerio de la Vivienda y Edificaciones\u00a0(MIVED), 757\u00a0viviendas\u00a0resultaron afectadas, de las cuales 737 [&hellip;]","og_url":"https:\/\/conexion23.com\/?p=47260","og_site_name":"Conexi\u00f3n 23","article_publisher":"https:\/\/www.facebook.com\/conexion23com","article_published_time":"2025-10-27T21:48:40+00:00","og_image":[{"width":1200,"height":675,"url":"https:\/\/conexion23.com\/wp-content\/uploads\/2025\/10\/veronica-plantilla-youtube51-focus-0-0-1200-675.webp","type":"image\/webp"}],"author":"Raffy Ben\u00edtez","twitter_card":"summary_large_image","twitter_misc":{"Escrito por":"Raffy Ben\u00edtez","Tiempo de lectura":"2 minutos"},"schema":{"@context":"https:\/\/schema.org","@graph":[{"@type":"Article","@id":"https:\/\/conexion23.com\/?p=47260#article","isPartOf":{"@id":"https:\/\/conexion23.com\/?p=47260"},"author":{"name":"Raffy Ben\u00edtez","@id":"https:\/\/conexion23.com\/#\/schema\/person\/03e36043331117e97a373299bbcd30a6"},"headline":"M\u00e1s de 700 viviendas inundadas y medio mill\u00f3n de personas sin agua por los efectos del hurac\u00e1n Melissa","datePublished":"2025-10-27T21:48:40+00:00","mainEntityOfPage":{"@id":"https:\/\/conexion23.com\/?p=47260"},"wordCount":355,"commentCount":0,"publisher":{"@id":"https:\/\/conexion23.com\/#organization"},"image":{"@id":"https:\/\/conexion23.com\/?p=47260#primaryimage"},"thumbnailUrl":"https:\/\/conexion23.com\/wp-content\/uploads\/2025\/10\/veronica-plantilla-youtube51-focus-0-0-1200-675.webp","articleSection":["Nacionales","Portada"],"inLanguage":"es","potentialAction":[{"@type":"CommentAction","name":"Comment","target":["https:\/\/conexion23.com\/?p=47260#respond"]}]},{"@type":"WebPage","@id":"https:\/\/conexion23.com\/?p=47260","url":"https:\/\/conexion23.com\/?p=47260","name":"M\u00e1s de 700 viviendas inundadas y medio mill\u00f3n de personas sin agua por los efectos del hurac\u00e1n Melissa - Conexi\u00f3n 23","isPartOf":{"@id":"https:\/\/conexion23.com\/#website"},"primaryImageOfPage":{"@id":"https:\/\/conexion23.com\/?p=47260#primaryimage"},"image":{"@id":"https:\/\/conexion23.com\/?p=47260#primaryimage"},"thumbnailUrl":"https:\/\/conexion23.com\/wp-content\/uploads\/2025\/10\/veronica-plantilla-youtube51-focus-0-0-1200-675.webp","datePublished":"2025-10-27T21:48:40+00:00","breadcrumb":{"@id":"https:\/\/conexion23.com\/?p=47260#breadcrumb"},"inLanguage":"es","potentialAction":[{"@type":"ReadAction","target":["https:\/\/conexion23.com\/?p=47260"]}]},{"@type":"ImageObject","inLanguage":"es","@id":"https:\/\/conexion23.com\/?p=47260#primaryimage","url":"https:\/\/conexion23.com\/wp-content\/uploads\/2025\/10\/veronica-plantilla-youtube51-focus-0-0-1200-675.webp","contentUrl":"https:\/\/conexion23.com\/wp-content\/uploads\/2025\/10\/veronica-plantilla-youtube51-focus-0-0-1200-675.webp","width":1200,"height":675},{"@type":"BreadcrumbList","@id":"https:\/\/conexion23.com\/?p=47260#breadcrumb","itemListElement":[{"@type":"ListItem","position":1,"name":"Portada","item":"https:\/\/conexion23.com\/"},{"@type":"ListItem","position":2,"name":"M\u00e1s de 700 viviendas inundadas y medio mill\u00f3n de personas sin agua por los efectos del hurac\u00e1n Melissa"}]},{"@type":"WebSite","@id":"https:\/\/conexion23.com\/#website","url":"https:\/\/conexion23.com\/","name":"Conexi\u00f3n 23","description":"Peri\u00f3dico 100% Petromacorisano","publisher":{"@id":"https:\/\/conexion23.com\/#organization"},"potentialAction":[{"@type":"SearchAction","target":{"@type":"EntryPoint","urlTemplate":"https:\/\/conexion23.com\/?s={search_term_string}"},"query-input":{"@type":"PropertyValueSpecification","valueRequired":true,"valueName":"search_term_string"}}],"inLanguage":"es"},{"@type":"Organization","@id":"https:\/\/conexion23.com\/#organization","name":"Conexion 23","url":"https:\/\/conexion23.com\/","logo":{"@type":"ImageObject","inLanguage":"es","@id":"https:\/\/conexion23.com\/#\/schema\/logo\/image\/","url":"https:\/\/conexion23.com\/wp-content\/uploads\/2021\/11\/Diseno-sin-titulo-2.png","contentUrl":"https:\/\/conexion23.com\/wp-content\/uploads\/2021\/11\/Diseno-sin-titulo-2.png","width":541,"height":90,"caption":"Conexion 23"},"image":{"@id":"https:\/\/conexion23.com\/#\/schema\/logo\/image\/"},"sameAs":["https:\/\/www.facebook.com\/conexion23com","https:\/\/www.instagram.com\/conexion23com\/","https:\/\/www.youtube.com\/channel\/UCYc7vxxFZMYLIHNsHHxPZ3Q"]},{"@type":"Person","@id":"https:\/\/conexion23.com\/#\/schema\/person\/03e36043331117e97a373299bbcd30a6","name":"Raffy Ben\u00edtez","image":{"@type":"ImageObject","inLanguage":"es","@id":"https:\/\/conexion23.com\/#\/schema\/person\/image\/","url":"https:\/\/secure.gravatar.com\/avatar\/3190a6a6c5e1b0327500f7d6c56b6242472ee6cb974cf09b401ee6b3b0798f23?s=96&d=mm&r=g","contentUrl":"https:\/\/secure.gravatar.com\/avatar\/3190a6a6c5e1b0327500f7d6c56b6242472ee6cb974cf09b401ee6b3b0798f23?s=96&d=mm&r=g","caption":"Raffy Ben\u00edtez"},"url":"https:\/\/conexion23.com\/?author=15"}]}},"_links":{"self":[{"href":"https:\/\/conexion23.com\/index.php?rest_route=\/wp\/v2\/posts\/47260","targetHints":{"allow":["GET"]}}],"collection":[{"href":"https:\/\/conexion23.com\/index.php?rest_route=\/wp\/v2\/posts"}],"about":[{"href":"https:\/\/conexion23.com\/index.php?rest_route=\/wp\/v2\/types\/post"}],"author":[{"embeddable":true,"href":"https:\/\/conexion23.com\/index.php?rest_route=\/wp\/v2\/users\/15"}],"replies":[{"embeddable":true,"href":"https:\/\/conexion23.com\/index.php?rest_route=%2Fwp%2Fv2%2Fcomments&post=47260"}],"version-history":[{"count":1,"href":"https:\/\/conexion23.com\/index.php?rest_route=\/wp\/v2\/posts\/47260\/revisions"}],"predecessor-version":[{"id":47262,"href":"https:\/\/conexion23.com\/index.php?rest_route=\/wp\/v2\/posts\/47260\/revisions\/47262"}],"wp:featuredmedia":[{"embeddable":true,"href":"https:\/\/conexion23.com\/index.php?rest_route=\/wp\/v2\/media\/47261"}],"wp:attachment":[{"href":"https:\/\/conexion23.com\/index.php?rest_route=%2Fwp%2Fv2%2Fmedia&parent=47260"}],"wp:term":[{"taxonomy":"category","embeddable":true,"href":"https:\/\/conexion23.com\/index.php?rest_route=%2Fwp%2Fv2%2Fcategories&post=47260"},{"taxonomy":"post_tag","embeddable":true,"href":"https:\/\/conexion23.com\/index.php?rest_route=%2Fwp%2Fv2%2Ftags&post=47260"}],"curies":[{"name":"wp","href":"https:\/\/api.w.org\/{rel}","templated":true}]}}