{"id":47265,"date":"2025-10-27T18:30:55","date_gmt":"2025-10-27T22:30:55","guid":{"rendered":"https:\/\/conexion23.com\/?p=47265"},"modified":"2025-10-27T17:56:05","modified_gmt":"2025-10-27T21:56:05","slug":"apresan-a-una-menor-con-presuntas-sustancias-controladas-en-la-altagracia","status":"publish","type":"post","link":"https:\/\/conexion23.com\/?p=47265","title":{"rendered":"Apresan a una menor con presuntas sustancias controladas en La Altagracia"},"content":{"rendered":"<p style=\"text-align: justify;\">Agentes policiales detuvieron en\u00a0flagrante\u00a0delito\u00a0a una adolescente de 17 a\u00f1os, a quien le ocuparon varias porciones de sustancias presumiblemente narc\u00f3ticas durante un operativo realizado en el sector El Ca\u00f1o, del distrito municipal La Ceiba del Salado, provincia\u00a0La Altagracia.<\/p>\n<p style=\"text-align: justify;\">La\u00a0menor, identificada como C. M., y sin documento de identidad al momento del arresto, fue interceptada por un equipo de la\u00a0Polic\u00eda Nacional\u00a0mientras realizaba labores preventivas en la zona.<\/p>\n<p style=\"text-align: justify;\">Durante el registro, los agentes ocuparon una cartera de mano marca GD, color blanco con rayas verdes, que conten\u00eda en su interior dos porciones de un vegetal presumiblemente\u00a0marihuana\u00a0y una porci\u00f3n de un polvo blanco de presunta\u00a0coca\u00edna, ambas envueltas en recortes de fundas pl\u00e1sticas de distintos colores y tama\u00f1os.<\/p>\n<p style=\"text-align: justify;\">Las evidencias fueron enviadas a la Direcci\u00f3n Nacional de Control de Drogas (DNCD) para su\u00a0an\u00e1lisis, mientras la detenida permanece bajo control del\u00a0Ministerio P\u00fablico, que determinar\u00e1 las acciones legales correspondientes.<\/p>\n<h2 style=\"text-align: justify;\">La regi\u00f3n Este: zonas con mayor movimiento de drogas<\/h2>\n<p style=\"text-align: justify;\">Las provincias del Este del pa\u00eds \u2014La Altagracia, La Romana, El Seibo, Hato Mayor y San Pedro de Macor\u00eds\u2014 registraron\u00a0importantes\u00a0incautaciones\u00a0de drogas durante el primer trimestre de 2025, seg\u00fan revela el Bolet\u00edn Estad\u00edstico Enero\u2013Marzo 2025 del Observatorio Dominicano de Drogas.<\/p>\n<div id=\"detalle-parrafo\" style=\"text-align: justify;\"><\/div>\n<p style=\"text-align: justify;\">El informe detalla que estas provincias participaron de forma directa en los principales\u00a0decomisos\u00a0realizados por la\u00a0DNCD, con la\u00a0coca\u00edna\u00a0como la sustancia de mayor presencia en la regi\u00f3n.<\/p>\n<p style=\"text-align: justify;\">La provincia\u00a0La Altagracia\u00a0se posicion\u00f3 entre las cinco demarcaciones del pa\u00eds con\u00a0mayores\u00a0incautaciones\u00a0de coca\u00edna durante el primer trimestre de 2025, seg\u00fan el informe.<\/p>\n<p style=\"text-align: justify;\">De acuerdo con los datos, la\u00a0DNCD\u00a0decomis\u00f3 en esta provincia\u00a0664,566.69 gramos\u00a0de\u00a0coca\u00edna, equivalentes al 19.96% del total nacional, cifra que la ubica en el\u00a0quinto lugar\u00a0de incautaciones, junto a Pedernales, Santiago, Peravia y Santo Domingo.<\/p>\n<p style=\"text-align: justify;\">El documento explica que estas\u00a0provincias costeras\u00a0son utilizadas como puntos estrat\u00e9gicos para el\u00a0traslado mar\u00edtimo\u00a0de sustancias il\u00edcitas mediante\u00a0lanchas r\u00e1pidas, lo que las convierte en zonas de alto riesgo para el tr\u00e1fico de drogas.<\/p>\n<p style=\"text-align: justify;\">En cuanto a otras sustancias, en\u00a0La Altagracia\u00a0se decomisaron\u00a095,000.94 gramos\u00a0de\u00a0marihuana\u00a0(4.35% del total nacional) y\u00a0299.48 gramos de crack\u00a0(4.04%), evidenciando la diversidad de drogas incautadas en la regi\u00f3n oriental.<\/p>\n<h2 style=\"text-align: justify;\">La Romana<\/h2>\n<p style=\"text-align: justify;\">La Romana\u00a0figura con una fuerte presencia de\u00a0marihuana, al reportarse\u00a0256,391.99 gramos\u00a0incautados, lo que representa el 11.74% del total nacional, siendo una de las seis provincias con m\u00e1s\u00a0decomisos\u00a0de esta sustancia.<\/p>\n<p style=\"text-align: justify;\">Tambi\u00e9n se registraron\u00a0973.85 gramos\u00a0de\u00a0coca\u00edna\u00a0y 303.45 gramos de crack (4.09%), lo que refleja incidencia del\u00a0microtr\u00e1fico\u00a0en la zona.<\/p>\n<p style=\"text-align: justify;\">En El Seibo, la DNCD report\u00f3\u00a0430 gramos\u00a0de\u00a0marihuana, sin registros de\u00a0coca\u00edna\u00a0ni crack.<\/p>\n<p style=\"text-align: justify;\">Mientras que en\u00a0Hato Mayor\u00a0se decomisaron\u00a0175.89 gramos\u00a0de\u00a0coca\u00edna, 358.94 gramos de\u00a0marihuana\u00a0y 0.67 gramos de crack.<\/p>\n<p style=\"text-align: justify;\">Aunque las cifras son menores que en las provincias vecinas, el informe resalta que los\u00a0decomisos\u00a0est\u00e1n vinculados a\u00a0operativos locales\u00a0de\u00a0microtr\u00e1fico\u00a0en\u00a0comunidades rurales\u00a0y urbanas.<\/p>\n<h2 style=\"text-align: justify;\">San Pedro de Macor\u00eds<\/h2>\n<p style=\"text-align: justify;\">La provincia de\u00a0San Pedro de Macor\u00eds\u00a0no registr\u00f3 incautaciones relevantes de\u00a0coca\u00edna\u00a0ni\u00a0marihuana\u00a0durante el trimestre enero\u2013marzo, de acuerdo con los cuadros estad\u00edsticos del\u00a0bolet\u00edn. Solo aparece una incautaci\u00f3n m\u00ednima de\u00a01.34 gramos\u00a0de\u00a0marihuana.<\/p>\n","protected":false},"excerpt":{"rendered":"<p>Agentes policiales detuvieron en\u00a0flagrante\u00a0delito\u00a0a una adolescente de 17 a\u00f1os, a quien le ocuparon varias porciones de sustancias presumiblemente narc\u00f3ticas durante un operativo realizado en el sector El Ca\u00f1o, del distrito municipal La Ceiba del Salado, provincia\u00a0La Altagracia. La\u00a0menor, identificada como C. M., y sin documento de identidad al momento del arresto, fue interceptada por un [&hellip;]<\/p>\n","protected":false},"author":15,"featured_media":47266,"comment_status":"open","ping_status":"open","sticky":false,"template":"","format":"standard","meta":{"footnotes":""},"categories":[2474,12,29,3773,2472],"tags":[],"class_list":["post-47265","post","type-post","status-publish","format-standard","has-post-thumbnail","category-la-altagracia","category-municipales","category-policiales","category-portada","category-provincias-del-este"],"yoast_head":"<!-- This site is optimized with the Yoast SEO plugin v27.6 - https:\/\/yoast.com\/product\/yoast-seo-wordpress\/ -->\n<title>Apresan a una menor con presuntas sustancias controladas en La Altagracia - Conexi\u00f3n 23<\/title>\n<meta name=\"robots\" content=\"index, follow, max-snippet:-1, max-image-preview:large, max-video-preview:-1\" \/>\n<link rel=\"canonical\" href=\"https:\/\/conexion23.com\/?p=47265\" \/>\n<meta property=\"og:locale\" content=\"es_ES\" \/>\n<meta property=\"og:type\" content=\"article\" \/>\n<meta property=\"og:title\" content=\"Apresan a una menor con presuntas sustancias controladas en La Altagracia - Conexi\u00f3n 23\" \/>\n<meta property=\"og:description\" content=\"Agentes policiales detuvieron en\u00a0flagrante\u00a0delito\u00a0a una adolescente de 17 a\u00f1os, a quien le ocuparon varias porciones de sustancias presumiblemente narc\u00f3ticas durante un operativo realizado en el sector El Ca\u00f1o, del distrito municipal La Ceiba del Salado, provincia\u00a0La Altagracia. La\u00a0menor, identificada como C. M., y sin documento de identidad al momento del arresto, fue interceptada por un [&hellip;]\" \/>\n<meta property=\"og:url\" content=\"https:\/\/conexion23.com\/?p=47265\" \/>\n<meta property=\"og:site_name\" content=\"Conexi\u00f3n 23\" \/>\n<meta property=\"article:publisher\" content=\"https:\/\/www.facebook.com\/conexion23com\" \/>\n<meta property=\"article:published_time\" content=\"2025-10-27T22:30:55+00:00\" \/>\n<meta property=\"og:image\" content=\"https:\/\/conexion23.com\/wp-content\/uploads\/2025\/10\/arrestada-1171c6eb-focus-0.32-0.33-896-504.webp\" \/>\n\t<meta property=\"og:image:width\" content=\"896\" \/>\n\t<meta property=\"og:image:height\" content=\"504\" \/>\n\t<meta property=\"og:image:type\" content=\"image\/webp\" \/>\n<meta name=\"author\" content=\"Raffy Ben\u00edtez\" \/>\n<meta name=\"twitter:card\" content=\"summary_large_image\" \/>\n<meta name=\"twitter:label1\" content=\"Escrito por\" \/>\n\t<meta name=\"twitter:data1\" content=\"Raffy Ben\u00edtez\" \/>\n\t<meta name=\"twitter:label2\" content=\"Tiempo de lectura\" \/>\n\t<meta name=\"twitter:data2\" content=\"3 minutos\" \/>\n<script type=\"application\/ld+json\" class=\"yoast-schema-graph\">{\"@context\":\"https:\\\/\\\/schema.org\",\"@graph\":[{\"@type\":\"Article\",\"@id\":\"https:\\\/\\\/conexion23.com\\\/?p=47265#article\",\"isPartOf\":{\"@id\":\"https:\\\/\\\/conexion23.com\\\/?p=47265\"},\"author\":{\"name\":\"Raffy Ben\u00edtez\",\"@id\":\"http:\\\/\\\/conexion23.com\\\/#\\\/schema\\\/person\\\/03e36043331117e97a373299bbcd30a6\"},\"headline\":\"Apresan a una menor con presuntas sustancias controladas en La Altagracia\",\"datePublished\":\"2025-10-27T22:30:55+00:00\",\"mainEntityOfPage\":{\"@id\":\"https:\\\/\\\/conexion23.com\\\/?p=47265\"},\"wordCount\":571,\"commentCount\":0,\"publisher\":{\"@id\":\"http:\\\/\\\/conexion23.com\\\/#organization\"},\"image\":{\"@id\":\"https:\\\/\\\/conexion23.com\\\/?p=47265#primaryimage\"},\"thumbnailUrl\":\"https:\\\/\\\/conexion23.com\\\/wp-content\\\/uploads\\\/2025\\\/10\\\/arrestada-1171c6eb-focus-0.32-0.33-896-504.webp\",\"articleSection\":[\"La Altagracia\",\"Municipales\",\"Policiales\",\"Portada\",\"Provincias del Este\"],\"inLanguage\":\"es\",\"potentialAction\":[{\"@type\":\"CommentAction\",\"name\":\"Comment\",\"target\":[\"https:\\\/\\\/conexion23.com\\\/?p=47265#respond\"]}]},{\"@type\":\"WebPage\",\"@id\":\"https:\\\/\\\/conexion23.com\\\/?p=47265\",\"url\":\"https:\\\/\\\/conexion23.com\\\/?p=47265\",\"name\":\"Apresan a una menor con presuntas sustancias controladas en La Altagracia - Conexi\u00f3n 23\",\"isPartOf\":{\"@id\":\"http:\\\/\\\/conexion23.com\\\/#website\"},\"primaryImageOfPage\":{\"@id\":\"https:\\\/\\\/conexion23.com\\\/?p=47265#primaryimage\"},\"image\":{\"@id\":\"https:\\\/\\\/conexion23.com\\\/?p=47265#primaryimage\"},\"thumbnailUrl\":\"https:\\\/\\\/conexion23.com\\\/wp-content\\\/uploads\\\/2025\\\/10\\\/arrestada-1171c6eb-focus-0.32-0.33-896-504.webp\",\"datePublished\":\"2025-10-27T22:30:55+00:00\",\"breadcrumb\":{\"@id\":\"https:\\\/\\\/conexion23.com\\\/?p=47265#breadcrumb\"},\"inLanguage\":\"es\",\"potentialAction\":[{\"@type\":\"ReadAction\",\"target\":[\"https:\\\/\\\/conexion23.com\\\/?p=47265\"]}]},{\"@type\":\"ImageObject\",\"inLanguage\":\"es\",\"@id\":\"https:\\\/\\\/conexion23.com\\\/?p=47265#primaryimage\",\"url\":\"https:\\\/\\\/conexion23.com\\\/wp-content\\\/uploads\\\/2025\\\/10\\\/arrestada-1171c6eb-focus-0.32-0.33-896-504.webp\",\"contentUrl\":\"https:\\\/\\\/conexion23.com\\\/wp-content\\\/uploads\\\/2025\\\/10\\\/arrestada-1171c6eb-focus-0.32-0.33-896-504.webp\",\"width\":896,\"height\":504},{\"@type\":\"BreadcrumbList\",\"@id\":\"https:\\\/\\\/conexion23.com\\\/?p=47265#breadcrumb\",\"itemListElement\":[{\"@type\":\"ListItem\",\"position\":1,\"name\":\"Portada\",\"item\":\"http:\\\/\\\/conexion23.com\\\/\"},{\"@type\":\"ListItem\",\"position\":2,\"name\":\"Apresan a una menor con presuntas sustancias controladas en La Altagracia\"}]},{\"@type\":\"WebSite\",\"@id\":\"http:\\\/\\\/conexion23.com\\\/#website\",\"url\":\"http:\\\/\\\/conexion23.com\\\/\",\"name\":\"Conexi\u00f3n 23\",\"description\":\"Peri\u00f3dico 100% Petromacorisano\",\"publisher\":{\"@id\":\"http:\\\/\\\/conexion23.com\\\/#organization\"},\"potentialAction\":[{\"@type\":\"SearchAction\",\"target\":{\"@type\":\"EntryPoint\",\"urlTemplate\":\"http:\\\/\\\/conexion23.com\\\/?s={search_term_string}\"},\"query-input\":{\"@type\":\"PropertyValueSpecification\",\"valueRequired\":true,\"valueName\":\"search_term_string\"}}],\"inLanguage\":\"es\"},{\"@type\":\"Organization\",\"@id\":\"http:\\\/\\\/conexion23.com\\\/#organization\",\"name\":\"Conexion 23\",\"url\":\"http:\\\/\\\/conexion23.com\\\/\",\"logo\":{\"@type\":\"ImageObject\",\"inLanguage\":\"es\",\"@id\":\"http:\\\/\\\/conexion23.com\\\/#\\\/schema\\\/logo\\\/image\\\/\",\"url\":\"https:\\\/\\\/conexion23.com\\\/wp-content\\\/uploads\\\/2021\\\/11\\\/Diseno-sin-titulo-2.png\",\"contentUrl\":\"https:\\\/\\\/conexion23.com\\\/wp-content\\\/uploads\\\/2021\\\/11\\\/Diseno-sin-titulo-2.png\",\"width\":541,\"height\":90,\"caption\":\"Conexion 23\"},\"image\":{\"@id\":\"http:\\\/\\\/conexion23.com\\\/#\\\/schema\\\/logo\\\/image\\\/\"},\"sameAs\":[\"https:\\\/\\\/www.facebook.com\\\/conexion23com\",\"https:\\\/\\\/www.instagram.com\\\/conexion23com\\\/\",\"https:\\\/\\\/www.youtube.com\\\/channel\\\/UCYc7vxxFZMYLIHNsHHxPZ3Q\"]},{\"@type\":\"Person\",\"@id\":\"http:\\\/\\\/conexion23.com\\\/#\\\/schema\\\/person\\\/03e36043331117e97a373299bbcd30a6\",\"name\":\"Raffy Ben\u00edtez\",\"image\":{\"@type\":\"ImageObject\",\"inLanguage\":\"es\",\"@id\":\"https:\\\/\\\/secure.gravatar.com\\\/avatar\\\/3190a6a6c5e1b0327500f7d6c56b6242472ee6cb974cf09b401ee6b3b0798f23?s=96&d=mm&r=g\",\"url\":\"https:\\\/\\\/secure.gravatar.com\\\/avatar\\\/3190a6a6c5e1b0327500f7d6c56b6242472ee6cb974cf09b401ee6b3b0798f23?s=96&d=mm&r=g\",\"contentUrl\":\"https:\\\/\\\/secure.gravatar.com\\\/avatar\\\/3190a6a6c5e1b0327500f7d6c56b6242472ee6cb974cf09b401ee6b3b0798f23?s=96&d=mm&r=g\",\"caption\":\"Raffy Ben\u00edtez\"},\"url\":\"https:\\\/\\\/conexion23.com\\\/?author=15\"}]}<\/script>\n<!-- \/ Yoast SEO plugin. -->","yoast_head_json":{"title":"Apresan a una menor con presuntas sustancias controladas en La Altagracia - Conexi\u00f3n 23","robots":{"index":"index","follow":"follow","max-snippet":"max-snippet:-1","max-image-preview":"max-image-preview:large","max-video-preview":"max-video-preview:-1"},"canonical":"https:\/\/conexion23.com\/?p=47265","og_locale":"es_ES","og_type":"article","og_title":"Apresan a una menor con presuntas sustancias controladas en La Altagracia - Conexi\u00f3n 23","og_description":"Agentes policiales detuvieron en\u00a0flagrante\u00a0delito\u00a0a una adolescente de 17 a\u00f1os, a quien le ocuparon varias porciones de sustancias presumiblemente narc\u00f3ticas durante un operativo realizado en el sector El Ca\u00f1o, del distrito municipal La Ceiba del Salado, provincia\u00a0La Altagracia. La\u00a0menor, identificada como C. M., y sin documento de identidad al momento del arresto, fue interceptada por un [&hellip;]","og_url":"https:\/\/conexion23.com\/?p=47265","og_site_name":"Conexi\u00f3n 23","article_publisher":"https:\/\/www.facebook.com\/conexion23com","article_published_time":"2025-10-27T22:30:55+00:00","og_image":[{"width":896,"height":504,"url":"https:\/\/conexion23.com\/wp-content\/uploads\/2025\/10\/arrestada-1171c6eb-focus-0.32-0.33-896-504.webp","type":"image\/webp"}],"author":"Raffy Ben\u00edtez","twitter_card":"summary_large_image","twitter_misc":{"Escrito por":"Raffy Ben\u00edtez","Tiempo de lectura":"3 minutos"},"schema":{"@context":"https:\/\/schema.org","@graph":[{"@type":"Article","@id":"https:\/\/conexion23.com\/?p=47265#article","isPartOf":{"@id":"https:\/\/conexion23.com\/?p=47265"},"author":{"name":"Raffy Ben\u00edtez","@id":"http:\/\/conexion23.com\/#\/schema\/person\/03e36043331117e97a373299bbcd30a6"},"headline":"Apresan a una menor con presuntas sustancias controladas en La Altagracia","datePublished":"2025-10-27T22:30:55+00:00","mainEntityOfPage":{"@id":"https:\/\/conexion23.com\/?p=47265"},"wordCount":571,"commentCount":0,"publisher":{"@id":"http:\/\/conexion23.com\/#organization"},"image":{"@id":"https:\/\/conexion23.com\/?p=47265#primaryimage"},"thumbnailUrl":"https:\/\/conexion23.com\/wp-content\/uploads\/2025\/10\/arrestada-1171c6eb-focus-0.32-0.33-896-504.webp","articleSection":["La Altagracia","Municipales","Policiales","Portada","Provincias del Este"],"inLanguage":"es","potentialAction":[{"@type":"CommentAction","name":"Comment","target":["https:\/\/conexion23.com\/?p=47265#respond"]}]},{"@type":"WebPage","@id":"https:\/\/conexion23.com\/?p=47265","url":"https:\/\/conexion23.com\/?p=47265","name":"Apresan a una menor con presuntas sustancias controladas en La Altagracia - Conexi\u00f3n 23","isPartOf":{"@id":"http:\/\/conexion23.com\/#website"},"primaryImageOfPage":{"@id":"https:\/\/conexion23.com\/?p=47265#primaryimage"},"image":{"@id":"https:\/\/conexion23.com\/?p=47265#primaryimage"},"thumbnailUrl":"https:\/\/conexion23.com\/wp-content\/uploads\/2025\/10\/arrestada-1171c6eb-focus-0.32-0.33-896-504.webp","datePublished":"2025-10-27T22:30:55+00:00","breadcrumb":{"@id":"https:\/\/conexion23.com\/?p=47265#breadcrumb"},"inLanguage":"es","potentialAction":[{"@type":"ReadAction","target":["https:\/\/conexion23.com\/?p=47265"]}]},{"@type":"ImageObject","inLanguage":"es","@id":"https:\/\/conexion23.com\/?p=47265#primaryimage","url":"https:\/\/conexion23.com\/wp-content\/uploads\/2025\/10\/arrestada-1171c6eb-focus-0.32-0.33-896-504.webp","contentUrl":"https:\/\/conexion23.com\/wp-content\/uploads\/2025\/10\/arrestada-1171c6eb-focus-0.32-0.33-896-504.webp","width":896,"height":504},{"@type":"BreadcrumbList","@id":"https:\/\/conexion23.com\/?p=47265#breadcrumb","itemListElement":[{"@type":"ListItem","position":1,"name":"Portada","item":"http:\/\/conexion23.com\/"},{"@type":"ListItem","position":2,"name":"Apresan a una menor con presuntas sustancias controladas en La Altagracia"}]},{"@type":"WebSite","@id":"http:\/\/conexion23.com\/#website","url":"http:\/\/conexion23.com\/","name":"Conexi\u00f3n 23","description":"Peri\u00f3dico 100% Petromacorisano","publisher":{"@id":"http:\/\/conexion23.com\/#organization"},"potentialAction":[{"@type":"SearchAction","target":{"@type":"EntryPoint","urlTemplate":"http:\/\/conexion23.com\/?s={search_term_string}"},"query-input":{"@type":"PropertyValueSpecification","valueRequired":true,"valueName":"search_term_string"}}],"inLanguage":"es"},{"@type":"Organization","@id":"http:\/\/conexion23.com\/#organization","name":"Conexion 23","url":"http:\/\/conexion23.com\/","logo":{"@type":"ImageObject","inLanguage":"es","@id":"http:\/\/conexion23.com\/#\/schema\/logo\/image\/","url":"https:\/\/conexion23.com\/wp-content\/uploads\/2021\/11\/Diseno-sin-titulo-2.png","contentUrl":"https:\/\/conexion23.com\/wp-content\/uploads\/2021\/11\/Diseno-sin-titulo-2.png","width":541,"height":90,"caption":"Conexion 23"},"image":{"@id":"http:\/\/conexion23.com\/#\/schema\/logo\/image\/"},"sameAs":["https:\/\/www.facebook.com\/conexion23com","https:\/\/www.instagram.com\/conexion23com\/","https:\/\/www.youtube.com\/channel\/UCYc7vxxFZMYLIHNsHHxPZ3Q"]},{"@type":"Person","@id":"http:\/\/conexion23.com\/#\/schema\/person\/03e36043331117e97a373299bbcd30a6","name":"Raffy Ben\u00edtez","image":{"@type":"ImageObject","inLanguage":"es","@id":"https:\/\/secure.gravatar.com\/avatar\/3190a6a6c5e1b0327500f7d6c56b6242472ee6cb974cf09b401ee6b3b0798f23?s=96&d=mm&r=g","url":"https:\/\/secure.gravatar.com\/avatar\/3190a6a6c5e1b0327500f7d6c56b6242472ee6cb974cf09b401ee6b3b0798f23?s=96&d=mm&r=g","contentUrl":"https:\/\/secure.gravatar.com\/avatar\/3190a6a6c5e1b0327500f7d6c56b6242472ee6cb974cf09b401ee6b3b0798f23?s=96&d=mm&r=g","caption":"Raffy Ben\u00edtez"},"url":"https:\/\/conexion23.com\/?author=15"}]}},"_links":{"self":[{"href":"https:\/\/conexion23.com\/index.php?rest_route=\/wp\/v2\/posts\/47265","targetHints":{"allow":["GET"]}}],"collection":[{"href":"https:\/\/conexion23.com\/index.php?rest_route=\/wp\/v2\/posts"}],"about":[{"href":"https:\/\/conexion23.com\/index.php?rest_route=\/wp\/v2\/types\/post"}],"author":[{"embeddable":true,"href":"https:\/\/conexion23.com\/index.php?rest_route=\/wp\/v2\/users\/15"}],"replies":[{"embeddable":true,"href":"https:\/\/conexion23.com\/index.php?rest_route=%2Fwp%2Fv2%2Fcomments&post=47265"}],"version-history":[{"count":1,"href":"https:\/\/conexion23.com\/index.php?rest_route=\/wp\/v2\/posts\/47265\/revisions"}],"predecessor-version":[{"id":47267,"href":"https:\/\/conexion23.com\/index.php?rest_route=\/wp\/v2\/posts\/47265\/revisions\/47267"}],"wp:featuredmedia":[{"embeddable":true,"href":"https:\/\/conexion23.com\/index.php?rest_route=\/wp\/v2\/media\/47266"}],"wp:attachment":[{"href":"https:\/\/conexion23.com\/index.php?rest_route=%2Fwp%2Fv2%2Fmedia&parent=47265"}],"wp:term":[{"taxonomy":"category","embeddable":true,"href":"https:\/\/conexion23.com\/index.php?rest_route=%2Fwp%2Fv2%2Fcategories&post=47265"},{"taxonomy":"post_tag","embeddable":true,"href":"https:\/\/conexion23.com\/index.php?rest_route=%2Fwp%2Fv2%2Ftags&post=47265"}],"curies":[{"name":"wp","href":"https:\/\/api.w.org\/{rel}","templated":true}]}}