{"id":47299,"date":"2025-10-28T08:30:10","date_gmt":"2025-10-28T12:30:10","guid":{"rendered":"https:\/\/conexion23.com\/?p=47299"},"modified":"2025-10-28T07:23:31","modified_gmt":"2025-10-28T11:23:31","slug":"embajadora-ee-uu-llegara-a-rd-a-finales-de-esta-semana","status":"publish","type":"post","link":"https:\/\/conexion23.com\/?p=47299","title":{"rendered":"Embajadora EE. UU. llegar\u00e1 a RD a finales de esta semana"},"content":{"rendered":"<p style=\"text-align: justify;\">La designada embajadora de Estados Unidos en Rep\u00fablica Dominicana, Leah Francis Campos, llegar\u00e1 a finales de esta semana para asumir su posici\u00f3n, luego de haberse retrasado su llegada al pa\u00eds por los efectos de la tormenta tropical Melissa.<\/p>\n<p style=\"text-align: justify;\">El anuncio fue realizado por el presidente Luis Abinader en el espacio LA Semanal, al asegurar que \u201ctuvo que posponer el viaje por el tema de la tormenta y vendr\u00e1 a finales de la semana\u201d.<\/p>\n<p style=\"text-align: justify;\">La pasada semana, el ministro de Relaciones Exteriores, Roberto \u00c1lvarez, inform\u00f3 en LA Semanal que Campos llegar\u00eda el mi\u00e9rcoles 21 al pa\u00eds para asumir el puesto de embajadora ante los Estados Unidos.<\/p>\n<p style=\"text-align: justify;\">Campos fue confirmada por el Senado de los Estados Unidos el 7 de octubre para ocupar el cargo de embajadora de los Estados Unidos en la Rep\u00fablica Dominicana, y hace poco m\u00e1s de una semana comparti\u00f3 un video del momento de su juramentaci\u00f3n.<\/p>\n<p style=\"text-align: justify;\">Campos fue propuesta para el cargo por el presidente Donald Trump en diciembre de 2019, y su confirmaci\u00f3n se produce luego de un prolongado proceso en la C\u00e1mara Alta en octubre de este a\u00f1o. La \u00faltima embajadora que tuvo el pa\u00eds fue Robin Bernstein, quien estuvo en funciones hasta el 2021.<\/p>\n<p style=\"text-align: justify;\">Al principio de su carrera, Leah Francis Campos trabaj\u00f3 en la Agencia Central de Inteligencia (CIA por sus siglas en ingl\u00e9s).<\/p>\n<p style=\"text-align: justify;\">Adem\u00e1s, ocup\u00f3 el cargo de directora de personal del Subcomit\u00e9 del Hemisferio Occidental de 2013 a 2015. En 2012, fue candidata por el 9.\u00ba distrito congresual de su estado natal, Arizona.<\/p>\n","protected":false},"excerpt":{"rendered":"<p>La designada embajadora de Estados Unidos en Rep\u00fablica Dominicana, Leah Francis Campos, llegar\u00e1 a finales de esta semana para asumir su posici\u00f3n, luego de haberse retrasado su llegada al pa\u00eds por los efectos de la tormenta tropical Melissa. El anuncio fue realizado por el presidente Luis Abinader en el espacio LA Semanal, al asegurar que [&hellip;]<\/p>\n","protected":false},"author":15,"featured_media":47300,"comment_status":"open","ping_status":"open","sticky":false,"template":"","format":"standard","meta":{"footnotes":""},"categories":[3913,3773],"tags":[],"class_list":["post-47299","post","type-post","status-publish","format-standard","has-post-thumbnail","category-nacionales","category-portada"],"yoast_head":"<!-- This site is optimized with the Yoast SEO plugin v27.6 - https:\/\/yoast.com\/product\/yoast-seo-wordpress\/ -->\n<title>Embajadora EE. UU. llegar\u00e1 a RD a finales de esta semana - Conexi\u00f3n 23<\/title>\n<meta name=\"robots\" content=\"index, follow, max-snippet:-1, max-image-preview:large, max-video-preview:-1\" \/>\n<link rel=\"canonical\" href=\"https:\/\/conexion23.com\/?p=47299\" \/>\n<meta property=\"og:locale\" content=\"es_ES\" \/>\n<meta property=\"og:type\" content=\"article\" \/>\n<meta property=\"og:title\" content=\"Embajadora EE. UU. llegar\u00e1 a RD a finales de esta semana - Conexi\u00f3n 23\" \/>\n<meta property=\"og:description\" content=\"La designada embajadora de Estados Unidos en Rep\u00fablica Dominicana, Leah Francis Campos, llegar\u00e1 a finales de esta semana para asumir su posici\u00f3n, luego de haberse retrasado su llegada al pa\u00eds por los efectos de la tormenta tropical Melissa. El anuncio fue realizado por el presidente Luis Abinader en el espacio LA Semanal, al asegurar que [&hellip;]\" \/>\n<meta property=\"og:url\" content=\"https:\/\/conexion23.com\/?p=47299\" \/>\n<meta property=\"og:site_name\" content=\"Conexi\u00f3n 23\" \/>\n<meta property=\"article:publisher\" content=\"https:\/\/www.facebook.com\/conexion23com\" \/>\n<meta property=\"article:published_time\" content=\"2025-10-28T12:30:10+00:00\" \/>\n<meta property=\"og:image\" content=\"https:\/\/conexion23.com\/wp-content\/uploads\/2025\/10\/El-Senado-de-los-Estados-Unidos-confirmo-hoy-a-Leah-Campos-como-embajadora-de-los-Estados-Unidos-e1761604259165-768x430-1.webp\" \/>\n\t<meta property=\"og:image:width\" content=\"768\" \/>\n\t<meta property=\"og:image:height\" content=\"430\" \/>\n\t<meta property=\"og:image:type\" content=\"image\/webp\" \/>\n<meta name=\"author\" content=\"Raffy Ben\u00edtez\" \/>\n<meta name=\"twitter:card\" content=\"summary_large_image\" \/>\n<meta name=\"twitter:label1\" content=\"Escrito por\" \/>\n\t<meta name=\"twitter:data1\" content=\"Raffy Ben\u00edtez\" \/>\n\t<meta name=\"twitter:label2\" content=\"Tiempo de lectura\" \/>\n\t<meta name=\"twitter:data2\" content=\"2 minutos\" \/>\n<script type=\"application\/ld+json\" class=\"yoast-schema-graph\">{\"@context\":\"https:\\\/\\\/schema.org\",\"@graph\":[{\"@type\":\"Article\",\"@id\":\"https:\\\/\\\/conexion23.com\\\/?p=47299#article\",\"isPartOf\":{\"@id\":\"https:\\\/\\\/conexion23.com\\\/?p=47299\"},\"author\":{\"name\":\"Raffy Ben\u00edtez\",\"@id\":\"http:\\\/\\\/conexion23.com\\\/#\\\/schema\\\/person\\\/03e36043331117e97a373299bbcd30a6\"},\"headline\":\"Embajadora EE. UU. llegar\u00e1 a RD a finales de esta semana\",\"datePublished\":\"2025-10-28T12:30:10+00:00\",\"mainEntityOfPage\":{\"@id\":\"https:\\\/\\\/conexion23.com\\\/?p=47299\"},\"wordCount\":269,\"commentCount\":0,\"publisher\":{\"@id\":\"http:\\\/\\\/conexion23.com\\\/#organization\"},\"image\":{\"@id\":\"https:\\\/\\\/conexion23.com\\\/?p=47299#primaryimage\"},\"thumbnailUrl\":\"https:\\\/\\\/conexion23.com\\\/wp-content\\\/uploads\\\/2025\\\/10\\\/El-Senado-de-los-Estados-Unidos-confirmo-hoy-a-Leah-Campos-como-embajadora-de-los-Estados-Unidos-e1761604259165-768x430-1.webp\",\"articleSection\":[\"Nacionales\",\"Portada\"],\"inLanguage\":\"es\",\"potentialAction\":[{\"@type\":\"CommentAction\",\"name\":\"Comment\",\"target\":[\"https:\\\/\\\/conexion23.com\\\/?p=47299#respond\"]}]},{\"@type\":\"WebPage\",\"@id\":\"https:\\\/\\\/conexion23.com\\\/?p=47299\",\"url\":\"https:\\\/\\\/conexion23.com\\\/?p=47299\",\"name\":\"Embajadora EE. UU. llegar\u00e1 a RD a finales de esta semana - Conexi\u00f3n 23\",\"isPartOf\":{\"@id\":\"http:\\\/\\\/conexion23.com\\\/#website\"},\"primaryImageOfPage\":{\"@id\":\"https:\\\/\\\/conexion23.com\\\/?p=47299#primaryimage\"},\"image\":{\"@id\":\"https:\\\/\\\/conexion23.com\\\/?p=47299#primaryimage\"},\"thumbnailUrl\":\"https:\\\/\\\/conexion23.com\\\/wp-content\\\/uploads\\\/2025\\\/10\\\/El-Senado-de-los-Estados-Unidos-confirmo-hoy-a-Leah-Campos-como-embajadora-de-los-Estados-Unidos-e1761604259165-768x430-1.webp\",\"datePublished\":\"2025-10-28T12:30:10+00:00\",\"breadcrumb\":{\"@id\":\"https:\\\/\\\/conexion23.com\\\/?p=47299#breadcrumb\"},\"inLanguage\":\"es\",\"potentialAction\":[{\"@type\":\"ReadAction\",\"target\":[\"https:\\\/\\\/conexion23.com\\\/?p=47299\"]}]},{\"@type\":\"ImageObject\",\"inLanguage\":\"es\",\"@id\":\"https:\\\/\\\/conexion23.com\\\/?p=47299#primaryimage\",\"url\":\"https:\\\/\\\/conexion23.com\\\/wp-content\\\/uploads\\\/2025\\\/10\\\/El-Senado-de-los-Estados-Unidos-confirmo-hoy-a-Leah-Campos-como-embajadora-de-los-Estados-Unidos-e1761604259165-768x430-1.webp\",\"contentUrl\":\"https:\\\/\\\/conexion23.com\\\/wp-content\\\/uploads\\\/2025\\\/10\\\/El-Senado-de-los-Estados-Unidos-confirmo-hoy-a-Leah-Campos-como-embajadora-de-los-Estados-Unidos-e1761604259165-768x430-1.webp\",\"width\":768,\"height\":430},{\"@type\":\"BreadcrumbList\",\"@id\":\"https:\\\/\\\/conexion23.com\\\/?p=47299#breadcrumb\",\"itemListElement\":[{\"@type\":\"ListItem\",\"position\":1,\"name\":\"Portada\",\"item\":\"http:\\\/\\\/conexion23.com\\\/\"},{\"@type\":\"ListItem\",\"position\":2,\"name\":\"Embajadora EE. UU. llegar\u00e1 a RD a finales de esta semana\"}]},{\"@type\":\"WebSite\",\"@id\":\"http:\\\/\\\/conexion23.com\\\/#website\",\"url\":\"http:\\\/\\\/conexion23.com\\\/\",\"name\":\"Conexi\u00f3n 23\",\"description\":\"Peri\u00f3dico 100% Petromacorisano\",\"publisher\":{\"@id\":\"http:\\\/\\\/conexion23.com\\\/#organization\"},\"potentialAction\":[{\"@type\":\"SearchAction\",\"target\":{\"@type\":\"EntryPoint\",\"urlTemplate\":\"http:\\\/\\\/conexion23.com\\\/?s={search_term_string}\"},\"query-input\":{\"@type\":\"PropertyValueSpecification\",\"valueRequired\":true,\"valueName\":\"search_term_string\"}}],\"inLanguage\":\"es\"},{\"@type\":\"Organization\",\"@id\":\"http:\\\/\\\/conexion23.com\\\/#organization\",\"name\":\"Conexion 23\",\"url\":\"http:\\\/\\\/conexion23.com\\\/\",\"logo\":{\"@type\":\"ImageObject\",\"inLanguage\":\"es\",\"@id\":\"http:\\\/\\\/conexion23.com\\\/#\\\/schema\\\/logo\\\/image\\\/\",\"url\":\"https:\\\/\\\/conexion23.com\\\/wp-content\\\/uploads\\\/2021\\\/11\\\/Diseno-sin-titulo-2.png\",\"contentUrl\":\"https:\\\/\\\/conexion23.com\\\/wp-content\\\/uploads\\\/2021\\\/11\\\/Diseno-sin-titulo-2.png\",\"width\":541,\"height\":90,\"caption\":\"Conexion 23\"},\"image\":{\"@id\":\"http:\\\/\\\/conexion23.com\\\/#\\\/schema\\\/logo\\\/image\\\/\"},\"sameAs\":[\"https:\\\/\\\/www.facebook.com\\\/conexion23com\",\"https:\\\/\\\/www.instagram.com\\\/conexion23com\\\/\",\"https:\\\/\\\/www.youtube.com\\\/channel\\\/UCYc7vxxFZMYLIHNsHHxPZ3Q\"]},{\"@type\":\"Person\",\"@id\":\"http:\\\/\\\/conexion23.com\\\/#\\\/schema\\\/person\\\/03e36043331117e97a373299bbcd30a6\",\"name\":\"Raffy Ben\u00edtez\",\"image\":{\"@type\":\"ImageObject\",\"inLanguage\":\"es\",\"@id\":\"https:\\\/\\\/secure.gravatar.com\\\/avatar\\\/3190a6a6c5e1b0327500f7d6c56b6242472ee6cb974cf09b401ee6b3b0798f23?s=96&d=mm&r=g\",\"url\":\"https:\\\/\\\/secure.gravatar.com\\\/avatar\\\/3190a6a6c5e1b0327500f7d6c56b6242472ee6cb974cf09b401ee6b3b0798f23?s=96&d=mm&r=g\",\"contentUrl\":\"https:\\\/\\\/secure.gravatar.com\\\/avatar\\\/3190a6a6c5e1b0327500f7d6c56b6242472ee6cb974cf09b401ee6b3b0798f23?s=96&d=mm&r=g\",\"caption\":\"Raffy Ben\u00edtez\"},\"url\":\"https:\\\/\\\/conexion23.com\\\/?author=15\"}]}<\/script>\n<!-- \/ Yoast SEO plugin. -->","yoast_head_json":{"title":"Embajadora EE. UU. llegar\u00e1 a RD a finales de esta semana - Conexi\u00f3n 23","robots":{"index":"index","follow":"follow","max-snippet":"max-snippet:-1","max-image-preview":"max-image-preview:large","max-video-preview":"max-video-preview:-1"},"canonical":"https:\/\/conexion23.com\/?p=47299","og_locale":"es_ES","og_type":"article","og_title":"Embajadora EE. UU. llegar\u00e1 a RD a finales de esta semana - Conexi\u00f3n 23","og_description":"La designada embajadora de Estados Unidos en Rep\u00fablica Dominicana, Leah Francis Campos, llegar\u00e1 a finales de esta semana para asumir su posici\u00f3n, luego de haberse retrasado su llegada al pa\u00eds por los efectos de la tormenta tropical Melissa. El anuncio fue realizado por el presidente Luis Abinader en el espacio LA Semanal, al asegurar que [&hellip;]","og_url":"https:\/\/conexion23.com\/?p=47299","og_site_name":"Conexi\u00f3n 23","article_publisher":"https:\/\/www.facebook.com\/conexion23com","article_published_time":"2025-10-28T12:30:10+00:00","og_image":[{"width":768,"height":430,"url":"https:\/\/conexion23.com\/wp-content\/uploads\/2025\/10\/El-Senado-de-los-Estados-Unidos-confirmo-hoy-a-Leah-Campos-como-embajadora-de-los-Estados-Unidos-e1761604259165-768x430-1.webp","type":"image\/webp"}],"author":"Raffy Ben\u00edtez","twitter_card":"summary_large_image","twitter_misc":{"Escrito por":"Raffy Ben\u00edtez","Tiempo de lectura":"2 minutos"},"schema":{"@context":"https:\/\/schema.org","@graph":[{"@type":"Article","@id":"https:\/\/conexion23.com\/?p=47299#article","isPartOf":{"@id":"https:\/\/conexion23.com\/?p=47299"},"author":{"name":"Raffy Ben\u00edtez","@id":"http:\/\/conexion23.com\/#\/schema\/person\/03e36043331117e97a373299bbcd30a6"},"headline":"Embajadora EE. UU. llegar\u00e1 a RD a finales de esta semana","datePublished":"2025-10-28T12:30:10+00:00","mainEntityOfPage":{"@id":"https:\/\/conexion23.com\/?p=47299"},"wordCount":269,"commentCount":0,"publisher":{"@id":"http:\/\/conexion23.com\/#organization"},"image":{"@id":"https:\/\/conexion23.com\/?p=47299#primaryimage"},"thumbnailUrl":"https:\/\/conexion23.com\/wp-content\/uploads\/2025\/10\/El-Senado-de-los-Estados-Unidos-confirmo-hoy-a-Leah-Campos-como-embajadora-de-los-Estados-Unidos-e1761604259165-768x430-1.webp","articleSection":["Nacionales","Portada"],"inLanguage":"es","potentialAction":[{"@type":"CommentAction","name":"Comment","target":["https:\/\/conexion23.com\/?p=47299#respond"]}]},{"@type":"WebPage","@id":"https:\/\/conexion23.com\/?p=47299","url":"https:\/\/conexion23.com\/?p=47299","name":"Embajadora EE. UU. llegar\u00e1 a RD a finales de esta semana - Conexi\u00f3n 23","isPartOf":{"@id":"http:\/\/conexion23.com\/#website"},"primaryImageOfPage":{"@id":"https:\/\/conexion23.com\/?p=47299#primaryimage"},"image":{"@id":"https:\/\/conexion23.com\/?p=47299#primaryimage"},"thumbnailUrl":"https:\/\/conexion23.com\/wp-content\/uploads\/2025\/10\/El-Senado-de-los-Estados-Unidos-confirmo-hoy-a-Leah-Campos-como-embajadora-de-los-Estados-Unidos-e1761604259165-768x430-1.webp","datePublished":"2025-10-28T12:30:10+00:00","breadcrumb":{"@id":"https:\/\/conexion23.com\/?p=47299#breadcrumb"},"inLanguage":"es","potentialAction":[{"@type":"ReadAction","target":["https:\/\/conexion23.com\/?p=47299"]}]},{"@type":"ImageObject","inLanguage":"es","@id":"https:\/\/conexion23.com\/?p=47299#primaryimage","url":"https:\/\/conexion23.com\/wp-content\/uploads\/2025\/10\/El-Senado-de-los-Estados-Unidos-confirmo-hoy-a-Leah-Campos-como-embajadora-de-los-Estados-Unidos-e1761604259165-768x430-1.webp","contentUrl":"https:\/\/conexion23.com\/wp-content\/uploads\/2025\/10\/El-Senado-de-los-Estados-Unidos-confirmo-hoy-a-Leah-Campos-como-embajadora-de-los-Estados-Unidos-e1761604259165-768x430-1.webp","width":768,"height":430},{"@type":"BreadcrumbList","@id":"https:\/\/conexion23.com\/?p=47299#breadcrumb","itemListElement":[{"@type":"ListItem","position":1,"name":"Portada","item":"http:\/\/conexion23.com\/"},{"@type":"ListItem","position":2,"name":"Embajadora EE. UU. llegar\u00e1 a RD a finales de esta semana"}]},{"@type":"WebSite","@id":"http:\/\/conexion23.com\/#website","url":"http:\/\/conexion23.com\/","name":"Conexi\u00f3n 23","description":"Peri\u00f3dico 100% Petromacorisano","publisher":{"@id":"http:\/\/conexion23.com\/#organization"},"potentialAction":[{"@type":"SearchAction","target":{"@type":"EntryPoint","urlTemplate":"http:\/\/conexion23.com\/?s={search_term_string}"},"query-input":{"@type":"PropertyValueSpecification","valueRequired":true,"valueName":"search_term_string"}}],"inLanguage":"es"},{"@type":"Organization","@id":"http:\/\/conexion23.com\/#organization","name":"Conexion 23","url":"http:\/\/conexion23.com\/","logo":{"@type":"ImageObject","inLanguage":"es","@id":"http:\/\/conexion23.com\/#\/schema\/logo\/image\/","url":"https:\/\/conexion23.com\/wp-content\/uploads\/2021\/11\/Diseno-sin-titulo-2.png","contentUrl":"https:\/\/conexion23.com\/wp-content\/uploads\/2021\/11\/Diseno-sin-titulo-2.png","width":541,"height":90,"caption":"Conexion 23"},"image":{"@id":"http:\/\/conexion23.com\/#\/schema\/logo\/image\/"},"sameAs":["https:\/\/www.facebook.com\/conexion23com","https:\/\/www.instagram.com\/conexion23com\/","https:\/\/www.youtube.com\/channel\/UCYc7vxxFZMYLIHNsHHxPZ3Q"]},{"@type":"Person","@id":"http:\/\/conexion23.com\/#\/schema\/person\/03e36043331117e97a373299bbcd30a6","name":"Raffy Ben\u00edtez","image":{"@type":"ImageObject","inLanguage":"es","@id":"https:\/\/secure.gravatar.com\/avatar\/3190a6a6c5e1b0327500f7d6c56b6242472ee6cb974cf09b401ee6b3b0798f23?s=96&d=mm&r=g","url":"https:\/\/secure.gravatar.com\/avatar\/3190a6a6c5e1b0327500f7d6c56b6242472ee6cb974cf09b401ee6b3b0798f23?s=96&d=mm&r=g","contentUrl":"https:\/\/secure.gravatar.com\/avatar\/3190a6a6c5e1b0327500f7d6c56b6242472ee6cb974cf09b401ee6b3b0798f23?s=96&d=mm&r=g","caption":"Raffy Ben\u00edtez"},"url":"https:\/\/conexion23.com\/?author=15"}]}},"_links":{"self":[{"href":"https:\/\/conexion23.com\/index.php?rest_route=\/wp\/v2\/posts\/47299","targetHints":{"allow":["GET"]}}],"collection":[{"href":"https:\/\/conexion23.com\/index.php?rest_route=\/wp\/v2\/posts"}],"about":[{"href":"https:\/\/conexion23.com\/index.php?rest_route=\/wp\/v2\/types\/post"}],"author":[{"embeddable":true,"href":"https:\/\/conexion23.com\/index.php?rest_route=\/wp\/v2\/users\/15"}],"replies":[{"embeddable":true,"href":"https:\/\/conexion23.com\/index.php?rest_route=%2Fwp%2Fv2%2Fcomments&post=47299"}],"version-history":[{"count":1,"href":"https:\/\/conexion23.com\/index.php?rest_route=\/wp\/v2\/posts\/47299\/revisions"}],"predecessor-version":[{"id":47301,"href":"https:\/\/conexion23.com\/index.php?rest_route=\/wp\/v2\/posts\/47299\/revisions\/47301"}],"wp:featuredmedia":[{"embeddable":true,"href":"https:\/\/conexion23.com\/index.php?rest_route=\/wp\/v2\/media\/47300"}],"wp:attachment":[{"href":"https:\/\/conexion23.com\/index.php?rest_route=%2Fwp%2Fv2%2Fmedia&parent=47299"}],"wp:term":[{"taxonomy":"category","embeddable":true,"href":"https:\/\/conexion23.com\/index.php?rest_route=%2Fwp%2Fv2%2Fcategories&post=47299"},{"taxonomy":"post_tag","embeddable":true,"href":"https:\/\/conexion23.com\/index.php?rest_route=%2Fwp%2Fv2%2Ftags&post=47299"}],"curies":[{"name":"wp","href":"https:\/\/api.w.org\/{rel}","templated":true}]}}