{"id":47337,"date":"2025-10-28T17:05:18","date_gmt":"2025-10-28T21:05:18","guid":{"rendered":"https:\/\/conexion23.com\/?p=47337"},"modified":"2025-10-28T17:05:18","modified_gmt":"2025-10-28T21:05:18","slug":"siniestro-vial-deja-una-persona-muerta-en-bavaro","status":"publish","type":"post","link":"https:\/\/conexion23.com\/?p=47337","title":{"rendered":"Siniestro vial deja una persona muerta en B\u00e1varo"},"content":{"rendered":"<p style=\"text-align: justify;\">Un tr\u00e1gico accidente de tr\u00e1nsito ocurri\u00f3 en la madrugada de este martes en la avenida Barcel\u00f3, pr\u00f3ximo a Montilla Motor, en el distrito municipal Ver\u00f3n, Punta Cana.<\/p>\n<p style=\"text-align: justify;\">La v\u00edctima, identificada como Esteban Carmona, de 40 a\u00f1os y oriundo de Santo Domingo, perdi\u00f3 la vida en el lugar del siniestro.<\/p>\n<p style=\"text-align: justify;\">En los detalles del accidente se consigna que ocurri\u00f3 cuando un veh\u00edculo Nissan Sentra, color gris, impact\u00f3 contra una columna en el \u00e1rea del patio de una tienda de renta de veh\u00edculos pesados de la zona.<\/p>\n<p style=\"text-align: justify;\">La v\u00edctima sufri\u00f3 m\u00faltiples traumas durante el impacto.<\/p>\n<p style=\"text-align: justify;\">Las Investigaci\u00f3n y respuest estuvieron a caro de las unidades de la Polic\u00eda Nacional (PN) y las unidades m\u00e9dicas, que se presentaron en el lugar para atender la situaci\u00f3n.<\/p>\n<p style=\"text-align: justify;\">Los bomberos procedieron a realizar las labores de liberaci\u00f3n del cuerpo despu\u00e9s de confirmar que la v\u00edctima no ten\u00eda signos vitales.<\/p>\n<p style=\"text-align: justify;\">Tragedia vial en la zona<\/p>\n<p style=\"text-align: justify;\">Este accidente se suma a la serie de tragedias viales que han ocurrido en la zona, lo que ha generado preocupaci\u00f3n entre los residentes y autoridades locales.<\/p>\n","protected":false},"excerpt":{"rendered":"<p>Un tr\u00e1gico accidente de tr\u00e1nsito ocurri\u00f3 en la madrugada de este martes en la avenida Barcel\u00f3, pr\u00f3ximo a Montilla Motor, en el distrito municipal Ver\u00f3n, Punta Cana. La v\u00edctima, identificada como Esteban Carmona, de 40 a\u00f1os y oriundo de Santo Domingo, perdi\u00f3 la vida en el lugar del siniestro. En los detalles del accidente se [&hellip;]<\/p>\n","protected":false},"author":15,"featured_media":47338,"comment_status":"open","ping_status":"open","sticky":false,"template":"","format":"standard","meta":{"footnotes":""},"categories":[2474,12,3773,2472],"tags":[],"class_list":["post-47337","post","type-post","status-publish","format-standard","has-post-thumbnail","category-la-altagracia","category-municipales","category-portada","category-provincias-del-este"],"yoast_head":"<!-- This site is optimized with the Yoast SEO plugin v27.6 - https:\/\/yoast.com\/product\/yoast-seo-wordpress\/ -->\n<title>Siniestro vial deja una persona muerta en B\u00e1varo - Conexi\u00f3n 23<\/title>\n<meta name=\"robots\" content=\"index, follow, max-snippet:-1, max-image-preview:large, max-video-preview:-1\" \/>\n<link rel=\"canonical\" href=\"https:\/\/conexion23.com\/?p=47337\" \/>\n<meta property=\"og:locale\" content=\"es_ES\" \/>\n<meta property=\"og:type\" content=\"article\" \/>\n<meta property=\"og:title\" content=\"Siniestro vial deja una persona muerta en B\u00e1varo - Conexi\u00f3n 23\" \/>\n<meta property=\"og:description\" content=\"Un tr\u00e1gico accidente de tr\u00e1nsito ocurri\u00f3 en la madrugada de este martes en la avenida Barcel\u00f3, pr\u00f3ximo a Montilla Motor, en el distrito municipal Ver\u00f3n, Punta Cana. La v\u00edctima, identificada como Esteban Carmona, de 40 a\u00f1os y oriundo de Santo Domingo, perdi\u00f3 la vida en el lugar del siniestro. En los detalles del accidente se [&hellip;]\" \/>\n<meta property=\"og:url\" content=\"https:\/\/conexion23.com\/?p=47337\" \/>\n<meta property=\"og:site_name\" content=\"Conexi\u00f3n 23\" \/>\n<meta property=\"article:publisher\" content=\"https:\/\/www.facebook.com\/conexion23com\" \/>\n<meta property=\"article:published_time\" content=\"2025-10-28T21:05:18+00:00\" \/>\n<meta property=\"og:image\" content=\"https:\/\/conexion23.com\/wp-content\/uploads\/2025\/10\/descarga-56.jpg\" \/>\n\t<meta property=\"og:image:width\" content=\"612\" \/>\n\t<meta property=\"og:image:height\" content=\"388\" \/>\n\t<meta property=\"og:image:type\" content=\"image\/jpeg\" \/>\n<meta name=\"author\" content=\"Raffy Ben\u00edtez\" \/>\n<meta name=\"twitter:card\" content=\"summary_large_image\" \/>\n<meta name=\"twitter:label1\" content=\"Escrito por\" \/>\n\t<meta name=\"twitter:data1\" content=\"Raffy Ben\u00edtez\" \/>\n\t<meta name=\"twitter:label2\" content=\"Tiempo de lectura\" \/>\n\t<meta name=\"twitter:data2\" content=\"2 minutos\" \/>\n<script type=\"application\/ld+json\" class=\"yoast-schema-graph\">{\"@context\":\"https:\\\/\\\/schema.org\",\"@graph\":[{\"@type\":\"Article\",\"@id\":\"https:\\\/\\\/conexion23.com\\\/?p=47337#article\",\"isPartOf\":{\"@id\":\"https:\\\/\\\/conexion23.com\\\/?p=47337\"},\"author\":{\"name\":\"Raffy Ben\u00edtez\",\"@id\":\"http:\\\/\\\/conexion23.com\\\/#\\\/schema\\\/person\\\/03e36043331117e97a373299bbcd30a6\"},\"headline\":\"Siniestro vial deja una persona muerta en B\u00e1varo\",\"datePublished\":\"2025-10-28T21:05:18+00:00\",\"mainEntityOfPage\":{\"@id\":\"https:\\\/\\\/conexion23.com\\\/?p=47337\"},\"wordCount\":202,\"commentCount\":0,\"publisher\":{\"@id\":\"http:\\\/\\\/conexion23.com\\\/#organization\"},\"image\":{\"@id\":\"https:\\\/\\\/conexion23.com\\\/?p=47337#primaryimage\"},\"thumbnailUrl\":\"https:\\\/\\\/conexion23.com\\\/wp-content\\\/uploads\\\/2025\\\/10\\\/descarga-56.jpg\",\"articleSection\":[\"La Altagracia\",\"Municipales\",\"Portada\",\"Provincias del Este\"],\"inLanguage\":\"es\",\"potentialAction\":[{\"@type\":\"CommentAction\",\"name\":\"Comment\",\"target\":[\"https:\\\/\\\/conexion23.com\\\/?p=47337#respond\"]}]},{\"@type\":\"WebPage\",\"@id\":\"https:\\\/\\\/conexion23.com\\\/?p=47337\",\"url\":\"https:\\\/\\\/conexion23.com\\\/?p=47337\",\"name\":\"Siniestro vial deja una persona muerta en B\u00e1varo - Conexi\u00f3n 23\",\"isPartOf\":{\"@id\":\"http:\\\/\\\/conexion23.com\\\/#website\"},\"primaryImageOfPage\":{\"@id\":\"https:\\\/\\\/conexion23.com\\\/?p=47337#primaryimage\"},\"image\":{\"@id\":\"https:\\\/\\\/conexion23.com\\\/?p=47337#primaryimage\"},\"thumbnailUrl\":\"https:\\\/\\\/conexion23.com\\\/wp-content\\\/uploads\\\/2025\\\/10\\\/descarga-56.jpg\",\"datePublished\":\"2025-10-28T21:05:18+00:00\",\"breadcrumb\":{\"@id\":\"https:\\\/\\\/conexion23.com\\\/?p=47337#breadcrumb\"},\"inLanguage\":\"es\",\"potentialAction\":[{\"@type\":\"ReadAction\",\"target\":[\"https:\\\/\\\/conexion23.com\\\/?p=47337\"]}]},{\"@type\":\"ImageObject\",\"inLanguage\":\"es\",\"@id\":\"https:\\\/\\\/conexion23.com\\\/?p=47337#primaryimage\",\"url\":\"https:\\\/\\\/conexion23.com\\\/wp-content\\\/uploads\\\/2025\\\/10\\\/descarga-56.jpg\",\"contentUrl\":\"https:\\\/\\\/conexion23.com\\\/wp-content\\\/uploads\\\/2025\\\/10\\\/descarga-56.jpg\",\"width\":612,\"height\":388},{\"@type\":\"BreadcrumbList\",\"@id\":\"https:\\\/\\\/conexion23.com\\\/?p=47337#breadcrumb\",\"itemListElement\":[{\"@type\":\"ListItem\",\"position\":1,\"name\":\"Portada\",\"item\":\"http:\\\/\\\/conexion23.com\\\/\"},{\"@type\":\"ListItem\",\"position\":2,\"name\":\"Siniestro vial deja una persona muerta en B\u00e1varo\"}]},{\"@type\":\"WebSite\",\"@id\":\"http:\\\/\\\/conexion23.com\\\/#website\",\"url\":\"http:\\\/\\\/conexion23.com\\\/\",\"name\":\"Conexi\u00f3n 23\",\"description\":\"Peri\u00f3dico 100% Petromacorisano\",\"publisher\":{\"@id\":\"http:\\\/\\\/conexion23.com\\\/#organization\"},\"potentialAction\":[{\"@type\":\"SearchAction\",\"target\":{\"@type\":\"EntryPoint\",\"urlTemplate\":\"http:\\\/\\\/conexion23.com\\\/?s={search_term_string}\"},\"query-input\":{\"@type\":\"PropertyValueSpecification\",\"valueRequired\":true,\"valueName\":\"search_term_string\"}}],\"inLanguage\":\"es\"},{\"@type\":\"Organization\",\"@id\":\"http:\\\/\\\/conexion23.com\\\/#organization\",\"name\":\"Conexion 23\",\"url\":\"http:\\\/\\\/conexion23.com\\\/\",\"logo\":{\"@type\":\"ImageObject\",\"inLanguage\":\"es\",\"@id\":\"http:\\\/\\\/conexion23.com\\\/#\\\/schema\\\/logo\\\/image\\\/\",\"url\":\"https:\\\/\\\/conexion23.com\\\/wp-content\\\/uploads\\\/2021\\\/11\\\/Diseno-sin-titulo-2.png\",\"contentUrl\":\"https:\\\/\\\/conexion23.com\\\/wp-content\\\/uploads\\\/2021\\\/11\\\/Diseno-sin-titulo-2.png\",\"width\":541,\"height\":90,\"caption\":\"Conexion 23\"},\"image\":{\"@id\":\"http:\\\/\\\/conexion23.com\\\/#\\\/schema\\\/logo\\\/image\\\/\"},\"sameAs\":[\"https:\\\/\\\/www.facebook.com\\\/conexion23com\",\"https:\\\/\\\/www.instagram.com\\\/conexion23com\\\/\",\"https:\\\/\\\/www.youtube.com\\\/channel\\\/UCYc7vxxFZMYLIHNsHHxPZ3Q\"]},{\"@type\":\"Person\",\"@id\":\"http:\\\/\\\/conexion23.com\\\/#\\\/schema\\\/person\\\/03e36043331117e97a373299bbcd30a6\",\"name\":\"Raffy Ben\u00edtez\",\"image\":{\"@type\":\"ImageObject\",\"inLanguage\":\"es\",\"@id\":\"https:\\\/\\\/secure.gravatar.com\\\/avatar\\\/3190a6a6c5e1b0327500f7d6c56b6242472ee6cb974cf09b401ee6b3b0798f23?s=96&d=mm&r=g\",\"url\":\"https:\\\/\\\/secure.gravatar.com\\\/avatar\\\/3190a6a6c5e1b0327500f7d6c56b6242472ee6cb974cf09b401ee6b3b0798f23?s=96&d=mm&r=g\",\"contentUrl\":\"https:\\\/\\\/secure.gravatar.com\\\/avatar\\\/3190a6a6c5e1b0327500f7d6c56b6242472ee6cb974cf09b401ee6b3b0798f23?s=96&d=mm&r=g\",\"caption\":\"Raffy Ben\u00edtez\"},\"url\":\"https:\\\/\\\/conexion23.com\\\/?author=15\"}]}<\/script>\n<!-- \/ Yoast SEO plugin. -->","yoast_head_json":{"title":"Siniestro vial deja una persona muerta en B\u00e1varo - Conexi\u00f3n 23","robots":{"index":"index","follow":"follow","max-snippet":"max-snippet:-1","max-image-preview":"max-image-preview:large","max-video-preview":"max-video-preview:-1"},"canonical":"https:\/\/conexion23.com\/?p=47337","og_locale":"es_ES","og_type":"article","og_title":"Siniestro vial deja una persona muerta en B\u00e1varo - Conexi\u00f3n 23","og_description":"Un tr\u00e1gico accidente de tr\u00e1nsito ocurri\u00f3 en la madrugada de este martes en la avenida Barcel\u00f3, pr\u00f3ximo a Montilla Motor, en el distrito municipal Ver\u00f3n, Punta Cana. La v\u00edctima, identificada como Esteban Carmona, de 40 a\u00f1os y oriundo de Santo Domingo, perdi\u00f3 la vida en el lugar del siniestro. En los detalles del accidente se [&hellip;]","og_url":"https:\/\/conexion23.com\/?p=47337","og_site_name":"Conexi\u00f3n 23","article_publisher":"https:\/\/www.facebook.com\/conexion23com","article_published_time":"2025-10-28T21:05:18+00:00","og_image":[{"width":612,"height":388,"url":"https:\/\/conexion23.com\/wp-content\/uploads\/2025\/10\/descarga-56.jpg","type":"image\/jpeg"}],"author":"Raffy Ben\u00edtez","twitter_card":"summary_large_image","twitter_misc":{"Escrito por":"Raffy Ben\u00edtez","Tiempo de lectura":"2 minutos"},"schema":{"@context":"https:\/\/schema.org","@graph":[{"@type":"Article","@id":"https:\/\/conexion23.com\/?p=47337#article","isPartOf":{"@id":"https:\/\/conexion23.com\/?p=47337"},"author":{"name":"Raffy Ben\u00edtez","@id":"http:\/\/conexion23.com\/#\/schema\/person\/03e36043331117e97a373299bbcd30a6"},"headline":"Siniestro vial deja una persona muerta en B\u00e1varo","datePublished":"2025-10-28T21:05:18+00:00","mainEntityOfPage":{"@id":"https:\/\/conexion23.com\/?p=47337"},"wordCount":202,"commentCount":0,"publisher":{"@id":"http:\/\/conexion23.com\/#organization"},"image":{"@id":"https:\/\/conexion23.com\/?p=47337#primaryimage"},"thumbnailUrl":"https:\/\/conexion23.com\/wp-content\/uploads\/2025\/10\/descarga-56.jpg","articleSection":["La Altagracia","Municipales","Portada","Provincias del Este"],"inLanguage":"es","potentialAction":[{"@type":"CommentAction","name":"Comment","target":["https:\/\/conexion23.com\/?p=47337#respond"]}]},{"@type":"WebPage","@id":"https:\/\/conexion23.com\/?p=47337","url":"https:\/\/conexion23.com\/?p=47337","name":"Siniestro vial deja una persona muerta en B\u00e1varo - Conexi\u00f3n 23","isPartOf":{"@id":"http:\/\/conexion23.com\/#website"},"primaryImageOfPage":{"@id":"https:\/\/conexion23.com\/?p=47337#primaryimage"},"image":{"@id":"https:\/\/conexion23.com\/?p=47337#primaryimage"},"thumbnailUrl":"https:\/\/conexion23.com\/wp-content\/uploads\/2025\/10\/descarga-56.jpg","datePublished":"2025-10-28T21:05:18+00:00","breadcrumb":{"@id":"https:\/\/conexion23.com\/?p=47337#breadcrumb"},"inLanguage":"es","potentialAction":[{"@type":"ReadAction","target":["https:\/\/conexion23.com\/?p=47337"]}]},{"@type":"ImageObject","inLanguage":"es","@id":"https:\/\/conexion23.com\/?p=47337#primaryimage","url":"https:\/\/conexion23.com\/wp-content\/uploads\/2025\/10\/descarga-56.jpg","contentUrl":"https:\/\/conexion23.com\/wp-content\/uploads\/2025\/10\/descarga-56.jpg","width":612,"height":388},{"@type":"BreadcrumbList","@id":"https:\/\/conexion23.com\/?p=47337#breadcrumb","itemListElement":[{"@type":"ListItem","position":1,"name":"Portada","item":"http:\/\/conexion23.com\/"},{"@type":"ListItem","position":2,"name":"Siniestro vial deja una persona muerta en B\u00e1varo"}]},{"@type":"WebSite","@id":"http:\/\/conexion23.com\/#website","url":"http:\/\/conexion23.com\/","name":"Conexi\u00f3n 23","description":"Peri\u00f3dico 100% Petromacorisano","publisher":{"@id":"http:\/\/conexion23.com\/#organization"},"potentialAction":[{"@type":"SearchAction","target":{"@type":"EntryPoint","urlTemplate":"http:\/\/conexion23.com\/?s={search_term_string}"},"query-input":{"@type":"PropertyValueSpecification","valueRequired":true,"valueName":"search_term_string"}}],"inLanguage":"es"},{"@type":"Organization","@id":"http:\/\/conexion23.com\/#organization","name":"Conexion 23","url":"http:\/\/conexion23.com\/","logo":{"@type":"ImageObject","inLanguage":"es","@id":"http:\/\/conexion23.com\/#\/schema\/logo\/image\/","url":"https:\/\/conexion23.com\/wp-content\/uploads\/2021\/11\/Diseno-sin-titulo-2.png","contentUrl":"https:\/\/conexion23.com\/wp-content\/uploads\/2021\/11\/Diseno-sin-titulo-2.png","width":541,"height":90,"caption":"Conexion 23"},"image":{"@id":"http:\/\/conexion23.com\/#\/schema\/logo\/image\/"},"sameAs":["https:\/\/www.facebook.com\/conexion23com","https:\/\/www.instagram.com\/conexion23com\/","https:\/\/www.youtube.com\/channel\/UCYc7vxxFZMYLIHNsHHxPZ3Q"]},{"@type":"Person","@id":"http:\/\/conexion23.com\/#\/schema\/person\/03e36043331117e97a373299bbcd30a6","name":"Raffy Ben\u00edtez","image":{"@type":"ImageObject","inLanguage":"es","@id":"https:\/\/secure.gravatar.com\/avatar\/3190a6a6c5e1b0327500f7d6c56b6242472ee6cb974cf09b401ee6b3b0798f23?s=96&d=mm&r=g","url":"https:\/\/secure.gravatar.com\/avatar\/3190a6a6c5e1b0327500f7d6c56b6242472ee6cb974cf09b401ee6b3b0798f23?s=96&d=mm&r=g","contentUrl":"https:\/\/secure.gravatar.com\/avatar\/3190a6a6c5e1b0327500f7d6c56b6242472ee6cb974cf09b401ee6b3b0798f23?s=96&d=mm&r=g","caption":"Raffy Ben\u00edtez"},"url":"https:\/\/conexion23.com\/?author=15"}]}},"_links":{"self":[{"href":"https:\/\/conexion23.com\/index.php?rest_route=\/wp\/v2\/posts\/47337","targetHints":{"allow":["GET"]}}],"collection":[{"href":"https:\/\/conexion23.com\/index.php?rest_route=\/wp\/v2\/posts"}],"about":[{"href":"https:\/\/conexion23.com\/index.php?rest_route=\/wp\/v2\/types\/post"}],"author":[{"embeddable":true,"href":"https:\/\/conexion23.com\/index.php?rest_route=\/wp\/v2\/users\/15"}],"replies":[{"embeddable":true,"href":"https:\/\/conexion23.com\/index.php?rest_route=%2Fwp%2Fv2%2Fcomments&post=47337"}],"version-history":[{"count":2,"href":"https:\/\/conexion23.com\/index.php?rest_route=\/wp\/v2\/posts\/47337\/revisions"}],"predecessor-version":[{"id":47340,"href":"https:\/\/conexion23.com\/index.php?rest_route=\/wp\/v2\/posts\/47337\/revisions\/47340"}],"wp:featuredmedia":[{"embeddable":true,"href":"https:\/\/conexion23.com\/index.php?rest_route=\/wp\/v2\/media\/47338"}],"wp:attachment":[{"href":"https:\/\/conexion23.com\/index.php?rest_route=%2Fwp%2Fv2%2Fmedia&parent=47337"}],"wp:term":[{"taxonomy":"category","embeddable":true,"href":"https:\/\/conexion23.com\/index.php?rest_route=%2Fwp%2Fv2%2Fcategories&post=47337"},{"taxonomy":"post_tag","embeddable":true,"href":"https:\/\/conexion23.com\/index.php?rest_route=%2Fwp%2Fv2%2Ftags&post=47337"}],"curies":[{"name":"wp","href":"https:\/\/api.w.org\/{rel}","templated":true}]}}