{"id":47341,"date":"2025-10-28T18:00:37","date_gmt":"2025-10-28T22:00:37","guid":{"rendered":"https:\/\/conexion23.com\/?p=47341"},"modified":"2025-10-28T17:12:00","modified_gmt":"2025-10-28T21:12:00","slug":"posponen-expo-carne-hato-mayor-2025-ahora-sera-del-20-al-23-de-noviembre","status":"publish","type":"post","link":"https:\/\/conexion23.com\/?p=47341","title":{"rendered":"Posponen Expo Carne Hato Mayor 2025, ahora ser\u00e1  del 20 al 23 de noviembre"},"content":{"rendered":"<p style=\"text-align: justify;\">Dado las condiciones clim\u00e1ticas que afectan el pa\u00eds el Cl\u00faster Ecotur\u00edstico y Agronegocio de la provincia de Hato Mayor (Hato Mayor DR), anumci\u00f3 la posposicion de la celebraci\u00f3n de la feria Expo Carne que se celebrar\u00eda del 29 octubre al domimgo 2 de noviembre, y fue movida para celebrarse del jueves 20 al domingo 23 de noviembre.<\/p>\n<p style=\"text-align: justify;\">La celebrar\u00e1n de la tercera edici\u00f3n de \u00abExpo Carne Hato Mayor 2024\u00bb fue movida por recomendaciones de empresarios , emprendedores y ganaderos que participar\u00e1n del evento, que est\u00e1 llamando poderosamente la atenci\u00f3n de empresas que han invertido para el montaje del evento.<\/p>\n<p style=\"text-align: justify;\">El evento se desarrollar\u00e1 ahora del 20 al 23 de Noviembre en los terrenos de la Universidad Aut\u00f3noma de Santo Domingo, en el kil\u00f3metro 1 carretera Hato Mayor-El Seibo.<\/p>\n<p style=\"text-align: justify;\">Hig\u00fcey ser\u00e1 la provincia imvitada, d\u00f3nde sus autoridades est\u00e1n trabajando para tener una amplia representaci\u00f3n gastron\u00f3mica c\u00e1rnica y de exhibici\u00f3n ganadera y folkl\u00f3rica.<\/p>\n<p style=\"text-align: justify;\">El Cl\u00faster Ecotur\u00edstico y Agronegocio inform\u00f3 que la provincia Hato Mayor viene haciendo mejoras gen\u00e9ticas de su ganado, para proveer al pa\u00eds de cortes de carne premium que compiten en textura, terneza y sabor con los cortes importados.<\/p>\n<p style=\"text-align: justify;\">La feria iniciar\u00e1 el jueves 20 de Noviembre a las 4:00 pm con un acto de inauguraci\u00f3n, un cooking show- degustaci\u00f3n gratis para 500 invitados y espect\u00e1culos art\u00edsticos.<\/p>\n<p style=\"text-align: justify;\">Contar\u00e1 con la visita del Ministro de Turismo, David Collado, quien har\u00e1 importantes declaraciones sobre la vida y desarrollo del turismo ecol\u00f3gico en Hato Mayor.<\/p>\n<p style=\"text-align: justify;\">El viernes 21 de Noviembre las actividades inician a las 9:00 a.m., con exhibici\u00f3n de animales domados, apertura del parque tem\u00e1tico infantil en el patio de la UASD.<\/p>\n<p style=\"text-align: justify;\">Habr\u00e1 un recibimiento a los invitados, a la 5:00 de la tarde; en todo el trayecto del evento habr\u00e1 exhibici\u00f3n de animales y venta de carnes crudas, guisada, asada.<\/p>\n<p style=\"text-align: justify;\">La exhibici\u00f3n de ganado se har\u00e1 el viernes 21 en el \u00e1rea de ganader\u00eda<br \/>\n9:00 de la ma\u00f1ana y a esa hora tambi\u00e9n apertura del parque tem\u00e1tico infantil en el \u00e1rea verde de la UASD.<\/p>\n<p style=\"text-align: justify;\">La feria servir\u00e1 de escenario para que estudiantes de liceos, colegios y escuelas p\u00fablicas de Hato Mayor e Hig\u00fcey participen de charlas de inteligencia Artificial, a cargo de Gilbert G\u00f3mez, Director de Transformaci\u00f3n Digital del ITLA, la cual se desarrollar\u00e1 en el anfiteatro de la UASD.<\/p>\n<p style=\"text-align: justify;\">En tarima habr\u00e1n presentaciones a cargos de los liceos C\u00e9sar Nicol\u00e1s Penson y el Rosa Duarte.<\/p>\n<p style=\"text-align: justify;\">Habr\u00e1n presentaciones art\u00edsticas cada d\u00eda hasta que culmine el ciclo festivo.<\/p>\n","protected":false},"excerpt":{"rendered":"<p>Dado las condiciones clim\u00e1ticas que afectan el pa\u00eds el Cl\u00faster Ecotur\u00edstico y Agronegocio de la provincia de Hato Mayor (Hato Mayor DR), anumci\u00f3 la posposicion de la celebraci\u00f3n de la feria Expo Carne que se celebrar\u00eda del 29 octubre al domimgo 2 de noviembre, y fue movida para celebrarse del jueves 20 al domingo 23 [&hellip;]<\/p>\n","protected":false},"author":15,"featured_media":47343,"comment_status":"open","ping_status":"open","sticky":false,"template":"","format":"standard","meta":{"footnotes":""},"categories":[2476,12,3773],"tags":[],"class_list":["post-47341","post","type-post","status-publish","format-standard","has-post-thumbnail","category-hato-mayor","category-municipales","category-portada"],"yoast_head":"<!-- This site is optimized with the Yoast SEO plugin v27.6 - https:\/\/yoast.com\/product\/yoast-seo-wordpress\/ -->\n<title>Posponen Expo Carne Hato Mayor 2025, ahora ser\u00e1 del 20 al 23 de noviembre - Conexi\u00f3n 23<\/title>\n<meta name=\"robots\" content=\"index, follow, max-snippet:-1, max-image-preview:large, max-video-preview:-1\" \/>\n<link rel=\"canonical\" href=\"https:\/\/conexion23.com\/?p=47341\" \/>\n<meta property=\"og:locale\" content=\"es_ES\" \/>\n<meta property=\"og:type\" content=\"article\" \/>\n<meta property=\"og:title\" content=\"Posponen Expo Carne Hato Mayor 2025, ahora ser\u00e1 del 20 al 23 de noviembre - Conexi\u00f3n 23\" \/>\n<meta property=\"og:description\" content=\"Dado las condiciones clim\u00e1ticas que afectan el pa\u00eds el Cl\u00faster Ecotur\u00edstico y Agronegocio de la provincia de Hato Mayor (Hato Mayor DR), anumci\u00f3 la posposicion de la celebraci\u00f3n de la feria Expo Carne que se celebrar\u00eda del 29 octubre al domimgo 2 de noviembre, y fue movida para celebrarse del jueves 20 al domingo 23 [&hellip;]\" \/>\n<meta property=\"og:url\" content=\"https:\/\/conexion23.com\/?p=47341\" \/>\n<meta property=\"og:site_name\" content=\"Conexi\u00f3n 23\" \/>\n<meta property=\"article:publisher\" content=\"https:\/\/www.facebook.com\/conexion23com\" \/>\n<meta property=\"article:published_time\" content=\"2025-10-28T22:00:37+00:00\" \/>\n<meta property=\"og:image\" content=\"https:\/\/conexion23.com\/wp-content\/uploads\/2025\/10\/af2cfd12-e37b-4f05-9d42-76afd895dcb5-e1761689612553.jpg\" \/>\n\t<meta property=\"og:image:width\" content=\"817\" \/>\n\t<meta property=\"og:image:height\" content=\"1097\" \/>\n\t<meta property=\"og:image:type\" content=\"image\/jpeg\" \/>\n<meta name=\"author\" content=\"Raffy Ben\u00edtez\" \/>\n<meta name=\"twitter:card\" content=\"summary_large_image\" \/>\n<meta name=\"twitter:label1\" content=\"Escrito por\" \/>\n\t<meta name=\"twitter:data1\" content=\"Raffy Ben\u00edtez\" \/>\n\t<meta name=\"twitter:label2\" content=\"Tiempo de lectura\" \/>\n\t<meta name=\"twitter:data2\" content=\"3 minutos\" \/>\n<script type=\"application\/ld+json\" class=\"yoast-schema-graph\">{\"@context\":\"https:\\\/\\\/schema.org\",\"@graph\":[{\"@type\":\"Article\",\"@id\":\"https:\\\/\\\/conexion23.com\\\/?p=47341#article\",\"isPartOf\":{\"@id\":\"https:\\\/\\\/conexion23.com\\\/?p=47341\"},\"author\":{\"name\":\"Raffy Ben\u00edtez\",\"@id\":\"http:\\\/\\\/conexion23.com\\\/#\\\/schema\\\/person\\\/03e36043331117e97a373299bbcd30a6\"},\"headline\":\"Posponen Expo Carne Hato Mayor 2025, ahora ser\u00e1 del 20 al 23 de noviembre\",\"datePublished\":\"2025-10-28T22:00:37+00:00\",\"mainEntityOfPage\":{\"@id\":\"https:\\\/\\\/conexion23.com\\\/?p=47341\"},\"wordCount\":449,\"commentCount\":0,\"publisher\":{\"@id\":\"http:\\\/\\\/conexion23.com\\\/#organization\"},\"image\":{\"@id\":\"https:\\\/\\\/conexion23.com\\\/?p=47341#primaryimage\"},\"thumbnailUrl\":\"https:\\\/\\\/conexion23.com\\\/wp-content\\\/uploads\\\/2025\\\/10\\\/af2cfd12-e37b-4f05-9d42-76afd895dcb5-e1761689612553.jpg\",\"articleSection\":[\"Hato Mayor\",\"Municipales\",\"Portada\"],\"inLanguage\":\"es\",\"potentialAction\":[{\"@type\":\"CommentAction\",\"name\":\"Comment\",\"target\":[\"https:\\\/\\\/conexion23.com\\\/?p=47341#respond\"]}]},{\"@type\":\"WebPage\",\"@id\":\"https:\\\/\\\/conexion23.com\\\/?p=47341\",\"url\":\"https:\\\/\\\/conexion23.com\\\/?p=47341\",\"name\":\"Posponen Expo Carne Hato Mayor 2025, ahora ser\u00e1 del 20 al 23 de noviembre - Conexi\u00f3n 23\",\"isPartOf\":{\"@id\":\"http:\\\/\\\/conexion23.com\\\/#website\"},\"primaryImageOfPage\":{\"@id\":\"https:\\\/\\\/conexion23.com\\\/?p=47341#primaryimage\"},\"image\":{\"@id\":\"https:\\\/\\\/conexion23.com\\\/?p=47341#primaryimage\"},\"thumbnailUrl\":\"https:\\\/\\\/conexion23.com\\\/wp-content\\\/uploads\\\/2025\\\/10\\\/af2cfd12-e37b-4f05-9d42-76afd895dcb5-e1761689612553.jpg\",\"datePublished\":\"2025-10-28T22:00:37+00:00\",\"breadcrumb\":{\"@id\":\"https:\\\/\\\/conexion23.com\\\/?p=47341#breadcrumb\"},\"inLanguage\":\"es\",\"potentialAction\":[{\"@type\":\"ReadAction\",\"target\":[\"https:\\\/\\\/conexion23.com\\\/?p=47341\"]}]},{\"@type\":\"ImageObject\",\"inLanguage\":\"es\",\"@id\":\"https:\\\/\\\/conexion23.com\\\/?p=47341#primaryimage\",\"url\":\"https:\\\/\\\/conexion23.com\\\/wp-content\\\/uploads\\\/2025\\\/10\\\/af2cfd12-e37b-4f05-9d42-76afd895dcb5-e1761689612553.jpg\",\"contentUrl\":\"https:\\\/\\\/conexion23.com\\\/wp-content\\\/uploads\\\/2025\\\/10\\\/af2cfd12-e37b-4f05-9d42-76afd895dcb5-e1761689612553.jpg\",\"width\":817,\"height\":1097},{\"@type\":\"BreadcrumbList\",\"@id\":\"https:\\\/\\\/conexion23.com\\\/?p=47341#breadcrumb\",\"itemListElement\":[{\"@type\":\"ListItem\",\"position\":1,\"name\":\"Portada\",\"item\":\"http:\\\/\\\/conexion23.com\\\/\"},{\"@type\":\"ListItem\",\"position\":2,\"name\":\"Posponen Expo Carne Hato Mayor 2025, ahora ser\u00e1 del 20 al 23 de noviembre\"}]},{\"@type\":\"WebSite\",\"@id\":\"http:\\\/\\\/conexion23.com\\\/#website\",\"url\":\"http:\\\/\\\/conexion23.com\\\/\",\"name\":\"Conexi\u00f3n 23\",\"description\":\"Peri\u00f3dico 100% Petromacorisano\",\"publisher\":{\"@id\":\"http:\\\/\\\/conexion23.com\\\/#organization\"},\"potentialAction\":[{\"@type\":\"SearchAction\",\"target\":{\"@type\":\"EntryPoint\",\"urlTemplate\":\"http:\\\/\\\/conexion23.com\\\/?s={search_term_string}\"},\"query-input\":{\"@type\":\"PropertyValueSpecification\",\"valueRequired\":true,\"valueName\":\"search_term_string\"}}],\"inLanguage\":\"es\"},{\"@type\":\"Organization\",\"@id\":\"http:\\\/\\\/conexion23.com\\\/#organization\",\"name\":\"Conexion 23\",\"url\":\"http:\\\/\\\/conexion23.com\\\/\",\"logo\":{\"@type\":\"ImageObject\",\"inLanguage\":\"es\",\"@id\":\"http:\\\/\\\/conexion23.com\\\/#\\\/schema\\\/logo\\\/image\\\/\",\"url\":\"https:\\\/\\\/conexion23.com\\\/wp-content\\\/uploads\\\/2021\\\/11\\\/Diseno-sin-titulo-2.png\",\"contentUrl\":\"https:\\\/\\\/conexion23.com\\\/wp-content\\\/uploads\\\/2021\\\/11\\\/Diseno-sin-titulo-2.png\",\"width\":541,\"height\":90,\"caption\":\"Conexion 23\"},\"image\":{\"@id\":\"http:\\\/\\\/conexion23.com\\\/#\\\/schema\\\/logo\\\/image\\\/\"},\"sameAs\":[\"https:\\\/\\\/www.facebook.com\\\/conexion23com\",\"https:\\\/\\\/www.instagram.com\\\/conexion23com\\\/\",\"https:\\\/\\\/www.youtube.com\\\/channel\\\/UCYc7vxxFZMYLIHNsHHxPZ3Q\"]},{\"@type\":\"Person\",\"@id\":\"http:\\\/\\\/conexion23.com\\\/#\\\/schema\\\/person\\\/03e36043331117e97a373299bbcd30a6\",\"name\":\"Raffy Ben\u00edtez\",\"image\":{\"@type\":\"ImageObject\",\"inLanguage\":\"es\",\"@id\":\"https:\\\/\\\/secure.gravatar.com\\\/avatar\\\/3190a6a6c5e1b0327500f7d6c56b6242472ee6cb974cf09b401ee6b3b0798f23?s=96&d=mm&r=g\",\"url\":\"https:\\\/\\\/secure.gravatar.com\\\/avatar\\\/3190a6a6c5e1b0327500f7d6c56b6242472ee6cb974cf09b401ee6b3b0798f23?s=96&d=mm&r=g\",\"contentUrl\":\"https:\\\/\\\/secure.gravatar.com\\\/avatar\\\/3190a6a6c5e1b0327500f7d6c56b6242472ee6cb974cf09b401ee6b3b0798f23?s=96&d=mm&r=g\",\"caption\":\"Raffy Ben\u00edtez\"},\"url\":\"https:\\\/\\\/conexion23.com\\\/?author=15\"}]}<\/script>\n<!-- \/ Yoast SEO plugin. -->","yoast_head_json":{"title":"Posponen Expo Carne Hato Mayor 2025, ahora ser\u00e1 del 20 al 23 de noviembre - Conexi\u00f3n 23","robots":{"index":"index","follow":"follow","max-snippet":"max-snippet:-1","max-image-preview":"max-image-preview:large","max-video-preview":"max-video-preview:-1"},"canonical":"https:\/\/conexion23.com\/?p=47341","og_locale":"es_ES","og_type":"article","og_title":"Posponen Expo Carne Hato Mayor 2025, ahora ser\u00e1 del 20 al 23 de noviembre - Conexi\u00f3n 23","og_description":"Dado las condiciones clim\u00e1ticas que afectan el pa\u00eds el Cl\u00faster Ecotur\u00edstico y Agronegocio de la provincia de Hato Mayor (Hato Mayor DR), anumci\u00f3 la posposicion de la celebraci\u00f3n de la feria Expo Carne que se celebrar\u00eda del 29 octubre al domimgo 2 de noviembre, y fue movida para celebrarse del jueves 20 al domingo 23 [&hellip;]","og_url":"https:\/\/conexion23.com\/?p=47341","og_site_name":"Conexi\u00f3n 23","article_publisher":"https:\/\/www.facebook.com\/conexion23com","article_published_time":"2025-10-28T22:00:37+00:00","og_image":[{"width":817,"height":1097,"url":"https:\/\/conexion23.com\/wp-content\/uploads\/2025\/10\/af2cfd12-e37b-4f05-9d42-76afd895dcb5-e1761689612553.jpg","type":"image\/jpeg"}],"author":"Raffy Ben\u00edtez","twitter_card":"summary_large_image","twitter_misc":{"Escrito por":"Raffy Ben\u00edtez","Tiempo de lectura":"3 minutos"},"schema":{"@context":"https:\/\/schema.org","@graph":[{"@type":"Article","@id":"https:\/\/conexion23.com\/?p=47341#article","isPartOf":{"@id":"https:\/\/conexion23.com\/?p=47341"},"author":{"name":"Raffy Ben\u00edtez","@id":"http:\/\/conexion23.com\/#\/schema\/person\/03e36043331117e97a373299bbcd30a6"},"headline":"Posponen Expo Carne Hato Mayor 2025, ahora ser\u00e1 del 20 al 23 de noviembre","datePublished":"2025-10-28T22:00:37+00:00","mainEntityOfPage":{"@id":"https:\/\/conexion23.com\/?p=47341"},"wordCount":449,"commentCount":0,"publisher":{"@id":"http:\/\/conexion23.com\/#organization"},"image":{"@id":"https:\/\/conexion23.com\/?p=47341#primaryimage"},"thumbnailUrl":"https:\/\/conexion23.com\/wp-content\/uploads\/2025\/10\/af2cfd12-e37b-4f05-9d42-76afd895dcb5-e1761689612553.jpg","articleSection":["Hato Mayor","Municipales","Portada"],"inLanguage":"es","potentialAction":[{"@type":"CommentAction","name":"Comment","target":["https:\/\/conexion23.com\/?p=47341#respond"]}]},{"@type":"WebPage","@id":"https:\/\/conexion23.com\/?p=47341","url":"https:\/\/conexion23.com\/?p=47341","name":"Posponen Expo Carne Hato Mayor 2025, ahora ser\u00e1 del 20 al 23 de noviembre - Conexi\u00f3n 23","isPartOf":{"@id":"http:\/\/conexion23.com\/#website"},"primaryImageOfPage":{"@id":"https:\/\/conexion23.com\/?p=47341#primaryimage"},"image":{"@id":"https:\/\/conexion23.com\/?p=47341#primaryimage"},"thumbnailUrl":"https:\/\/conexion23.com\/wp-content\/uploads\/2025\/10\/af2cfd12-e37b-4f05-9d42-76afd895dcb5-e1761689612553.jpg","datePublished":"2025-10-28T22:00:37+00:00","breadcrumb":{"@id":"https:\/\/conexion23.com\/?p=47341#breadcrumb"},"inLanguage":"es","potentialAction":[{"@type":"ReadAction","target":["https:\/\/conexion23.com\/?p=47341"]}]},{"@type":"ImageObject","inLanguage":"es","@id":"https:\/\/conexion23.com\/?p=47341#primaryimage","url":"https:\/\/conexion23.com\/wp-content\/uploads\/2025\/10\/af2cfd12-e37b-4f05-9d42-76afd895dcb5-e1761689612553.jpg","contentUrl":"https:\/\/conexion23.com\/wp-content\/uploads\/2025\/10\/af2cfd12-e37b-4f05-9d42-76afd895dcb5-e1761689612553.jpg","width":817,"height":1097},{"@type":"BreadcrumbList","@id":"https:\/\/conexion23.com\/?p=47341#breadcrumb","itemListElement":[{"@type":"ListItem","position":1,"name":"Portada","item":"http:\/\/conexion23.com\/"},{"@type":"ListItem","position":2,"name":"Posponen Expo Carne Hato Mayor 2025, ahora ser\u00e1 del 20 al 23 de noviembre"}]},{"@type":"WebSite","@id":"http:\/\/conexion23.com\/#website","url":"http:\/\/conexion23.com\/","name":"Conexi\u00f3n 23","description":"Peri\u00f3dico 100% Petromacorisano","publisher":{"@id":"http:\/\/conexion23.com\/#organization"},"potentialAction":[{"@type":"SearchAction","target":{"@type":"EntryPoint","urlTemplate":"http:\/\/conexion23.com\/?s={search_term_string}"},"query-input":{"@type":"PropertyValueSpecification","valueRequired":true,"valueName":"search_term_string"}}],"inLanguage":"es"},{"@type":"Organization","@id":"http:\/\/conexion23.com\/#organization","name":"Conexion 23","url":"http:\/\/conexion23.com\/","logo":{"@type":"ImageObject","inLanguage":"es","@id":"http:\/\/conexion23.com\/#\/schema\/logo\/image\/","url":"https:\/\/conexion23.com\/wp-content\/uploads\/2021\/11\/Diseno-sin-titulo-2.png","contentUrl":"https:\/\/conexion23.com\/wp-content\/uploads\/2021\/11\/Diseno-sin-titulo-2.png","width":541,"height":90,"caption":"Conexion 23"},"image":{"@id":"http:\/\/conexion23.com\/#\/schema\/logo\/image\/"},"sameAs":["https:\/\/www.facebook.com\/conexion23com","https:\/\/www.instagram.com\/conexion23com\/","https:\/\/www.youtube.com\/channel\/UCYc7vxxFZMYLIHNsHHxPZ3Q"]},{"@type":"Person","@id":"http:\/\/conexion23.com\/#\/schema\/person\/03e36043331117e97a373299bbcd30a6","name":"Raffy Ben\u00edtez","image":{"@type":"ImageObject","inLanguage":"es","@id":"https:\/\/secure.gravatar.com\/avatar\/3190a6a6c5e1b0327500f7d6c56b6242472ee6cb974cf09b401ee6b3b0798f23?s=96&d=mm&r=g","url":"https:\/\/secure.gravatar.com\/avatar\/3190a6a6c5e1b0327500f7d6c56b6242472ee6cb974cf09b401ee6b3b0798f23?s=96&d=mm&r=g","contentUrl":"https:\/\/secure.gravatar.com\/avatar\/3190a6a6c5e1b0327500f7d6c56b6242472ee6cb974cf09b401ee6b3b0798f23?s=96&d=mm&r=g","caption":"Raffy Ben\u00edtez"},"url":"https:\/\/conexion23.com\/?author=15"}]}},"_links":{"self":[{"href":"https:\/\/conexion23.com\/index.php?rest_route=\/wp\/v2\/posts\/47341","targetHints":{"allow":["GET"]}}],"collection":[{"href":"https:\/\/conexion23.com\/index.php?rest_route=\/wp\/v2\/posts"}],"about":[{"href":"https:\/\/conexion23.com\/index.php?rest_route=\/wp\/v2\/types\/post"}],"author":[{"embeddable":true,"href":"https:\/\/conexion23.com\/index.php?rest_route=\/wp\/v2\/users\/15"}],"replies":[{"embeddable":true,"href":"https:\/\/conexion23.com\/index.php?rest_route=%2Fwp%2Fv2%2Fcomments&post=47341"}],"version-history":[{"count":1,"href":"https:\/\/conexion23.com\/index.php?rest_route=\/wp\/v2\/posts\/47341\/revisions"}],"predecessor-version":[{"id":47344,"href":"https:\/\/conexion23.com\/index.php?rest_route=\/wp\/v2\/posts\/47341\/revisions\/47344"}],"wp:featuredmedia":[{"embeddable":true,"href":"https:\/\/conexion23.com\/index.php?rest_route=\/wp\/v2\/media\/47343"}],"wp:attachment":[{"href":"https:\/\/conexion23.com\/index.php?rest_route=%2Fwp%2Fv2%2Fmedia&parent=47341"}],"wp:term":[{"taxonomy":"category","embeddable":true,"href":"https:\/\/conexion23.com\/index.php?rest_route=%2Fwp%2Fv2%2Fcategories&post=47341"},{"taxonomy":"post_tag","embeddable":true,"href":"https:\/\/conexion23.com\/index.php?rest_route=%2Fwp%2Fv2%2Ftags&post=47341"}],"curies":[{"name":"wp","href":"https:\/\/api.w.org\/{rel}","templated":true}]}}