{"id":47798,"date":"2025-11-04T07:08:03","date_gmt":"2025-11-04T11:08:03","guid":{"rendered":"https:\/\/conexion23.com\/?p=47798"},"modified":"2025-11-04T07:08:03","modified_gmt":"2025-11-04T11:08:03","slug":"ex-embajador-wally-brewster-oficia-boda-entre-dos-hombres-en-santiago","status":"publish","type":"post","link":"https:\/\/conexion23.com\/?p=47798","title":{"rendered":"Ex Embajador Wally Brewster oficia boda entre dos hombres en Santiago"},"content":{"rendered":"<p style=\"text-align: justify;\">En una ceremonia cargada de emoci\u00f3n, simbolismo y alegr\u00eda, el exembajador de los Estados Unidos en la Rep\u00fablica Dominicana,\u00a0Wally Brewster, ofici\u00f3 la boda simb\u00f3lica entre\u00a0Jos\u00e9 Fern\u00e1ndez\u00a0y\u00a0Jeremy Gottschalk, en un evento que combin\u00f3 el amor con la cultura dominicana.<\/p>\n<p style=\"text-align: justify;\">La uni\u00f3n tuvo lugar en el complejo\u00a0Camp David, ubicado en las monta\u00f1as de\u00a0Santiago, donde familiares, amigos y allegados compartieron una velada que se destac\u00f3 por su ambiente festivo, los ritmos tropicales, la buena m\u00fasica, los fuegos artificiales y la exquisita comida criolla que dio un toque aut\u00e9ntico a la celebraci\u00f3n.<\/p>\n<p style=\"text-align: justify;\">Los asistentes describieron la noche como una muestra de amor sin barreras, en la que la alegr\u00eda y el respeto fueron los protagonistas. El exdiplom\u00e1tico\u00a0Wally Brewster, conocido por su defensa de los derechos humanos y su firme apoyo a la comunidad LGBTIQ+, expres\u00f3 satisfacci\u00f3n al formar parte de un evento que promueve los valores de igualdad, aceptaci\u00f3n y libertad.<\/p>\n<p style=\"text-align: justify;\">Aunque las uniones entre personas del mismo sexo a\u00fan no est\u00e1n legalmente reconocidas en el pa\u00eds, la ceremonia fue vista como un gesto simb\u00f3lico de esperanza y avance hacia una sociedad m\u00e1s inclusiva. Diversas personalidades locales y figuras sociales celebraron el acto como una demostraci\u00f3n de que el amor trasciende cualquier diferencia o frontera.<\/p>\n<p style=\"text-align: justify;\">La noche concluy\u00f3 entre abrazos, risas, brindis y una energ\u00eda positiva que dej\u00f3 claro el mensaje de los novios y sus invitados:\u00a0el amor siempre vence y merece ser celebrado con orgullo y alegr\u00eda, sin importar las etiquetas ni los prejuicios.<\/p>\n","protected":false},"excerpt":{"rendered":"<p>En una ceremonia cargada de emoci\u00f3n, simbolismo y alegr\u00eda, el exembajador de los Estados Unidos en la Rep\u00fablica Dominicana,\u00a0Wally Brewster, ofici\u00f3 la boda simb\u00f3lica entre\u00a0Jos\u00e9 Fern\u00e1ndez\u00a0y\u00a0Jeremy Gottschalk, en un evento que combin\u00f3 el amor con la cultura dominicana. La uni\u00f3n tuvo lugar en el complejo\u00a0Camp David, ubicado en las monta\u00f1as de\u00a0Santiago, donde familiares, amigos y [&hellip;]<\/p>\n","protected":false},"author":15,"featured_media":47799,"comment_status":"open","ping_status":"open","sticky":false,"template":"","format":"standard","meta":{"footnotes":""},"categories":[3913],"tags":[],"class_list":["post-47798","post","type-post","status-publish","format-standard","has-post-thumbnail","category-nacionales"],"yoast_head":"<!-- This site is optimized with the Yoast SEO plugin v27.6 - https:\/\/yoast.com\/product\/yoast-seo-wordpress\/ -->\n<title>Ex Embajador Wally Brewster oficia boda entre dos hombres en Santiago - Conexi\u00f3n 23<\/title>\n<meta name=\"robots\" content=\"index, follow, max-snippet:-1, max-image-preview:large, max-video-preview:-1\" \/>\n<link rel=\"canonical\" href=\"https:\/\/conexion23.com\/?p=47798\" \/>\n<meta property=\"og:locale\" content=\"es_ES\" \/>\n<meta property=\"og:type\" content=\"article\" \/>\n<meta property=\"og:title\" content=\"Ex Embajador Wally Brewster oficia boda entre dos hombres en Santiago - Conexi\u00f3n 23\" \/>\n<meta property=\"og:description\" content=\"En una ceremonia cargada de emoci\u00f3n, simbolismo y alegr\u00eda, el exembajador de los Estados Unidos en la Rep\u00fablica Dominicana,\u00a0Wally Brewster, ofici\u00f3 la boda simb\u00f3lica entre\u00a0Jos\u00e9 Fern\u00e1ndez\u00a0y\u00a0Jeremy Gottschalk, en un evento que combin\u00f3 el amor con la cultura dominicana. La uni\u00f3n tuvo lugar en el complejo\u00a0Camp David, ubicado en las monta\u00f1as de\u00a0Santiago, donde familiares, amigos y [&hellip;]\" \/>\n<meta property=\"og:url\" content=\"https:\/\/conexion23.com\/?p=47798\" \/>\n<meta property=\"og:site_name\" content=\"Conexi\u00f3n 23\" \/>\n<meta property=\"article:publisher\" content=\"https:\/\/www.facebook.com\/conexion23com\" \/>\n<meta property=\"article:published_time\" content=\"2025-11-04T11:08:03+00:00\" \/>\n<meta property=\"og:image\" content=\"https:\/\/conexion23.com\/wp-content\/uploads\/2025\/11\/4798945456647870967896767569876796798-1024x576-1.webp\" \/>\n\t<meta property=\"og:image:width\" content=\"1024\" \/>\n\t<meta property=\"og:image:height\" content=\"576\" \/>\n\t<meta property=\"og:image:type\" content=\"image\/webp\" \/>\n<meta name=\"author\" content=\"Raffy Ben\u00edtez\" \/>\n<meta name=\"twitter:card\" content=\"summary_large_image\" \/>\n<meta name=\"twitter:label1\" content=\"Escrito por\" \/>\n\t<meta name=\"twitter:data1\" content=\"Raffy Ben\u00edtez\" \/>\n\t<meta name=\"twitter:label2\" content=\"Tiempo de lectura\" \/>\n\t<meta name=\"twitter:data2\" content=\"2 minutos\" \/>\n<script type=\"application\/ld+json\" class=\"yoast-schema-graph\">{\"@context\":\"https:\\\/\\\/schema.org\",\"@graph\":[{\"@type\":\"Article\",\"@id\":\"https:\\\/\\\/conexion23.com\\\/?p=47798#article\",\"isPartOf\":{\"@id\":\"https:\\\/\\\/conexion23.com\\\/?p=47798\"},\"author\":{\"name\":\"Raffy Ben\u00edtez\",\"@id\":\"https:\\\/\\\/conexion23.com\\\/#\\\/schema\\\/person\\\/03e36043331117e97a373299bbcd30a6\"},\"headline\":\"Ex Embajador Wally Brewster oficia boda entre dos hombres en Santiago\",\"datePublished\":\"2025-11-04T11:08:03+00:00\",\"mainEntityOfPage\":{\"@id\":\"https:\\\/\\\/conexion23.com\\\/?p=47798\"},\"wordCount\":282,\"commentCount\":0,\"publisher\":{\"@id\":\"https:\\\/\\\/conexion23.com\\\/#organization\"},\"image\":{\"@id\":\"https:\\\/\\\/conexion23.com\\\/?p=47798#primaryimage\"},\"thumbnailUrl\":\"https:\\\/\\\/conexion23.com\\\/wp-content\\\/uploads\\\/2025\\\/11\\\/4798945456647870967896767569876796798-1024x576-1.webp\",\"articleSection\":[\"Nacionales\"],\"inLanguage\":\"es\",\"potentialAction\":[{\"@type\":\"CommentAction\",\"name\":\"Comment\",\"target\":[\"https:\\\/\\\/conexion23.com\\\/?p=47798#respond\"]}]},{\"@type\":\"WebPage\",\"@id\":\"https:\\\/\\\/conexion23.com\\\/?p=47798\",\"url\":\"https:\\\/\\\/conexion23.com\\\/?p=47798\",\"name\":\"Ex Embajador Wally Brewster oficia boda entre dos hombres en Santiago - Conexi\u00f3n 23\",\"isPartOf\":{\"@id\":\"https:\\\/\\\/conexion23.com\\\/#website\"},\"primaryImageOfPage\":{\"@id\":\"https:\\\/\\\/conexion23.com\\\/?p=47798#primaryimage\"},\"image\":{\"@id\":\"https:\\\/\\\/conexion23.com\\\/?p=47798#primaryimage\"},\"thumbnailUrl\":\"https:\\\/\\\/conexion23.com\\\/wp-content\\\/uploads\\\/2025\\\/11\\\/4798945456647870967896767569876796798-1024x576-1.webp\",\"datePublished\":\"2025-11-04T11:08:03+00:00\",\"breadcrumb\":{\"@id\":\"https:\\\/\\\/conexion23.com\\\/?p=47798#breadcrumb\"},\"inLanguage\":\"es\",\"potentialAction\":[{\"@type\":\"ReadAction\",\"target\":[\"https:\\\/\\\/conexion23.com\\\/?p=47798\"]}]},{\"@type\":\"ImageObject\",\"inLanguage\":\"es\",\"@id\":\"https:\\\/\\\/conexion23.com\\\/?p=47798#primaryimage\",\"url\":\"https:\\\/\\\/conexion23.com\\\/wp-content\\\/uploads\\\/2025\\\/11\\\/4798945456647870967896767569876796798-1024x576-1.webp\",\"contentUrl\":\"https:\\\/\\\/conexion23.com\\\/wp-content\\\/uploads\\\/2025\\\/11\\\/4798945456647870967896767569876796798-1024x576-1.webp\",\"width\":1024,\"height\":576},{\"@type\":\"BreadcrumbList\",\"@id\":\"https:\\\/\\\/conexion23.com\\\/?p=47798#breadcrumb\",\"itemListElement\":[{\"@type\":\"ListItem\",\"position\":1,\"name\":\"Portada\",\"item\":\"https:\\\/\\\/conexion23.com\\\/\"},{\"@type\":\"ListItem\",\"position\":2,\"name\":\"Ex Embajador Wally Brewster oficia boda entre dos hombres en Santiago\"}]},{\"@type\":\"WebSite\",\"@id\":\"https:\\\/\\\/conexion23.com\\\/#website\",\"url\":\"https:\\\/\\\/conexion23.com\\\/\",\"name\":\"Conexi\u00f3n 23\",\"description\":\"Peri\u00f3dico 100% Petromacorisano\",\"publisher\":{\"@id\":\"https:\\\/\\\/conexion23.com\\\/#organization\"},\"potentialAction\":[{\"@type\":\"SearchAction\",\"target\":{\"@type\":\"EntryPoint\",\"urlTemplate\":\"https:\\\/\\\/conexion23.com\\\/?s={search_term_string}\"},\"query-input\":{\"@type\":\"PropertyValueSpecification\",\"valueRequired\":true,\"valueName\":\"search_term_string\"}}],\"inLanguage\":\"es\"},{\"@type\":\"Organization\",\"@id\":\"https:\\\/\\\/conexion23.com\\\/#organization\",\"name\":\"Conexion 23\",\"url\":\"https:\\\/\\\/conexion23.com\\\/\",\"logo\":{\"@type\":\"ImageObject\",\"inLanguage\":\"es\",\"@id\":\"https:\\\/\\\/conexion23.com\\\/#\\\/schema\\\/logo\\\/image\\\/\",\"url\":\"https:\\\/\\\/conexion23.com\\\/wp-content\\\/uploads\\\/2021\\\/11\\\/Diseno-sin-titulo-2.png\",\"contentUrl\":\"https:\\\/\\\/conexion23.com\\\/wp-content\\\/uploads\\\/2021\\\/11\\\/Diseno-sin-titulo-2.png\",\"width\":541,\"height\":90,\"caption\":\"Conexion 23\"},\"image\":{\"@id\":\"https:\\\/\\\/conexion23.com\\\/#\\\/schema\\\/logo\\\/image\\\/\"},\"sameAs\":[\"https:\\\/\\\/www.facebook.com\\\/conexion23com\",\"https:\\\/\\\/www.instagram.com\\\/conexion23com\\\/\",\"https:\\\/\\\/www.youtube.com\\\/channel\\\/UCYc7vxxFZMYLIHNsHHxPZ3Q\"]},{\"@type\":\"Person\",\"@id\":\"https:\\\/\\\/conexion23.com\\\/#\\\/schema\\\/person\\\/03e36043331117e97a373299bbcd30a6\",\"name\":\"Raffy Ben\u00edtez\",\"image\":{\"@type\":\"ImageObject\",\"inLanguage\":\"es\",\"@id\":\"https:\\\/\\\/secure.gravatar.com\\\/avatar\\\/3190a6a6c5e1b0327500f7d6c56b6242472ee6cb974cf09b401ee6b3b0798f23?s=96&d=mm&r=g\",\"url\":\"https:\\\/\\\/secure.gravatar.com\\\/avatar\\\/3190a6a6c5e1b0327500f7d6c56b6242472ee6cb974cf09b401ee6b3b0798f23?s=96&d=mm&r=g\",\"contentUrl\":\"https:\\\/\\\/secure.gravatar.com\\\/avatar\\\/3190a6a6c5e1b0327500f7d6c56b6242472ee6cb974cf09b401ee6b3b0798f23?s=96&d=mm&r=g\",\"caption\":\"Raffy Ben\u00edtez\"},\"url\":\"https:\\\/\\\/conexion23.com\\\/?author=15\"}]}<\/script>\n<!-- \/ Yoast SEO plugin. -->","yoast_head_json":{"title":"Ex Embajador Wally Brewster oficia boda entre dos hombres en Santiago - Conexi\u00f3n 23","robots":{"index":"index","follow":"follow","max-snippet":"max-snippet:-1","max-image-preview":"max-image-preview:large","max-video-preview":"max-video-preview:-1"},"canonical":"https:\/\/conexion23.com\/?p=47798","og_locale":"es_ES","og_type":"article","og_title":"Ex Embajador Wally Brewster oficia boda entre dos hombres en Santiago - Conexi\u00f3n 23","og_description":"En una ceremonia cargada de emoci\u00f3n, simbolismo y alegr\u00eda, el exembajador de los Estados Unidos en la Rep\u00fablica Dominicana,\u00a0Wally Brewster, ofici\u00f3 la boda simb\u00f3lica entre\u00a0Jos\u00e9 Fern\u00e1ndez\u00a0y\u00a0Jeremy Gottschalk, en un evento que combin\u00f3 el amor con la cultura dominicana. La uni\u00f3n tuvo lugar en el complejo\u00a0Camp David, ubicado en las monta\u00f1as de\u00a0Santiago, donde familiares, amigos y [&hellip;]","og_url":"https:\/\/conexion23.com\/?p=47798","og_site_name":"Conexi\u00f3n 23","article_publisher":"https:\/\/www.facebook.com\/conexion23com","article_published_time":"2025-11-04T11:08:03+00:00","og_image":[{"width":1024,"height":576,"url":"https:\/\/conexion23.com\/wp-content\/uploads\/2025\/11\/4798945456647870967896767569876796798-1024x576-1.webp","type":"image\/webp"}],"author":"Raffy Ben\u00edtez","twitter_card":"summary_large_image","twitter_misc":{"Escrito por":"Raffy Ben\u00edtez","Tiempo de lectura":"2 minutos"},"schema":{"@context":"https:\/\/schema.org","@graph":[{"@type":"Article","@id":"https:\/\/conexion23.com\/?p=47798#article","isPartOf":{"@id":"https:\/\/conexion23.com\/?p=47798"},"author":{"name":"Raffy Ben\u00edtez","@id":"https:\/\/conexion23.com\/#\/schema\/person\/03e36043331117e97a373299bbcd30a6"},"headline":"Ex Embajador Wally Brewster oficia boda entre dos hombres en Santiago","datePublished":"2025-11-04T11:08:03+00:00","mainEntityOfPage":{"@id":"https:\/\/conexion23.com\/?p=47798"},"wordCount":282,"commentCount":0,"publisher":{"@id":"https:\/\/conexion23.com\/#organization"},"image":{"@id":"https:\/\/conexion23.com\/?p=47798#primaryimage"},"thumbnailUrl":"https:\/\/conexion23.com\/wp-content\/uploads\/2025\/11\/4798945456647870967896767569876796798-1024x576-1.webp","articleSection":["Nacionales"],"inLanguage":"es","potentialAction":[{"@type":"CommentAction","name":"Comment","target":["https:\/\/conexion23.com\/?p=47798#respond"]}]},{"@type":"WebPage","@id":"https:\/\/conexion23.com\/?p=47798","url":"https:\/\/conexion23.com\/?p=47798","name":"Ex Embajador Wally Brewster oficia boda entre dos hombres en Santiago - Conexi\u00f3n 23","isPartOf":{"@id":"https:\/\/conexion23.com\/#website"},"primaryImageOfPage":{"@id":"https:\/\/conexion23.com\/?p=47798#primaryimage"},"image":{"@id":"https:\/\/conexion23.com\/?p=47798#primaryimage"},"thumbnailUrl":"https:\/\/conexion23.com\/wp-content\/uploads\/2025\/11\/4798945456647870967896767569876796798-1024x576-1.webp","datePublished":"2025-11-04T11:08:03+00:00","breadcrumb":{"@id":"https:\/\/conexion23.com\/?p=47798#breadcrumb"},"inLanguage":"es","potentialAction":[{"@type":"ReadAction","target":["https:\/\/conexion23.com\/?p=47798"]}]},{"@type":"ImageObject","inLanguage":"es","@id":"https:\/\/conexion23.com\/?p=47798#primaryimage","url":"https:\/\/conexion23.com\/wp-content\/uploads\/2025\/11\/4798945456647870967896767569876796798-1024x576-1.webp","contentUrl":"https:\/\/conexion23.com\/wp-content\/uploads\/2025\/11\/4798945456647870967896767569876796798-1024x576-1.webp","width":1024,"height":576},{"@type":"BreadcrumbList","@id":"https:\/\/conexion23.com\/?p=47798#breadcrumb","itemListElement":[{"@type":"ListItem","position":1,"name":"Portada","item":"https:\/\/conexion23.com\/"},{"@type":"ListItem","position":2,"name":"Ex Embajador Wally Brewster oficia boda entre dos hombres en Santiago"}]},{"@type":"WebSite","@id":"https:\/\/conexion23.com\/#website","url":"https:\/\/conexion23.com\/","name":"Conexi\u00f3n 23","description":"Peri\u00f3dico 100% Petromacorisano","publisher":{"@id":"https:\/\/conexion23.com\/#organization"},"potentialAction":[{"@type":"SearchAction","target":{"@type":"EntryPoint","urlTemplate":"https:\/\/conexion23.com\/?s={search_term_string}"},"query-input":{"@type":"PropertyValueSpecification","valueRequired":true,"valueName":"search_term_string"}}],"inLanguage":"es"},{"@type":"Organization","@id":"https:\/\/conexion23.com\/#organization","name":"Conexion 23","url":"https:\/\/conexion23.com\/","logo":{"@type":"ImageObject","inLanguage":"es","@id":"https:\/\/conexion23.com\/#\/schema\/logo\/image\/","url":"https:\/\/conexion23.com\/wp-content\/uploads\/2021\/11\/Diseno-sin-titulo-2.png","contentUrl":"https:\/\/conexion23.com\/wp-content\/uploads\/2021\/11\/Diseno-sin-titulo-2.png","width":541,"height":90,"caption":"Conexion 23"},"image":{"@id":"https:\/\/conexion23.com\/#\/schema\/logo\/image\/"},"sameAs":["https:\/\/www.facebook.com\/conexion23com","https:\/\/www.instagram.com\/conexion23com\/","https:\/\/www.youtube.com\/channel\/UCYc7vxxFZMYLIHNsHHxPZ3Q"]},{"@type":"Person","@id":"https:\/\/conexion23.com\/#\/schema\/person\/03e36043331117e97a373299bbcd30a6","name":"Raffy Ben\u00edtez","image":{"@type":"ImageObject","inLanguage":"es","@id":"https:\/\/secure.gravatar.com\/avatar\/3190a6a6c5e1b0327500f7d6c56b6242472ee6cb974cf09b401ee6b3b0798f23?s=96&d=mm&r=g","url":"https:\/\/secure.gravatar.com\/avatar\/3190a6a6c5e1b0327500f7d6c56b6242472ee6cb974cf09b401ee6b3b0798f23?s=96&d=mm&r=g","contentUrl":"https:\/\/secure.gravatar.com\/avatar\/3190a6a6c5e1b0327500f7d6c56b6242472ee6cb974cf09b401ee6b3b0798f23?s=96&d=mm&r=g","caption":"Raffy Ben\u00edtez"},"url":"https:\/\/conexion23.com\/?author=15"}]}},"_links":{"self":[{"href":"https:\/\/conexion23.com\/index.php?rest_route=\/wp\/v2\/posts\/47798","targetHints":{"allow":["GET"]}}],"collection":[{"href":"https:\/\/conexion23.com\/index.php?rest_route=\/wp\/v2\/posts"}],"about":[{"href":"https:\/\/conexion23.com\/index.php?rest_route=\/wp\/v2\/types\/post"}],"author":[{"embeddable":true,"href":"https:\/\/conexion23.com\/index.php?rest_route=\/wp\/v2\/users\/15"}],"replies":[{"embeddable":true,"href":"https:\/\/conexion23.com\/index.php?rest_route=%2Fwp%2Fv2%2Fcomments&post=47798"}],"version-history":[{"count":1,"href":"https:\/\/conexion23.com\/index.php?rest_route=\/wp\/v2\/posts\/47798\/revisions"}],"predecessor-version":[{"id":47800,"href":"https:\/\/conexion23.com\/index.php?rest_route=\/wp\/v2\/posts\/47798\/revisions\/47800"}],"wp:featuredmedia":[{"embeddable":true,"href":"https:\/\/conexion23.com\/index.php?rest_route=\/wp\/v2\/media\/47799"}],"wp:attachment":[{"href":"https:\/\/conexion23.com\/index.php?rest_route=%2Fwp%2Fv2%2Fmedia&parent=47798"}],"wp:term":[{"taxonomy":"category","embeddable":true,"href":"https:\/\/conexion23.com\/index.php?rest_route=%2Fwp%2Fv2%2Fcategories&post=47798"},{"taxonomy":"post_tag","embeddable":true,"href":"https:\/\/conexion23.com\/index.php?rest_route=%2Fwp%2Fv2%2Ftags&post=47798"}],"curies":[{"name":"wp","href":"https:\/\/api.w.org\/{rel}","templated":true}]}}