{"id":47801,"date":"2025-11-04T07:12:13","date_gmt":"2025-11-04T11:12:13","guid":{"rendered":"https:\/\/conexion23.com\/?p=47801"},"modified":"2025-11-04T07:12:13","modified_gmt":"2025-11-04T11:12:13","slug":"recuperan-cadaver-de-ciudadano-noruego-en-aguas-del-oceano-atlantico-en-cabarete","status":"publish","type":"post","link":"https:\/\/conexion23.com\/?p=47801","title":{"rendered":"Recuperan cad\u00e1ver de ciudadano noruego en aguas del oc\u00e9ano Atl\u00e1ntico en Cabarete"},"content":{"rendered":"<p style=\"text-align: justify;\">La Armada de la Rep\u00fablica Dominicana rescat\u00f3 el cuerpo sin vida de Jon\u00e1s Overdal, un ciudadano noruego de 49 a\u00f1os, en aguas del Distrito Municipal de Cabarete, provincia Puerto Plata.<\/p>\n<p style=\"text-align: justify;\">El hallazgo ocurri\u00f3 alrededor de las 2:40 de la tarde de ayer lunes cuando la lancha interceptora Elnath localiz\u00f3 el cad\u00e1ver flotando en el mar.<\/p>\n<p style=\"text-align: justify;\">Overdal, residente en el municipio de Tenares, provincia Hermanas Mirabal, hab\u00eda desaparecido mientras tomaba un ba\u00f1o en la playa La Boca de Cabarete.<\/p>\n<p style=\"text-align: justify;\">Una fuerte ola lo arrastr\u00f3 mar adentro, impidi\u00e9ndole regresar a la orilla.<\/p>\n<p style=\"text-align: justify;\">El cuerpo fue encontrado frente al hotel Velero en el municipio de Sos\u00faa y el procedimiento de rescate culmin\u00f3 a las 7:20 p.m. con el levantamiento del cad\u00e1ver en el muelle de Puerto Plata.<\/p>\n<p style=\"text-align: justify;\">Las autoridades trasladaron el cuerpo al Instituto Nacional de Ciencias Forenses (INACIF) para fines de autopsia.<\/p>\n<p style=\"text-align: justify;\">Investigaci\u00f3n<\/p>\n<p style=\"text-align: justify;\">La investigaci\u00f3n preliminar sugiere que Overdal muri\u00f3 por ahogamiento. Sin embargo, las autoridades mantienen abierta la investigaci\u00f3n para determinar las circunstancias exactas del suceso \u00b9.<\/p>\n","protected":false},"excerpt":{"rendered":"<p>La Armada de la Rep\u00fablica Dominicana rescat\u00f3 el cuerpo sin vida de Jon\u00e1s Overdal, un ciudadano noruego de 49 a\u00f1os, en aguas del Distrito Municipal de Cabarete, provincia Puerto Plata. El hallazgo ocurri\u00f3 alrededor de las 2:40 de la tarde de ayer lunes cuando la lancha interceptora Elnath localiz\u00f3 el cad\u00e1ver flotando en el mar. [&hellip;]<\/p>\n","protected":false},"author":15,"featured_media":47802,"comment_status":"open","ping_status":"open","sticky":false,"template":"","format":"standard","meta":{"footnotes":""},"categories":[3913],"tags":[],"class_list":["post-47801","post","type-post","status-publish","format-standard","has-post-thumbnail","category-nacionales"],"yoast_head":"<!-- This site is optimized with the Yoast SEO plugin v27.6 - https:\/\/yoast.com\/product\/yoast-seo-wordpress\/ -->\n<title>Recuperan cad\u00e1ver de ciudadano noruego en aguas del oc\u00e9ano Atl\u00e1ntico en Cabarete - Conexi\u00f3n 23<\/title>\n<meta name=\"robots\" content=\"index, follow, max-snippet:-1, max-image-preview:large, max-video-preview:-1\" \/>\n<link rel=\"canonical\" href=\"https:\/\/conexion23.com\/?p=47801\" \/>\n<meta property=\"og:locale\" content=\"es_ES\" \/>\n<meta property=\"og:type\" content=\"article\" \/>\n<meta property=\"og:title\" content=\"Recuperan cad\u00e1ver de ciudadano noruego en aguas del oc\u00e9ano Atl\u00e1ntico en Cabarete - Conexi\u00f3n 23\" \/>\n<meta property=\"og:description\" content=\"La Armada de la Rep\u00fablica Dominicana rescat\u00f3 el cuerpo sin vida de Jon\u00e1s Overdal, un ciudadano noruego de 49 a\u00f1os, en aguas del Distrito Municipal de Cabarete, provincia Puerto Plata. El hallazgo ocurri\u00f3 alrededor de las 2:40 de la tarde de ayer lunes cuando la lancha interceptora Elnath localiz\u00f3 el cad\u00e1ver flotando en el mar. [&hellip;]\" \/>\n<meta property=\"og:url\" content=\"https:\/\/conexion23.com\/?p=47801\" \/>\n<meta property=\"og:site_name\" content=\"Conexi\u00f3n 23\" \/>\n<meta property=\"article:publisher\" content=\"https:\/\/www.facebook.com\/conexion23com\" \/>\n<meta property=\"article:published_time\" content=\"2025-11-04T11:12:13+00:00\" \/>\n<meta property=\"og:image\" content=\"https:\/\/conexion23.com\/wp-content\/uploads\/2025\/11\/descarga-6.jpg\" \/>\n\t<meta property=\"og:image:width\" content=\"201\" \/>\n\t<meta property=\"og:image:height\" content=\"251\" \/>\n\t<meta property=\"og:image:type\" content=\"image\/jpeg\" \/>\n<meta name=\"author\" content=\"Raffy Ben\u00edtez\" \/>\n<meta name=\"twitter:card\" content=\"summary_large_image\" \/>\n<meta name=\"twitter:label1\" content=\"Escrito por\" \/>\n\t<meta name=\"twitter:data1\" content=\"Raffy Ben\u00edtez\" \/>\n\t<meta name=\"twitter:label2\" content=\"Tiempo de lectura\" \/>\n\t<meta name=\"twitter:data2\" content=\"1 minuto\" \/>\n<script type=\"application\/ld+json\" class=\"yoast-schema-graph\">{\"@context\":\"https:\\\/\\\/schema.org\",\"@graph\":[{\"@type\":\"Article\",\"@id\":\"https:\\\/\\\/conexion23.com\\\/?p=47801#article\",\"isPartOf\":{\"@id\":\"https:\\\/\\\/conexion23.com\\\/?p=47801\"},\"author\":{\"name\":\"Raffy Ben\u00edtez\",\"@id\":\"https:\\\/\\\/conexion23.com\\\/#\\\/schema\\\/person\\\/03e36043331117e97a373299bbcd30a6\"},\"headline\":\"Recuperan cad\u00e1ver de ciudadano noruego en aguas del oc\u00e9ano Atl\u00e1ntico en Cabarete\",\"datePublished\":\"2025-11-04T11:12:13+00:00\",\"mainEntityOfPage\":{\"@id\":\"https:\\\/\\\/conexion23.com\\\/?p=47801\"},\"wordCount\":190,\"commentCount\":0,\"publisher\":{\"@id\":\"https:\\\/\\\/conexion23.com\\\/#organization\"},\"image\":{\"@id\":\"https:\\\/\\\/conexion23.com\\\/?p=47801#primaryimage\"},\"thumbnailUrl\":\"https:\\\/\\\/conexion23.com\\\/wp-content\\\/uploads\\\/2025\\\/11\\\/descarga-6.jpg\",\"articleSection\":[\"Nacionales\"],\"inLanguage\":\"es\",\"potentialAction\":[{\"@type\":\"CommentAction\",\"name\":\"Comment\",\"target\":[\"https:\\\/\\\/conexion23.com\\\/?p=47801#respond\"]}]},{\"@type\":\"WebPage\",\"@id\":\"https:\\\/\\\/conexion23.com\\\/?p=47801\",\"url\":\"https:\\\/\\\/conexion23.com\\\/?p=47801\",\"name\":\"Recuperan cad\u00e1ver de ciudadano noruego en aguas del oc\u00e9ano Atl\u00e1ntico en Cabarete - Conexi\u00f3n 23\",\"isPartOf\":{\"@id\":\"https:\\\/\\\/conexion23.com\\\/#website\"},\"primaryImageOfPage\":{\"@id\":\"https:\\\/\\\/conexion23.com\\\/?p=47801#primaryimage\"},\"image\":{\"@id\":\"https:\\\/\\\/conexion23.com\\\/?p=47801#primaryimage\"},\"thumbnailUrl\":\"https:\\\/\\\/conexion23.com\\\/wp-content\\\/uploads\\\/2025\\\/11\\\/descarga-6.jpg\",\"datePublished\":\"2025-11-04T11:12:13+00:00\",\"breadcrumb\":{\"@id\":\"https:\\\/\\\/conexion23.com\\\/?p=47801#breadcrumb\"},\"inLanguage\":\"es\",\"potentialAction\":[{\"@type\":\"ReadAction\",\"target\":[\"https:\\\/\\\/conexion23.com\\\/?p=47801\"]}]},{\"@type\":\"ImageObject\",\"inLanguage\":\"es\",\"@id\":\"https:\\\/\\\/conexion23.com\\\/?p=47801#primaryimage\",\"url\":\"https:\\\/\\\/conexion23.com\\\/wp-content\\\/uploads\\\/2025\\\/11\\\/descarga-6.jpg\",\"contentUrl\":\"https:\\\/\\\/conexion23.com\\\/wp-content\\\/uploads\\\/2025\\\/11\\\/descarga-6.jpg\",\"width\":201,\"height\":251},{\"@type\":\"BreadcrumbList\",\"@id\":\"https:\\\/\\\/conexion23.com\\\/?p=47801#breadcrumb\",\"itemListElement\":[{\"@type\":\"ListItem\",\"position\":1,\"name\":\"Portada\",\"item\":\"https:\\\/\\\/conexion23.com\\\/\"},{\"@type\":\"ListItem\",\"position\":2,\"name\":\"Recuperan cad\u00e1ver de ciudadano noruego en aguas del oc\u00e9ano Atl\u00e1ntico en Cabarete\"}]},{\"@type\":\"WebSite\",\"@id\":\"https:\\\/\\\/conexion23.com\\\/#website\",\"url\":\"https:\\\/\\\/conexion23.com\\\/\",\"name\":\"Conexi\u00f3n 23\",\"description\":\"Peri\u00f3dico 100% Petromacorisano\",\"publisher\":{\"@id\":\"https:\\\/\\\/conexion23.com\\\/#organization\"},\"potentialAction\":[{\"@type\":\"SearchAction\",\"target\":{\"@type\":\"EntryPoint\",\"urlTemplate\":\"https:\\\/\\\/conexion23.com\\\/?s={search_term_string}\"},\"query-input\":{\"@type\":\"PropertyValueSpecification\",\"valueRequired\":true,\"valueName\":\"search_term_string\"}}],\"inLanguage\":\"es\"},{\"@type\":\"Organization\",\"@id\":\"https:\\\/\\\/conexion23.com\\\/#organization\",\"name\":\"Conexion 23\",\"url\":\"https:\\\/\\\/conexion23.com\\\/\",\"logo\":{\"@type\":\"ImageObject\",\"inLanguage\":\"es\",\"@id\":\"https:\\\/\\\/conexion23.com\\\/#\\\/schema\\\/logo\\\/image\\\/\",\"url\":\"https:\\\/\\\/conexion23.com\\\/wp-content\\\/uploads\\\/2021\\\/11\\\/Diseno-sin-titulo-2.png\",\"contentUrl\":\"https:\\\/\\\/conexion23.com\\\/wp-content\\\/uploads\\\/2021\\\/11\\\/Diseno-sin-titulo-2.png\",\"width\":541,\"height\":90,\"caption\":\"Conexion 23\"},\"image\":{\"@id\":\"https:\\\/\\\/conexion23.com\\\/#\\\/schema\\\/logo\\\/image\\\/\"},\"sameAs\":[\"https:\\\/\\\/www.facebook.com\\\/conexion23com\",\"https:\\\/\\\/www.instagram.com\\\/conexion23com\\\/\",\"https:\\\/\\\/www.youtube.com\\\/channel\\\/UCYc7vxxFZMYLIHNsHHxPZ3Q\"]},{\"@type\":\"Person\",\"@id\":\"https:\\\/\\\/conexion23.com\\\/#\\\/schema\\\/person\\\/03e36043331117e97a373299bbcd30a6\",\"name\":\"Raffy Ben\u00edtez\",\"image\":{\"@type\":\"ImageObject\",\"inLanguage\":\"es\",\"@id\":\"https:\\\/\\\/secure.gravatar.com\\\/avatar\\\/3190a6a6c5e1b0327500f7d6c56b6242472ee6cb974cf09b401ee6b3b0798f23?s=96&d=mm&r=g\",\"url\":\"https:\\\/\\\/secure.gravatar.com\\\/avatar\\\/3190a6a6c5e1b0327500f7d6c56b6242472ee6cb974cf09b401ee6b3b0798f23?s=96&d=mm&r=g\",\"contentUrl\":\"https:\\\/\\\/secure.gravatar.com\\\/avatar\\\/3190a6a6c5e1b0327500f7d6c56b6242472ee6cb974cf09b401ee6b3b0798f23?s=96&d=mm&r=g\",\"caption\":\"Raffy Ben\u00edtez\"},\"url\":\"https:\\\/\\\/conexion23.com\\\/?author=15\"}]}<\/script>\n<!-- \/ Yoast SEO plugin. -->","yoast_head_json":{"title":"Recuperan cad\u00e1ver de ciudadano noruego en aguas del oc\u00e9ano Atl\u00e1ntico en Cabarete - Conexi\u00f3n 23","robots":{"index":"index","follow":"follow","max-snippet":"max-snippet:-1","max-image-preview":"max-image-preview:large","max-video-preview":"max-video-preview:-1"},"canonical":"https:\/\/conexion23.com\/?p=47801","og_locale":"es_ES","og_type":"article","og_title":"Recuperan cad\u00e1ver de ciudadano noruego en aguas del oc\u00e9ano Atl\u00e1ntico en Cabarete - Conexi\u00f3n 23","og_description":"La Armada de la Rep\u00fablica Dominicana rescat\u00f3 el cuerpo sin vida de Jon\u00e1s Overdal, un ciudadano noruego de 49 a\u00f1os, en aguas del Distrito Municipal de Cabarete, provincia Puerto Plata. El hallazgo ocurri\u00f3 alrededor de las 2:40 de la tarde de ayer lunes cuando la lancha interceptora Elnath localiz\u00f3 el cad\u00e1ver flotando en el mar. [&hellip;]","og_url":"https:\/\/conexion23.com\/?p=47801","og_site_name":"Conexi\u00f3n 23","article_publisher":"https:\/\/www.facebook.com\/conexion23com","article_published_time":"2025-11-04T11:12:13+00:00","og_image":[{"width":201,"height":251,"url":"https:\/\/conexion23.com\/wp-content\/uploads\/2025\/11\/descarga-6.jpg","type":"image\/jpeg"}],"author":"Raffy Ben\u00edtez","twitter_card":"summary_large_image","twitter_misc":{"Escrito por":"Raffy Ben\u00edtez","Tiempo de lectura":"1 minuto"},"schema":{"@context":"https:\/\/schema.org","@graph":[{"@type":"Article","@id":"https:\/\/conexion23.com\/?p=47801#article","isPartOf":{"@id":"https:\/\/conexion23.com\/?p=47801"},"author":{"name":"Raffy Ben\u00edtez","@id":"https:\/\/conexion23.com\/#\/schema\/person\/03e36043331117e97a373299bbcd30a6"},"headline":"Recuperan cad\u00e1ver de ciudadano noruego en aguas del oc\u00e9ano Atl\u00e1ntico en Cabarete","datePublished":"2025-11-04T11:12:13+00:00","mainEntityOfPage":{"@id":"https:\/\/conexion23.com\/?p=47801"},"wordCount":190,"commentCount":0,"publisher":{"@id":"https:\/\/conexion23.com\/#organization"},"image":{"@id":"https:\/\/conexion23.com\/?p=47801#primaryimage"},"thumbnailUrl":"https:\/\/conexion23.com\/wp-content\/uploads\/2025\/11\/descarga-6.jpg","articleSection":["Nacionales"],"inLanguage":"es","potentialAction":[{"@type":"CommentAction","name":"Comment","target":["https:\/\/conexion23.com\/?p=47801#respond"]}]},{"@type":"WebPage","@id":"https:\/\/conexion23.com\/?p=47801","url":"https:\/\/conexion23.com\/?p=47801","name":"Recuperan cad\u00e1ver de ciudadano noruego en aguas del oc\u00e9ano Atl\u00e1ntico en Cabarete - Conexi\u00f3n 23","isPartOf":{"@id":"https:\/\/conexion23.com\/#website"},"primaryImageOfPage":{"@id":"https:\/\/conexion23.com\/?p=47801#primaryimage"},"image":{"@id":"https:\/\/conexion23.com\/?p=47801#primaryimage"},"thumbnailUrl":"https:\/\/conexion23.com\/wp-content\/uploads\/2025\/11\/descarga-6.jpg","datePublished":"2025-11-04T11:12:13+00:00","breadcrumb":{"@id":"https:\/\/conexion23.com\/?p=47801#breadcrumb"},"inLanguage":"es","potentialAction":[{"@type":"ReadAction","target":["https:\/\/conexion23.com\/?p=47801"]}]},{"@type":"ImageObject","inLanguage":"es","@id":"https:\/\/conexion23.com\/?p=47801#primaryimage","url":"https:\/\/conexion23.com\/wp-content\/uploads\/2025\/11\/descarga-6.jpg","contentUrl":"https:\/\/conexion23.com\/wp-content\/uploads\/2025\/11\/descarga-6.jpg","width":201,"height":251},{"@type":"BreadcrumbList","@id":"https:\/\/conexion23.com\/?p=47801#breadcrumb","itemListElement":[{"@type":"ListItem","position":1,"name":"Portada","item":"https:\/\/conexion23.com\/"},{"@type":"ListItem","position":2,"name":"Recuperan cad\u00e1ver de ciudadano noruego en aguas del oc\u00e9ano Atl\u00e1ntico en Cabarete"}]},{"@type":"WebSite","@id":"https:\/\/conexion23.com\/#website","url":"https:\/\/conexion23.com\/","name":"Conexi\u00f3n 23","description":"Peri\u00f3dico 100% Petromacorisano","publisher":{"@id":"https:\/\/conexion23.com\/#organization"},"potentialAction":[{"@type":"SearchAction","target":{"@type":"EntryPoint","urlTemplate":"https:\/\/conexion23.com\/?s={search_term_string}"},"query-input":{"@type":"PropertyValueSpecification","valueRequired":true,"valueName":"search_term_string"}}],"inLanguage":"es"},{"@type":"Organization","@id":"https:\/\/conexion23.com\/#organization","name":"Conexion 23","url":"https:\/\/conexion23.com\/","logo":{"@type":"ImageObject","inLanguage":"es","@id":"https:\/\/conexion23.com\/#\/schema\/logo\/image\/","url":"https:\/\/conexion23.com\/wp-content\/uploads\/2021\/11\/Diseno-sin-titulo-2.png","contentUrl":"https:\/\/conexion23.com\/wp-content\/uploads\/2021\/11\/Diseno-sin-titulo-2.png","width":541,"height":90,"caption":"Conexion 23"},"image":{"@id":"https:\/\/conexion23.com\/#\/schema\/logo\/image\/"},"sameAs":["https:\/\/www.facebook.com\/conexion23com","https:\/\/www.instagram.com\/conexion23com\/","https:\/\/www.youtube.com\/channel\/UCYc7vxxFZMYLIHNsHHxPZ3Q"]},{"@type":"Person","@id":"https:\/\/conexion23.com\/#\/schema\/person\/03e36043331117e97a373299bbcd30a6","name":"Raffy Ben\u00edtez","image":{"@type":"ImageObject","inLanguage":"es","@id":"https:\/\/secure.gravatar.com\/avatar\/3190a6a6c5e1b0327500f7d6c56b6242472ee6cb974cf09b401ee6b3b0798f23?s=96&d=mm&r=g","url":"https:\/\/secure.gravatar.com\/avatar\/3190a6a6c5e1b0327500f7d6c56b6242472ee6cb974cf09b401ee6b3b0798f23?s=96&d=mm&r=g","contentUrl":"https:\/\/secure.gravatar.com\/avatar\/3190a6a6c5e1b0327500f7d6c56b6242472ee6cb974cf09b401ee6b3b0798f23?s=96&d=mm&r=g","caption":"Raffy Ben\u00edtez"},"url":"https:\/\/conexion23.com\/?author=15"}]}},"_links":{"self":[{"href":"https:\/\/conexion23.com\/index.php?rest_route=\/wp\/v2\/posts\/47801","targetHints":{"allow":["GET"]}}],"collection":[{"href":"https:\/\/conexion23.com\/index.php?rest_route=\/wp\/v2\/posts"}],"about":[{"href":"https:\/\/conexion23.com\/index.php?rest_route=\/wp\/v2\/types\/post"}],"author":[{"embeddable":true,"href":"https:\/\/conexion23.com\/index.php?rest_route=\/wp\/v2\/users\/15"}],"replies":[{"embeddable":true,"href":"https:\/\/conexion23.com\/index.php?rest_route=%2Fwp%2Fv2%2Fcomments&post=47801"}],"version-history":[{"count":1,"href":"https:\/\/conexion23.com\/index.php?rest_route=\/wp\/v2\/posts\/47801\/revisions"}],"predecessor-version":[{"id":47803,"href":"https:\/\/conexion23.com\/index.php?rest_route=\/wp\/v2\/posts\/47801\/revisions\/47803"}],"wp:featuredmedia":[{"embeddable":true,"href":"https:\/\/conexion23.com\/index.php?rest_route=\/wp\/v2\/media\/47802"}],"wp:attachment":[{"href":"https:\/\/conexion23.com\/index.php?rest_route=%2Fwp%2Fv2%2Fmedia&parent=47801"}],"wp:term":[{"taxonomy":"category","embeddable":true,"href":"https:\/\/conexion23.com\/index.php?rest_route=%2Fwp%2Fv2%2Fcategories&post=47801"},{"taxonomy":"post_tag","embeddable":true,"href":"https:\/\/conexion23.com\/index.php?rest_route=%2Fwp%2Fv2%2Ftags&post=47801"}],"curies":[{"name":"wp","href":"https:\/\/api.w.org\/{rel}","templated":true}]}}