{"id":47819,"date":"2025-11-04T07:42:30","date_gmt":"2025-11-04T11:42:30","guid":{"rendered":"https:\/\/conexion23.com\/?p=47819"},"modified":"2025-11-04T07:42:30","modified_gmt":"2025-11-04T11:42:30","slug":"120000-evacuados-y-45282-viviendas-afectadas-en-cuba-tras-el-paso-de-melissa","status":"publish","type":"post","link":"https:\/\/conexion23.com\/?p=47819","title":{"rendered":"120,000 evacuados y 45,282 viviendas afectadas en Cuba tras el paso de Melissa"},"content":{"rendered":"<p style=\"text-align: justify;\">Unas\u00a0<strong>120,000 personas<\/strong>\u00a0permanecen\u00a0<strong>protegidas<\/strong>\u00a0en centros de evacuaci\u00f3n o en casas de familiares en\u00a0<strong>Cuba<\/strong>\u00a0tras el paso del potente hurac\u00e1n\u00a0<strong>Melissa<\/strong>\u00a0el pasado mi\u00e9rcoles por el este de la isla, seg\u00fan datos\u00a0<strong>preliminares difundidos<\/strong>\u00a0este lunes por la Presidencia del pa\u00eds.<\/p>\n<p style=\"text-align: justify;\">El dato trascendi\u00f3 en una reuni\u00f3n del\u00a0<strong>Consejo de Defensa Nacional<\/strong>, el m\u00e1ximo \u00f3rgano de\u00a0<strong>gesti\u00f3n de crisis<\/strong>\u00a0y desastres, que est\u00e1 presidido por el presidente del pa\u00eds,\u00a0<strong>Miguel D\u00edaz-Canel<\/strong>, y se cita diariamente estos d\u00edas.<\/p>\n<p style=\"text-align: justify;\"><strong>Melissa<\/strong>\u00a0cruz\u00f3 el pasado mi\u00e9rcoles durante siete horas el extremo oriental de Cuba como un hurac\u00e1n de categor\u00eda 3 (de 5) en la escala Saffir-Simpson, con vientos de hasta 200 kil\u00f3metros por hora y lluvias que dejaron\u00a0<strong>acumulados de hasta 400 mil\u00edmetros\u00a0<\/strong>(o litros por metro cuadrado).<\/p>\n","protected":false},"excerpt":{"rendered":"<p>Unas\u00a0120,000 personas\u00a0permanecen\u00a0protegidas\u00a0en centros de evacuaci\u00f3n o en casas de familiares en\u00a0Cuba\u00a0tras el paso del potente hurac\u00e1n\u00a0Melissa\u00a0el pasado mi\u00e9rcoles por el este de la isla, seg\u00fan datos\u00a0preliminares difundidos\u00a0este lunes por la Presidencia del pa\u00eds. El dato trascendi\u00f3 en una reuni\u00f3n del\u00a0Consejo de Defensa Nacional, el m\u00e1ximo \u00f3rgano de\u00a0gesti\u00f3n de crisis\u00a0y desastres, que est\u00e1 presidido por el [&hellip;]<\/p>\n","protected":false},"author":15,"featured_media":47820,"comment_status":"open","ping_status":"open","sticky":false,"template":"","format":"standard","meta":{"footnotes":""},"categories":[3881],"tags":[],"class_list":["post-47819","post","type-post","status-publish","format-standard","has-post-thumbnail","category-internacionales"],"yoast_head":"<!-- This site is optimized with the Yoast SEO plugin v27.6 - https:\/\/yoast.com\/product\/yoast-seo-wordpress\/ -->\n<title>120,000 evacuados y 45,282 viviendas afectadas en Cuba tras el paso de Melissa - Conexi\u00f3n 23<\/title>\n<meta name=\"robots\" content=\"index, follow, max-snippet:-1, max-image-preview:large, max-video-preview:-1\" \/>\n<link rel=\"canonical\" href=\"https:\/\/conexion23.com\/?p=47819\" \/>\n<meta property=\"og:locale\" content=\"es_ES\" \/>\n<meta property=\"og:type\" content=\"article\" \/>\n<meta property=\"og:title\" content=\"120,000 evacuados y 45,282 viviendas afectadas en Cuba tras el paso de Melissa - Conexi\u00f3n 23\" \/>\n<meta property=\"og:description\" content=\"Unas\u00a0120,000 personas\u00a0permanecen\u00a0protegidas\u00a0en centros de evacuaci\u00f3n o en casas de familiares en\u00a0Cuba\u00a0tras el paso del potente hurac\u00e1n\u00a0Melissa\u00a0el pasado mi\u00e9rcoles por el este de la isla, seg\u00fan datos\u00a0preliminares difundidos\u00a0este lunes por la Presidencia del pa\u00eds. El dato trascendi\u00f3 en una reuni\u00f3n del\u00a0Consejo de Defensa Nacional, el m\u00e1ximo \u00f3rgano de\u00a0gesti\u00f3n de crisis\u00a0y desastres, que est\u00e1 presidido por el [&hellip;]\" \/>\n<meta property=\"og:url\" content=\"https:\/\/conexion23.com\/?p=47819\" \/>\n<meta property=\"og:site_name\" content=\"Conexi\u00f3n 23\" \/>\n<meta property=\"article:publisher\" content=\"https:\/\/www.facebook.com\/conexion23com\" \/>\n<meta property=\"article:published_time\" content=\"2025-11-04T11:42:30+00:00\" \/>\n<meta property=\"og:image\" content=\"https:\/\/conexion23.com\/wp-content\/uploads\/2025\/11\/images-1.jpg\" \/>\n\t<meta property=\"og:image:width\" content=\"299\" \/>\n\t<meta property=\"og:image:height\" content=\"168\" \/>\n\t<meta property=\"og:image:type\" content=\"image\/jpeg\" \/>\n<meta name=\"author\" content=\"Raffy Ben\u00edtez\" \/>\n<meta name=\"twitter:card\" content=\"summary_large_image\" \/>\n<meta name=\"twitter:label1\" content=\"Escrito por\" \/>\n\t<meta name=\"twitter:data1\" content=\"Raffy Ben\u00edtez\" \/>\n\t<meta name=\"twitter:label2\" content=\"Tiempo de lectura\" \/>\n\t<meta name=\"twitter:data2\" content=\"1 minuto\" \/>\n<script type=\"application\/ld+json\" class=\"yoast-schema-graph\">{\"@context\":\"https:\\\/\\\/schema.org\",\"@graph\":[{\"@type\":\"Article\",\"@id\":\"https:\\\/\\\/conexion23.com\\\/?p=47819#article\",\"isPartOf\":{\"@id\":\"https:\\\/\\\/conexion23.com\\\/?p=47819\"},\"author\":{\"name\":\"Raffy Ben\u00edtez\",\"@id\":\"https:\\\/\\\/conexion23.com\\\/#\\\/schema\\\/person\\\/03e36043331117e97a373299bbcd30a6\"},\"headline\":\"120,000 evacuados y 45,282 viviendas afectadas en Cuba tras el paso de Melissa\",\"datePublished\":\"2025-11-04T11:42:30+00:00\",\"mainEntityOfPage\":{\"@id\":\"https:\\\/\\\/conexion23.com\\\/?p=47819\"},\"wordCount\":148,\"commentCount\":0,\"publisher\":{\"@id\":\"https:\\\/\\\/conexion23.com\\\/#organization\"},\"image\":{\"@id\":\"https:\\\/\\\/conexion23.com\\\/?p=47819#primaryimage\"},\"thumbnailUrl\":\"https:\\\/\\\/conexion23.com\\\/wp-content\\\/uploads\\\/2025\\\/11\\\/images-1.jpg\",\"articleSection\":[\"Internacionales\"],\"inLanguage\":\"es\",\"potentialAction\":[{\"@type\":\"CommentAction\",\"name\":\"Comment\",\"target\":[\"https:\\\/\\\/conexion23.com\\\/?p=47819#respond\"]}]},{\"@type\":\"WebPage\",\"@id\":\"https:\\\/\\\/conexion23.com\\\/?p=47819\",\"url\":\"https:\\\/\\\/conexion23.com\\\/?p=47819\",\"name\":\"120,000 evacuados y 45,282 viviendas afectadas en Cuba tras el paso de Melissa - Conexi\u00f3n 23\",\"isPartOf\":{\"@id\":\"https:\\\/\\\/conexion23.com\\\/#website\"},\"primaryImageOfPage\":{\"@id\":\"https:\\\/\\\/conexion23.com\\\/?p=47819#primaryimage\"},\"image\":{\"@id\":\"https:\\\/\\\/conexion23.com\\\/?p=47819#primaryimage\"},\"thumbnailUrl\":\"https:\\\/\\\/conexion23.com\\\/wp-content\\\/uploads\\\/2025\\\/11\\\/images-1.jpg\",\"datePublished\":\"2025-11-04T11:42:30+00:00\",\"breadcrumb\":{\"@id\":\"https:\\\/\\\/conexion23.com\\\/?p=47819#breadcrumb\"},\"inLanguage\":\"es\",\"potentialAction\":[{\"@type\":\"ReadAction\",\"target\":[\"https:\\\/\\\/conexion23.com\\\/?p=47819\"]}]},{\"@type\":\"ImageObject\",\"inLanguage\":\"es\",\"@id\":\"https:\\\/\\\/conexion23.com\\\/?p=47819#primaryimage\",\"url\":\"https:\\\/\\\/conexion23.com\\\/wp-content\\\/uploads\\\/2025\\\/11\\\/images-1.jpg\",\"contentUrl\":\"https:\\\/\\\/conexion23.com\\\/wp-content\\\/uploads\\\/2025\\\/11\\\/images-1.jpg\",\"width\":299,\"height\":168},{\"@type\":\"BreadcrumbList\",\"@id\":\"https:\\\/\\\/conexion23.com\\\/?p=47819#breadcrumb\",\"itemListElement\":[{\"@type\":\"ListItem\",\"position\":1,\"name\":\"Portada\",\"item\":\"https:\\\/\\\/conexion23.com\\\/\"},{\"@type\":\"ListItem\",\"position\":2,\"name\":\"120,000 evacuados y 45,282 viviendas afectadas en Cuba tras el paso de Melissa\"}]},{\"@type\":\"WebSite\",\"@id\":\"https:\\\/\\\/conexion23.com\\\/#website\",\"url\":\"https:\\\/\\\/conexion23.com\\\/\",\"name\":\"Conexi\u00f3n 23\",\"description\":\"Peri\u00f3dico 100% Petromacorisano\",\"publisher\":{\"@id\":\"https:\\\/\\\/conexion23.com\\\/#organization\"},\"potentialAction\":[{\"@type\":\"SearchAction\",\"target\":{\"@type\":\"EntryPoint\",\"urlTemplate\":\"https:\\\/\\\/conexion23.com\\\/?s={search_term_string}\"},\"query-input\":{\"@type\":\"PropertyValueSpecification\",\"valueRequired\":true,\"valueName\":\"search_term_string\"}}],\"inLanguage\":\"es\"},{\"@type\":\"Organization\",\"@id\":\"https:\\\/\\\/conexion23.com\\\/#organization\",\"name\":\"Conexion 23\",\"url\":\"https:\\\/\\\/conexion23.com\\\/\",\"logo\":{\"@type\":\"ImageObject\",\"inLanguage\":\"es\",\"@id\":\"https:\\\/\\\/conexion23.com\\\/#\\\/schema\\\/logo\\\/image\\\/\",\"url\":\"https:\\\/\\\/conexion23.com\\\/wp-content\\\/uploads\\\/2021\\\/11\\\/Diseno-sin-titulo-2.png\",\"contentUrl\":\"https:\\\/\\\/conexion23.com\\\/wp-content\\\/uploads\\\/2021\\\/11\\\/Diseno-sin-titulo-2.png\",\"width\":541,\"height\":90,\"caption\":\"Conexion 23\"},\"image\":{\"@id\":\"https:\\\/\\\/conexion23.com\\\/#\\\/schema\\\/logo\\\/image\\\/\"},\"sameAs\":[\"https:\\\/\\\/www.facebook.com\\\/conexion23com\",\"https:\\\/\\\/www.instagram.com\\\/conexion23com\\\/\",\"https:\\\/\\\/www.youtube.com\\\/channel\\\/UCYc7vxxFZMYLIHNsHHxPZ3Q\"]},{\"@type\":\"Person\",\"@id\":\"https:\\\/\\\/conexion23.com\\\/#\\\/schema\\\/person\\\/03e36043331117e97a373299bbcd30a6\",\"name\":\"Raffy Ben\u00edtez\",\"image\":{\"@type\":\"ImageObject\",\"inLanguage\":\"es\",\"@id\":\"https:\\\/\\\/secure.gravatar.com\\\/avatar\\\/3190a6a6c5e1b0327500f7d6c56b6242472ee6cb974cf09b401ee6b3b0798f23?s=96&d=mm&r=g\",\"url\":\"https:\\\/\\\/secure.gravatar.com\\\/avatar\\\/3190a6a6c5e1b0327500f7d6c56b6242472ee6cb974cf09b401ee6b3b0798f23?s=96&d=mm&r=g\",\"contentUrl\":\"https:\\\/\\\/secure.gravatar.com\\\/avatar\\\/3190a6a6c5e1b0327500f7d6c56b6242472ee6cb974cf09b401ee6b3b0798f23?s=96&d=mm&r=g\",\"caption\":\"Raffy Ben\u00edtez\"},\"url\":\"https:\\\/\\\/conexion23.com\\\/?author=15\"}]}<\/script>\n<!-- \/ Yoast SEO plugin. -->","yoast_head_json":{"title":"120,000 evacuados y 45,282 viviendas afectadas en Cuba tras el paso de Melissa - Conexi\u00f3n 23","robots":{"index":"index","follow":"follow","max-snippet":"max-snippet:-1","max-image-preview":"max-image-preview:large","max-video-preview":"max-video-preview:-1"},"canonical":"https:\/\/conexion23.com\/?p=47819","og_locale":"es_ES","og_type":"article","og_title":"120,000 evacuados y 45,282 viviendas afectadas en Cuba tras el paso de Melissa - Conexi\u00f3n 23","og_description":"Unas\u00a0120,000 personas\u00a0permanecen\u00a0protegidas\u00a0en centros de evacuaci\u00f3n o en casas de familiares en\u00a0Cuba\u00a0tras el paso del potente hurac\u00e1n\u00a0Melissa\u00a0el pasado mi\u00e9rcoles por el este de la isla, seg\u00fan datos\u00a0preliminares difundidos\u00a0este lunes por la Presidencia del pa\u00eds. El dato trascendi\u00f3 en una reuni\u00f3n del\u00a0Consejo de Defensa Nacional, el m\u00e1ximo \u00f3rgano de\u00a0gesti\u00f3n de crisis\u00a0y desastres, que est\u00e1 presidido por el [&hellip;]","og_url":"https:\/\/conexion23.com\/?p=47819","og_site_name":"Conexi\u00f3n 23","article_publisher":"https:\/\/www.facebook.com\/conexion23com","article_published_time":"2025-11-04T11:42:30+00:00","og_image":[{"width":299,"height":168,"url":"https:\/\/conexion23.com\/wp-content\/uploads\/2025\/11\/images-1.jpg","type":"image\/jpeg"}],"author":"Raffy Ben\u00edtez","twitter_card":"summary_large_image","twitter_misc":{"Escrito por":"Raffy Ben\u00edtez","Tiempo de lectura":"1 minuto"},"schema":{"@context":"https:\/\/schema.org","@graph":[{"@type":"Article","@id":"https:\/\/conexion23.com\/?p=47819#article","isPartOf":{"@id":"https:\/\/conexion23.com\/?p=47819"},"author":{"name":"Raffy Ben\u00edtez","@id":"https:\/\/conexion23.com\/#\/schema\/person\/03e36043331117e97a373299bbcd30a6"},"headline":"120,000 evacuados y 45,282 viviendas afectadas en Cuba tras el paso de Melissa","datePublished":"2025-11-04T11:42:30+00:00","mainEntityOfPage":{"@id":"https:\/\/conexion23.com\/?p=47819"},"wordCount":148,"commentCount":0,"publisher":{"@id":"https:\/\/conexion23.com\/#organization"},"image":{"@id":"https:\/\/conexion23.com\/?p=47819#primaryimage"},"thumbnailUrl":"https:\/\/conexion23.com\/wp-content\/uploads\/2025\/11\/images-1.jpg","articleSection":["Internacionales"],"inLanguage":"es","potentialAction":[{"@type":"CommentAction","name":"Comment","target":["https:\/\/conexion23.com\/?p=47819#respond"]}]},{"@type":"WebPage","@id":"https:\/\/conexion23.com\/?p=47819","url":"https:\/\/conexion23.com\/?p=47819","name":"120,000 evacuados y 45,282 viviendas afectadas en Cuba tras el paso de Melissa - Conexi\u00f3n 23","isPartOf":{"@id":"https:\/\/conexion23.com\/#website"},"primaryImageOfPage":{"@id":"https:\/\/conexion23.com\/?p=47819#primaryimage"},"image":{"@id":"https:\/\/conexion23.com\/?p=47819#primaryimage"},"thumbnailUrl":"https:\/\/conexion23.com\/wp-content\/uploads\/2025\/11\/images-1.jpg","datePublished":"2025-11-04T11:42:30+00:00","breadcrumb":{"@id":"https:\/\/conexion23.com\/?p=47819#breadcrumb"},"inLanguage":"es","potentialAction":[{"@type":"ReadAction","target":["https:\/\/conexion23.com\/?p=47819"]}]},{"@type":"ImageObject","inLanguage":"es","@id":"https:\/\/conexion23.com\/?p=47819#primaryimage","url":"https:\/\/conexion23.com\/wp-content\/uploads\/2025\/11\/images-1.jpg","contentUrl":"https:\/\/conexion23.com\/wp-content\/uploads\/2025\/11\/images-1.jpg","width":299,"height":168},{"@type":"BreadcrumbList","@id":"https:\/\/conexion23.com\/?p=47819#breadcrumb","itemListElement":[{"@type":"ListItem","position":1,"name":"Portada","item":"https:\/\/conexion23.com\/"},{"@type":"ListItem","position":2,"name":"120,000 evacuados y 45,282 viviendas afectadas en Cuba tras el paso de Melissa"}]},{"@type":"WebSite","@id":"https:\/\/conexion23.com\/#website","url":"https:\/\/conexion23.com\/","name":"Conexi\u00f3n 23","description":"Peri\u00f3dico 100% Petromacorisano","publisher":{"@id":"https:\/\/conexion23.com\/#organization"},"potentialAction":[{"@type":"SearchAction","target":{"@type":"EntryPoint","urlTemplate":"https:\/\/conexion23.com\/?s={search_term_string}"},"query-input":{"@type":"PropertyValueSpecification","valueRequired":true,"valueName":"search_term_string"}}],"inLanguage":"es"},{"@type":"Organization","@id":"https:\/\/conexion23.com\/#organization","name":"Conexion 23","url":"https:\/\/conexion23.com\/","logo":{"@type":"ImageObject","inLanguage":"es","@id":"https:\/\/conexion23.com\/#\/schema\/logo\/image\/","url":"https:\/\/conexion23.com\/wp-content\/uploads\/2021\/11\/Diseno-sin-titulo-2.png","contentUrl":"https:\/\/conexion23.com\/wp-content\/uploads\/2021\/11\/Diseno-sin-titulo-2.png","width":541,"height":90,"caption":"Conexion 23"},"image":{"@id":"https:\/\/conexion23.com\/#\/schema\/logo\/image\/"},"sameAs":["https:\/\/www.facebook.com\/conexion23com","https:\/\/www.instagram.com\/conexion23com\/","https:\/\/www.youtube.com\/channel\/UCYc7vxxFZMYLIHNsHHxPZ3Q"]},{"@type":"Person","@id":"https:\/\/conexion23.com\/#\/schema\/person\/03e36043331117e97a373299bbcd30a6","name":"Raffy Ben\u00edtez","image":{"@type":"ImageObject","inLanguage":"es","@id":"https:\/\/secure.gravatar.com\/avatar\/3190a6a6c5e1b0327500f7d6c56b6242472ee6cb974cf09b401ee6b3b0798f23?s=96&d=mm&r=g","url":"https:\/\/secure.gravatar.com\/avatar\/3190a6a6c5e1b0327500f7d6c56b6242472ee6cb974cf09b401ee6b3b0798f23?s=96&d=mm&r=g","contentUrl":"https:\/\/secure.gravatar.com\/avatar\/3190a6a6c5e1b0327500f7d6c56b6242472ee6cb974cf09b401ee6b3b0798f23?s=96&d=mm&r=g","caption":"Raffy Ben\u00edtez"},"url":"https:\/\/conexion23.com\/?author=15"}]}},"_links":{"self":[{"href":"https:\/\/conexion23.com\/index.php?rest_route=\/wp\/v2\/posts\/47819","targetHints":{"allow":["GET"]}}],"collection":[{"href":"https:\/\/conexion23.com\/index.php?rest_route=\/wp\/v2\/posts"}],"about":[{"href":"https:\/\/conexion23.com\/index.php?rest_route=\/wp\/v2\/types\/post"}],"author":[{"embeddable":true,"href":"https:\/\/conexion23.com\/index.php?rest_route=\/wp\/v2\/users\/15"}],"replies":[{"embeddable":true,"href":"https:\/\/conexion23.com\/index.php?rest_route=%2Fwp%2Fv2%2Fcomments&post=47819"}],"version-history":[{"count":1,"href":"https:\/\/conexion23.com\/index.php?rest_route=\/wp\/v2\/posts\/47819\/revisions"}],"predecessor-version":[{"id":47821,"href":"https:\/\/conexion23.com\/index.php?rest_route=\/wp\/v2\/posts\/47819\/revisions\/47821"}],"wp:featuredmedia":[{"embeddable":true,"href":"https:\/\/conexion23.com\/index.php?rest_route=\/wp\/v2\/media\/47820"}],"wp:attachment":[{"href":"https:\/\/conexion23.com\/index.php?rest_route=%2Fwp%2Fv2%2Fmedia&parent=47819"}],"wp:term":[{"taxonomy":"category","embeddable":true,"href":"https:\/\/conexion23.com\/index.php?rest_route=%2Fwp%2Fv2%2Fcategories&post=47819"},{"taxonomy":"post_tag","embeddable":true,"href":"https:\/\/conexion23.com\/index.php?rest_route=%2Fwp%2Fv2%2Ftags&post=47819"}],"curies":[{"name":"wp","href":"https:\/\/api.w.org\/{rel}","templated":true}]}}