{"id":47892,"date":"2025-11-05T08:21:06","date_gmt":"2025-11-05T12:21:06","guid":{"rendered":"https:\/\/conexion23.com\/?p=47892"},"modified":"2025-11-05T08:21:06","modified_gmt":"2025-11-05T12:21:06","slug":"muere-dick-cheney-el-influyente-vicepresidente-republicano-de-george-w-bush","status":"publish","type":"post","link":"https:\/\/conexion23.com\/?p=47892","title":{"rendered":"Muere Dick Cheney, el influyente vicepresidente republicano de George W. Bush"},"content":{"rendered":"<p class=\"paragraph inline-placeholder vossi-paragraph\" style=\"text-align: justify;\" data-uri=\"es.cms.cnn.com\/_components\/paragraph\/instances\/cmhkheaj9003k26qpc8kb3k00@published\" data-editable=\"text\" data-component-name=\"paragraph\" data-article-gutter=\"true\" data-analytics-observe=\"on\"><span style=\"color: #000000;\">Dick Cheney, el vicepresidente m\u00e1s poderoso de la era moderna estadounidense y principal art\u00edfice de la \u201cguerra contra el terrorismo\u201d \u2014quien contribuy\u00f3 a que el pa\u00eds se involucrara en la desastrosa invasi\u00f3n de Iraq bas\u00e1ndose en premisas err\u00f3neas\u2014 muri\u00f3, seg\u00fan un comunicado de su familia. Ten\u00eda 84 a\u00f1os.<\/span><\/p>\n<div class=\"related-content related-content--article\" style=\"text-align: justify;\" data-uri=\"es.cms.cnn.com\/_components\/related-content\/instances\/cmhkm8mou002z3b6izwtjp8x8@published\" data-component-name=\"related-content\" data-article-gutter=\"true\" data-analytics-observe=\"on\">\n<p class=\"related-content__headline\"><span style=\"color: #000000;\"><span class=\"related-content__title-text\" data-editable=\"content.title\">Art\u00edculo relacionado<\/span><span class=\"related-content__headline-text\" data-editable=\"content.headline\">\u00bfQui\u00e9n fue Dick Cheney, el llamado art\u00edfice de la \u201cguerra contra el terrorismo\u201d y poderoso exvicepresidente de EE.UU.?<\/span><\/span><\/p>\n<\/div>\n<p class=\"paragraph inline-placeholder vossi-paragraph\" style=\"text-align: justify;\" data-uri=\"es.cms.cnn.com\/_components\/paragraph\/instances\/cmhklcfic00043b6izu80cb0h@published\" data-editable=\"text\" data-component-name=\"paragraph\" data-article-gutter=\"true\" data-analytics-observe=\"on\"><span style=\"color: #000000;\">\u201cSu amada esposa Lynne, con quien comparti\u00f3 61 a\u00f1os de matrimonio, sus hijas Liz y Mary, y otros familiares lo acompa\u00f1aron en sus \u00faltimos momentos\u201d, expres\u00f3 la familia, a\u00f1adiendo que falleci\u00f3 debido a complicaciones derivadas de una neumon\u00eda y una enfermedad cardiovascular.<\/span><\/p>\n<p class=\"paragraph inline-placeholder vossi-paragraph\" style=\"text-align: justify;\" data-uri=\"es.cms.cnn.com\/_components\/paragraph\/instances\/cmhkhl2j90000356kw113m5nv@published\" data-editable=\"text\" data-component-name=\"paragraph\" data-article-gutter=\"true\" data-analytics-observe=\"on\"><span style=\"color: #000000;\">El cuadrag\u00e9simo sexto vicepresidente, quien sirvi\u00f3 junto al presidente republicano George W. Bush durante dos mandatos entre 2001 y 2009, fue durante d\u00e9cadas una figura influyente y controvertida en Washington.<\/span><\/p>\n<p class=\"paragraph inline-placeholder vossi-paragraph\" style=\"text-align: justify;\" data-uri=\"es.cms.cnn.com\/_components\/paragraph\/instances\/cmhki2euu0001356nlgc5r5ad@published\" data-editable=\"text\" data-component-name=\"paragraph\" data-article-gutter=\"true\" data-analytics-observe=\"on\"><span style=\"color: #000000;\">Sin embargo, en sus \u00faltimos a\u00f1os, Cheney, a\u00fan un conservador de l\u00ednea dura, fue pr\u00e1cticamente marginado de su partido debido a sus intensas\u00a0<a style=\"color: #000000;\" href=\"https:\/\/nam11.safelinks.protection.outlook.com\/?url=https%3A%2F%2Fwww.cnn.com%2F2022%2F08%2F09%2Fmedia%2Fliz-cheney-fox-news-ad-spots%2Findex.html%23%3A~%3Atext%3DThe%2520ad%2520shows%2520Dick%2520Cheney%2Cattack%2520on%2520the%2520US%2520Capitol.&amp;data=05%7C02%7Clauren.chadwick%40cnn.com%7Cf2ec01bb518c4eb9314808de05c9c5a6%7C0eb48825e8714459bc72d0ecd68f1f39%7C0%7C0%7C638954561325672952%7CUnknown%7CTWFpbGZsb3d8eyJFbXB0eU1hcGkiOnRydWUsIlYiOiIwLjAuMDAwMCIsIlAiOiJXaW4zMiIsIkFOIjoiTWFpbCIsIldUIjoyfQ%3D%3D%7C0%7C%7C%7C&amp;sdata=O6gFsyrfGCzhfTc45rasKSPQNp0caoYdhSBJSA7xMX4%3D&amp;reserved=0\" target=\"_blank\" rel=\"noopener noreferrer\">cr\u00edticas al presidente Donald Trump,<\/a>\u00a0a quien tild\u00f3 de \u201ccobarde\u201d y la mayor amenaza que jam\u00e1s haya enfrentado la rep\u00fablica.<\/span><\/p>\n<p class=\"paragraph inline-placeholder vossi-paragraph\" style=\"text-align: justify;\" data-uri=\"es.cms.cnn.com\/_components\/paragraph\/instances\/cmhkhow4d0004356kve7wf206@published\" data-editable=\"text\" data-component-name=\"paragraph\" data-article-gutter=\"true\" data-analytics-observe=\"on\"><span style=\"color: #000000;\">En un ir\u00f3nico ep\u00edlogo a una brillante carrera pol\u00edtica, emiti\u00f3 su \u00faltimo voto en las elecciones presidenciales de 2024 por una dem\u00f3crata liberal, y tambi\u00e9n miembro del club de los vicepresidentes, Kamala Harris, reflejando as\u00ed c\u00f3mo el Partido Republicano populista se hab\u00eda vuelto en contra de su conservadurismo tradicional.<\/span><\/p>\n<p class=\"paragraph inline-placeholder vossi-paragraph\" style=\"text-align: justify;\" data-uri=\"es.cms.cnn.com\/_components\/paragraph\/instances\/cmhkhow4d0005356ka4ut6muu@published\" data-editable=\"text\" data-component-name=\"paragraph\" data-article-gutter=\"true\" data-analytics-observe=\"on\"><span style=\"color: #000000;\">Cheney padeci\u00f3 enfermedades cardiovasculares durante la mayor parte de su vida adulta, sobreviviendo a una serie de ataques card\u00edacos, para luego llevar una vida plena y vigorosa, y vivi\u00f3 muchos a\u00f1os jubilado despu\u00e9s de un\u00a0<a style=\"color: #000000;\" href=\"https:\/\/nam11.safelinks.protection.outlook.com\/?url=https%3A%2F%2Fwww.cnn.com%2F2012%2F03%2F24%2Fpolitics%2Fcheney-transplant-surgery%2Findex.html&amp;data=05%7C02%7Clauren.chadwick%40cnn.com%7Cf2ec01bb518c4eb9314808de05c9c5a6%7C0eb48825e8714459bc72d0ecd68f1f39%7C0%7C0%7C638954561325699344%7CUnknown%7CTWFpbGZsb3d8eyJFbXB0eU1hcGkiOnRydWUsIlYiOiIwLjAuMDAwMCIsIlAiOiJXaW4zMiIsIkFOIjoiTWFpbCIsIldUIjoyfQ%3D%3D%7C0%7C%7C%7C&amp;sdata=zNUbftCBwViF57tdlvAHN4GTad1QNTi98uoxJzbxpk4%3D&amp;reserved=0\" target=\"_blank\" rel=\"noopener\">trasplante de coraz\u00f3n en 2012<\/a> que \u00e9l mismo calific\u00f3 en una entrevista de 2014 como \u201cel regalo de la vida misma\u201d.<\/span><\/p>\n<p class=\"paragraph inline-placeholder vossi-paragraph\" style=\"text-align: justify;\" data-uri=\"es.cms.cnn.com\/_components\/paragraph\/instances\/cmhkhow4d0006356kh09h1pvb@published\" data-editable=\"text\" data-component-name=\"paragraph\" data-article-gutter=\"true\" data-analytics-observe=\"on\"><span style=\"color: #000000;\">Cheney, un sarc\u00e1stico exrepresentante de Wyoming, ex secretario general de la Casa Blanca y exsecretario de Defensa, disfrutaba de una lucrativa carrera en el mundo empresarial cuando George W. Bush le encomend\u00f3 la tarea de evaluar a los posibles candidatos a la vicepresidencia.<\/span><\/p>\n<p class=\"paragraph inline-placeholder vossi-paragraph\" style=\"text-align: justify;\" data-uri=\"es.cms.cnn.com\/_components\/paragraph\/instances\/cmhki50yd0003356nqw7yt97o@published\" data-editable=\"text\" data-component-name=\"paragraph\" data-article-gutter=\"true\" data-analytics-observe=\"on\"><span style=\"color: #000000;\">La misi\u00f3n culmin\u00f3 con el propio Cheney jurando el cargo como un experimentado n\u00famero dos de un inexperto presidente que lleg\u00f3 al Despacho Oval tras unas elecciones disputadas.<\/span><\/p>\n<p class=\"paragraph inline-placeholder vossi-paragraph\" style=\"text-align: justify;\" data-uri=\"es.cms.cnn.com\/_components\/paragraph\/instances\/cmhkhow4d0007356k06hjszty@published\" data-editable=\"text\" data-component-name=\"paragraph\" data-article-gutter=\"true\" data-analytics-observe=\"on\"><span style=\"color: #000000;\">Si bien las caricaturas de Cheney como el verdadero presidente no reflejan con exactitud la verdadera din\u00e1mica del c\u00edrculo \u00edntimo de Bush, \u00e9l disfrutaba de la enorme influencia que ejerc\u00eda entre bastidores.<\/span><\/p>\n<h2 id=\"su-familia-le-dice-adios\" class=\"subheader inline-placeholder subheader vossi-subheader vossi-subheader--size-h2\" style=\"text-align: justify;\" data-editable=\"text\" data-uri=\"es.cms.cnn.com\/_components\/subheader\/instances\/cmhkjei0a0020356n0cprwl8k@published\" data-component-name=\"subheader\" data-article-gutter=\"true\"><span style=\"color: #000000;\">Su familia le dice adi\u00f3s<\/span><\/h2>\n<p class=\"paragraph inline-placeholder vossi-paragraph\" style=\"text-align: justify;\" data-uri=\"es.cms.cnn.com\/_components\/paragraph\/instances\/cmhkje56l001t356nr23rqb7o@published\" data-editable=\"text\" data-component-name=\"paragraph\" data-article-gutter=\"true\" data-analytics-observe=\"off\"><span style=\"color: #000000;\">La familia de Cheney confirm\u00f3 su muerte a trav\u00e9s de un comunicado, que enumera los altos cargos que asumi\u00f3 en las esferas de poder pol\u00edtico del Estados Unidos: \u201cDurante d\u00e9cadas, Dick Cheney sirvi\u00f3 a nuestra naci\u00f3n, desempe\u00f1ando cargos como secretario general de la Casa Blanca, congresista por Wyoming, secretario de Defensa y vicepresidente de Estados Unidos\u201d.<\/span><\/p>\n<p class=\"paragraph inline-placeholder vossi-paragraph\" style=\"text-align: justify;\" data-uri=\"es.cms.cnn.com\/_components\/paragraph\/instances\/cmhkje56l001w356n1dxaqjuf@published\" data-editable=\"text\" data-component-name=\"paragraph\" data-article-gutter=\"true\" data-analytics-observe=\"off\"><span style=\"color: #000000;\">Y destaca tambi\u00e9n su faceta como hombre de familia, al mencionar que \u201cDick Cheney fue un gran hombre que inculc\u00f3 a sus hijos y nietos el amor por nuestro pa\u00eds y una vida de valent\u00eda, honor, amor, bondad y, sobre todo, de pesca con mosca\u201d.<\/span><\/p>\n<p class=\"paragraph inline-placeholder vossi-paragraph\" style=\"text-align: justify;\" data-uri=\"es.cms.cnn.com\/_components\/paragraph\/instances\/cmhkje56l001x356nt0mr9v4b@published\" data-editable=\"text\" data-component-name=\"paragraph\" data-article-gutter=\"true\" data-analytics-observe=\"off\"><span style=\"color: #000000;\">\u201cLe estamos profundamente agradecidos por todo lo que Dick Cheney hizo por nuestro pa\u00eds. Y nos sentimos inmensamente afortunados de haber amado y haber sido amados por este noble e imponente hombre\u201d, apunta su familia.<\/span><\/p>\n","protected":false},"excerpt":{"rendered":"<p>Dick Cheney, el vicepresidente m\u00e1s poderoso de la era moderna estadounidense y principal art\u00edfice de la \u201cguerra contra el terrorismo\u201d \u2014quien contribuy\u00f3 a que el pa\u00eds se involucrara en la desastrosa invasi\u00f3n de Iraq bas\u00e1ndose en premisas err\u00f3neas\u2014 muri\u00f3, seg\u00fan un comunicado de su familia. Ten\u00eda 84 a\u00f1os. Art\u00edculo relacionado\u00bfQui\u00e9n fue Dick Cheney, el llamado [&hellip;]<\/p>\n","protected":false},"author":15,"featured_media":47893,"comment_status":"open","ping_status":"open","sticky":false,"template":"","format":"standard","meta":{"footnotes":""},"categories":[3881],"tags":[],"class_list":["post-47892","post","type-post","status-publish","format-standard","has-post-thumbnail","category-internacionales"],"yoast_head":"<!-- This site is optimized with the Yoast SEO plugin v27.6 - https:\/\/yoast.com\/product\/yoast-seo-wordpress\/ -->\n<title>Muere Dick Cheney, el influyente vicepresidente republicano de George W. Bush - Conexi\u00f3n 23<\/title>\n<meta name=\"robots\" content=\"index, follow, max-snippet:-1, max-image-preview:large, max-video-preview:-1\" \/>\n<link rel=\"canonical\" href=\"https:\/\/conexion23.com\/?p=47892\" \/>\n<meta property=\"og:locale\" content=\"es_ES\" \/>\n<meta property=\"og:type\" content=\"article\" \/>\n<meta property=\"og:title\" content=\"Muere Dick Cheney, el influyente vicepresidente republicano de George W. Bush - Conexi\u00f3n 23\" \/>\n<meta property=\"og:description\" content=\"Dick Cheney, el vicepresidente m\u00e1s poderoso de la era moderna estadounidense y principal art\u00edfice de la \u201cguerra contra el terrorismo\u201d \u2014quien contribuy\u00f3 a que el pa\u00eds se involucrara en la desastrosa invasi\u00f3n de Iraq bas\u00e1ndose en premisas err\u00f3neas\u2014 muri\u00f3, seg\u00fan un comunicado de su familia. Ten\u00eda 84 a\u00f1os. Art\u00edculo relacionado\u00bfQui\u00e9n fue Dick Cheney, el llamado [&hellip;]\" \/>\n<meta property=\"og:url\" content=\"https:\/\/conexion23.com\/?p=47892\" \/>\n<meta property=\"og:site_name\" content=\"Conexi\u00f3n 23\" \/>\n<meta property=\"article:publisher\" content=\"https:\/\/www.facebook.com\/conexion23com\" \/>\n<meta property=\"article:published_time\" content=\"2025-11-05T12:21:06+00:00\" \/>\n<meta property=\"og:image\" content=\"https:\/\/conexion23.com\/wp-content\/uploads\/2025\/11\/ap081024014797-20251104112752845-750x375-1.jpg\" \/>\n\t<meta property=\"og:image:width\" content=\"750\" \/>\n\t<meta property=\"og:image:height\" content=\"375\" \/>\n\t<meta property=\"og:image:type\" content=\"image\/jpeg\" \/>\n<meta name=\"author\" content=\"Raffy Ben\u00edtez\" \/>\n<meta name=\"twitter:card\" content=\"summary_large_image\" \/>\n<meta name=\"twitter:label1\" content=\"Escrito por\" \/>\n\t<meta name=\"twitter:data1\" content=\"Raffy Ben\u00edtez\" \/>\n\t<meta name=\"twitter:label2\" content=\"Tiempo de lectura\" \/>\n\t<meta name=\"twitter:data2\" content=\"3 minutos\" \/>\n<script type=\"application\/ld+json\" class=\"yoast-schema-graph\">{\"@context\":\"https:\\\/\\\/schema.org\",\"@graph\":[{\"@type\":\"Article\",\"@id\":\"https:\\\/\\\/conexion23.com\\\/?p=47892#article\",\"isPartOf\":{\"@id\":\"https:\\\/\\\/conexion23.com\\\/?p=47892\"},\"author\":{\"name\":\"Raffy Ben\u00edtez\",\"@id\":\"https:\\\/\\\/conexion23.com\\\/#\\\/schema\\\/person\\\/03e36043331117e97a373299bbcd30a6\"},\"headline\":\"Muere Dick Cheney, el influyente vicepresidente republicano de George W. Bush\",\"datePublished\":\"2025-11-05T12:21:06+00:00\",\"mainEntityOfPage\":{\"@id\":\"https:\\\/\\\/conexion23.com\\\/?p=47892\"},\"wordCount\":589,\"commentCount\":0,\"publisher\":{\"@id\":\"https:\\\/\\\/conexion23.com\\\/#organization\"},\"image\":{\"@id\":\"https:\\\/\\\/conexion23.com\\\/?p=47892#primaryimage\"},\"thumbnailUrl\":\"https:\\\/\\\/conexion23.com\\\/wp-content\\\/uploads\\\/2025\\\/11\\\/ap081024014797-20251104112752845-750x375-1.jpg\",\"articleSection\":[\"Internacionales\"],\"inLanguage\":\"es\",\"potentialAction\":[{\"@type\":\"CommentAction\",\"name\":\"Comment\",\"target\":[\"https:\\\/\\\/conexion23.com\\\/?p=47892#respond\"]}]},{\"@type\":\"WebPage\",\"@id\":\"https:\\\/\\\/conexion23.com\\\/?p=47892\",\"url\":\"https:\\\/\\\/conexion23.com\\\/?p=47892\",\"name\":\"Muere Dick Cheney, el influyente vicepresidente republicano de George W. Bush - Conexi\u00f3n 23\",\"isPartOf\":{\"@id\":\"https:\\\/\\\/conexion23.com\\\/#website\"},\"primaryImageOfPage\":{\"@id\":\"https:\\\/\\\/conexion23.com\\\/?p=47892#primaryimage\"},\"image\":{\"@id\":\"https:\\\/\\\/conexion23.com\\\/?p=47892#primaryimage\"},\"thumbnailUrl\":\"https:\\\/\\\/conexion23.com\\\/wp-content\\\/uploads\\\/2025\\\/11\\\/ap081024014797-20251104112752845-750x375-1.jpg\",\"datePublished\":\"2025-11-05T12:21:06+00:00\",\"breadcrumb\":{\"@id\":\"https:\\\/\\\/conexion23.com\\\/?p=47892#breadcrumb\"},\"inLanguage\":\"es\",\"potentialAction\":[{\"@type\":\"ReadAction\",\"target\":[\"https:\\\/\\\/conexion23.com\\\/?p=47892\"]}]},{\"@type\":\"ImageObject\",\"inLanguage\":\"es\",\"@id\":\"https:\\\/\\\/conexion23.com\\\/?p=47892#primaryimage\",\"url\":\"https:\\\/\\\/conexion23.com\\\/wp-content\\\/uploads\\\/2025\\\/11\\\/ap081024014797-20251104112752845-750x375-1.jpg\",\"contentUrl\":\"https:\\\/\\\/conexion23.com\\\/wp-content\\\/uploads\\\/2025\\\/11\\\/ap081024014797-20251104112752845-750x375-1.jpg\",\"width\":750,\"height\":375},{\"@type\":\"BreadcrumbList\",\"@id\":\"https:\\\/\\\/conexion23.com\\\/?p=47892#breadcrumb\",\"itemListElement\":[{\"@type\":\"ListItem\",\"position\":1,\"name\":\"Portada\",\"item\":\"https:\\\/\\\/conexion23.com\\\/\"},{\"@type\":\"ListItem\",\"position\":2,\"name\":\"Muere Dick Cheney, el influyente vicepresidente republicano de George W. Bush\"}]},{\"@type\":\"WebSite\",\"@id\":\"https:\\\/\\\/conexion23.com\\\/#website\",\"url\":\"https:\\\/\\\/conexion23.com\\\/\",\"name\":\"Conexi\u00f3n 23\",\"description\":\"Peri\u00f3dico 100% Petromacorisano\",\"publisher\":{\"@id\":\"https:\\\/\\\/conexion23.com\\\/#organization\"},\"potentialAction\":[{\"@type\":\"SearchAction\",\"target\":{\"@type\":\"EntryPoint\",\"urlTemplate\":\"https:\\\/\\\/conexion23.com\\\/?s={search_term_string}\"},\"query-input\":{\"@type\":\"PropertyValueSpecification\",\"valueRequired\":true,\"valueName\":\"search_term_string\"}}],\"inLanguage\":\"es\"},{\"@type\":\"Organization\",\"@id\":\"https:\\\/\\\/conexion23.com\\\/#organization\",\"name\":\"Conexion 23\",\"url\":\"https:\\\/\\\/conexion23.com\\\/\",\"logo\":{\"@type\":\"ImageObject\",\"inLanguage\":\"es\",\"@id\":\"https:\\\/\\\/conexion23.com\\\/#\\\/schema\\\/logo\\\/image\\\/\",\"url\":\"https:\\\/\\\/conexion23.com\\\/wp-content\\\/uploads\\\/2021\\\/11\\\/Diseno-sin-titulo-2.png\",\"contentUrl\":\"https:\\\/\\\/conexion23.com\\\/wp-content\\\/uploads\\\/2021\\\/11\\\/Diseno-sin-titulo-2.png\",\"width\":541,\"height\":90,\"caption\":\"Conexion 23\"},\"image\":{\"@id\":\"https:\\\/\\\/conexion23.com\\\/#\\\/schema\\\/logo\\\/image\\\/\"},\"sameAs\":[\"https:\\\/\\\/www.facebook.com\\\/conexion23com\",\"https:\\\/\\\/www.instagram.com\\\/conexion23com\\\/\",\"https:\\\/\\\/www.youtube.com\\\/channel\\\/UCYc7vxxFZMYLIHNsHHxPZ3Q\"]},{\"@type\":\"Person\",\"@id\":\"https:\\\/\\\/conexion23.com\\\/#\\\/schema\\\/person\\\/03e36043331117e97a373299bbcd30a6\",\"name\":\"Raffy Ben\u00edtez\",\"image\":{\"@type\":\"ImageObject\",\"inLanguage\":\"es\",\"@id\":\"https:\\\/\\\/secure.gravatar.com\\\/avatar\\\/3190a6a6c5e1b0327500f7d6c56b6242472ee6cb974cf09b401ee6b3b0798f23?s=96&d=mm&r=g\",\"url\":\"https:\\\/\\\/secure.gravatar.com\\\/avatar\\\/3190a6a6c5e1b0327500f7d6c56b6242472ee6cb974cf09b401ee6b3b0798f23?s=96&d=mm&r=g\",\"contentUrl\":\"https:\\\/\\\/secure.gravatar.com\\\/avatar\\\/3190a6a6c5e1b0327500f7d6c56b6242472ee6cb974cf09b401ee6b3b0798f23?s=96&d=mm&r=g\",\"caption\":\"Raffy Ben\u00edtez\"},\"url\":\"https:\\\/\\\/conexion23.com\\\/?author=15\"}]}<\/script>\n<!-- \/ Yoast SEO plugin. -->","yoast_head_json":{"title":"Muere Dick Cheney, el influyente vicepresidente republicano de George W. Bush - Conexi\u00f3n 23","robots":{"index":"index","follow":"follow","max-snippet":"max-snippet:-1","max-image-preview":"max-image-preview:large","max-video-preview":"max-video-preview:-1"},"canonical":"https:\/\/conexion23.com\/?p=47892","og_locale":"es_ES","og_type":"article","og_title":"Muere Dick Cheney, el influyente vicepresidente republicano de George W. Bush - Conexi\u00f3n 23","og_description":"Dick Cheney, el vicepresidente m\u00e1s poderoso de la era moderna estadounidense y principal art\u00edfice de la \u201cguerra contra el terrorismo\u201d \u2014quien contribuy\u00f3 a que el pa\u00eds se involucrara en la desastrosa invasi\u00f3n de Iraq bas\u00e1ndose en premisas err\u00f3neas\u2014 muri\u00f3, seg\u00fan un comunicado de su familia. Ten\u00eda 84 a\u00f1os. Art\u00edculo relacionado\u00bfQui\u00e9n fue Dick Cheney, el llamado [&hellip;]","og_url":"https:\/\/conexion23.com\/?p=47892","og_site_name":"Conexi\u00f3n 23","article_publisher":"https:\/\/www.facebook.com\/conexion23com","article_published_time":"2025-11-05T12:21:06+00:00","og_image":[{"width":750,"height":375,"url":"https:\/\/conexion23.com\/wp-content\/uploads\/2025\/11\/ap081024014797-20251104112752845-750x375-1.jpg","type":"image\/jpeg"}],"author":"Raffy Ben\u00edtez","twitter_card":"summary_large_image","twitter_misc":{"Escrito por":"Raffy Ben\u00edtez","Tiempo de lectura":"3 minutos"},"schema":{"@context":"https:\/\/schema.org","@graph":[{"@type":"Article","@id":"https:\/\/conexion23.com\/?p=47892#article","isPartOf":{"@id":"https:\/\/conexion23.com\/?p=47892"},"author":{"name":"Raffy Ben\u00edtez","@id":"https:\/\/conexion23.com\/#\/schema\/person\/03e36043331117e97a373299bbcd30a6"},"headline":"Muere Dick Cheney, el influyente vicepresidente republicano de George W. Bush","datePublished":"2025-11-05T12:21:06+00:00","mainEntityOfPage":{"@id":"https:\/\/conexion23.com\/?p=47892"},"wordCount":589,"commentCount":0,"publisher":{"@id":"https:\/\/conexion23.com\/#organization"},"image":{"@id":"https:\/\/conexion23.com\/?p=47892#primaryimage"},"thumbnailUrl":"https:\/\/conexion23.com\/wp-content\/uploads\/2025\/11\/ap081024014797-20251104112752845-750x375-1.jpg","articleSection":["Internacionales"],"inLanguage":"es","potentialAction":[{"@type":"CommentAction","name":"Comment","target":["https:\/\/conexion23.com\/?p=47892#respond"]}]},{"@type":"WebPage","@id":"https:\/\/conexion23.com\/?p=47892","url":"https:\/\/conexion23.com\/?p=47892","name":"Muere Dick Cheney, el influyente vicepresidente republicano de George W. Bush - Conexi\u00f3n 23","isPartOf":{"@id":"https:\/\/conexion23.com\/#website"},"primaryImageOfPage":{"@id":"https:\/\/conexion23.com\/?p=47892#primaryimage"},"image":{"@id":"https:\/\/conexion23.com\/?p=47892#primaryimage"},"thumbnailUrl":"https:\/\/conexion23.com\/wp-content\/uploads\/2025\/11\/ap081024014797-20251104112752845-750x375-1.jpg","datePublished":"2025-11-05T12:21:06+00:00","breadcrumb":{"@id":"https:\/\/conexion23.com\/?p=47892#breadcrumb"},"inLanguage":"es","potentialAction":[{"@type":"ReadAction","target":["https:\/\/conexion23.com\/?p=47892"]}]},{"@type":"ImageObject","inLanguage":"es","@id":"https:\/\/conexion23.com\/?p=47892#primaryimage","url":"https:\/\/conexion23.com\/wp-content\/uploads\/2025\/11\/ap081024014797-20251104112752845-750x375-1.jpg","contentUrl":"https:\/\/conexion23.com\/wp-content\/uploads\/2025\/11\/ap081024014797-20251104112752845-750x375-1.jpg","width":750,"height":375},{"@type":"BreadcrumbList","@id":"https:\/\/conexion23.com\/?p=47892#breadcrumb","itemListElement":[{"@type":"ListItem","position":1,"name":"Portada","item":"https:\/\/conexion23.com\/"},{"@type":"ListItem","position":2,"name":"Muere Dick Cheney, el influyente vicepresidente republicano de George W. Bush"}]},{"@type":"WebSite","@id":"https:\/\/conexion23.com\/#website","url":"https:\/\/conexion23.com\/","name":"Conexi\u00f3n 23","description":"Peri\u00f3dico 100% Petromacorisano","publisher":{"@id":"https:\/\/conexion23.com\/#organization"},"potentialAction":[{"@type":"SearchAction","target":{"@type":"EntryPoint","urlTemplate":"https:\/\/conexion23.com\/?s={search_term_string}"},"query-input":{"@type":"PropertyValueSpecification","valueRequired":true,"valueName":"search_term_string"}}],"inLanguage":"es"},{"@type":"Organization","@id":"https:\/\/conexion23.com\/#organization","name":"Conexion 23","url":"https:\/\/conexion23.com\/","logo":{"@type":"ImageObject","inLanguage":"es","@id":"https:\/\/conexion23.com\/#\/schema\/logo\/image\/","url":"https:\/\/conexion23.com\/wp-content\/uploads\/2021\/11\/Diseno-sin-titulo-2.png","contentUrl":"https:\/\/conexion23.com\/wp-content\/uploads\/2021\/11\/Diseno-sin-titulo-2.png","width":541,"height":90,"caption":"Conexion 23"},"image":{"@id":"https:\/\/conexion23.com\/#\/schema\/logo\/image\/"},"sameAs":["https:\/\/www.facebook.com\/conexion23com","https:\/\/www.instagram.com\/conexion23com\/","https:\/\/www.youtube.com\/channel\/UCYc7vxxFZMYLIHNsHHxPZ3Q"]},{"@type":"Person","@id":"https:\/\/conexion23.com\/#\/schema\/person\/03e36043331117e97a373299bbcd30a6","name":"Raffy Ben\u00edtez","image":{"@type":"ImageObject","inLanguage":"es","@id":"https:\/\/secure.gravatar.com\/avatar\/3190a6a6c5e1b0327500f7d6c56b6242472ee6cb974cf09b401ee6b3b0798f23?s=96&d=mm&r=g","url":"https:\/\/secure.gravatar.com\/avatar\/3190a6a6c5e1b0327500f7d6c56b6242472ee6cb974cf09b401ee6b3b0798f23?s=96&d=mm&r=g","contentUrl":"https:\/\/secure.gravatar.com\/avatar\/3190a6a6c5e1b0327500f7d6c56b6242472ee6cb974cf09b401ee6b3b0798f23?s=96&d=mm&r=g","caption":"Raffy Ben\u00edtez"},"url":"https:\/\/conexion23.com\/?author=15"}]}},"_links":{"self":[{"href":"https:\/\/conexion23.com\/index.php?rest_route=\/wp\/v2\/posts\/47892","targetHints":{"allow":["GET"]}}],"collection":[{"href":"https:\/\/conexion23.com\/index.php?rest_route=\/wp\/v2\/posts"}],"about":[{"href":"https:\/\/conexion23.com\/index.php?rest_route=\/wp\/v2\/types\/post"}],"author":[{"embeddable":true,"href":"https:\/\/conexion23.com\/index.php?rest_route=\/wp\/v2\/users\/15"}],"replies":[{"embeddable":true,"href":"https:\/\/conexion23.com\/index.php?rest_route=%2Fwp%2Fv2%2Fcomments&post=47892"}],"version-history":[{"count":1,"href":"https:\/\/conexion23.com\/index.php?rest_route=\/wp\/v2\/posts\/47892\/revisions"}],"predecessor-version":[{"id":47894,"href":"https:\/\/conexion23.com\/index.php?rest_route=\/wp\/v2\/posts\/47892\/revisions\/47894"}],"wp:featuredmedia":[{"embeddable":true,"href":"https:\/\/conexion23.com\/index.php?rest_route=\/wp\/v2\/media\/47893"}],"wp:attachment":[{"href":"https:\/\/conexion23.com\/index.php?rest_route=%2Fwp%2Fv2%2Fmedia&parent=47892"}],"wp:term":[{"taxonomy":"category","embeddable":true,"href":"https:\/\/conexion23.com\/index.php?rest_route=%2Fwp%2Fv2%2Fcategories&post=47892"},{"taxonomy":"post_tag","embeddable":true,"href":"https:\/\/conexion23.com\/index.php?rest_route=%2Fwp%2Fv2%2Ftags&post=47892"}],"curies":[{"name":"wp","href":"https:\/\/api.w.org\/{rel}","templated":true}]}}