{"id":47995,"date":"2025-11-06T17:39:11","date_gmt":"2025-11-06T21:39:11","guid":{"rendered":"https:\/\/conexion23.com\/?p=47995"},"modified":"2025-11-06T17:39:11","modified_gmt":"2025-11-06T21:39:11","slug":"liberan-en-haiti-la-radiodifusora-y-exalcaldesa-apresada-en-rd-y-que-vinculan-con-las-bandas-haitianas","status":"publish","type":"post","link":"https:\/\/conexion23.com\/?p=47995","title":{"rendered":"Liberan en Hait\u00ed la radiodifusora y exalcaldesa apresada en RD y que vinculan con las bandas haitianas"},"content":{"rendered":"<p style=\"text-align: justify;\"><span dir=\"auto\">Arrestada el 10 de agosto de 2025 por las autoridades dominicanas al regresar de Canad\u00e1, la radiodifusora y exalcaldesa de Arcahaie, Rosemila Petit-Fr\u00e8re, fue entregada tres d\u00edas despu\u00e9s a las autoridades policiales haitianas del extremo Norte, en la frontera con la ciudad dominicana de Dajab\u00f3n.<\/span><\/p>\n<p style=\"text-align: justify;\"><span dir=\"auto\">En 72 horas, la exfuncionaria estatal fue trasladada a la Direcci\u00f3n Central de la Polic\u00eda Judicial (DCPJ), donde permanece detenida desde entonces.<\/span><\/p>\n<p style=\"text-align: justify;\"><span dir=\"auto\">Acusada de colusi\u00f3n con bandas armadas, incluida la coalici\u00f3n criminal \u00abViv ansanm\u00bb, de conspiraci\u00f3n contra la seguridad interna del Estado y de asociaci\u00f3n con delincuentes, la presidenta y directora general de Radio Televisi\u00f3n Monopole se present\u00f3 el martes en la Fiscal\u00eda de Puerto Pr\u00edncipe para ser interrogada.<\/span><\/p>\n<p style=\"text-align: justify;\"><span dir=\"auto\">Durante una sesi\u00f3n en la C\u00e1mara del Comisionado del Gobierno para esta jurisdicci\u00f3n,\u00a0 Fritz Patterson Dorval, la exalcaldesa de la Ciudad de la Bandera (<em>Arcahaie<\/em>), se desmay\u00f3 tras sufrir una repentina indisposici\u00f3n. Fue evacuada de urgencia e interrumpienda abruptamente la sesi\u00f3n.<\/span><\/p>\n<p style=\"text-align: justify;\"><span dir=\"auto\">Al d\u00eda siguiente, mi\u00e9rcoles, el jefe de la Fiscal\u00eda de la Capital, durante una rueda de prensa, inform\u00f3 que Rosemila Petit-Fr\u00e8re, cuyo estado cl\u00ednico ha empeorado, recuperar\u00e1 su libertad provisional para recibir tratamiento.<\/span><\/p>\n<p style=\"text-align: justify;\"><span dir=\"auto\">\u00ab<\/span><em><span dir=\"auto\">Haremos todo lo que est\u00e9 a nuestro alcance para asegurar que Rosemila Petit-Fr\u00e8re reciba atenci\u00f3n en las pr\u00f3ximas horas<\/span><\/em><span dir=\"auto\">\u00ab, dijo a la prensa el Comisionado del Gobierno de Puerto Pr\u00edncipe, Fritz Patterson Dorval.\u00a0<\/span><span dir=\"auto\">Y \u00f1adi\u00f3: \u00ab<\/span><em><span dir=\"auto\">Como cualquier otro preso enfermo en detenci\u00f3n, Rosemila Petit-Fr\u00e8re, que ha servido al Estado, debe tener acceso a la atenci\u00f3n m\u00e9dica que su caso requiere\u00bb.<\/span><\/em><\/p>\n<figure id=\"attachment_64073\" class=\"wp-caption aligncenter\" style=\"width: 504px; text-align: justify;\" aria-describedby=\"caption-attachment-64073\"><img loading=\"lazy\" decoding=\"async\" class=\"wp-image-64073 td-animation-stack-type0-2\" src=\"http:\/\/fotuto.net\/wp-content\/uploads\/deportada-300x167.webp\" sizes=\"auto, (max-width: 935px) 100vw, 935px\" srcset=\"https:\/\/fotuto.net\/wp-content\/uploads\/deportada-300x167.webp 300w, https:\/\/fotuto.net\/wp-content\/uploads\/deportada-150x84.webp 150w, https:\/\/fotuto.net\/wp-content\/uploads\/deportada.webp 430w\" alt=\"\" width=\"504\" height=\"281\" \/><figcaption id=\"caption-attachment-64073\" class=\"wp-caption-text\">Rosemila Petit-Fr\u00e8re, al momento de ser deportada y entregada a la Polic\u00eda haitiana por parte del gobierno dominicano en la frontera Norte, por Dajab\u00f3n<\/figcaption><\/figure>\n<p style=\"text-align: justify;\"><span dir=\"auto\">El magistrado indic\u00f3 que permanece disponible para atender cualquier otro caso similar para darle el seguimiento correspondiente.<\/span><\/p>\n<p style=\"text-align: justify;\"><span dir=\"auto\">Aunque circulaban rumores de que Rosemila Petit-Fr\u00e8re viajar\u00eda al extranjero para recibir tratamiento, su abogado, Fritz Patterson Dorval, se neg\u00f3 a revelar su destino.<\/span><\/p>\n<p style=\"text-align: justify;\"><span dir=\"auto\">Sin embargo, s\u00ed afirm\u00f3 que\u00a0ir\u00eda a un pa\u00eds donde podr\u00eda acceder a la atenci\u00f3n m\u00e9dica adecuada para su enfermedad.<\/span><\/p>\n","protected":false},"excerpt":{"rendered":"<p>Arrestada el 10 de agosto de 2025 por las autoridades dominicanas al regresar de Canad\u00e1, la radiodifusora y exalcaldesa de Arcahaie, Rosemila Petit-Fr\u00e8re, fue entregada tres d\u00edas despu\u00e9s a las autoridades policiales haitianas del extremo Norte, en la frontera con la ciudad dominicana de Dajab\u00f3n. En 72 horas, la exfuncionaria estatal fue trasladada a la [&hellip;]<\/p>\n","protected":false},"author":15,"featured_media":47996,"comment_status":"open","ping_status":"open","sticky":false,"template":"","format":"standard","meta":{"footnotes":""},"categories":[3913],"tags":[],"class_list":["post-47995","post","type-post","status-publish","format-standard","has-post-thumbnail","category-nacionales"],"yoast_head":"<!-- This site is optimized with the Yoast SEO plugin v27.6 - https:\/\/yoast.com\/product\/yoast-seo-wordpress\/ -->\n<title>Liberan en Hait\u00ed la radiodifusora y exalcaldesa apresada en RD y que vinculan con las bandas haitianas - Conexi\u00f3n 23<\/title>\n<meta name=\"robots\" content=\"index, follow, max-snippet:-1, max-image-preview:large, max-video-preview:-1\" \/>\n<link rel=\"canonical\" href=\"https:\/\/conexion23.com\/?p=47995\" \/>\n<meta property=\"og:locale\" content=\"es_ES\" \/>\n<meta property=\"og:type\" content=\"article\" \/>\n<meta property=\"og:title\" content=\"Liberan en Hait\u00ed la radiodifusora y exalcaldesa apresada en RD y que vinculan con las bandas haitianas - Conexi\u00f3n 23\" \/>\n<meta property=\"og:description\" content=\"Arrestada el 10 de agosto de 2025 por las autoridades dominicanas al regresar de Canad\u00e1, la radiodifusora y exalcaldesa de Arcahaie, Rosemila Petit-Fr\u00e8re, fue entregada tres d\u00edas despu\u00e9s a las autoridades policiales haitianas del extremo Norte, en la frontera con la ciudad dominicana de Dajab\u00f3n. En 72 horas, la exfuncionaria estatal fue trasladada a la [&hellip;]\" \/>\n<meta property=\"og:url\" content=\"https:\/\/conexion23.com\/?p=47995\" \/>\n<meta property=\"og:site_name\" content=\"Conexi\u00f3n 23\" \/>\n<meta property=\"article:publisher\" content=\"https:\/\/www.facebook.com\/conexion23com\" \/>\n<meta property=\"article:published_time\" content=\"2025-11-06T21:39:11+00:00\" \/>\n<meta property=\"og:image\" content=\"https:\/\/conexion23.com\/wp-content\/uploads\/2025\/11\/rosemila-300x300-1.webp\" \/>\n\t<meta property=\"og:image:width\" content=\"300\" \/>\n\t<meta property=\"og:image:height\" content=\"300\" \/>\n\t<meta property=\"og:image:type\" content=\"image\/webp\" \/>\n<meta name=\"author\" content=\"Raffy Ben\u00edtez\" \/>\n<meta name=\"twitter:card\" content=\"summary_large_image\" \/>\n<meta name=\"twitter:label1\" content=\"Escrito por\" \/>\n\t<meta name=\"twitter:data1\" content=\"Raffy Ben\u00edtez\" \/>\n\t<meta name=\"twitter:label2\" content=\"Tiempo de lectura\" \/>\n\t<meta name=\"twitter:data2\" content=\"2 minutos\" \/>\n<script type=\"application\/ld+json\" class=\"yoast-schema-graph\">{\"@context\":\"https:\\\/\\\/schema.org\",\"@graph\":[{\"@type\":\"Article\",\"@id\":\"https:\\\/\\\/conexion23.com\\\/?p=47995#article\",\"isPartOf\":{\"@id\":\"https:\\\/\\\/conexion23.com\\\/?p=47995\"},\"author\":{\"name\":\"Raffy Ben\u00edtez\",\"@id\":\"http:\\\/\\\/conexion23.com\\\/#\\\/schema\\\/person\\\/03e36043331117e97a373299bbcd30a6\"},\"headline\":\"Liberan en Hait\u00ed la radiodifusora y exalcaldesa apresada en RD y que vinculan con las bandas haitianas\",\"datePublished\":\"2025-11-06T21:39:11+00:00\",\"mainEntityOfPage\":{\"@id\":\"https:\\\/\\\/conexion23.com\\\/?p=47995\"},\"wordCount\":388,\"commentCount\":0,\"publisher\":{\"@id\":\"http:\\\/\\\/conexion23.com\\\/#organization\"},\"image\":{\"@id\":\"https:\\\/\\\/conexion23.com\\\/?p=47995#primaryimage\"},\"thumbnailUrl\":\"https:\\\/\\\/conexion23.com\\\/wp-content\\\/uploads\\\/2025\\\/11\\\/rosemila-300x300-1.webp\",\"articleSection\":[\"Nacionales\"],\"inLanguage\":\"es\",\"potentialAction\":[{\"@type\":\"CommentAction\",\"name\":\"Comment\",\"target\":[\"https:\\\/\\\/conexion23.com\\\/?p=47995#respond\"]}]},{\"@type\":\"WebPage\",\"@id\":\"https:\\\/\\\/conexion23.com\\\/?p=47995\",\"url\":\"https:\\\/\\\/conexion23.com\\\/?p=47995\",\"name\":\"Liberan en Hait\u00ed la radiodifusora y exalcaldesa apresada en RD y que vinculan con las bandas haitianas - Conexi\u00f3n 23\",\"isPartOf\":{\"@id\":\"http:\\\/\\\/conexion23.com\\\/#website\"},\"primaryImageOfPage\":{\"@id\":\"https:\\\/\\\/conexion23.com\\\/?p=47995#primaryimage\"},\"image\":{\"@id\":\"https:\\\/\\\/conexion23.com\\\/?p=47995#primaryimage\"},\"thumbnailUrl\":\"https:\\\/\\\/conexion23.com\\\/wp-content\\\/uploads\\\/2025\\\/11\\\/rosemila-300x300-1.webp\",\"datePublished\":\"2025-11-06T21:39:11+00:00\",\"breadcrumb\":{\"@id\":\"https:\\\/\\\/conexion23.com\\\/?p=47995#breadcrumb\"},\"inLanguage\":\"es\",\"potentialAction\":[{\"@type\":\"ReadAction\",\"target\":[\"https:\\\/\\\/conexion23.com\\\/?p=47995\"]}]},{\"@type\":\"ImageObject\",\"inLanguage\":\"es\",\"@id\":\"https:\\\/\\\/conexion23.com\\\/?p=47995#primaryimage\",\"url\":\"https:\\\/\\\/conexion23.com\\\/wp-content\\\/uploads\\\/2025\\\/11\\\/rosemila-300x300-1.webp\",\"contentUrl\":\"https:\\\/\\\/conexion23.com\\\/wp-content\\\/uploads\\\/2025\\\/11\\\/rosemila-300x300-1.webp\",\"width\":300,\"height\":300},{\"@type\":\"BreadcrumbList\",\"@id\":\"https:\\\/\\\/conexion23.com\\\/?p=47995#breadcrumb\",\"itemListElement\":[{\"@type\":\"ListItem\",\"position\":1,\"name\":\"Portada\",\"item\":\"http:\\\/\\\/conexion23.com\\\/\"},{\"@type\":\"ListItem\",\"position\":2,\"name\":\"Liberan en Hait\u00ed la radiodifusora y exalcaldesa apresada en RD y que vinculan con las bandas haitianas\"}]},{\"@type\":\"WebSite\",\"@id\":\"http:\\\/\\\/conexion23.com\\\/#website\",\"url\":\"http:\\\/\\\/conexion23.com\\\/\",\"name\":\"Conexi\u00f3n 23\",\"description\":\"Peri\u00f3dico 100% Petromacorisano\",\"publisher\":{\"@id\":\"http:\\\/\\\/conexion23.com\\\/#organization\"},\"potentialAction\":[{\"@type\":\"SearchAction\",\"target\":{\"@type\":\"EntryPoint\",\"urlTemplate\":\"http:\\\/\\\/conexion23.com\\\/?s={search_term_string}\"},\"query-input\":{\"@type\":\"PropertyValueSpecification\",\"valueRequired\":true,\"valueName\":\"search_term_string\"}}],\"inLanguage\":\"es\"},{\"@type\":\"Organization\",\"@id\":\"http:\\\/\\\/conexion23.com\\\/#organization\",\"name\":\"Conexion 23\",\"url\":\"http:\\\/\\\/conexion23.com\\\/\",\"logo\":{\"@type\":\"ImageObject\",\"inLanguage\":\"es\",\"@id\":\"http:\\\/\\\/conexion23.com\\\/#\\\/schema\\\/logo\\\/image\\\/\",\"url\":\"https:\\\/\\\/conexion23.com\\\/wp-content\\\/uploads\\\/2021\\\/11\\\/Diseno-sin-titulo-2.png\",\"contentUrl\":\"https:\\\/\\\/conexion23.com\\\/wp-content\\\/uploads\\\/2021\\\/11\\\/Diseno-sin-titulo-2.png\",\"width\":541,\"height\":90,\"caption\":\"Conexion 23\"},\"image\":{\"@id\":\"http:\\\/\\\/conexion23.com\\\/#\\\/schema\\\/logo\\\/image\\\/\"},\"sameAs\":[\"https:\\\/\\\/www.facebook.com\\\/conexion23com\",\"https:\\\/\\\/www.instagram.com\\\/conexion23com\\\/\",\"https:\\\/\\\/www.youtube.com\\\/channel\\\/UCYc7vxxFZMYLIHNsHHxPZ3Q\"]},{\"@type\":\"Person\",\"@id\":\"http:\\\/\\\/conexion23.com\\\/#\\\/schema\\\/person\\\/03e36043331117e97a373299bbcd30a6\",\"name\":\"Raffy Ben\u00edtez\",\"image\":{\"@type\":\"ImageObject\",\"inLanguage\":\"es\",\"@id\":\"https:\\\/\\\/secure.gravatar.com\\\/avatar\\\/3190a6a6c5e1b0327500f7d6c56b6242472ee6cb974cf09b401ee6b3b0798f23?s=96&d=mm&r=g\",\"url\":\"https:\\\/\\\/secure.gravatar.com\\\/avatar\\\/3190a6a6c5e1b0327500f7d6c56b6242472ee6cb974cf09b401ee6b3b0798f23?s=96&d=mm&r=g\",\"contentUrl\":\"https:\\\/\\\/secure.gravatar.com\\\/avatar\\\/3190a6a6c5e1b0327500f7d6c56b6242472ee6cb974cf09b401ee6b3b0798f23?s=96&d=mm&r=g\",\"caption\":\"Raffy Ben\u00edtez\"},\"url\":\"https:\\\/\\\/conexion23.com\\\/?author=15\"}]}<\/script>\n<!-- \/ Yoast SEO plugin. -->","yoast_head_json":{"title":"Liberan en Hait\u00ed la radiodifusora y exalcaldesa apresada en RD y que vinculan con las bandas haitianas - Conexi\u00f3n 23","robots":{"index":"index","follow":"follow","max-snippet":"max-snippet:-1","max-image-preview":"max-image-preview:large","max-video-preview":"max-video-preview:-1"},"canonical":"https:\/\/conexion23.com\/?p=47995","og_locale":"es_ES","og_type":"article","og_title":"Liberan en Hait\u00ed la radiodifusora y exalcaldesa apresada en RD y que vinculan con las bandas haitianas - Conexi\u00f3n 23","og_description":"Arrestada el 10 de agosto de 2025 por las autoridades dominicanas al regresar de Canad\u00e1, la radiodifusora y exalcaldesa de Arcahaie, Rosemila Petit-Fr\u00e8re, fue entregada tres d\u00edas despu\u00e9s a las autoridades policiales haitianas del extremo Norte, en la frontera con la ciudad dominicana de Dajab\u00f3n. En 72 horas, la exfuncionaria estatal fue trasladada a la [&hellip;]","og_url":"https:\/\/conexion23.com\/?p=47995","og_site_name":"Conexi\u00f3n 23","article_publisher":"https:\/\/www.facebook.com\/conexion23com","article_published_time":"2025-11-06T21:39:11+00:00","og_image":[{"width":300,"height":300,"url":"https:\/\/conexion23.com\/wp-content\/uploads\/2025\/11\/rosemila-300x300-1.webp","type":"image\/webp"}],"author":"Raffy Ben\u00edtez","twitter_card":"summary_large_image","twitter_misc":{"Escrito por":"Raffy Ben\u00edtez","Tiempo de lectura":"2 minutos"},"schema":{"@context":"https:\/\/schema.org","@graph":[{"@type":"Article","@id":"https:\/\/conexion23.com\/?p=47995#article","isPartOf":{"@id":"https:\/\/conexion23.com\/?p=47995"},"author":{"name":"Raffy Ben\u00edtez","@id":"http:\/\/conexion23.com\/#\/schema\/person\/03e36043331117e97a373299bbcd30a6"},"headline":"Liberan en Hait\u00ed la radiodifusora y exalcaldesa apresada en RD y que vinculan con las bandas haitianas","datePublished":"2025-11-06T21:39:11+00:00","mainEntityOfPage":{"@id":"https:\/\/conexion23.com\/?p=47995"},"wordCount":388,"commentCount":0,"publisher":{"@id":"http:\/\/conexion23.com\/#organization"},"image":{"@id":"https:\/\/conexion23.com\/?p=47995#primaryimage"},"thumbnailUrl":"https:\/\/conexion23.com\/wp-content\/uploads\/2025\/11\/rosemila-300x300-1.webp","articleSection":["Nacionales"],"inLanguage":"es","potentialAction":[{"@type":"CommentAction","name":"Comment","target":["https:\/\/conexion23.com\/?p=47995#respond"]}]},{"@type":"WebPage","@id":"https:\/\/conexion23.com\/?p=47995","url":"https:\/\/conexion23.com\/?p=47995","name":"Liberan en Hait\u00ed la radiodifusora y exalcaldesa apresada en RD y que vinculan con las bandas haitianas - Conexi\u00f3n 23","isPartOf":{"@id":"http:\/\/conexion23.com\/#website"},"primaryImageOfPage":{"@id":"https:\/\/conexion23.com\/?p=47995#primaryimage"},"image":{"@id":"https:\/\/conexion23.com\/?p=47995#primaryimage"},"thumbnailUrl":"https:\/\/conexion23.com\/wp-content\/uploads\/2025\/11\/rosemila-300x300-1.webp","datePublished":"2025-11-06T21:39:11+00:00","breadcrumb":{"@id":"https:\/\/conexion23.com\/?p=47995#breadcrumb"},"inLanguage":"es","potentialAction":[{"@type":"ReadAction","target":["https:\/\/conexion23.com\/?p=47995"]}]},{"@type":"ImageObject","inLanguage":"es","@id":"https:\/\/conexion23.com\/?p=47995#primaryimage","url":"https:\/\/conexion23.com\/wp-content\/uploads\/2025\/11\/rosemila-300x300-1.webp","contentUrl":"https:\/\/conexion23.com\/wp-content\/uploads\/2025\/11\/rosemila-300x300-1.webp","width":300,"height":300},{"@type":"BreadcrumbList","@id":"https:\/\/conexion23.com\/?p=47995#breadcrumb","itemListElement":[{"@type":"ListItem","position":1,"name":"Portada","item":"http:\/\/conexion23.com\/"},{"@type":"ListItem","position":2,"name":"Liberan en Hait\u00ed la radiodifusora y exalcaldesa apresada en RD y que vinculan con las bandas haitianas"}]},{"@type":"WebSite","@id":"http:\/\/conexion23.com\/#website","url":"http:\/\/conexion23.com\/","name":"Conexi\u00f3n 23","description":"Peri\u00f3dico 100% Petromacorisano","publisher":{"@id":"http:\/\/conexion23.com\/#organization"},"potentialAction":[{"@type":"SearchAction","target":{"@type":"EntryPoint","urlTemplate":"http:\/\/conexion23.com\/?s={search_term_string}"},"query-input":{"@type":"PropertyValueSpecification","valueRequired":true,"valueName":"search_term_string"}}],"inLanguage":"es"},{"@type":"Organization","@id":"http:\/\/conexion23.com\/#organization","name":"Conexion 23","url":"http:\/\/conexion23.com\/","logo":{"@type":"ImageObject","inLanguage":"es","@id":"http:\/\/conexion23.com\/#\/schema\/logo\/image\/","url":"https:\/\/conexion23.com\/wp-content\/uploads\/2021\/11\/Diseno-sin-titulo-2.png","contentUrl":"https:\/\/conexion23.com\/wp-content\/uploads\/2021\/11\/Diseno-sin-titulo-2.png","width":541,"height":90,"caption":"Conexion 23"},"image":{"@id":"http:\/\/conexion23.com\/#\/schema\/logo\/image\/"},"sameAs":["https:\/\/www.facebook.com\/conexion23com","https:\/\/www.instagram.com\/conexion23com\/","https:\/\/www.youtube.com\/channel\/UCYc7vxxFZMYLIHNsHHxPZ3Q"]},{"@type":"Person","@id":"http:\/\/conexion23.com\/#\/schema\/person\/03e36043331117e97a373299bbcd30a6","name":"Raffy Ben\u00edtez","image":{"@type":"ImageObject","inLanguage":"es","@id":"https:\/\/secure.gravatar.com\/avatar\/3190a6a6c5e1b0327500f7d6c56b6242472ee6cb974cf09b401ee6b3b0798f23?s=96&d=mm&r=g","url":"https:\/\/secure.gravatar.com\/avatar\/3190a6a6c5e1b0327500f7d6c56b6242472ee6cb974cf09b401ee6b3b0798f23?s=96&d=mm&r=g","contentUrl":"https:\/\/secure.gravatar.com\/avatar\/3190a6a6c5e1b0327500f7d6c56b6242472ee6cb974cf09b401ee6b3b0798f23?s=96&d=mm&r=g","caption":"Raffy Ben\u00edtez"},"url":"https:\/\/conexion23.com\/?author=15"}]}},"_links":{"self":[{"href":"https:\/\/conexion23.com\/index.php?rest_route=\/wp\/v2\/posts\/47995","targetHints":{"allow":["GET"]}}],"collection":[{"href":"https:\/\/conexion23.com\/index.php?rest_route=\/wp\/v2\/posts"}],"about":[{"href":"https:\/\/conexion23.com\/index.php?rest_route=\/wp\/v2\/types\/post"}],"author":[{"embeddable":true,"href":"https:\/\/conexion23.com\/index.php?rest_route=\/wp\/v2\/users\/15"}],"replies":[{"embeddable":true,"href":"https:\/\/conexion23.com\/index.php?rest_route=%2Fwp%2Fv2%2Fcomments&post=47995"}],"version-history":[{"count":1,"href":"https:\/\/conexion23.com\/index.php?rest_route=\/wp\/v2\/posts\/47995\/revisions"}],"predecessor-version":[{"id":47997,"href":"https:\/\/conexion23.com\/index.php?rest_route=\/wp\/v2\/posts\/47995\/revisions\/47997"}],"wp:featuredmedia":[{"embeddable":true,"href":"https:\/\/conexion23.com\/index.php?rest_route=\/wp\/v2\/media\/47996"}],"wp:attachment":[{"href":"https:\/\/conexion23.com\/index.php?rest_route=%2Fwp%2Fv2%2Fmedia&parent=47995"}],"wp:term":[{"taxonomy":"category","embeddable":true,"href":"https:\/\/conexion23.com\/index.php?rest_route=%2Fwp%2Fv2%2Fcategories&post=47995"},{"taxonomy":"post_tag","embeddable":true,"href":"https:\/\/conexion23.com\/index.php?rest_route=%2Fwp%2Fv2%2Ftags&post=47995"}],"curies":[{"name":"wp","href":"https:\/\/api.w.org\/{rel}","templated":true}]}}