{"id":47998,"date":"2025-11-06T18:30:24","date_gmt":"2025-11-06T22:30:24","guid":{"rendered":"https:\/\/conexion23.com\/?p=47998"},"modified":"2025-11-06T17:45:51","modified_gmt":"2025-11-06T21:45:51","slug":"jamaica-calcula-perdidas-por-7000-millones-de-dolares-tras-el-paso-del-huracan-melissa","status":"publish","type":"post","link":"https:\/\/conexion23.com\/?p=47998","title":{"rendered":"Jamaica calcula p\u00e9rdidas por 7,000 millones de d\u00f3lares tras el paso del hurac\u00e1n Melissa"},"content":{"rendered":"<p style=\"text-align: justify;\">El\u00a0Gobierno de Jamaica\u00a0inform\u00f3 que los da\u00f1os ocasionados por el\u00a0hurac\u00e1n Melissa\u00a0ascienden preliminarmente a 7,000 millones de d\u00f3lares, equivalentes a un\u00a032% del producto interno bruto\u00a0del pa\u00eds, seg\u00fan explic\u00f3 el primer ministro Andrew Holness ante el Parlamento.<\/p>\n<p style=\"text-align: justify;\">Melissa, que alcanz\u00f3 la\u00a0categor\u00eda 5\u00a0con vientos de m\u00e1s de 290 kil\u00f3metros por hora, azot\u00f3 la isla la semana pasada dejando al menos\u00a032 muertos\u00a0y una devastaci\u00f3n comparable con los mayores desastres naturales de la regi\u00f3n.<\/p>\n<p style=\"text-align: justify;\">Las principales afectaciones se concentran en la\u00a0infraestructura vial, viviendas, escuelas, hospitales\u00a0y el sistema el\u00e9ctrico, adem\u00e1s de severos da\u00f1os en el sector tur\u00edstico.<\/p>\n<h2 style=\"text-align: justify;\">Impacto econ\u00f3mico<\/h2>\n<p style=\"text-align: justify;\">Holness advirti\u00f3 que el\u00a0impacto econ\u00f3mico\u00a0ser\u00e1 profundo y que\u00a0Jamaica\u00a0enfrenta una \u00abnueva realidad clim\u00e1tica\u00bb. \u00abMelissa tendr\u00e1 un efecto duradero sobre nuestra econom\u00eda y nuestro entorno\u00bb, afirm\u00f3, tras anunciar que el\u00a0National Housing Trust\u00a0conceder\u00e1 una moratoria de seis meses en el pago de hipotecas a los hogares m\u00e1s afectados.<\/p>\n<p style=\"text-align: justify;\">El primer ministro indic\u00f3 que m\u00e1s de\u00a0200,000 familias\u00a0necesitar\u00e1n\u00a0asistencia inmediata\u00a0y que el Gobierno asignar\u00e1 100 millones de d\u00f3lares jamaicanos en ayuda humanitaria, reconstrucci\u00f3n de viviendas y apoyo a peque\u00f1as empresas.<\/p>\n<p style=\"text-align: justify;\">Asimismo, se prev\u00e9 una\u00a0contracci\u00f3n temporal\u00a0del crecimiento econ\u00f3mico debido a la interrupci\u00f3n de las cadenas de suministro, especialmente en los\u00a0sectores agr\u00edcola y tur\u00edstico. \u00abNuestro desaf\u00edo es\u00a0reconstruir con resiliencia\u00a0y reducir nuestra vulnerabilidad ante futuros fen\u00f3menos de esta magnitud\u00bb, agreg\u00f3 Holness.<\/p>\n<p style=\"text-align: justify;\">El\u00a0hurac\u00e1n Melissa, uno de los m\u00e1s intensos en la historia reciente del Caribe, tambi\u00e9n provoc\u00f3 graves\u00a0da\u00f1os en Cuba, Hait\u00ed y Rep\u00fablica Dominicana, dejando una estela de\u00a0destrucci\u00f3n\u00a0que reaviva el debate sobre los efectos del\u00a0cambio clim\u00e1tico\u00a0en la regi\u00f3n.<\/p>\n","protected":false},"excerpt":{"rendered":"<p>El\u00a0Gobierno de Jamaica\u00a0inform\u00f3 que los da\u00f1os ocasionados por el\u00a0hurac\u00e1n Melissa\u00a0ascienden preliminarmente a 7,000 millones de d\u00f3lares, equivalentes a un\u00a032% del producto interno bruto\u00a0del pa\u00eds, seg\u00fan explic\u00f3 el primer ministro Andrew Holness ante el Parlamento. Melissa, que alcanz\u00f3 la\u00a0categor\u00eda 5\u00a0con vientos de m\u00e1s de 290 kil\u00f3metros por hora, azot\u00f3 la isla la semana pasada dejando al [&hellip;]<\/p>\n","protected":false},"author":15,"featured_media":47999,"comment_status":"open","ping_status":"open","sticky":false,"template":"","format":"standard","meta":{"footnotes":""},"categories":[3881,3773],"tags":[],"class_list":["post-47998","post","type-post","status-publish","format-standard","has-post-thumbnail","category-internacionales","category-portada"],"yoast_head":"<!-- This site is optimized with the Yoast SEO plugin v27.6 - https:\/\/yoast.com\/product\/yoast-seo-wordpress\/ -->\n<title>Jamaica calcula p\u00e9rdidas por 7,000 millones de d\u00f3lares tras el paso del hurac\u00e1n Melissa - Conexi\u00f3n 23<\/title>\n<meta name=\"robots\" content=\"index, follow, max-snippet:-1, max-image-preview:large, max-video-preview:-1\" \/>\n<link rel=\"canonical\" href=\"https:\/\/conexion23.com\/?p=47998\" \/>\n<meta property=\"og:locale\" content=\"es_ES\" \/>\n<meta property=\"og:type\" content=\"article\" \/>\n<meta property=\"og:title\" content=\"Jamaica calcula p\u00e9rdidas por 7,000 millones de d\u00f3lares tras el paso del hurac\u00e1n Melissa - Conexi\u00f3n 23\" \/>\n<meta property=\"og:description\" content=\"El\u00a0Gobierno de Jamaica\u00a0inform\u00f3 que los da\u00f1os ocasionados por el\u00a0hurac\u00e1n Melissa\u00a0ascienden preliminarmente a 7,000 millones de d\u00f3lares, equivalentes a un\u00a032% del producto interno bruto\u00a0del pa\u00eds, seg\u00fan explic\u00f3 el primer ministro Andrew Holness ante el Parlamento. Melissa, que alcanz\u00f3 la\u00a0categor\u00eda 5\u00a0con vientos de m\u00e1s de 290 kil\u00f3metros por hora, azot\u00f3 la isla la semana pasada dejando al [&hellip;]\" \/>\n<meta property=\"og:url\" content=\"https:\/\/conexion23.com\/?p=47998\" \/>\n<meta property=\"og:site_name\" content=\"Conexi\u00f3n 23\" \/>\n<meta property=\"article:publisher\" content=\"https:\/\/www.facebook.com\/conexion23com\" \/>\n<meta property=\"article:published_time\" content=\"2025-11-06T22:30:24+00:00\" \/>\n<meta property=\"og:image\" content=\"https:\/\/conexion23.com\/wp-content\/uploads\/2025\/11\/huracan-melissa-dejo-en-jamaica-perdidas-por-7000-millones-de-dolares-b5cf486d-focus-0-0-896-504.webp\" \/>\n\t<meta property=\"og:image:width\" content=\"896\" \/>\n\t<meta property=\"og:image:height\" content=\"504\" \/>\n\t<meta property=\"og:image:type\" content=\"image\/webp\" \/>\n<meta name=\"author\" content=\"Raffy Ben\u00edtez\" \/>\n<meta name=\"twitter:card\" content=\"summary_large_image\" \/>\n<meta name=\"twitter:label1\" content=\"Escrito por\" \/>\n\t<meta name=\"twitter:data1\" content=\"Raffy Ben\u00edtez\" \/>\n\t<meta name=\"twitter:label2\" content=\"Tiempo de lectura\" \/>\n\t<meta name=\"twitter:data2\" content=\"2 minutos\" \/>\n<script type=\"application\/ld+json\" class=\"yoast-schema-graph\">{\"@context\":\"https:\\\/\\\/schema.org\",\"@graph\":[{\"@type\":\"Article\",\"@id\":\"https:\\\/\\\/conexion23.com\\\/?p=47998#article\",\"isPartOf\":{\"@id\":\"https:\\\/\\\/conexion23.com\\\/?p=47998\"},\"author\":{\"name\":\"Raffy Ben\u00edtez\",\"@id\":\"http:\\\/\\\/conexion23.com\\\/#\\\/schema\\\/person\\\/03e36043331117e97a373299bbcd30a6\"},\"headline\":\"Jamaica calcula p\u00e9rdidas por 7,000 millones de d\u00f3lares tras el paso del hurac\u00e1n Melissa\",\"datePublished\":\"2025-11-06T22:30:24+00:00\",\"mainEntityOfPage\":{\"@id\":\"https:\\\/\\\/conexion23.com\\\/?p=47998\"},\"wordCount\":321,\"commentCount\":0,\"publisher\":{\"@id\":\"http:\\\/\\\/conexion23.com\\\/#organization\"},\"image\":{\"@id\":\"https:\\\/\\\/conexion23.com\\\/?p=47998#primaryimage\"},\"thumbnailUrl\":\"https:\\\/\\\/conexion23.com\\\/wp-content\\\/uploads\\\/2025\\\/11\\\/huracan-melissa-dejo-en-jamaica-perdidas-por-7000-millones-de-dolares-b5cf486d-focus-0-0-896-504.webp\",\"articleSection\":[\"Internacionales\",\"Portada\"],\"inLanguage\":\"es\",\"potentialAction\":[{\"@type\":\"CommentAction\",\"name\":\"Comment\",\"target\":[\"https:\\\/\\\/conexion23.com\\\/?p=47998#respond\"]}]},{\"@type\":\"WebPage\",\"@id\":\"https:\\\/\\\/conexion23.com\\\/?p=47998\",\"url\":\"https:\\\/\\\/conexion23.com\\\/?p=47998\",\"name\":\"Jamaica calcula p\u00e9rdidas por 7,000 millones de d\u00f3lares tras el paso del hurac\u00e1n Melissa - Conexi\u00f3n 23\",\"isPartOf\":{\"@id\":\"http:\\\/\\\/conexion23.com\\\/#website\"},\"primaryImageOfPage\":{\"@id\":\"https:\\\/\\\/conexion23.com\\\/?p=47998#primaryimage\"},\"image\":{\"@id\":\"https:\\\/\\\/conexion23.com\\\/?p=47998#primaryimage\"},\"thumbnailUrl\":\"https:\\\/\\\/conexion23.com\\\/wp-content\\\/uploads\\\/2025\\\/11\\\/huracan-melissa-dejo-en-jamaica-perdidas-por-7000-millones-de-dolares-b5cf486d-focus-0-0-896-504.webp\",\"datePublished\":\"2025-11-06T22:30:24+00:00\",\"breadcrumb\":{\"@id\":\"https:\\\/\\\/conexion23.com\\\/?p=47998#breadcrumb\"},\"inLanguage\":\"es\",\"potentialAction\":[{\"@type\":\"ReadAction\",\"target\":[\"https:\\\/\\\/conexion23.com\\\/?p=47998\"]}]},{\"@type\":\"ImageObject\",\"inLanguage\":\"es\",\"@id\":\"https:\\\/\\\/conexion23.com\\\/?p=47998#primaryimage\",\"url\":\"https:\\\/\\\/conexion23.com\\\/wp-content\\\/uploads\\\/2025\\\/11\\\/huracan-melissa-dejo-en-jamaica-perdidas-por-7000-millones-de-dolares-b5cf486d-focus-0-0-896-504.webp\",\"contentUrl\":\"https:\\\/\\\/conexion23.com\\\/wp-content\\\/uploads\\\/2025\\\/11\\\/huracan-melissa-dejo-en-jamaica-perdidas-por-7000-millones-de-dolares-b5cf486d-focus-0-0-896-504.webp\",\"width\":896,\"height\":504},{\"@type\":\"BreadcrumbList\",\"@id\":\"https:\\\/\\\/conexion23.com\\\/?p=47998#breadcrumb\",\"itemListElement\":[{\"@type\":\"ListItem\",\"position\":1,\"name\":\"Portada\",\"item\":\"http:\\\/\\\/conexion23.com\\\/\"},{\"@type\":\"ListItem\",\"position\":2,\"name\":\"Jamaica calcula p\u00e9rdidas por 7,000 millones de d\u00f3lares tras el paso del hurac\u00e1n Melissa\"}]},{\"@type\":\"WebSite\",\"@id\":\"http:\\\/\\\/conexion23.com\\\/#website\",\"url\":\"http:\\\/\\\/conexion23.com\\\/\",\"name\":\"Conexi\u00f3n 23\",\"description\":\"Peri\u00f3dico 100% Petromacorisano\",\"publisher\":{\"@id\":\"http:\\\/\\\/conexion23.com\\\/#organization\"},\"potentialAction\":[{\"@type\":\"SearchAction\",\"target\":{\"@type\":\"EntryPoint\",\"urlTemplate\":\"http:\\\/\\\/conexion23.com\\\/?s={search_term_string}\"},\"query-input\":{\"@type\":\"PropertyValueSpecification\",\"valueRequired\":true,\"valueName\":\"search_term_string\"}}],\"inLanguage\":\"es\"},{\"@type\":\"Organization\",\"@id\":\"http:\\\/\\\/conexion23.com\\\/#organization\",\"name\":\"Conexion 23\",\"url\":\"http:\\\/\\\/conexion23.com\\\/\",\"logo\":{\"@type\":\"ImageObject\",\"inLanguage\":\"es\",\"@id\":\"http:\\\/\\\/conexion23.com\\\/#\\\/schema\\\/logo\\\/image\\\/\",\"url\":\"https:\\\/\\\/conexion23.com\\\/wp-content\\\/uploads\\\/2021\\\/11\\\/Diseno-sin-titulo-2.png\",\"contentUrl\":\"https:\\\/\\\/conexion23.com\\\/wp-content\\\/uploads\\\/2021\\\/11\\\/Diseno-sin-titulo-2.png\",\"width\":541,\"height\":90,\"caption\":\"Conexion 23\"},\"image\":{\"@id\":\"http:\\\/\\\/conexion23.com\\\/#\\\/schema\\\/logo\\\/image\\\/\"},\"sameAs\":[\"https:\\\/\\\/www.facebook.com\\\/conexion23com\",\"https:\\\/\\\/www.instagram.com\\\/conexion23com\\\/\",\"https:\\\/\\\/www.youtube.com\\\/channel\\\/UCYc7vxxFZMYLIHNsHHxPZ3Q\"]},{\"@type\":\"Person\",\"@id\":\"http:\\\/\\\/conexion23.com\\\/#\\\/schema\\\/person\\\/03e36043331117e97a373299bbcd30a6\",\"name\":\"Raffy Ben\u00edtez\",\"image\":{\"@type\":\"ImageObject\",\"inLanguage\":\"es\",\"@id\":\"https:\\\/\\\/secure.gravatar.com\\\/avatar\\\/3190a6a6c5e1b0327500f7d6c56b6242472ee6cb974cf09b401ee6b3b0798f23?s=96&d=mm&r=g\",\"url\":\"https:\\\/\\\/secure.gravatar.com\\\/avatar\\\/3190a6a6c5e1b0327500f7d6c56b6242472ee6cb974cf09b401ee6b3b0798f23?s=96&d=mm&r=g\",\"contentUrl\":\"https:\\\/\\\/secure.gravatar.com\\\/avatar\\\/3190a6a6c5e1b0327500f7d6c56b6242472ee6cb974cf09b401ee6b3b0798f23?s=96&d=mm&r=g\",\"caption\":\"Raffy Ben\u00edtez\"},\"url\":\"https:\\\/\\\/conexion23.com\\\/?author=15\"}]}<\/script>\n<!-- \/ Yoast SEO plugin. -->","yoast_head_json":{"title":"Jamaica calcula p\u00e9rdidas por 7,000 millones de d\u00f3lares tras el paso del hurac\u00e1n Melissa - Conexi\u00f3n 23","robots":{"index":"index","follow":"follow","max-snippet":"max-snippet:-1","max-image-preview":"max-image-preview:large","max-video-preview":"max-video-preview:-1"},"canonical":"https:\/\/conexion23.com\/?p=47998","og_locale":"es_ES","og_type":"article","og_title":"Jamaica calcula p\u00e9rdidas por 7,000 millones de d\u00f3lares tras el paso del hurac\u00e1n Melissa - Conexi\u00f3n 23","og_description":"El\u00a0Gobierno de Jamaica\u00a0inform\u00f3 que los da\u00f1os ocasionados por el\u00a0hurac\u00e1n Melissa\u00a0ascienden preliminarmente a 7,000 millones de d\u00f3lares, equivalentes a un\u00a032% del producto interno bruto\u00a0del pa\u00eds, seg\u00fan explic\u00f3 el primer ministro Andrew Holness ante el Parlamento. Melissa, que alcanz\u00f3 la\u00a0categor\u00eda 5\u00a0con vientos de m\u00e1s de 290 kil\u00f3metros por hora, azot\u00f3 la isla la semana pasada dejando al [&hellip;]","og_url":"https:\/\/conexion23.com\/?p=47998","og_site_name":"Conexi\u00f3n 23","article_publisher":"https:\/\/www.facebook.com\/conexion23com","article_published_time":"2025-11-06T22:30:24+00:00","og_image":[{"width":896,"height":504,"url":"https:\/\/conexion23.com\/wp-content\/uploads\/2025\/11\/huracan-melissa-dejo-en-jamaica-perdidas-por-7000-millones-de-dolares-b5cf486d-focus-0-0-896-504.webp","type":"image\/webp"}],"author":"Raffy Ben\u00edtez","twitter_card":"summary_large_image","twitter_misc":{"Escrito por":"Raffy Ben\u00edtez","Tiempo de lectura":"2 minutos"},"schema":{"@context":"https:\/\/schema.org","@graph":[{"@type":"Article","@id":"https:\/\/conexion23.com\/?p=47998#article","isPartOf":{"@id":"https:\/\/conexion23.com\/?p=47998"},"author":{"name":"Raffy Ben\u00edtez","@id":"http:\/\/conexion23.com\/#\/schema\/person\/03e36043331117e97a373299bbcd30a6"},"headline":"Jamaica calcula p\u00e9rdidas por 7,000 millones de d\u00f3lares tras el paso del hurac\u00e1n Melissa","datePublished":"2025-11-06T22:30:24+00:00","mainEntityOfPage":{"@id":"https:\/\/conexion23.com\/?p=47998"},"wordCount":321,"commentCount":0,"publisher":{"@id":"http:\/\/conexion23.com\/#organization"},"image":{"@id":"https:\/\/conexion23.com\/?p=47998#primaryimage"},"thumbnailUrl":"https:\/\/conexion23.com\/wp-content\/uploads\/2025\/11\/huracan-melissa-dejo-en-jamaica-perdidas-por-7000-millones-de-dolares-b5cf486d-focus-0-0-896-504.webp","articleSection":["Internacionales","Portada"],"inLanguage":"es","potentialAction":[{"@type":"CommentAction","name":"Comment","target":["https:\/\/conexion23.com\/?p=47998#respond"]}]},{"@type":"WebPage","@id":"https:\/\/conexion23.com\/?p=47998","url":"https:\/\/conexion23.com\/?p=47998","name":"Jamaica calcula p\u00e9rdidas por 7,000 millones de d\u00f3lares tras el paso del hurac\u00e1n Melissa - Conexi\u00f3n 23","isPartOf":{"@id":"http:\/\/conexion23.com\/#website"},"primaryImageOfPage":{"@id":"https:\/\/conexion23.com\/?p=47998#primaryimage"},"image":{"@id":"https:\/\/conexion23.com\/?p=47998#primaryimage"},"thumbnailUrl":"https:\/\/conexion23.com\/wp-content\/uploads\/2025\/11\/huracan-melissa-dejo-en-jamaica-perdidas-por-7000-millones-de-dolares-b5cf486d-focus-0-0-896-504.webp","datePublished":"2025-11-06T22:30:24+00:00","breadcrumb":{"@id":"https:\/\/conexion23.com\/?p=47998#breadcrumb"},"inLanguage":"es","potentialAction":[{"@type":"ReadAction","target":["https:\/\/conexion23.com\/?p=47998"]}]},{"@type":"ImageObject","inLanguage":"es","@id":"https:\/\/conexion23.com\/?p=47998#primaryimage","url":"https:\/\/conexion23.com\/wp-content\/uploads\/2025\/11\/huracan-melissa-dejo-en-jamaica-perdidas-por-7000-millones-de-dolares-b5cf486d-focus-0-0-896-504.webp","contentUrl":"https:\/\/conexion23.com\/wp-content\/uploads\/2025\/11\/huracan-melissa-dejo-en-jamaica-perdidas-por-7000-millones-de-dolares-b5cf486d-focus-0-0-896-504.webp","width":896,"height":504},{"@type":"BreadcrumbList","@id":"https:\/\/conexion23.com\/?p=47998#breadcrumb","itemListElement":[{"@type":"ListItem","position":1,"name":"Portada","item":"http:\/\/conexion23.com\/"},{"@type":"ListItem","position":2,"name":"Jamaica calcula p\u00e9rdidas por 7,000 millones de d\u00f3lares tras el paso del hurac\u00e1n Melissa"}]},{"@type":"WebSite","@id":"http:\/\/conexion23.com\/#website","url":"http:\/\/conexion23.com\/","name":"Conexi\u00f3n 23","description":"Peri\u00f3dico 100% Petromacorisano","publisher":{"@id":"http:\/\/conexion23.com\/#organization"},"potentialAction":[{"@type":"SearchAction","target":{"@type":"EntryPoint","urlTemplate":"http:\/\/conexion23.com\/?s={search_term_string}"},"query-input":{"@type":"PropertyValueSpecification","valueRequired":true,"valueName":"search_term_string"}}],"inLanguage":"es"},{"@type":"Organization","@id":"http:\/\/conexion23.com\/#organization","name":"Conexion 23","url":"http:\/\/conexion23.com\/","logo":{"@type":"ImageObject","inLanguage":"es","@id":"http:\/\/conexion23.com\/#\/schema\/logo\/image\/","url":"https:\/\/conexion23.com\/wp-content\/uploads\/2021\/11\/Diseno-sin-titulo-2.png","contentUrl":"https:\/\/conexion23.com\/wp-content\/uploads\/2021\/11\/Diseno-sin-titulo-2.png","width":541,"height":90,"caption":"Conexion 23"},"image":{"@id":"http:\/\/conexion23.com\/#\/schema\/logo\/image\/"},"sameAs":["https:\/\/www.facebook.com\/conexion23com","https:\/\/www.instagram.com\/conexion23com\/","https:\/\/www.youtube.com\/channel\/UCYc7vxxFZMYLIHNsHHxPZ3Q"]},{"@type":"Person","@id":"http:\/\/conexion23.com\/#\/schema\/person\/03e36043331117e97a373299bbcd30a6","name":"Raffy Ben\u00edtez","image":{"@type":"ImageObject","inLanguage":"es","@id":"https:\/\/secure.gravatar.com\/avatar\/3190a6a6c5e1b0327500f7d6c56b6242472ee6cb974cf09b401ee6b3b0798f23?s=96&d=mm&r=g","url":"https:\/\/secure.gravatar.com\/avatar\/3190a6a6c5e1b0327500f7d6c56b6242472ee6cb974cf09b401ee6b3b0798f23?s=96&d=mm&r=g","contentUrl":"https:\/\/secure.gravatar.com\/avatar\/3190a6a6c5e1b0327500f7d6c56b6242472ee6cb974cf09b401ee6b3b0798f23?s=96&d=mm&r=g","caption":"Raffy Ben\u00edtez"},"url":"https:\/\/conexion23.com\/?author=15"}]}},"_links":{"self":[{"href":"https:\/\/conexion23.com\/index.php?rest_route=\/wp\/v2\/posts\/47998","targetHints":{"allow":["GET"]}}],"collection":[{"href":"https:\/\/conexion23.com\/index.php?rest_route=\/wp\/v2\/posts"}],"about":[{"href":"https:\/\/conexion23.com\/index.php?rest_route=\/wp\/v2\/types\/post"}],"author":[{"embeddable":true,"href":"https:\/\/conexion23.com\/index.php?rest_route=\/wp\/v2\/users\/15"}],"replies":[{"embeddable":true,"href":"https:\/\/conexion23.com\/index.php?rest_route=%2Fwp%2Fv2%2Fcomments&post=47998"}],"version-history":[{"count":1,"href":"https:\/\/conexion23.com\/index.php?rest_route=\/wp\/v2\/posts\/47998\/revisions"}],"predecessor-version":[{"id":48000,"href":"https:\/\/conexion23.com\/index.php?rest_route=\/wp\/v2\/posts\/47998\/revisions\/48000"}],"wp:featuredmedia":[{"embeddable":true,"href":"https:\/\/conexion23.com\/index.php?rest_route=\/wp\/v2\/media\/47999"}],"wp:attachment":[{"href":"https:\/\/conexion23.com\/index.php?rest_route=%2Fwp%2Fv2%2Fmedia&parent=47998"}],"wp:term":[{"taxonomy":"category","embeddable":true,"href":"https:\/\/conexion23.com\/index.php?rest_route=%2Fwp%2Fv2%2Fcategories&post=47998"},{"taxonomy":"post_tag","embeddable":true,"href":"https:\/\/conexion23.com\/index.php?rest_route=%2Fwp%2Fv2%2Ftags&post=47998"}],"curies":[{"name":"wp","href":"https:\/\/api.w.org\/{rel}","templated":true}]}}