{"id":48001,"date":"2025-11-06T17:47:10","date_gmt":"2025-11-06T21:47:10","guid":{"rendered":"https:\/\/conexion23.com\/?p=48001"},"modified":"2025-11-06T17:48:38","modified_gmt":"2025-11-06T21:48:38","slug":"una-jueza-del-tribunal-constitucional-plantea-que-se-habiliten-a-militares-y-policias-para-votar","status":"publish","type":"post","link":"https:\/\/conexion23.com\/?p=48001","title":{"rendered":"Una jueza del Tribunal Constitucional plantea que se habiliten a militares y polic\u00edas para votar"},"content":{"rendered":"<p style=\"text-align: justify;\">La jueza del Tribunal Constitucional, Sonia D\u00edaz, asegur\u00f3 que ha llegado el momento de plantearse la necesidad de habilitar para ejercer el\u00a0derecho al sufragio\u00a0a los militares y polic\u00edas.<\/p>\n<p style=\"text-align: justify;\">Este jueves, en el marco de la celebraci\u00f3n del\u00a0D\u00eda de la Constituci\u00f3n, la alta corte realiz\u00f3 una\u00a0audiencia solemne\u00a0en la que los miembros del pleno abordaron la importancia de los\u00a0deberes ciudadanos\u00a0para el fortalecimiento de la democracia.<\/p>\n<p style=\"text-align: justify;\">Al abordar el\u00a0art\u00edculo 75, numeral 2 de la Carta Magna, que establece el deber de \u00abvotar, siempre que se est\u00e9 en capacidad legal para hacerlo\u00bb, D\u00edaz consider\u00f3 que \u00abes tiempo\u00bb de que esta prerrogativa se extienda a polic\u00edas y militares.<\/p>\n<p style=\"text-align: justify;\">\u00abA mi correcto juicio, es tiempo ya de ir pensando en que los miembros de las instituciones militares y policiales se le incorpore a la escena social\u00bb, dijo la jueza, brevemente, en medio de su intervenci\u00f3n.<\/p>\n<p style=\"text-align: justify;\">La\u00a0Constituci\u00f3n dominicana\u00a0proh\u00edbe el derecho a elegir y ser elegido a los ciudadanos que hayan perdido sus facultades civiles y pol\u00edticas, as\u00ed como a los miembros de las\u00a0Fuerzas Armadas\u00a0o la Polic\u00eda Nacional.<\/p>\n<div id=\"detalle-parrafo\" style=\"text-align: justify;\"><\/div>\n<h2 style=\"text-align: justify;\">Reacciones<\/h2>\n<p style=\"text-align: justify;\">De inmediato, el planteamiento de la jueza\u00a0gener\u00f3 reacciones\u00a0de\u00a0diferentes sectores.<\/p>\n<p style=\"text-align: justify;\">El\u00a0consultor jur\u00eddico\u00a0del Poder Ejecutivo,\u00a0Antoliano Peralta, expres\u00f3 que esta decisi\u00f3n implicar\u00eda una\u00a0modificaci\u00f3n constitucional, lo que, a su vez, conlleva un complejo proceso de an\u00e1lisis y reflexi\u00f3n.<\/p>\n<p style=\"text-align: justify;\">Por otro lado, el presidente del Colegio de Abogados de la Rep\u00fablica Dominicana (CARD),\u00a0Trajano Vidal Potentini, rechaz\u00f3 rotundamente la idea, al considerar que el pa\u00eds no cuenta con los niveles de institucionalidad necesarios para entregar \u00abm\u00e1s poder\u00bb a miembros de las fuerzas militares o policiales.<\/p>\n","protected":false},"excerpt":{"rendered":"<p>La jueza del Tribunal Constitucional, Sonia D\u00edaz, asegur\u00f3 que ha llegado el momento de plantearse la necesidad de habilitar para ejercer el\u00a0derecho al sufragio\u00a0a los militares y polic\u00edas. Este jueves, en el marco de la celebraci\u00f3n del\u00a0D\u00eda de la Constituci\u00f3n, la alta corte realiz\u00f3 una\u00a0audiencia solemne\u00a0en la que los miembros del pleno abordaron la importancia [&hellip;]<\/p>\n","protected":false},"author":15,"featured_media":48003,"comment_status":"open","ping_status":"open","sticky":false,"template":"","format":"standard","meta":{"footnotes":""},"categories":[3913],"tags":[],"class_list":["post-48001","post","type-post","status-publish","format-standard","has-post-thumbnail","category-nacionales"],"yoast_head":"<!-- This site is optimized with the Yoast SEO plugin v27.6 - https:\/\/yoast.com\/product\/yoast-seo-wordpress\/ -->\n<title>Una jueza del Tribunal Constitucional plantea que se habiliten a militares y polic\u00edas para votar - Conexi\u00f3n 23<\/title>\n<meta name=\"robots\" content=\"index, follow, max-snippet:-1, max-image-preview:large, max-video-preview:-1\" \/>\n<link rel=\"canonical\" href=\"https:\/\/conexion23.com\/?p=48001\" \/>\n<meta property=\"og:locale\" content=\"es_ES\" \/>\n<meta property=\"og:type\" content=\"article\" \/>\n<meta property=\"og:title\" content=\"Una jueza del Tribunal Constitucional plantea que se habiliten a militares y polic\u00edas para votar - Conexi\u00f3n 23\" \/>\n<meta property=\"og:description\" content=\"La jueza del Tribunal Constitucional, Sonia D\u00edaz, asegur\u00f3 que ha llegado el momento de plantearse la necesidad de habilitar para ejercer el\u00a0derecho al sufragio\u00a0a los militares y polic\u00edas. Este jueves, en el marco de la celebraci\u00f3n del\u00a0D\u00eda de la Constituci\u00f3n, la alta corte realiz\u00f3 una\u00a0audiencia solemne\u00a0en la que los miembros del pleno abordaron la importancia [&hellip;]\" \/>\n<meta property=\"og:url\" content=\"https:\/\/conexion23.com\/?p=48001\" \/>\n<meta property=\"og:site_name\" content=\"Conexi\u00f3n 23\" \/>\n<meta property=\"article:publisher\" content=\"https:\/\/www.facebook.com\/conexion23com\" \/>\n<meta property=\"article:published_time\" content=\"2025-11-06T21:47:10+00:00\" \/>\n<meta property=\"article:modified_time\" content=\"2025-11-06T21:48:38+00:00\" \/>\n<meta property=\"og:image\" content=\"https:\/\/conexion23.com\/wp-content\/uploads\/2025\/11\/imagen-2000-nuevos-policias-en-santiago-reforzaran-vigilancia-en-elecciones-d44688c6-focus-min0.21-0.38-896-504.webp\" \/>\n\t<meta property=\"og:image:width\" content=\"896\" \/>\n\t<meta property=\"og:image:height\" content=\"504\" \/>\n\t<meta property=\"og:image:type\" content=\"image\/webp\" \/>\n<meta name=\"author\" content=\"Raffy Ben\u00edtez\" \/>\n<meta name=\"twitter:card\" content=\"summary_large_image\" \/>\n<meta name=\"twitter:label1\" content=\"Escrito por\" \/>\n\t<meta name=\"twitter:data1\" content=\"Raffy Ben\u00edtez\" \/>\n\t<meta name=\"twitter:label2\" content=\"Tiempo de lectura\" \/>\n\t<meta name=\"twitter:data2\" content=\"2 minutos\" \/>\n<script type=\"application\/ld+json\" class=\"yoast-schema-graph\">{\"@context\":\"https:\\\/\\\/schema.org\",\"@graph\":[{\"@type\":\"Article\",\"@id\":\"https:\\\/\\\/conexion23.com\\\/?p=48001#article\",\"isPartOf\":{\"@id\":\"https:\\\/\\\/conexion23.com\\\/?p=48001\"},\"author\":{\"name\":\"Raffy Ben\u00edtez\",\"@id\":\"http:\\\/\\\/conexion23.com\\\/#\\\/schema\\\/person\\\/03e36043331117e97a373299bbcd30a6\"},\"headline\":\"Una jueza del Tribunal Constitucional plantea que se habiliten a militares y polic\u00edas para votar\",\"datePublished\":\"2025-11-06T21:47:10+00:00\",\"dateModified\":\"2025-11-06T21:48:38+00:00\",\"mainEntityOfPage\":{\"@id\":\"https:\\\/\\\/conexion23.com\\\/?p=48001\"},\"wordCount\":306,\"commentCount\":0,\"publisher\":{\"@id\":\"http:\\\/\\\/conexion23.com\\\/#organization\"},\"image\":{\"@id\":\"https:\\\/\\\/conexion23.com\\\/?p=48001#primaryimage\"},\"thumbnailUrl\":\"https:\\\/\\\/conexion23.com\\\/wp-content\\\/uploads\\\/2025\\\/11\\\/imagen-2000-nuevos-policias-en-santiago-reforzaran-vigilancia-en-elecciones-d44688c6-focus-min0.21-0.38-896-504.webp\",\"articleSection\":[\"Nacionales\"],\"inLanguage\":\"es\",\"potentialAction\":[{\"@type\":\"CommentAction\",\"name\":\"Comment\",\"target\":[\"https:\\\/\\\/conexion23.com\\\/?p=48001#respond\"]}]},{\"@type\":\"WebPage\",\"@id\":\"https:\\\/\\\/conexion23.com\\\/?p=48001\",\"url\":\"https:\\\/\\\/conexion23.com\\\/?p=48001\",\"name\":\"Una jueza del Tribunal Constitucional plantea que se habiliten a militares y polic\u00edas para votar - Conexi\u00f3n 23\",\"isPartOf\":{\"@id\":\"http:\\\/\\\/conexion23.com\\\/#website\"},\"primaryImageOfPage\":{\"@id\":\"https:\\\/\\\/conexion23.com\\\/?p=48001#primaryimage\"},\"image\":{\"@id\":\"https:\\\/\\\/conexion23.com\\\/?p=48001#primaryimage\"},\"thumbnailUrl\":\"https:\\\/\\\/conexion23.com\\\/wp-content\\\/uploads\\\/2025\\\/11\\\/imagen-2000-nuevos-policias-en-santiago-reforzaran-vigilancia-en-elecciones-d44688c6-focus-min0.21-0.38-896-504.webp\",\"datePublished\":\"2025-11-06T21:47:10+00:00\",\"dateModified\":\"2025-11-06T21:48:38+00:00\",\"breadcrumb\":{\"@id\":\"https:\\\/\\\/conexion23.com\\\/?p=48001#breadcrumb\"},\"inLanguage\":\"es\",\"potentialAction\":[{\"@type\":\"ReadAction\",\"target\":[\"https:\\\/\\\/conexion23.com\\\/?p=48001\"]}]},{\"@type\":\"ImageObject\",\"inLanguage\":\"es\",\"@id\":\"https:\\\/\\\/conexion23.com\\\/?p=48001#primaryimage\",\"url\":\"https:\\\/\\\/conexion23.com\\\/wp-content\\\/uploads\\\/2025\\\/11\\\/imagen-2000-nuevos-policias-en-santiago-reforzaran-vigilancia-en-elecciones-d44688c6-focus-min0.21-0.38-896-504.webp\",\"contentUrl\":\"https:\\\/\\\/conexion23.com\\\/wp-content\\\/uploads\\\/2025\\\/11\\\/imagen-2000-nuevos-policias-en-santiago-reforzaran-vigilancia-en-elecciones-d44688c6-focus-min0.21-0.38-896-504.webp\",\"width\":896,\"height\":504},{\"@type\":\"BreadcrumbList\",\"@id\":\"https:\\\/\\\/conexion23.com\\\/?p=48001#breadcrumb\",\"itemListElement\":[{\"@type\":\"ListItem\",\"position\":1,\"name\":\"Portada\",\"item\":\"http:\\\/\\\/conexion23.com\\\/\"},{\"@type\":\"ListItem\",\"position\":2,\"name\":\"Una jueza del Tribunal Constitucional plantea que se habiliten a militares y polic\u00edas para votar\"}]},{\"@type\":\"WebSite\",\"@id\":\"http:\\\/\\\/conexion23.com\\\/#website\",\"url\":\"http:\\\/\\\/conexion23.com\\\/\",\"name\":\"Conexi\u00f3n 23\",\"description\":\"Peri\u00f3dico 100% Petromacorisano\",\"publisher\":{\"@id\":\"http:\\\/\\\/conexion23.com\\\/#organization\"},\"potentialAction\":[{\"@type\":\"SearchAction\",\"target\":{\"@type\":\"EntryPoint\",\"urlTemplate\":\"http:\\\/\\\/conexion23.com\\\/?s={search_term_string}\"},\"query-input\":{\"@type\":\"PropertyValueSpecification\",\"valueRequired\":true,\"valueName\":\"search_term_string\"}}],\"inLanguage\":\"es\"},{\"@type\":\"Organization\",\"@id\":\"http:\\\/\\\/conexion23.com\\\/#organization\",\"name\":\"Conexion 23\",\"url\":\"http:\\\/\\\/conexion23.com\\\/\",\"logo\":{\"@type\":\"ImageObject\",\"inLanguage\":\"es\",\"@id\":\"http:\\\/\\\/conexion23.com\\\/#\\\/schema\\\/logo\\\/image\\\/\",\"url\":\"https:\\\/\\\/conexion23.com\\\/wp-content\\\/uploads\\\/2021\\\/11\\\/Diseno-sin-titulo-2.png\",\"contentUrl\":\"https:\\\/\\\/conexion23.com\\\/wp-content\\\/uploads\\\/2021\\\/11\\\/Diseno-sin-titulo-2.png\",\"width\":541,\"height\":90,\"caption\":\"Conexion 23\"},\"image\":{\"@id\":\"http:\\\/\\\/conexion23.com\\\/#\\\/schema\\\/logo\\\/image\\\/\"},\"sameAs\":[\"https:\\\/\\\/www.facebook.com\\\/conexion23com\",\"https:\\\/\\\/www.instagram.com\\\/conexion23com\\\/\",\"https:\\\/\\\/www.youtube.com\\\/channel\\\/UCYc7vxxFZMYLIHNsHHxPZ3Q\"]},{\"@type\":\"Person\",\"@id\":\"http:\\\/\\\/conexion23.com\\\/#\\\/schema\\\/person\\\/03e36043331117e97a373299bbcd30a6\",\"name\":\"Raffy Ben\u00edtez\",\"image\":{\"@type\":\"ImageObject\",\"inLanguage\":\"es\",\"@id\":\"https:\\\/\\\/secure.gravatar.com\\\/avatar\\\/3190a6a6c5e1b0327500f7d6c56b6242472ee6cb974cf09b401ee6b3b0798f23?s=96&d=mm&r=g\",\"url\":\"https:\\\/\\\/secure.gravatar.com\\\/avatar\\\/3190a6a6c5e1b0327500f7d6c56b6242472ee6cb974cf09b401ee6b3b0798f23?s=96&d=mm&r=g\",\"contentUrl\":\"https:\\\/\\\/secure.gravatar.com\\\/avatar\\\/3190a6a6c5e1b0327500f7d6c56b6242472ee6cb974cf09b401ee6b3b0798f23?s=96&d=mm&r=g\",\"caption\":\"Raffy Ben\u00edtez\"},\"url\":\"https:\\\/\\\/conexion23.com\\\/?author=15\"}]}<\/script>\n<!-- \/ Yoast SEO plugin. -->","yoast_head_json":{"title":"Una jueza del Tribunal Constitucional plantea que se habiliten a militares y polic\u00edas para votar - Conexi\u00f3n 23","robots":{"index":"index","follow":"follow","max-snippet":"max-snippet:-1","max-image-preview":"max-image-preview:large","max-video-preview":"max-video-preview:-1"},"canonical":"https:\/\/conexion23.com\/?p=48001","og_locale":"es_ES","og_type":"article","og_title":"Una jueza del Tribunal Constitucional plantea que se habiliten a militares y polic\u00edas para votar - Conexi\u00f3n 23","og_description":"La jueza del Tribunal Constitucional, Sonia D\u00edaz, asegur\u00f3 que ha llegado el momento de plantearse la necesidad de habilitar para ejercer el\u00a0derecho al sufragio\u00a0a los militares y polic\u00edas. Este jueves, en el marco de la celebraci\u00f3n del\u00a0D\u00eda de la Constituci\u00f3n, la alta corte realiz\u00f3 una\u00a0audiencia solemne\u00a0en la que los miembros del pleno abordaron la importancia [&hellip;]","og_url":"https:\/\/conexion23.com\/?p=48001","og_site_name":"Conexi\u00f3n 23","article_publisher":"https:\/\/www.facebook.com\/conexion23com","article_published_time":"2025-11-06T21:47:10+00:00","article_modified_time":"2025-11-06T21:48:38+00:00","og_image":[{"width":896,"height":504,"url":"https:\/\/conexion23.com\/wp-content\/uploads\/2025\/11\/imagen-2000-nuevos-policias-en-santiago-reforzaran-vigilancia-en-elecciones-d44688c6-focus-min0.21-0.38-896-504.webp","type":"image\/webp"}],"author":"Raffy Ben\u00edtez","twitter_card":"summary_large_image","twitter_misc":{"Escrito por":"Raffy Ben\u00edtez","Tiempo de lectura":"2 minutos"},"schema":{"@context":"https:\/\/schema.org","@graph":[{"@type":"Article","@id":"https:\/\/conexion23.com\/?p=48001#article","isPartOf":{"@id":"https:\/\/conexion23.com\/?p=48001"},"author":{"name":"Raffy Ben\u00edtez","@id":"http:\/\/conexion23.com\/#\/schema\/person\/03e36043331117e97a373299bbcd30a6"},"headline":"Una jueza del Tribunal Constitucional plantea que se habiliten a militares y polic\u00edas para votar","datePublished":"2025-11-06T21:47:10+00:00","dateModified":"2025-11-06T21:48:38+00:00","mainEntityOfPage":{"@id":"https:\/\/conexion23.com\/?p=48001"},"wordCount":306,"commentCount":0,"publisher":{"@id":"http:\/\/conexion23.com\/#organization"},"image":{"@id":"https:\/\/conexion23.com\/?p=48001#primaryimage"},"thumbnailUrl":"https:\/\/conexion23.com\/wp-content\/uploads\/2025\/11\/imagen-2000-nuevos-policias-en-santiago-reforzaran-vigilancia-en-elecciones-d44688c6-focus-min0.21-0.38-896-504.webp","articleSection":["Nacionales"],"inLanguage":"es","potentialAction":[{"@type":"CommentAction","name":"Comment","target":["https:\/\/conexion23.com\/?p=48001#respond"]}]},{"@type":"WebPage","@id":"https:\/\/conexion23.com\/?p=48001","url":"https:\/\/conexion23.com\/?p=48001","name":"Una jueza del Tribunal Constitucional plantea que se habiliten a militares y polic\u00edas para votar - Conexi\u00f3n 23","isPartOf":{"@id":"http:\/\/conexion23.com\/#website"},"primaryImageOfPage":{"@id":"https:\/\/conexion23.com\/?p=48001#primaryimage"},"image":{"@id":"https:\/\/conexion23.com\/?p=48001#primaryimage"},"thumbnailUrl":"https:\/\/conexion23.com\/wp-content\/uploads\/2025\/11\/imagen-2000-nuevos-policias-en-santiago-reforzaran-vigilancia-en-elecciones-d44688c6-focus-min0.21-0.38-896-504.webp","datePublished":"2025-11-06T21:47:10+00:00","dateModified":"2025-11-06T21:48:38+00:00","breadcrumb":{"@id":"https:\/\/conexion23.com\/?p=48001#breadcrumb"},"inLanguage":"es","potentialAction":[{"@type":"ReadAction","target":["https:\/\/conexion23.com\/?p=48001"]}]},{"@type":"ImageObject","inLanguage":"es","@id":"https:\/\/conexion23.com\/?p=48001#primaryimage","url":"https:\/\/conexion23.com\/wp-content\/uploads\/2025\/11\/imagen-2000-nuevos-policias-en-santiago-reforzaran-vigilancia-en-elecciones-d44688c6-focus-min0.21-0.38-896-504.webp","contentUrl":"https:\/\/conexion23.com\/wp-content\/uploads\/2025\/11\/imagen-2000-nuevos-policias-en-santiago-reforzaran-vigilancia-en-elecciones-d44688c6-focus-min0.21-0.38-896-504.webp","width":896,"height":504},{"@type":"BreadcrumbList","@id":"https:\/\/conexion23.com\/?p=48001#breadcrumb","itemListElement":[{"@type":"ListItem","position":1,"name":"Portada","item":"http:\/\/conexion23.com\/"},{"@type":"ListItem","position":2,"name":"Una jueza del Tribunal Constitucional plantea que se habiliten a militares y polic\u00edas para votar"}]},{"@type":"WebSite","@id":"http:\/\/conexion23.com\/#website","url":"http:\/\/conexion23.com\/","name":"Conexi\u00f3n 23","description":"Peri\u00f3dico 100% Petromacorisano","publisher":{"@id":"http:\/\/conexion23.com\/#organization"},"potentialAction":[{"@type":"SearchAction","target":{"@type":"EntryPoint","urlTemplate":"http:\/\/conexion23.com\/?s={search_term_string}"},"query-input":{"@type":"PropertyValueSpecification","valueRequired":true,"valueName":"search_term_string"}}],"inLanguage":"es"},{"@type":"Organization","@id":"http:\/\/conexion23.com\/#organization","name":"Conexion 23","url":"http:\/\/conexion23.com\/","logo":{"@type":"ImageObject","inLanguage":"es","@id":"http:\/\/conexion23.com\/#\/schema\/logo\/image\/","url":"https:\/\/conexion23.com\/wp-content\/uploads\/2021\/11\/Diseno-sin-titulo-2.png","contentUrl":"https:\/\/conexion23.com\/wp-content\/uploads\/2021\/11\/Diseno-sin-titulo-2.png","width":541,"height":90,"caption":"Conexion 23"},"image":{"@id":"http:\/\/conexion23.com\/#\/schema\/logo\/image\/"},"sameAs":["https:\/\/www.facebook.com\/conexion23com","https:\/\/www.instagram.com\/conexion23com\/","https:\/\/www.youtube.com\/channel\/UCYc7vxxFZMYLIHNsHHxPZ3Q"]},{"@type":"Person","@id":"http:\/\/conexion23.com\/#\/schema\/person\/03e36043331117e97a373299bbcd30a6","name":"Raffy Ben\u00edtez","image":{"@type":"ImageObject","inLanguage":"es","@id":"https:\/\/secure.gravatar.com\/avatar\/3190a6a6c5e1b0327500f7d6c56b6242472ee6cb974cf09b401ee6b3b0798f23?s=96&d=mm&r=g","url":"https:\/\/secure.gravatar.com\/avatar\/3190a6a6c5e1b0327500f7d6c56b6242472ee6cb974cf09b401ee6b3b0798f23?s=96&d=mm&r=g","contentUrl":"https:\/\/secure.gravatar.com\/avatar\/3190a6a6c5e1b0327500f7d6c56b6242472ee6cb974cf09b401ee6b3b0798f23?s=96&d=mm&r=g","caption":"Raffy Ben\u00edtez"},"url":"https:\/\/conexion23.com\/?author=15"}]}},"_links":{"self":[{"href":"https:\/\/conexion23.com\/index.php?rest_route=\/wp\/v2\/posts\/48001","targetHints":{"allow":["GET"]}}],"collection":[{"href":"https:\/\/conexion23.com\/index.php?rest_route=\/wp\/v2\/posts"}],"about":[{"href":"https:\/\/conexion23.com\/index.php?rest_route=\/wp\/v2\/types\/post"}],"author":[{"embeddable":true,"href":"https:\/\/conexion23.com\/index.php?rest_route=\/wp\/v2\/users\/15"}],"replies":[{"embeddable":true,"href":"https:\/\/conexion23.com\/index.php?rest_route=%2Fwp%2Fv2%2Fcomments&post=48001"}],"version-history":[{"count":1,"href":"https:\/\/conexion23.com\/index.php?rest_route=\/wp\/v2\/posts\/48001\/revisions"}],"predecessor-version":[{"id":48002,"href":"https:\/\/conexion23.com\/index.php?rest_route=\/wp\/v2\/posts\/48001\/revisions\/48002"}],"wp:featuredmedia":[{"embeddable":true,"href":"https:\/\/conexion23.com\/index.php?rest_route=\/wp\/v2\/media\/48003"}],"wp:attachment":[{"href":"https:\/\/conexion23.com\/index.php?rest_route=%2Fwp%2Fv2%2Fmedia&parent=48001"}],"wp:term":[{"taxonomy":"category","embeddable":true,"href":"https:\/\/conexion23.com\/index.php?rest_route=%2Fwp%2Fv2%2Fcategories&post=48001"},{"taxonomy":"post_tag","embeddable":true,"href":"https:\/\/conexion23.com\/index.php?rest_route=%2Fwp%2Fv2%2Ftags&post=48001"}],"curies":[{"name":"wp","href":"https:\/\/api.w.org\/{rel}","templated":true}]}}