{"id":48004,"date":"2025-11-06T19:30:58","date_gmt":"2025-11-06T23:30:58","guid":{"rendered":"https:\/\/conexion23.com\/?p=48004"},"modified":"2025-11-06T18:15:52","modified_gmt":"2025-11-06T22:15:52","slug":"muere-adolescente-que-fue-atropellado-por-una-camioneta-en-el-valle-hato-mayor","status":"publish","type":"post","link":"https:\/\/conexion23.com\/?p=48004","title":{"rendered":"Muere adolescente que fue atropellado por una camioneta en el Valle-Hato Mayor"},"content":{"rendered":"<p style=\"text-align: justify;\">Un tr\u00e1gico accidente de tr\u00e1nsito ocurri\u00f3 en el paraje El Cabao, carretera El Valle-Hato Mayor, cobrando la vida de un adolescente de 13 a\u00f1os identificado como Yefri Manuel Pacheco.<\/p>\n<p style=\"text-align: justify;\">El incidente tuvo lugar pasada la 11:30 de la ma\u00f1ana de este jueves.<\/p>\n<p style=\"text-align: justify;\">En los detalles del accidente, se estableci\u00f3 que Yefri Manuel Pacheco se desplazaba en una bicicleta que era remolcada por un motorista cuando fue embestido por una camioneta Toyota Tacoma conducida por Alcides \u00c1vila Peguero.<\/p>\n<p style=\"text-align: justify;\">El choque involucr\u00f3 una bicicleta, una motocicleta y una camioneta.<br \/>\nEl adolescente falleci\u00f3 debido a traumas cr\u00e1neo encef\u00e1licos.<\/p>\n<p style=\"text-align: justify;\">Las autoridades de tr\u00e1nsito informaron que tanto el conductor de la camioneta como el motorista fueron detenidos para fines de investigaci\u00f3n.<\/p>\n<p style=\"text-align: justify;\">El m\u00e9dico legista y el INACIF levantaron el cad\u00e1ver para los procedimientos correspondientes.<\/p>\n<p style=\"text-align: justify;\">La tragedia ha causado gran consternaci\u00f3n en la poblaci\u00f3n local, mientras las autoridades contin\u00faan investigando las circunstancias del accidente.<\/p>\n","protected":false},"excerpt":{"rendered":"<p>Un tr\u00e1gico accidente de tr\u00e1nsito ocurri\u00f3 en el paraje El Cabao, carretera El Valle-Hato Mayor, cobrando la vida de un adolescente de 13 a\u00f1os identificado como Yefri Manuel Pacheco. El incidente tuvo lugar pasada la 11:30 de la ma\u00f1ana de este jueves. En los detalles del accidente, se estableci\u00f3 que Yefri Manuel Pacheco se desplazaba [&hellip;]<\/p>\n","protected":false},"author":15,"featured_media":48005,"comment_status":"open","ping_status":"open","sticky":false,"template":"","format":"standard","meta":{"footnotes":""},"categories":[2476,12,3773,2472],"tags":[],"class_list":["post-48004","post","type-post","status-publish","format-standard","has-post-thumbnail","category-hato-mayor","category-municipales","category-portada","category-provincias-del-este"],"yoast_head":"<!-- This site is optimized with the Yoast SEO plugin v27.6 - https:\/\/yoast.com\/product\/yoast-seo-wordpress\/ -->\n<title>Muere adolescente que fue atropellado por una camioneta en el Valle-Hato Mayor - Conexi\u00f3n 23<\/title>\n<meta name=\"robots\" content=\"index, follow, max-snippet:-1, max-image-preview:large, max-video-preview:-1\" \/>\n<link rel=\"canonical\" href=\"https:\/\/conexion23.com\/?p=48004\" \/>\n<meta property=\"og:locale\" content=\"es_ES\" \/>\n<meta property=\"og:type\" content=\"article\" \/>\n<meta property=\"og:title\" content=\"Muere adolescente que fue atropellado por una camioneta en el Valle-Hato Mayor - Conexi\u00f3n 23\" \/>\n<meta property=\"og:description\" content=\"Un tr\u00e1gico accidente de tr\u00e1nsito ocurri\u00f3 en el paraje El Cabao, carretera El Valle-Hato Mayor, cobrando la vida de un adolescente de 13 a\u00f1os identificado como Yefri Manuel Pacheco. El incidente tuvo lugar pasada la 11:30 de la ma\u00f1ana de este jueves. En los detalles del accidente, se estableci\u00f3 que Yefri Manuel Pacheco se desplazaba [&hellip;]\" \/>\n<meta property=\"og:url\" content=\"https:\/\/conexion23.com\/?p=48004\" \/>\n<meta property=\"og:site_name\" content=\"Conexi\u00f3n 23\" \/>\n<meta property=\"article:publisher\" content=\"https:\/\/www.facebook.com\/conexion23com\" \/>\n<meta property=\"article:published_time\" content=\"2025-11-06T23:30:58+00:00\" \/>\n<meta property=\"og:image\" content=\"https:\/\/conexion23.com\/wp-content\/uploads\/2025\/11\/descarga-10.jpg\" \/>\n\t<meta property=\"og:image:width\" content=\"960\" \/>\n\t<meta property=\"og:image:height\" content=\"561\" \/>\n\t<meta property=\"og:image:type\" content=\"image\/jpeg\" \/>\n<meta name=\"author\" content=\"Raffy Ben\u00edtez\" \/>\n<meta name=\"twitter:card\" content=\"summary_large_image\" \/>\n<meta name=\"twitter:label1\" content=\"Escrito por\" \/>\n\t<meta name=\"twitter:data1\" content=\"Raffy Ben\u00edtez\" \/>\n\t<meta name=\"twitter:label2\" content=\"Tiempo de lectura\" \/>\n\t<meta name=\"twitter:data2\" content=\"1 minuto\" \/>\n<script type=\"application\/ld+json\" class=\"yoast-schema-graph\">{\"@context\":\"https:\\\/\\\/schema.org\",\"@graph\":[{\"@type\":\"Article\",\"@id\":\"https:\\\/\\\/conexion23.com\\\/?p=48004#article\",\"isPartOf\":{\"@id\":\"https:\\\/\\\/conexion23.com\\\/?p=48004\"},\"author\":{\"name\":\"Raffy Ben\u00edtez\",\"@id\":\"http:\\\/\\\/conexion23.com\\\/#\\\/schema\\\/person\\\/03e36043331117e97a373299bbcd30a6\"},\"headline\":\"Muere adolescente que fue atropellado por una camioneta en el Valle-Hato Mayor\",\"datePublished\":\"2025-11-06T23:30:58+00:00\",\"mainEntityOfPage\":{\"@id\":\"https:\\\/\\\/conexion23.com\\\/?p=48004\"},\"wordCount\":171,\"commentCount\":0,\"publisher\":{\"@id\":\"http:\\\/\\\/conexion23.com\\\/#organization\"},\"image\":{\"@id\":\"https:\\\/\\\/conexion23.com\\\/?p=48004#primaryimage\"},\"thumbnailUrl\":\"https:\\\/\\\/conexion23.com\\\/wp-content\\\/uploads\\\/2025\\\/11\\\/descarga-10.jpg\",\"articleSection\":[\"Hato Mayor\",\"Municipales\",\"Portada\",\"Provincias del Este\"],\"inLanguage\":\"es\",\"potentialAction\":[{\"@type\":\"CommentAction\",\"name\":\"Comment\",\"target\":[\"https:\\\/\\\/conexion23.com\\\/?p=48004#respond\"]}]},{\"@type\":\"WebPage\",\"@id\":\"https:\\\/\\\/conexion23.com\\\/?p=48004\",\"url\":\"https:\\\/\\\/conexion23.com\\\/?p=48004\",\"name\":\"Muere adolescente que fue atropellado por una camioneta en el Valle-Hato Mayor - Conexi\u00f3n 23\",\"isPartOf\":{\"@id\":\"http:\\\/\\\/conexion23.com\\\/#website\"},\"primaryImageOfPage\":{\"@id\":\"https:\\\/\\\/conexion23.com\\\/?p=48004#primaryimage\"},\"image\":{\"@id\":\"https:\\\/\\\/conexion23.com\\\/?p=48004#primaryimage\"},\"thumbnailUrl\":\"https:\\\/\\\/conexion23.com\\\/wp-content\\\/uploads\\\/2025\\\/11\\\/descarga-10.jpg\",\"datePublished\":\"2025-11-06T23:30:58+00:00\",\"breadcrumb\":{\"@id\":\"https:\\\/\\\/conexion23.com\\\/?p=48004#breadcrumb\"},\"inLanguage\":\"es\",\"potentialAction\":[{\"@type\":\"ReadAction\",\"target\":[\"https:\\\/\\\/conexion23.com\\\/?p=48004\"]}]},{\"@type\":\"ImageObject\",\"inLanguage\":\"es\",\"@id\":\"https:\\\/\\\/conexion23.com\\\/?p=48004#primaryimage\",\"url\":\"https:\\\/\\\/conexion23.com\\\/wp-content\\\/uploads\\\/2025\\\/11\\\/descarga-10.jpg\",\"contentUrl\":\"https:\\\/\\\/conexion23.com\\\/wp-content\\\/uploads\\\/2025\\\/11\\\/descarga-10.jpg\",\"width\":960,\"height\":561},{\"@type\":\"BreadcrumbList\",\"@id\":\"https:\\\/\\\/conexion23.com\\\/?p=48004#breadcrumb\",\"itemListElement\":[{\"@type\":\"ListItem\",\"position\":1,\"name\":\"Portada\",\"item\":\"http:\\\/\\\/conexion23.com\\\/\"},{\"@type\":\"ListItem\",\"position\":2,\"name\":\"Muere adolescente que fue atropellado por una camioneta en el Valle-Hato Mayor\"}]},{\"@type\":\"WebSite\",\"@id\":\"http:\\\/\\\/conexion23.com\\\/#website\",\"url\":\"http:\\\/\\\/conexion23.com\\\/\",\"name\":\"Conexi\u00f3n 23\",\"description\":\"Peri\u00f3dico 100% Petromacorisano\",\"publisher\":{\"@id\":\"http:\\\/\\\/conexion23.com\\\/#organization\"},\"potentialAction\":[{\"@type\":\"SearchAction\",\"target\":{\"@type\":\"EntryPoint\",\"urlTemplate\":\"http:\\\/\\\/conexion23.com\\\/?s={search_term_string}\"},\"query-input\":{\"@type\":\"PropertyValueSpecification\",\"valueRequired\":true,\"valueName\":\"search_term_string\"}}],\"inLanguage\":\"es\"},{\"@type\":\"Organization\",\"@id\":\"http:\\\/\\\/conexion23.com\\\/#organization\",\"name\":\"Conexion 23\",\"url\":\"http:\\\/\\\/conexion23.com\\\/\",\"logo\":{\"@type\":\"ImageObject\",\"inLanguage\":\"es\",\"@id\":\"http:\\\/\\\/conexion23.com\\\/#\\\/schema\\\/logo\\\/image\\\/\",\"url\":\"https:\\\/\\\/conexion23.com\\\/wp-content\\\/uploads\\\/2021\\\/11\\\/Diseno-sin-titulo-2.png\",\"contentUrl\":\"https:\\\/\\\/conexion23.com\\\/wp-content\\\/uploads\\\/2021\\\/11\\\/Diseno-sin-titulo-2.png\",\"width\":541,\"height\":90,\"caption\":\"Conexion 23\"},\"image\":{\"@id\":\"http:\\\/\\\/conexion23.com\\\/#\\\/schema\\\/logo\\\/image\\\/\"},\"sameAs\":[\"https:\\\/\\\/www.facebook.com\\\/conexion23com\",\"https:\\\/\\\/www.instagram.com\\\/conexion23com\\\/\",\"https:\\\/\\\/www.youtube.com\\\/channel\\\/UCYc7vxxFZMYLIHNsHHxPZ3Q\"]},{\"@type\":\"Person\",\"@id\":\"http:\\\/\\\/conexion23.com\\\/#\\\/schema\\\/person\\\/03e36043331117e97a373299bbcd30a6\",\"name\":\"Raffy Ben\u00edtez\",\"image\":{\"@type\":\"ImageObject\",\"inLanguage\":\"es\",\"@id\":\"https:\\\/\\\/secure.gravatar.com\\\/avatar\\\/3190a6a6c5e1b0327500f7d6c56b6242472ee6cb974cf09b401ee6b3b0798f23?s=96&d=mm&r=g\",\"url\":\"https:\\\/\\\/secure.gravatar.com\\\/avatar\\\/3190a6a6c5e1b0327500f7d6c56b6242472ee6cb974cf09b401ee6b3b0798f23?s=96&d=mm&r=g\",\"contentUrl\":\"https:\\\/\\\/secure.gravatar.com\\\/avatar\\\/3190a6a6c5e1b0327500f7d6c56b6242472ee6cb974cf09b401ee6b3b0798f23?s=96&d=mm&r=g\",\"caption\":\"Raffy Ben\u00edtez\"},\"url\":\"https:\\\/\\\/conexion23.com\\\/?author=15\"}]}<\/script>\n<!-- \/ Yoast SEO plugin. -->","yoast_head_json":{"title":"Muere adolescente que fue atropellado por una camioneta en el Valle-Hato Mayor - Conexi\u00f3n 23","robots":{"index":"index","follow":"follow","max-snippet":"max-snippet:-1","max-image-preview":"max-image-preview:large","max-video-preview":"max-video-preview:-1"},"canonical":"https:\/\/conexion23.com\/?p=48004","og_locale":"es_ES","og_type":"article","og_title":"Muere adolescente que fue atropellado por una camioneta en el Valle-Hato Mayor - Conexi\u00f3n 23","og_description":"Un tr\u00e1gico accidente de tr\u00e1nsito ocurri\u00f3 en el paraje El Cabao, carretera El Valle-Hato Mayor, cobrando la vida de un adolescente de 13 a\u00f1os identificado como Yefri Manuel Pacheco. El incidente tuvo lugar pasada la 11:30 de la ma\u00f1ana de este jueves. En los detalles del accidente, se estableci\u00f3 que Yefri Manuel Pacheco se desplazaba [&hellip;]","og_url":"https:\/\/conexion23.com\/?p=48004","og_site_name":"Conexi\u00f3n 23","article_publisher":"https:\/\/www.facebook.com\/conexion23com","article_published_time":"2025-11-06T23:30:58+00:00","og_image":[{"width":960,"height":561,"url":"https:\/\/conexion23.com\/wp-content\/uploads\/2025\/11\/descarga-10.jpg","type":"image\/jpeg"}],"author":"Raffy Ben\u00edtez","twitter_card":"summary_large_image","twitter_misc":{"Escrito por":"Raffy Ben\u00edtez","Tiempo de lectura":"1 minuto"},"schema":{"@context":"https:\/\/schema.org","@graph":[{"@type":"Article","@id":"https:\/\/conexion23.com\/?p=48004#article","isPartOf":{"@id":"https:\/\/conexion23.com\/?p=48004"},"author":{"name":"Raffy Ben\u00edtez","@id":"http:\/\/conexion23.com\/#\/schema\/person\/03e36043331117e97a373299bbcd30a6"},"headline":"Muere adolescente que fue atropellado por una camioneta en el Valle-Hato Mayor","datePublished":"2025-11-06T23:30:58+00:00","mainEntityOfPage":{"@id":"https:\/\/conexion23.com\/?p=48004"},"wordCount":171,"commentCount":0,"publisher":{"@id":"http:\/\/conexion23.com\/#organization"},"image":{"@id":"https:\/\/conexion23.com\/?p=48004#primaryimage"},"thumbnailUrl":"https:\/\/conexion23.com\/wp-content\/uploads\/2025\/11\/descarga-10.jpg","articleSection":["Hato Mayor","Municipales","Portada","Provincias del Este"],"inLanguage":"es","potentialAction":[{"@type":"CommentAction","name":"Comment","target":["https:\/\/conexion23.com\/?p=48004#respond"]}]},{"@type":"WebPage","@id":"https:\/\/conexion23.com\/?p=48004","url":"https:\/\/conexion23.com\/?p=48004","name":"Muere adolescente que fue atropellado por una camioneta en el Valle-Hato Mayor - Conexi\u00f3n 23","isPartOf":{"@id":"http:\/\/conexion23.com\/#website"},"primaryImageOfPage":{"@id":"https:\/\/conexion23.com\/?p=48004#primaryimage"},"image":{"@id":"https:\/\/conexion23.com\/?p=48004#primaryimage"},"thumbnailUrl":"https:\/\/conexion23.com\/wp-content\/uploads\/2025\/11\/descarga-10.jpg","datePublished":"2025-11-06T23:30:58+00:00","breadcrumb":{"@id":"https:\/\/conexion23.com\/?p=48004#breadcrumb"},"inLanguage":"es","potentialAction":[{"@type":"ReadAction","target":["https:\/\/conexion23.com\/?p=48004"]}]},{"@type":"ImageObject","inLanguage":"es","@id":"https:\/\/conexion23.com\/?p=48004#primaryimage","url":"https:\/\/conexion23.com\/wp-content\/uploads\/2025\/11\/descarga-10.jpg","contentUrl":"https:\/\/conexion23.com\/wp-content\/uploads\/2025\/11\/descarga-10.jpg","width":960,"height":561},{"@type":"BreadcrumbList","@id":"https:\/\/conexion23.com\/?p=48004#breadcrumb","itemListElement":[{"@type":"ListItem","position":1,"name":"Portada","item":"http:\/\/conexion23.com\/"},{"@type":"ListItem","position":2,"name":"Muere adolescente que fue atropellado por una camioneta en el Valle-Hato Mayor"}]},{"@type":"WebSite","@id":"http:\/\/conexion23.com\/#website","url":"http:\/\/conexion23.com\/","name":"Conexi\u00f3n 23","description":"Peri\u00f3dico 100% Petromacorisano","publisher":{"@id":"http:\/\/conexion23.com\/#organization"},"potentialAction":[{"@type":"SearchAction","target":{"@type":"EntryPoint","urlTemplate":"http:\/\/conexion23.com\/?s={search_term_string}"},"query-input":{"@type":"PropertyValueSpecification","valueRequired":true,"valueName":"search_term_string"}}],"inLanguage":"es"},{"@type":"Organization","@id":"http:\/\/conexion23.com\/#organization","name":"Conexion 23","url":"http:\/\/conexion23.com\/","logo":{"@type":"ImageObject","inLanguage":"es","@id":"http:\/\/conexion23.com\/#\/schema\/logo\/image\/","url":"https:\/\/conexion23.com\/wp-content\/uploads\/2021\/11\/Diseno-sin-titulo-2.png","contentUrl":"https:\/\/conexion23.com\/wp-content\/uploads\/2021\/11\/Diseno-sin-titulo-2.png","width":541,"height":90,"caption":"Conexion 23"},"image":{"@id":"http:\/\/conexion23.com\/#\/schema\/logo\/image\/"},"sameAs":["https:\/\/www.facebook.com\/conexion23com","https:\/\/www.instagram.com\/conexion23com\/","https:\/\/www.youtube.com\/channel\/UCYc7vxxFZMYLIHNsHHxPZ3Q"]},{"@type":"Person","@id":"http:\/\/conexion23.com\/#\/schema\/person\/03e36043331117e97a373299bbcd30a6","name":"Raffy Ben\u00edtez","image":{"@type":"ImageObject","inLanguage":"es","@id":"https:\/\/secure.gravatar.com\/avatar\/3190a6a6c5e1b0327500f7d6c56b6242472ee6cb974cf09b401ee6b3b0798f23?s=96&d=mm&r=g","url":"https:\/\/secure.gravatar.com\/avatar\/3190a6a6c5e1b0327500f7d6c56b6242472ee6cb974cf09b401ee6b3b0798f23?s=96&d=mm&r=g","contentUrl":"https:\/\/secure.gravatar.com\/avatar\/3190a6a6c5e1b0327500f7d6c56b6242472ee6cb974cf09b401ee6b3b0798f23?s=96&d=mm&r=g","caption":"Raffy Ben\u00edtez"},"url":"https:\/\/conexion23.com\/?author=15"}]}},"_links":{"self":[{"href":"https:\/\/conexion23.com\/index.php?rest_route=\/wp\/v2\/posts\/48004","targetHints":{"allow":["GET"]}}],"collection":[{"href":"https:\/\/conexion23.com\/index.php?rest_route=\/wp\/v2\/posts"}],"about":[{"href":"https:\/\/conexion23.com\/index.php?rest_route=\/wp\/v2\/types\/post"}],"author":[{"embeddable":true,"href":"https:\/\/conexion23.com\/index.php?rest_route=\/wp\/v2\/users\/15"}],"replies":[{"embeddable":true,"href":"https:\/\/conexion23.com\/index.php?rest_route=%2Fwp%2Fv2%2Fcomments&post=48004"}],"version-history":[{"count":1,"href":"https:\/\/conexion23.com\/index.php?rest_route=\/wp\/v2\/posts\/48004\/revisions"}],"predecessor-version":[{"id":48006,"href":"https:\/\/conexion23.com\/index.php?rest_route=\/wp\/v2\/posts\/48004\/revisions\/48006"}],"wp:featuredmedia":[{"embeddable":true,"href":"https:\/\/conexion23.com\/index.php?rest_route=\/wp\/v2\/media\/48005"}],"wp:attachment":[{"href":"https:\/\/conexion23.com\/index.php?rest_route=%2Fwp%2Fv2%2Fmedia&parent=48004"}],"wp:term":[{"taxonomy":"category","embeddable":true,"href":"https:\/\/conexion23.com\/index.php?rest_route=%2Fwp%2Fv2%2Fcategories&post=48004"},{"taxonomy":"post_tag","embeddable":true,"href":"https:\/\/conexion23.com\/index.php?rest_route=%2Fwp%2Fv2%2Ftags&post=48004"}],"curies":[{"name":"wp","href":"https:\/\/api.w.org\/{rel}","templated":true}]}}